{"id":103912,"date":"2026-08-31T11:30:00","date_gmt":"2026-08-31T14:30:00","guid":{"rendered":"https:\/\/www.tuasaude.com\/news\/?p=103912"},"modified":"2026-08-27T19:49:51","modified_gmt":"2026-08-27T22:49:51","slug":"burnout-o-que-e-quais-os-sintomas-e-quem-tem-maior-risco-de-desenvolver-a-sindrome","status":"publish","type":"post","link":"https:\/\/www.tuasaude.com\/news\/2026\/08\/31\/burnout-o-que-e-quais-os-sintomas-e-quem-tem-maior-risco-de-desenvolver-a-sindrome\/","title":{"rendered":"Burnout: o que \u00e9, quais os sintomas e quem tem maior risco de desenvolver a s\u00edndrome"},"content":{"rendered":"\n<p class=\"wp-block-paragraph\">O burnout \u00e9 uma s\u00edndrome de esgotamento f\u00edsico, emocional e mental provocada pelo estresse cr\u00f4nico no ambiente de trabalho que n\u00e3o foi adequadamente gerenciado. Reconhecido oficialmente pela Organiza\u00e7\u00e3o Mundial da Sa\u00fade (OMS) como um fen\u00f4meno ocupacional desde 2019, o quadro vai muito al\u00e9m do cansa\u00e7o passageiro e pode comprometer seriamente a qualidade de vida, o desempenho profissional e a sa\u00fade f\u00edsica de quem o desenvolve. Entender os sinais, as diferen\u00e7as em rela\u00e7\u00e3o a outros transtornos e os grupos mais vulner\u00e1veis \u00e9 o primeiro passo para buscar ajuda no momento certo.<\/p>\n\n\n\n<h2 class=\"wp-block-heading\">O que \u00e9 a s\u00edndrome de burnout?<\/h2>\n\n\n\n<p class=\"wp-block-paragraph\">O burnout, tamb\u00e9m chamado de s\u00edndrome do esgotamento profissional, \u00e9 um estado de exaust\u00e3o intensa causado pela exposi\u00e7\u00e3o prolongada a situa\u00e7\u00f5es de tens\u00e3o no trabalho. Diferente de um dia ruim ou de um per\u00edodo de sobrecarga pontual, ele se instala de forma gradual e persistente, afetando a maneira como a pessoa enxerga a pr\u00f3pria atividade e a si mesma.<\/p>\n\n\n\n<p class=\"wp-block-paragraph\">Em 2019, a OMS incluiu oficialmente o burnout na 11\u00aa Revis\u00e3o da Classifica\u00e7\u00e3o Internacional de Doen\u00e7as (CID-11), na categoria dos fen\u00f4menos ocupacionais. A entrada em vigor da nova classifica\u00e7\u00e3o ocorreu em janeiro de 2022, refor\u00e7ando o v\u00ednculo direto entre a s\u00edndrome e as condi\u00e7\u00f5es do ambiente de trabalho. Conhecer as principais <a href=\"https:\/\/www.tuasaude.com\/causas-do-estresse\/\" target=\"_blank\" rel=\"noreferrer noopener\">causas do estresse<\/a> ajuda a compreender como o quadro se desenvolve.<\/p>\n\n\n\n<h2 class=\"wp-block-heading\">Quais os principais sintomas do burnout?<\/h2>\n\n\n\n<p class=\"wp-block-paragraph\">Os sintomas do burnout costumam surgir de forma discreta e se intensificar com o tempo, misturando sinais emocionais, comportamentais e f\u00edsicos. Reconhec\u00ea-los cedo aumenta muito as chances de recupera\u00e7\u00e3o e evita complica\u00e7\u00f5es mais graves. Os principais sinais incluem:<\/p>\n\n\n\n<ul class=\"wp-block-list\">\n<li><strong>Exaust\u00e3o f\u00edsica e mental constante<\/strong>, mesmo ap\u00f3s per\u00edodos de descanso;<\/li>\n\n\n\n<li><strong>Dores de cabe\u00e7a frequentes<\/strong>, tens\u00e3o muscular e dist\u00farbios do sono;<\/li>\n\n\n\n<li><strong>Altera\u00e7\u00f5es no apetite<\/strong>, problemas gastrointestinais e queda da imunidade;<\/li>\n\n\n\n<li><strong>Irritabilidade<\/strong>, oscila\u00e7\u00f5es de humor e sensa\u00e7\u00e3o de fracasso;<\/li>\n\n\n\n<li><strong>Distanciamento emocional<\/strong> de colegas, pacientes ou clientes;<\/li>\n\n\n\n<li><strong>Dificuldade de concentra\u00e7\u00e3o<\/strong>, lapsos de mem\u00f3ria e queda de produtividade;<\/li>\n\n\n\n<li><strong>Sentimento de incompet\u00eancia<\/strong> e desmotiva\u00e7\u00e3o para tarefas antes prazerosas.<\/li>\n<\/ul>\n\n\n<div class=\"wp-block-image\">\n<figure class=\"aligncenter size-large\"><img decoding=\"async\" width=\"1024\" height=\"571\" src=\"https:\/\/www.tuasaude.com\/news\/wp-content\/uploads\/2026\/08\/Infographic_illustrating_burnout\u2026_202608271948-1024x571.jpg\" alt=\"Exaust\u00e3o, distanciamento e press\u00e3o ocupacional est\u00e3o entre os principais sinais do burnout.\" class=\"wp-image-103914\" srcset=\"https:\/\/www.tuasaude.com\/news\/wp-content\/uploads\/2026\/08\/Infographic_illustrating_burnout\u2026_202608271948-1024x571.jpg 1024w, https:\/\/www.tuasaude.com\/news\/wp-content\/uploads\/2026\/08\/Infographic_illustrating_burnout\u2026_202608271948-300x167.jpg 300w, https:\/\/www.tuasaude.com\/news\/wp-content\/uploads\/2026\/08\/Infographic_illustrating_burnout\u2026_202608271948-768x428.jpg 768w, https:\/\/www.tuasaude.com\/news\/wp-content\/uploads\/2026\/08\/Infographic_illustrating_burnout\u2026_202608271948-750x418.jpg 750w, https:\/\/www.tuasaude.com\/news\/wp-content\/uploads\/2026\/08\/Infographic_illustrating_burnout\u2026_202608271948-1140x636.jpg 1140w, https:\/\/www.tuasaude.com\/news\/wp-content\/uploads\/2026\/08\/Infographic_illustrating_burnout\u2026_202608271948.jpg 1280w\" sizes=\"(max-width: 1024px) 100vw, 1024px\" \/><figcaption class=\"wp-element-caption\">Exaust\u00e3o, distanciamento e press\u00e3o ocupacional est\u00e3o entre os principais sinais do burnout.<\/figcaption><\/figure>\n<\/div>\n\n\n<h2 class=\"wp-block-heading\">Qual a diferen\u00e7a entre burnout estresse e depress\u00e3o?<\/h2>\n\n\n\n<p class=\"wp-block-paragraph\">O estresse comum \u00e9 uma rea\u00e7\u00e3o natural e tempor\u00e1ria diante de press\u00f5es cotidianas, geralmente aliviada com descanso ou mudan\u00e7as pontuais na rotina. J\u00e1 o burnout \u00e9 o resultado de um estresse cr\u00f4nico, exclusivamente ligado ao contexto ocupacional, e n\u00e3o desaparece apenas com uma folga ou um fim de semana livre. Adotar estrat\u00e9gias para <a href=\"https:\/\/www.tuasaude.com\/como-combater-o-stress\/\" target=\"_blank\" rel=\"noreferrer noopener\">aliviar o estresse<\/a> no dia a dia \u00e9 uma medida preventiva importante.<\/p>\n\n\n\n<p class=\"wp-block-paragraph\">A depress\u00e3o, por sua vez, \u00e9 um transtorno psiqui\u00e1trico que afeta todas as \u00e1reas da vida e pode ocorrer sem qualquer rela\u00e7\u00e3o com o trabalho. Embora o burnout possa evoluir para quadros depressivos, os dois diagn\u00f3sticos s\u00e3o distintos e exigem avalia\u00e7\u00e3o cl\u00ednica cuidadosa. Conhecer os <a href=\"https:\/\/www.tuasaude.com\/depressao\/\" target=\"_blank\" rel=\"noreferrer noopener\">sintomas da depress\u00e3o<\/a> ajuda a diferenciar as condi\u00e7\u00f5es.<\/p>\n\n\n\n<h2 class=\"wp-block-heading\">Como um estudo cient\u00edfico confirma a alta preval\u00eancia do burnout?<\/h2>\n\n\n\n<p class=\"wp-block-paragraph\">A dimens\u00e3o do problema tem sido documentada por pesquisas de grande porte em diferentes pa\u00edses. Uma revis\u00e3o sistem\u00e1tica e meta-an\u00e1lise analisou 30 estudos observacionais e evidenciou taxas alarmantes de esgotamento profissional, especialmente entre trabalhadores da sa\u00fade submetidos a jornadas intensas e cobran\u00e7a emocional constante.<\/p>\n\n\n\n<p class=\"wp-block-paragraph\">Segundo o estudo <a href=\"https:\/\/pmc.ncbi.nlm.nih.gov\/articles\/PMC8631719\/\" target=\"_blank\" rel=\"noreferrer noopener\">A Systematic Review and Meta-Analysis of Burnout Among Healthcare Workers During COVID-19<\/a> publicado na revista Frontiers in Public Health, cerca de 52% dos profissionais de sa\u00fade avaliados apresentaram burnout, com preval\u00eancia semelhante nos eixos de exaust\u00e3o emocional e distanciamento mental. Os dados refor\u00e7am a necessidade de pol\u00edticas de preven\u00e7\u00e3o nos ambientes de trabalho e de aten\u00e7\u00e3o cont\u00ednua \u00e0 sa\u00fade mental em profiss\u00f5es de alta press\u00e3o.<\/p>\n\n\n<div class=\"wp-block-image\">\n<figure class=\"aligncenter size-large\"><img decoding=\"async\" width=\"1024\" height=\"571\" src=\"https:\/\/www.tuasaude.com\/news\/wp-content\/uploads\/2026\/08\/Woman_sitting_tired_at_desk_202608271948-1024x571.jpg\" alt=\"Profissionais sob press\u00e3o cont\u00ednua podem enfrentar esgotamento emocional, mental e f\u00edsico.\" class=\"wp-image-103915\" srcset=\"https:\/\/www.tuasaude.com\/news\/wp-content\/uploads\/2026\/08\/Woman_sitting_tired_at_desk_202608271948-1024x571.jpg 1024w, https:\/\/www.tuasaude.com\/news\/wp-content\/uploads\/2026\/08\/Woman_sitting_tired_at_desk_202608271948-300x167.jpg 300w, https:\/\/www.tuasaude.com\/news\/wp-content\/uploads\/2026\/08\/Woman_sitting_tired_at_desk_202608271948-768x428.jpg 768w, https:\/\/www.tuasaude.com\/news\/wp-content\/uploads\/2026\/08\/Woman_sitting_tired_at_desk_202608271948-750x418.jpg 750w, https:\/\/www.tuasaude.com\/news\/wp-content\/uploads\/2026\/08\/Woman_sitting_tired_at_desk_202608271948-1140x636.jpg 1140w, https:\/\/www.tuasaude.com\/news\/wp-content\/uploads\/2026\/08\/Woman_sitting_tired_at_desk_202608271948.jpg 1280w\" sizes=\"(max-width: 1024px) 100vw, 1024px\" \/><figcaption class=\"wp-element-caption\">Profissionais sob press\u00e3o cont\u00ednua podem enfrentar esgotamento emocional, mental e f\u00edsico.<\/figcaption><\/figure>\n<\/div>\n\n\n<h2 class=\"wp-block-heading\">Quem tem maior risco de desenvolver burnout?<\/h2>\n\n\n\n<p class=\"wp-block-paragraph\">Embora qualquer trabalhador possa desenvolver a s\u00edndrome, alguns grupos apresentam vulnerabilidade significativamente maior devido \u00e0s caracter\u00edsticas da pr\u00f3pria atividade profissional, como carga emocional elevada, escassez de recursos e responsabilidade sobre a vida ou o bem-estar de outras pessoas. Os principais grupos de risco s\u00e3o:<\/p>\n\n\n\n<ol class=\"wp-block-list\">\n<li><strong>Profissionais da sa\u00fade<\/strong>, como m\u00e9dicos, enfermeiros, t\u00e9cnicos e psic\u00f3logos, expostos a longas jornadas e sofrimento humano;<\/li>\n\n\n\n<li><strong>Professores<\/strong> de todos os n\u00edveis, que enfrentam salas cheias, cobran\u00e7a por resultados e sobrecarga administrativa;<\/li>\n\n\n\n<li><strong>Cuidadores formais e informais<\/strong>, incluindo familiares que assumem o cuidado integral de idosos ou pessoas doentes;<\/li>\n\n\n\n<li><strong>Trabalhadores em regime de alta press\u00e3o<\/strong>, como executivos, jornalistas, policiais, bombeiros e profissionais do setor financeiro;<\/li>\n\n\n\n<li><strong>Colaboradores em ambientes com metas r\u00edgidas<\/strong>, ass\u00e9dio moral, falta de reconhecimento ou pouca autonomia na tomada de decis\u00f5es.<\/li>\n<\/ol>\n\n\n\n<p class=\"wp-block-paragraph\"><em>Este conte\u00fado tem car\u00e1ter apenas informativo e n\u00e3o substitui a avalia\u00e7\u00e3o, o diagn\u00f3stico ou o tratamento realizado por um profissional de sa\u00fade qualificado. Ao identificar sinais de burnout, procure orienta\u00e7\u00e3o m\u00e9dica ou psicol\u00f3gica de confian\u00e7a.<\/em><\/p>\n","protected":false},"excerpt":{"rendered":"<p>O burnout \u00e9 uma s\u00edndrome de esgotamento f\u00edsico, emocional e mental provocada pelo estresse cr\u00f4nico no ambiente de trabalho que n\u00e3o foi adequadamente gerenciado. Reconhecido oficialmente pela Organiza\u00e7\u00e3o Mundial da Sa\u00fade (OMS) como um fen\u00f4meno ocupacional desde 2019, o quadro vai muito al\u00e9m do cansa\u00e7o passageiro e pode comprometer seriamente a qualidade de vida, o [&hellip;]<\/p>\n","protected":false},"author":16,"featured_media":103913,"comment_status":"open","ping_status":"open","sticky":false,"template":"","format":"standard","meta":{"_yoast_wpseo_focuskw":"burnout","_yoast_wpseo_title":"","_yoast_wpseo_metadesc":"Burnout \u00e9 mais do que cansa\u00e7o. Entenda os principais sintomas da s\u00edndrome, como ela se diferencia do estresse e da depress\u00e3o e quem corre mais risco.","jnews-multi-image_gallery":[],"jnews_single_post":{"format":"standard"},"jnews_primary_category":[],"jnews_social_meta":[],"jnews_override_counter":[],"footnotes":""},"categories":[111],"tags":[1391,11822,12416,136,130,163],"class_list":["post-103912","post","type-post","status-publish","format-standard","has-post-thumbnail","hentry","category-saude","tag-burnout","tag-o-que-e-2","tag-quem-tem-maior-risco","tag-saude","tag-sindrome","tag-sintomas"],"yoast_head":"<!-- This site is optimized with the Yoast SEO plugin v26.7 - https:\/\/yoast.com\/wordpress\/plugins\/seo\/ -->\n<title>Burnout: o que \u00e9, quais os sintomas e quem tem maior risco de desenvolver a s\u00edndrome - Tua Sa\u00fade<\/title>\n<meta name=\"description\" content=\"Burnout \u00e9 mais do que cansa\u00e7o. Entenda os principais sintomas da s\u00edndrome, como ela se diferencia do estresse e da depress\u00e3o e quem corre mais risco.\" \/>\n<meta name=\"robots\" content=\"index, follow, max-snippet:-1, max-image-preview:large, max-video-preview:-1\" \/>\n<link rel=\"canonical\" href=\"https:\/\/www.tuasaude.com\/news\/2026\/08\/31\/burnout-o-que-e-quais-os-sintomas-e-quem-tem-maior-risco-de-desenvolver-a-sindrome\/\" \/>\n<meta property=\"og:locale\" content=\"pt_BR\" \/>\n<meta property=\"og:type\" content=\"article\" \/>\n<meta property=\"og:title\" content=\"Burnout: o que \u00e9, quais os sintomas e quem tem maior risco de desenvolver a s\u00edndrome - Tua Sa\u00fade\" \/>\n<meta property=\"og:description\" content=\"Burnout \u00e9 mais do que cansa\u00e7o. Entenda os principais sintomas da s\u00edndrome, como ela se diferencia do estresse e da depress\u00e3o e quem corre mais risco.\" \/>\n<meta property=\"og:url\" content=\"https:\/\/www.tuasaude.com\/news\/2026\/08\/31\/burnout-o-que-e-quais-os-sintomas-e-quem-tem-maior-risco-de-desenvolver-a-sindrome\/\" \/>\n<meta property=\"og:site_name\" content=\"Tua Sa\u00fade\" \/>\n<meta property=\"article:published_time\" content=\"2026-08-31T14:30:00+00:00\" \/>\n<meta property=\"og:image\" content=\"https:\/\/www.tuasaude.com\/news\/wp-content\/uploads\/2026\/08\/Healthcare_professional_standing\u2026_202608271948.jpg\" \/>\n\t<meta property=\"og:image:width\" content=\"1280\" \/>\n\t<meta property=\"og:image:height\" content=\"714\" \/>\n\t<meta property=\"og:image:type\" content=\"image\/jpeg\" \/>\n<meta name=\"author\" content=\"Maycon Geovane\" \/>\n<meta name=\"twitter:card\" content=\"summary_large_image\" \/>\n<meta name=\"twitter:label1\" content=\"Escrito por\" \/>\n\t<meta name=\"twitter:data1\" content=\"Maycon Geovane\" \/>\n\t<meta name=\"twitter:label2\" content=\"Est. tempo de leitura\" \/>\n\t<meta name=\"twitter:data2\" content=\"5 minutos\" \/>\n<!-- \/ Yoast SEO plugin. -->","yoast_head_json":{"title":"Burnout: o que \u00e9, quais os sintomas e quem tem maior risco de desenvolver a s\u00edndrome - Tua Sa\u00fade","description":"Burnout \u00e9 mais do que cansa\u00e7o. Entenda os principais sintomas da s\u00edndrome, como ela se diferencia do estresse e da depress\u00e3o e quem corre mais risco.","robots":{"index":"index","follow":"follow","max-snippet":"max-snippet:-1","max-image-preview":"max-image-preview:large","max-video-preview":"max-video-preview:-1"},"canonical":"https:\/\/www.tuasaude.com\/news\/2026\/08\/31\/burnout-o-que-e-quais-os-sintomas-e-quem-tem-maior-risco-de-desenvolver-a-sindrome\/","og_locale":"pt_BR","og_type":"article","og_title":"Burnout: o que \u00e9, quais os sintomas e quem tem maior risco de desenvolver a s\u00edndrome - Tua Sa\u00fade","og_description":"Burnout \u00e9 mais do que cansa\u00e7o. Entenda os principais sintomas da s\u00edndrome, como ela se diferencia do estresse e da depress\u00e3o e quem corre mais risco.","og_url":"https:\/\/www.tuasaude.com\/news\/2026\/08\/31\/burnout-o-que-e-quais-os-sintomas-e-quem-tem-maior-risco-de-desenvolver-a-sindrome\/","og_site_name":"Tua Sa\u00fade","article_published_time":"2026-08-31T14:30:00+00:00","og_image":[{"width":1280,"height":714,"url":"https:\/\/www.tuasaude.com\/news\/wp-content\/uploads\/2026\/08\/Healthcare_professional_standing\u2026_202608271948.jpg","type":"image\/jpeg"}],"author":"Maycon Geovane","twitter_card":"summary_large_image","twitter_misc":{"Escrito por":"Maycon Geovane","Est. tempo de leitura":"5 minutos"},"schema":{"@context":"https:\/\/schema.org","@graph":[{"@type":"Article","@id":"https:\/\/www.tuasaude.com\/news\/2026\/08\/31\/burnout-o-que-e-quais-os-sintomas-e-quem-tem-maior-risco-de-desenvolver-a-sindrome\/#article","isPartOf":{"@id":"https:\/\/www.tuasaude.com\/news\/2026\/08\/31\/burnout-o-que-e-quais-os-sintomas-e-quem-tem-maior-risco-de-desenvolver-a-sindrome\/"},"author":{"name":"Maycon Geovane","@id":"https:\/\/www.tuasaude.com\/news\/#\/schema\/person\/da63bccfbda5c95cfbf2d37c4276fca0"},"headline":"Burnout: o que \u00e9, quais os sintomas e quem tem maior risco de desenvolver a s\u00edndrome","datePublished":"2026-08-31T14:30:00+00:00","mainEntityOfPage":{"@id":"https:\/\/www.tuasaude.com\/news\/2026\/08\/31\/burnout-o-que-e-quais-os-sintomas-e-quem-tem-maior-risco-de-desenvolver-a-sindrome\/"},"wordCount":882,"commentCount":0,"image":{"@id":"https:\/\/www.tuasaude.com\/news\/2026\/08\/31\/burnout-o-que-e-quais-os-sintomas-e-quem-tem-maior-risco-de-desenvolver-a-sindrome\/#primaryimage"},"thumbnailUrl":"https:\/\/www.tuasaude.com\/news\/wp-content\/uploads\/2026\/08\/Healthcare_professional_standing\u2026_202608271948.jpg","keywords":["burnout","o que \u00e9","quem tem maior risco","sa\u00fade","s\u00edndrome","sintomas"],"articleSection":["Sa\u00fade"],"inLanguage":"pt-BR","potentialAction":[{"@type":"CommentAction","name":"Comment","target":["https:\/\/www.tuasaude.com\/news\/2026\/08\/31\/burnout-o-que-e-quais-os-sintomas-e-quem-tem-maior-risco-de-desenvolver-a-sindrome\/#respond"]}]},{"@type":"WebPage","@id":"https:\/\/www.tuasaude.com\/news\/2026\/08\/31\/burnout-o-que-e-quais-os-sintomas-e-quem-tem-maior-risco-de-desenvolver-a-sindrome\/","url":"https:\/\/www.tuasaude.com\/news\/2026\/08\/31\/burnout-o-que-e-quais-os-sintomas-e-quem-tem-maior-risco-de-desenvolver-a-sindrome\/","name":"Burnout: o que \u00e9, quais os sintomas e quem tem maior risco de desenvolver a s\u00edndrome - Tua Sa\u00fade","isPartOf":{"@id":"https:\/\/www.tuasaude.com\/news\/#website"},"primaryImageOfPage":{"@id":"https:\/\/www.tuasaude.com\/news\/2026\/08\/31\/burnout-o-que-e-quais-os-sintomas-e-quem-tem-maior-risco-de-desenvolver-a-sindrome\/#primaryimage"},"image":{"@id":"https:\/\/www.tuasaude.com\/news\/2026\/08\/31\/burnout-o-que-e-quais-os-sintomas-e-quem-tem-maior-risco-de-desenvolver-a-sindrome\/#primaryimage"},"thumbnailUrl":"https:\/\/www.tuasaude.com\/news\/wp-content\/uploads\/2026\/08\/Healthcare_professional_standing\u2026_202608271948.jpg","datePublished":"2026-08-31T14:30:00+00:00","author":{"@id":"https:\/\/www.tuasaude.com\/news\/#\/schema\/person\/da63bccfbda5c95cfbf2d37c4276fca0"},"description":"Burnout \u00e9 mais do que cansa\u00e7o. Entenda os principais sintomas da s\u00edndrome, como ela se diferencia do estresse e da depress\u00e3o e quem corre mais risco.","breadcrumb":{"@id":"https:\/\/www.tuasaude.com\/news\/2026\/08\/31\/burnout-o-que-e-quais-os-sintomas-e-quem-tem-maior-risco-de-desenvolver-a-sindrome\/#breadcrumb"},"inLanguage":"pt-BR","potentialAction":[{"@type":"ReadAction","target":["https:\/\/www.tuasaude.com\/news\/2026\/08\/31\/burnout-o-que-e-quais-os-sintomas-e-quem-tem-maior-risco-de-desenvolver-a-sindrome\/"]}]},{"@type":"ImageObject","inLanguage":"pt-BR","@id":"https:\/\/www.tuasaude.com\/news\/2026\/08\/31\/burnout-o-que-e-quais-os-sintomas-e-quem-tem-maior-risco-de-desenvolver-a-sindrome\/#primaryimage","url":"https:\/\/www.tuasaude.com\/news\/wp-content\/uploads\/2026\/08\/Healthcare_professional_standing\u2026_202608271948.jpg","contentUrl":"https:\/\/www.tuasaude.com\/news\/wp-content\/uploads\/2026\/08\/Healthcare_professional_standing\u2026_202608271948.jpg","width":1280,"height":714,"caption":"Burnout: o que \u00e9, quais os sintomas e quem tem maior risco de desenvolver a s\u00edndrome"},{"@type":"BreadcrumbList","@id":"https:\/\/www.tuasaude.com\/news\/2026\/08\/31\/burnout-o-que-e-quais-os-sintomas-e-quem-tem-maior-risco-de-desenvolver-a-sindrome\/#breadcrumb","itemListElement":[{"@type":"ListItem","position":1,"name":"In\u00edcio","item":"https:\/\/www.tuasaude.com\/news\/"},{"@type":"ListItem","position":2,"name":"Burnout: o que \u00e9, quais os sintomas e quem tem maior risco de desenvolver a s\u00edndrome"}]},{"@type":"WebSite","@id":"https:\/\/www.tuasaude.com\/news\/#website","url":"https:\/\/www.tuasaude.com\/news\/","name":"Tua Sa\u00fade","description":"Seu site de sa\u00fade","potentialAction":[{"@type":"SearchAction","target":{"@type":"EntryPoint","urlTemplate":"https:\/\/www.tuasaude.com\/news\/?s={search_term_string}"},"query-input":{"@type":"PropertyValueSpecification","valueRequired":true,"valueName":"search_term_string"}}],"inLanguage":"pt-BR"},{"@type":"Person","@id":"https:\/\/www.tuasaude.com\/news\/#\/schema\/person\/da63bccfbda5c95cfbf2d37c4276fca0","name":"Maycon Geovane","image":{"@type":"ImageObject","inLanguage":"pt-BR","@id":"https:\/\/www.tuasaude.com\/news\/#\/schema\/person\/image\/","url":"https:\/\/secure.gravatar.com\/avatar\/4f4908cf0a2f249a9f1137f9d5769cacc373d9aee67910cc212a09a346873b7d?s=96&d=mm&r=g","contentUrl":"https:\/\/secure.gravatar.com\/avatar\/4f4908cf0a2f249a9f1137f9d5769cacc373d9aee67910cc212a09a346873b7d?s=96&d=mm&r=g","caption":"Maycon Geovane"},"sameAs":["https:\/\/www.tuasaude.com\/news\/"],"url":"https:\/\/www.tuasaude.com\/news\/author\/maycongeovane\/"}]}},"_links":{"self":[{"href":"https:\/\/www.tuasaude.com\/news\/wp-json\/wp\/v2\/posts\/103912","targetHints":{"allow":["GET"]}}],"collection":[{"href":"https:\/\/www.tuasaude.com\/news\/wp-json\/wp\/v2\/posts"}],"about":[{"href":"https:\/\/www.tuasaude.com\/news\/wp-json\/wp\/v2\/types\/post"}],"author":[{"embeddable":true,"href":"https:\/\/www.tuasaude.com\/news\/wp-json\/wp\/v2\/users\/16"}],"replies":[{"embeddable":true,"href":"https:\/\/www.tuasaude.com\/news\/wp-json\/wp\/v2\/comments?post=103912"}],"version-history":[{"count":1,"href":"https:\/\/www.tuasaude.com\/news\/wp-json\/wp\/v2\/posts\/103912\/revisions"}],"predecessor-version":[{"id":103916,"href":"https:\/\/www.tuasaude.com\/news\/wp-json\/wp\/v2\/posts\/103912\/revisions\/103916"}],"wp:featuredmedia":[{"embeddable":true,"href":"https:\/\/www.tuasaude.com\/news\/wp-json\/wp\/v2\/media\/103913"}],"wp:attachment":[{"href":"https:\/\/www.tuasaude.com\/news\/wp-json\/wp\/v2\/media?parent=103912"}],"wp:term":[{"taxonomy":"category","embeddable":true,"href":"https:\/\/www.tuasaude.com\/news\/wp-json\/wp\/v2\/categories?post=103912"},{"taxonomy":"post_tag","embeddable":true,"href":"https:\/\/www.tuasaude.com\/news\/wp-json\/wp\/v2\/tags?post=103912"}],"curies":[{"name":"wp","href":"https:\/\/api.w.org\/{rel}","templated":true}]}}