{"id":103907,"date":"2026-08-31T11:40:00","date_gmt":"2026-08-31T14:40:00","guid":{"rendered":"https:\/\/www.tuasaude.com\/news\/?p=103907"},"modified":"2026-08-27T19:43:46","modified_gmt":"2026-08-27T22:43:46","slug":"sol-alimentacao-ou-capsula-como-o-corpo-obtem-vitamina-d-e-o-que-isso-muda-no-cerebro","status":"publish","type":"post","link":"https:\/\/www.tuasaude.com\/news\/2026\/08\/31\/sol-alimentacao-ou-capsula-como-o-corpo-obtem-vitamina-d-e-o-que-isso-muda-no-cerebro\/","title":{"rendered":"Sol, alimenta\u00e7\u00e3o ou c\u00e1psula: como o corpo obt\u00e9m vitamina D e o que isso muda no c\u00e9rebro"},"content":{"rendered":"\n<p class=\"wp-block-paragraph\">A vitamina D \u00e9 conhecida como a &#8220;vitamina do sol&#8221;, mas o corpo tem tr\u00eas caminhos para consegui-la: a produ\u00e7\u00e3o pela pele exposta ao sol, o consumo de determinados alimentos e a suplementa\u00e7\u00e3o em c\u00e1psulas ou gotas. Cada uma dessas vias contribui em propor\u00e7\u00f5es diferentes, e entender o peso de cada uma ajuda a evitar exageros e frustra\u00e7\u00f5es. Pesquisas recentes tamb\u00e9m mostram que receptores de vitamina D est\u00e3o presentes em v\u00e1rias regi\u00f5es do c\u00e9rebro, o que abriu uma linha de investiga\u00e7\u00e3o sobre humor e cogni\u00e7\u00e3o, sem que isso signifique que o nutriente funcione como rem\u00e9dio para transtornos mentais.<\/p>\n\n\n\n<h2 class=\"wp-block-heading\">Por que a exposi\u00e7\u00e3o solar segura ainda \u00e9 a principal fonte?<\/h2>\n\n\n\n<p class=\"wp-block-paragraph\">Cerca de 80% a 90% da vitamina D dispon\u00edvel no organismo \u00e9 produzida pela pr\u00f3pria pele quando exposta aos raios UVB, o que faz do sol a principal fonte natural do nutriente. Bastam entre 15 e 20 minutos de exposi\u00e7\u00e3o em bra\u00e7os e pernas, algumas vezes por semana, para boa parte das pessoas de pele clara.<\/p>\n\n\n\n<p class=\"wp-block-paragraph\">Fatores como cor da pele, idade, uso de protetor solar, latitude e esta\u00e7\u00e3o do ano interferem diretamente nessa produ\u00e7\u00e3o. Pessoas de pele mais escura, idosos e quem permanece em ambientes fechados costumam precisar de mais tempo de sol para atingir n\u00edveis adequados.<\/p>\n\n\n\n<h2 class=\"wp-block-heading\">Qual o papel dos alimentos como fonte de vitamina D?<\/h2>\n\n\n\n<p class=\"wp-block-paragraph\">A dieta cobre apenas 10% a 20% da necessidade di\u00e1ria de vitamina D, o que faz dela uma fonte complementar e n\u00e3o substituta do sol. Ainda assim, incluir <a href=\"https:\/\/www.tuasaude.com\/alimentos-ricos-em-vitamina-d\/\" target=\"_blank\" rel=\"noreferrer noopener\">alimentos ricos em vitamina D<\/a> na rotina ajuda a manter estoques mais est\u00e1veis.<\/p>\n\n\n\n<p class=\"wp-block-paragraph\">As principais fontes alimentares s\u00e3o peixes gordurosos como salm\u00e3o, sardinha e atum, gema de ovo, f\u00edgado bovino, cogumelos expostos ao sol e produtos fortificados como leites e cereais. Para adultos, a recomenda\u00e7\u00e3o gira em torno de 600 a 800 UI por dia, valor dif\u00edcil de atingir s\u00f3 com comida.<\/p>\n\n\n<div class=\"wp-block-image\">\n<figure class=\"aligncenter size-large\"><img decoding=\"async\" width=\"1024\" height=\"571\" src=\"https:\/\/www.tuasaude.com\/news\/wp-content\/uploads\/2026\/08\/Infographic_about_vitamin_D_202608271942-1024x571.jpg\" alt=\"Sol, alimentos e suplementa\u00e7\u00e3o orientada participam do equil\u00edbrio da vitamina D no organismo.\" class=\"wp-image-103909\" srcset=\"https:\/\/www.tuasaude.com\/news\/wp-content\/uploads\/2026\/08\/Infographic_about_vitamin_D_202608271942-1024x571.jpg 1024w, https:\/\/www.tuasaude.com\/news\/wp-content\/uploads\/2026\/08\/Infographic_about_vitamin_D_202608271942-300x167.jpg 300w, https:\/\/www.tuasaude.com\/news\/wp-content\/uploads\/2026\/08\/Infographic_about_vitamin_D_202608271942-768x428.jpg 768w, https:\/\/www.tuasaude.com\/news\/wp-content\/uploads\/2026\/08\/Infographic_about_vitamin_D_202608271942-750x418.jpg 750w, https:\/\/www.tuasaude.com\/news\/wp-content\/uploads\/2026\/08\/Infographic_about_vitamin_D_202608271942-1140x636.jpg 1140w, https:\/\/www.tuasaude.com\/news\/wp-content\/uploads\/2026\/08\/Infographic_about_vitamin_D_202608271942.jpg 1280w\" sizes=\"(max-width: 1024px) 100vw, 1024px\" \/><figcaption class=\"wp-element-caption\">Sol, alimentos e suplementa\u00e7\u00e3o orientada participam do equil\u00edbrio da vitamina D no organismo.<\/figcaption><\/figure>\n<\/div>\n\n\n<h2 class=\"wp-block-heading\">Quando o suplemento em c\u00e1psula realmente entra?<\/h2>\n\n\n\n<p class=\"wp-block-paragraph\">A suplementa\u00e7\u00e3o \u00e9 indicada quando o exame de sangue confirma defici\u00eancia ou quando a pessoa faz parte de grupos de risco, como idosos, gestantes, pessoas com doen\u00e7a renal cr\u00f4nica, obesidade ou uso prolongado de certos medicamentos. Antes disso, \u00e9 fundamental fazer o exame 25(OH)D para saber a dose adequada.<\/p>\n\n\n\n<p class=\"wp-block-paragraph\">Tomar c\u00e1psulas por conta pr\u00f3pria, especialmente em doses altas, pode n\u00e3o fazer diferen\u00e7a se n\u00e3o houver defici\u00eancia e ainda exp\u00f5e ao risco de hipercalcemia. Por isso, a <a href=\"https:\/\/www.tuasaude.com\/reposicao-de-vitamina-d\/\" target=\"_blank\" rel=\"noreferrer noopener\">reposi\u00e7\u00e3o de vitamina D<\/a> precisa ser orientada por m\u00e9dico ou nutricionista, com reavalia\u00e7\u00e3o peri\u00f3dica dos n\u00edveis.<\/p>\n\n\n\n<h2 class=\"wp-block-heading\">O que os estudos mostram sobre receptores cerebrais de vitamina D?<\/h2>\n\n\n\n<p class=\"wp-block-paragraph\">A vitamina D age no c\u00e9rebro por meio de receptores espec\u00edficos (VDR) presentes em \u00e1reas ligadas \u00e0 emo\u00e7\u00e3o, mem\u00f3ria e cogni\u00e7\u00e3o, como o hipocampo, o c\u00f3rtex pr\u00e9-frontal e o sistema l\u00edmbico. Segundo a revis\u00e3o <a href=\"https:\/\/pmc.ncbi.nlm.nih.gov\/articles\/PMC12389325\/\" target=\"_blank\" rel=\"noreferrer noopener\">Impact of Vitamin D Status and Supplementation on Brain-Derived Neurotrophic Factor and Mood\u2013Cognitive Outcomes<\/a>, publicada em 2025 no peri\u00f3dico Nutrients, doses adequadas de vitamina D est\u00e3o associadas a modula\u00e7\u00e3o do fator neurotr\u00f3fico derivado do c\u00e9rebro (BDNF), uma prote\u00edna ligada \u00e0 plasticidade neuronal.<\/p>\n\n\n\n<p class=\"wp-block-paragraph\">Os autores destacam que o efeito no humor aparece principalmente em pessoas com n\u00edveis baixos de 25(OH)D, e refor\u00e7am que a suplementa\u00e7\u00e3o n\u00e3o deve ser vista como tratamento isolado para depress\u00e3o, ansiedade ou decl\u00ednio cognitivo, mas sim como um dos fatores de suporte \u00e0 sa\u00fade cerebral.<\/p>\n\n\n<div class=\"wp-block-image\">\n<figure class=\"aligncenter size-large\"><img decoding=\"async\" width=\"1024\" height=\"571\" src=\"https:\/\/www.tuasaude.com\/news\/wp-content\/uploads\/2026\/08\/Man_eating_breakfast_with_supple\u2026_202608271942-1024x571.jpg\" alt=\"Peixes, ovos, sol e exame ajudam a entender quando a vitamina D \u00e9 necess\u00e1ria.\" class=\"wp-image-103910\" srcset=\"https:\/\/www.tuasaude.com\/news\/wp-content\/uploads\/2026\/08\/Man_eating_breakfast_with_supple\u2026_202608271942-1024x571.jpg 1024w, https:\/\/www.tuasaude.com\/news\/wp-content\/uploads\/2026\/08\/Man_eating_breakfast_with_supple\u2026_202608271942-300x167.jpg 300w, https:\/\/www.tuasaude.com\/news\/wp-content\/uploads\/2026\/08\/Man_eating_breakfast_with_supple\u2026_202608271942-768x428.jpg 768w, https:\/\/www.tuasaude.com\/news\/wp-content\/uploads\/2026\/08\/Man_eating_breakfast_with_supple\u2026_202608271942-750x418.jpg 750w, https:\/\/www.tuasaude.com\/news\/wp-content\/uploads\/2026\/08\/Man_eating_breakfast_with_supple\u2026_202608271942-1140x636.jpg 1140w, https:\/\/www.tuasaude.com\/news\/wp-content\/uploads\/2026\/08\/Man_eating_breakfast_with_supple\u2026_202608271942.jpg 1280w\" sizes=\"(max-width: 1024px) 100vw, 1024px\" \/><figcaption class=\"wp-element-caption\">Peixes, ovos, sol e exame ajudam a entender quando a vitamina D \u00e9 necess\u00e1ria.<\/figcaption><\/figure>\n<\/div>\n\n\n<h2 class=\"wp-block-heading\">Como equilibrar as tr\u00eas fontes na rotina?<\/h2>\n\n\n\n<p class=\"wp-block-paragraph\">Combinar sol, alimenta\u00e7\u00e3o e, quando indicada, suplementa\u00e7\u00e3o, \u00e9 a estrat\u00e9gia mais completa para manter bons n\u00edveis de vitamina D. Algumas orienta\u00e7\u00f5es pr\u00e1ticas ajudam nesse equil\u00edbrio:<\/p>\n\n\n\n<ol class=\"wp-block-list\">\n<li><strong>Tomar sol de 15 a 20 minutos por dia<\/strong>, em bra\u00e7os e pernas, evitando os hor\u00e1rios de maior intensidade e sem depender do rosto exposto;<\/li>\n\n\n\n<li><strong>Incluir peixes gordurosos duas a tr\u00eas vezes por semana<\/strong>, al\u00e9m de gema de ovo e cogumelos na rotina;<\/li>\n\n\n\n<li><strong>Fazer o exame de vitamina D<\/strong> anualmente ou quando houver sintomas sugestivos, como dores \u00f3sseas, fraqueza muscular ou cansa\u00e7o persistente;<\/li>\n\n\n\n<li><strong>Suplementar apenas com orienta\u00e7\u00e3o profissional<\/strong>, respeitando a dose e o tempo de tratamento prescritos;<\/li>\n\n\n\n<li><strong>Evitar megadoses divulgadas em redes sociais<\/strong>, que podem levar ao <a href=\"https:\/\/www.tuasaude.com\/excesso-de-vitamina-d\/\" target=\"_blank\" rel=\"noreferrer noopener\">excesso de vitamina D<\/a> e problemas renais;<\/li>\n\n\n\n<li><strong>Cuidar do sono, da atividade f\u00edsica e da alimenta\u00e7\u00e3o equilibrada<\/strong>, j\u00e1 que a sa\u00fade do c\u00e9rebro depende de m\u00faltiplos fatores, e n\u00e3o de um \u00fanico nutriente.<\/li>\n<\/ol>\n\n\n\n<p class=\"wp-block-paragraph\"><em>Este conte\u00fado tem car\u00e1ter apenas informativo e n\u00e3o substitui a avalia\u00e7\u00e3o, o diagn\u00f3stico ou o tratamento realizados por um m\u00e9dico ou profissional de sa\u00fade qualificado. Sintomas persistentes de humor ou cogni\u00e7\u00e3o precisam sempre de avalia\u00e7\u00e3o especializada.<\/em><\/p>\n","protected":false},"excerpt":{"rendered":"<p>A vitamina D \u00e9 conhecida como a &#8220;vitamina do sol&#8221;, mas o corpo tem tr\u00eas caminhos para consegui-la: a produ\u00e7\u00e3o pela pele exposta ao sol, o consumo de determinados alimentos e a suplementa\u00e7\u00e3o em c\u00e1psulas ou gotas. Cada uma dessas vias contribui em propor\u00e7\u00f5es diferentes, e entender o peso de cada uma ajuda a evitar [&hellip;]<\/p>\n","protected":false},"author":16,"featured_media":103908,"comment_status":"open","ping_status":"open","sticky":false,"template":"","format":"standard","meta":{"_yoast_wpseo_focuskw":"vitamina D","_yoast_wpseo_title":"","_yoast_wpseo_metadesc":"Vitamina D vem do sol, dos alimentos e de suplementos. Entenda o papel de cada fonte e o que os receptores desse nutriente fazem no c\u00e9rebro.","jnews-multi-image_gallery":[],"jnews_single_post":{"format":"standard"},"jnews_primary_category":[],"jnews_social_meta":[],"jnews_override_counter":[],"footnotes":""},"categories":[111],"tags":[220,12413,12414,12415,136,166,114],"class_list":["post-103907","post","type-post","status-publish","format-standard","has-post-thumbnail","hentry","category-saude","tag-alimentacao","tag-capsula","tag-como-o-corpo","tag-obtem","tag-saude","tag-sol","tag-vitamina-d"],"yoast_head":"<!-- This site is optimized with the Yoast SEO plugin v26.7 - https:\/\/yoast.com\/wordpress\/plugins\/seo\/ -->\n<title>Sol, alimenta\u00e7\u00e3o ou c\u00e1psula: como o corpo obt\u00e9m vitamina D e o que isso muda no c\u00e9rebro - Tua Sa\u00fade<\/title>\n<meta name=\"description\" content=\"Vitamina D vem do sol, dos alimentos e de suplementos. Entenda o papel de cada fonte e o que os receptores desse nutriente fazem no c\u00e9rebro.\" \/>\n<meta name=\"robots\" content=\"index, follow, max-snippet:-1, max-image-preview:large, max-video-preview:-1\" \/>\n<link rel=\"canonical\" href=\"https:\/\/www.tuasaude.com\/news\/2026\/08\/31\/sol-alimentacao-ou-capsula-como-o-corpo-obtem-vitamina-d-e-o-que-isso-muda-no-cerebro\/\" \/>\n<meta property=\"og:locale\" content=\"pt_BR\" \/>\n<meta property=\"og:type\" content=\"article\" \/>\n<meta property=\"og:title\" content=\"Sol, alimenta\u00e7\u00e3o ou c\u00e1psula: como o corpo obt\u00e9m vitamina D e o que isso muda no c\u00e9rebro - Tua Sa\u00fade\" \/>\n<meta property=\"og:description\" content=\"Vitamina D vem do sol, dos alimentos e de suplementos. Entenda o papel de cada fonte e o que os receptores desse nutriente fazem no c\u00e9rebro.\" \/>\n<meta property=\"og:url\" content=\"https:\/\/www.tuasaude.com\/news\/2026\/08\/31\/sol-alimentacao-ou-capsula-como-o-corpo-obtem-vitamina-d-e-o-que-isso-muda-no-cerebro\/\" \/>\n<meta property=\"og:site_name\" content=\"Tua Sa\u00fade\" \/>\n<meta property=\"article:published_time\" content=\"2026-08-31T14:40:00+00:00\" \/>\n<meta property=\"og:image\" content=\"https:\/\/www.tuasaude.com\/news\/wp-content\/uploads\/2026\/08\/Woman_holding_grilled_salmon_on_202608271942.jpg\" \/>\n\t<meta property=\"og:image:width\" content=\"1280\" \/>\n\t<meta property=\"og:image:height\" content=\"714\" \/>\n\t<meta property=\"og:image:type\" content=\"image\/jpeg\" \/>\n<meta name=\"author\" content=\"Maycon Geovane\" \/>\n<meta name=\"twitter:card\" content=\"summary_large_image\" \/>\n<meta name=\"twitter:label1\" content=\"Escrito por\" \/>\n\t<meta name=\"twitter:data1\" content=\"Maycon Geovane\" \/>\n\t<meta name=\"twitter:label2\" content=\"Est. tempo de leitura\" \/>\n\t<meta name=\"twitter:data2\" content=\"5 minutos\" \/>\n<!-- \/ Yoast SEO plugin. -->","yoast_head_json":{"title":"Sol, alimenta\u00e7\u00e3o ou c\u00e1psula: como o corpo obt\u00e9m vitamina D e o que isso muda no c\u00e9rebro - Tua Sa\u00fade","description":"Vitamina D vem do sol, dos alimentos e de suplementos. Entenda o papel de cada fonte e o que os receptores desse nutriente fazem no c\u00e9rebro.","robots":{"index":"index","follow":"follow","max-snippet":"max-snippet:-1","max-image-preview":"max-image-preview:large","max-video-preview":"max-video-preview:-1"},"canonical":"https:\/\/www.tuasaude.com\/news\/2026\/08\/31\/sol-alimentacao-ou-capsula-como-o-corpo-obtem-vitamina-d-e-o-que-isso-muda-no-cerebro\/","og_locale":"pt_BR","og_type":"article","og_title":"Sol, alimenta\u00e7\u00e3o ou c\u00e1psula: como o corpo obt\u00e9m vitamina D e o que isso muda no c\u00e9rebro - Tua Sa\u00fade","og_description":"Vitamina D vem do sol, dos alimentos e de suplementos. Entenda o papel de cada fonte e o que os receptores desse nutriente fazem no c\u00e9rebro.","og_url":"https:\/\/www.tuasaude.com\/news\/2026\/08\/31\/sol-alimentacao-ou-capsula-como-o-corpo-obtem-vitamina-d-e-o-que-isso-muda-no-cerebro\/","og_site_name":"Tua Sa\u00fade","article_published_time":"2026-08-31T14:40:00+00:00","og_image":[{"width":1280,"height":714,"url":"https:\/\/www.tuasaude.com\/news\/wp-content\/uploads\/2026\/08\/Woman_holding_grilled_salmon_on_202608271942.jpg","type":"image\/jpeg"}],"author":"Maycon Geovane","twitter_card":"summary_large_image","twitter_misc":{"Escrito por":"Maycon Geovane","Est. tempo de leitura":"5 minutos"},"schema":{"@context":"https:\/\/schema.org","@graph":[{"@type":"Article","@id":"https:\/\/www.tuasaude.com\/news\/2026\/08\/31\/sol-alimentacao-ou-capsula-como-o-corpo-obtem-vitamina-d-e-o-que-isso-muda-no-cerebro\/#article","isPartOf":{"@id":"https:\/\/www.tuasaude.com\/news\/2026\/08\/31\/sol-alimentacao-ou-capsula-como-o-corpo-obtem-vitamina-d-e-o-que-isso-muda-no-cerebro\/"},"author":{"name":"Maycon Geovane","@id":"https:\/\/www.tuasaude.com\/news\/#\/schema\/person\/da63bccfbda5c95cfbf2d37c4276fca0"},"headline":"Sol, alimenta\u00e7\u00e3o ou c\u00e1psula: como o corpo obt\u00e9m vitamina D e o que isso muda no c\u00e9rebro","datePublished":"2026-08-31T14:40:00+00:00","mainEntityOfPage":{"@id":"https:\/\/www.tuasaude.com\/news\/2026\/08\/31\/sol-alimentacao-ou-capsula-como-o-corpo-obtem-vitamina-d-e-o-que-isso-muda-no-cerebro\/"},"wordCount":858,"commentCount":0,"image":{"@id":"https:\/\/www.tuasaude.com\/news\/2026\/08\/31\/sol-alimentacao-ou-capsula-como-o-corpo-obtem-vitamina-d-e-o-que-isso-muda-no-cerebro\/#primaryimage"},"thumbnailUrl":"https:\/\/www.tuasaude.com\/news\/wp-content\/uploads\/2026\/08\/Woman_holding_grilled_salmon_on_202608271942.jpg","keywords":["Alimenta\u00e7\u00e3o","c\u00e1psula","como o corpo","obt\u00e9m","sa\u00fade","sol","vitamina d"],"articleSection":["Sa\u00fade"],"inLanguage":"pt-BR","potentialAction":[{"@type":"CommentAction","name":"Comment","target":["https:\/\/www.tuasaude.com\/news\/2026\/08\/31\/sol-alimentacao-ou-capsula-como-o-corpo-obtem-vitamina-d-e-o-que-isso-muda-no-cerebro\/#respond"]}]},{"@type":"WebPage","@id":"https:\/\/www.tuasaude.com\/news\/2026\/08\/31\/sol-alimentacao-ou-capsula-como-o-corpo-obtem-vitamina-d-e-o-que-isso-muda-no-cerebro\/","url":"https:\/\/www.tuasaude.com\/news\/2026\/08\/31\/sol-alimentacao-ou-capsula-como-o-corpo-obtem-vitamina-d-e-o-que-isso-muda-no-cerebro\/","name":"Sol, alimenta\u00e7\u00e3o ou c\u00e1psula: como o corpo obt\u00e9m vitamina D e o que isso muda no c\u00e9rebro - Tua Sa\u00fade","isPartOf":{"@id":"https:\/\/www.tuasaude.com\/news\/#website"},"primaryImageOfPage":{"@id":"https:\/\/www.tuasaude.com\/news\/2026\/08\/31\/sol-alimentacao-ou-capsula-como-o-corpo-obtem-vitamina-d-e-o-que-isso-muda-no-cerebro\/#primaryimage"},"image":{"@id":"https:\/\/www.tuasaude.com\/news\/2026\/08\/31\/sol-alimentacao-ou-capsula-como-o-corpo-obtem-vitamina-d-e-o-que-isso-muda-no-cerebro\/#primaryimage"},"thumbnailUrl":"https:\/\/www.tuasaude.com\/news\/wp-content\/uploads\/2026\/08\/Woman_holding_grilled_salmon_on_202608271942.jpg","datePublished":"2026-08-31T14:40:00+00:00","author":{"@id":"https:\/\/www.tuasaude.com\/news\/#\/schema\/person\/da63bccfbda5c95cfbf2d37c4276fca0"},"description":"Vitamina D vem do sol, dos alimentos e de suplementos. Entenda o papel de cada fonte e o que os receptores desse nutriente fazem no c\u00e9rebro.","breadcrumb":{"@id":"https:\/\/www.tuasaude.com\/news\/2026\/08\/31\/sol-alimentacao-ou-capsula-como-o-corpo-obtem-vitamina-d-e-o-que-isso-muda-no-cerebro\/#breadcrumb"},"inLanguage":"pt-BR","potentialAction":[{"@type":"ReadAction","target":["https:\/\/www.tuasaude.com\/news\/2026\/08\/31\/sol-alimentacao-ou-capsula-como-o-corpo-obtem-vitamina-d-e-o-que-isso-muda-no-cerebro\/"]}]},{"@type":"ImageObject","inLanguage":"pt-BR","@id":"https:\/\/www.tuasaude.com\/news\/2026\/08\/31\/sol-alimentacao-ou-capsula-como-o-corpo-obtem-vitamina-d-e-o-que-isso-muda-no-cerebro\/#primaryimage","url":"https:\/\/www.tuasaude.com\/news\/wp-content\/uploads\/2026\/08\/Woman_holding_grilled_salmon_on_202608271942.jpg","contentUrl":"https:\/\/www.tuasaude.com\/news\/wp-content\/uploads\/2026\/08\/Woman_holding_grilled_salmon_on_202608271942.jpg","width":1280,"height":714,"caption":"Sol, alimenta\u00e7\u00e3o ou c\u00e1psula: como o corpo obt\u00e9m vitamina D e o que isso muda no c\u00e9rebro"},{"@type":"BreadcrumbList","@id":"https:\/\/www.tuasaude.com\/news\/2026\/08\/31\/sol-alimentacao-ou-capsula-como-o-corpo-obtem-vitamina-d-e-o-que-isso-muda-no-cerebro\/#breadcrumb","itemListElement":[{"@type":"ListItem","position":1,"name":"In\u00edcio","item":"https:\/\/www.tuasaude.com\/news\/"},{"@type":"ListItem","position":2,"name":"Sol, alimenta\u00e7\u00e3o ou c\u00e1psula: como o corpo obt\u00e9m vitamina D e o que isso muda no c\u00e9rebro"}]},{"@type":"WebSite","@id":"https:\/\/www.tuasaude.com\/news\/#website","url":"https:\/\/www.tuasaude.com\/news\/","name":"Tua Sa\u00fade","description":"Seu site de sa\u00fade","potentialAction":[{"@type":"SearchAction","target":{"@type":"EntryPoint","urlTemplate":"https:\/\/www.tuasaude.com\/news\/?s={search_term_string}"},"query-input":{"@type":"PropertyValueSpecification","valueRequired":true,"valueName":"search_term_string"}}],"inLanguage":"pt-BR"},{"@type":"Person","@id":"https:\/\/www.tuasaude.com\/news\/#\/schema\/person\/da63bccfbda5c95cfbf2d37c4276fca0","name":"Maycon Geovane","image":{"@type":"ImageObject","inLanguage":"pt-BR","@id":"https:\/\/www.tuasaude.com\/news\/#\/schema\/person\/image\/","url":"https:\/\/secure.gravatar.com\/avatar\/4f4908cf0a2f249a9f1137f9d5769cacc373d9aee67910cc212a09a346873b7d?s=96&d=mm&r=g","contentUrl":"https:\/\/secure.gravatar.com\/avatar\/4f4908cf0a2f249a9f1137f9d5769cacc373d9aee67910cc212a09a346873b7d?s=96&d=mm&r=g","caption":"Maycon Geovane"},"sameAs":["https:\/\/www.tuasaude.com\/news\/"],"url":"https:\/\/www.tuasaude.com\/news\/author\/maycongeovane\/"}]}},"_links":{"self":[{"href":"https:\/\/www.tuasaude.com\/news\/wp-json\/wp\/v2\/posts\/103907","targetHints":{"allow":["GET"]}}],"collection":[{"href":"https:\/\/www.tuasaude.com\/news\/wp-json\/wp\/v2\/posts"}],"about":[{"href":"https:\/\/www.tuasaude.com\/news\/wp-json\/wp\/v2\/types\/post"}],"author":[{"embeddable":true,"href":"https:\/\/www.tuasaude.com\/news\/wp-json\/wp\/v2\/users\/16"}],"replies":[{"embeddable":true,"href":"https:\/\/www.tuasaude.com\/news\/wp-json\/wp\/v2\/comments?post=103907"}],"version-history":[{"count":1,"href":"https:\/\/www.tuasaude.com\/news\/wp-json\/wp\/v2\/posts\/103907\/revisions"}],"predecessor-version":[{"id":103911,"href":"https:\/\/www.tuasaude.com\/news\/wp-json\/wp\/v2\/posts\/103907\/revisions\/103911"}],"wp:featuredmedia":[{"embeddable":true,"href":"https:\/\/www.tuasaude.com\/news\/wp-json\/wp\/v2\/media\/103908"}],"wp:attachment":[{"href":"https:\/\/www.tuasaude.com\/news\/wp-json\/wp\/v2\/media?parent=103907"}],"wp:term":[{"taxonomy":"category","embeddable":true,"href":"https:\/\/www.tuasaude.com\/news\/wp-json\/wp\/v2\/categories?post=103907"},{"taxonomy":"post_tag","embeddable":true,"href":"https:\/\/www.tuasaude.com\/news\/wp-json\/wp\/v2\/tags?post=103907"}],"curies":[{"name":"wp","href":"https:\/\/api.w.org\/{rel}","templated":true}]}}