{"id":103880,"date":"2026-08-31T10:15:00","date_gmt":"2026-08-31T13:15:00","guid":{"rendered":"https:\/\/www.tuasaude.com\/news\/?p=103880"},"modified":"2026-08-27T19:17:00","modified_gmt":"2026-08-27T22:17:00","slug":"por-que-a-vitamina-d-e-estudada-como-coadjuvante-no-tratamento-da-depressao-mas-nao-substitui-antidepressivos","status":"publish","type":"post","link":"https:\/\/www.tuasaude.com\/news\/2026\/08\/31\/por-que-a-vitamina-d-e-estudada-como-coadjuvante-no-tratamento-da-depressao-mas-nao-substitui-antidepressivos\/","title":{"rendered":"Por que a vitamina D \u00e9 estudada como coadjuvante no tratamento da depress\u00e3o, mas n\u00e3o substitui antidepressivos"},"content":{"rendered":"\n<p class=\"wp-block-paragraph\">A vitamina D vem sendo investigada como poss\u00edvel aliada no tratamento da depress\u00e3o porque atua em regi\u00f5es do c\u00e9rebro ligadas ao humor, influencia a produ\u00e7\u00e3o de serotonina e ajuda a controlar processos inflamat\u00f3rios associados ao transtorno. No entanto, ela n\u00e3o substitui antidepressivos nem o acompanhamento psiqui\u00e1trico: seu papel, segundo as pesquisas mais recentes, \u00e9 <strong>complementar<\/strong>. Entender como esse nutriente age no sistema nervoso ajuda a interpretar corretamente as manchetes e a evitar decis\u00f5es que possam agravar o quadro.<\/p>\n\n\n\n<h2 class=\"wp-block-heading\">Como a vitamina D age no c\u00e9rebro?<\/h2>\n\n\n\n<p class=\"wp-block-paragraph\">O c\u00e9rebro possui receptores de vitamina D (VDR) distribu\u00eddos em \u00e1reas envolvidas na regula\u00e7\u00e3o emocional, como o sistema l\u00edmbico, o c\u00f3rtex e o cerebelo. Quando ativados, esses receptores participam de processos de neuroprote\u00e7\u00e3o, sinaliza\u00e7\u00e3o celular e express\u00e3o de genes ligados ao humor.<\/p>\n\n\n\n<p class=\"wp-block-paragraph\">Al\u00e9m disso, a vitamina D \u00e9 considerada um horm\u00f4nio esteroide com a\u00e7\u00e3o par\u00e1crina no tecido nervoso. Essa caracter\u00edstica explica por que sua <a href=\"https:\/\/www.tuasaude.com\/deficiencia-de-vitamina-d\/\" target=\"_blank\" rel=\"noreferrer noopener\">defici\u00eancia de vitamina D<\/a> tem sido associada, em estudos observacionais, a maior preval\u00eancia de sintomas depressivos, ainda que a rela\u00e7\u00e3o de causa e efeito n\u00e3o esteja totalmente comprovada.<\/p>\n\n\n\n<h2 class=\"wp-block-heading\">Qual a rela\u00e7\u00e3o entre vitamina D e serotonina?<\/h2>\n\n\n\n<p class=\"wp-block-paragraph\">A serotonina \u00e9 um neurotransmissor central no equil\u00edbrio do humor e \u00e9 justamente o alvo de boa parte dos antidepressivos, como os ISRS. A vitamina D participa da regula\u00e7\u00e3o da enzima triptofano hidroxilase 2, respons\u00e1vel por converter o amino\u00e1cido triptofano em serotonina no sistema nervoso central.<\/p>\n\n\n\n<p class=\"wp-block-paragraph\">Quando os n\u00edveis desse nutriente est\u00e3o baixos, essa via metab\u00f3lica pode ficar prejudicada, o que ajuda a explicar por que a suplementa\u00e7\u00e3o mostra efeito modesto em pessoas deficientes. Ainda assim, corrigir o d\u00e9ficit por meio da <a href=\"https:\/\/www.tuasaude.com\/reposicao-de-vitamina-d\/\" target=\"_blank\" rel=\"noreferrer noopener\">reposi\u00e7\u00e3o de vitamina D<\/a> n\u00e3o substitui o mecanismo mais amplo de a\u00e7\u00e3o dos medicamentos prescritos pelo psiquiatra.<\/p>\n\n\n<div class=\"wp-block-image\">\n<figure class=\"aligncenter size-large\"><img decoding=\"async\" width=\"1024\" height=\"571\" src=\"https:\/\/www.tuasaude.com\/news\/wp-content\/uploads\/2026\/08\/Vitamin_D_and_depression_infogra\u2026_202608271915-1024x571.jpg\" alt=\"Quatro mecanismos ajudam a entender o papel complementar da vitamina D na depress\u00e3o.\" class=\"wp-image-103882\" srcset=\"https:\/\/www.tuasaude.com\/news\/wp-content\/uploads\/2026\/08\/Vitamin_D_and_depression_infogra\u2026_202608271915-1024x571.jpg 1024w, https:\/\/www.tuasaude.com\/news\/wp-content\/uploads\/2026\/08\/Vitamin_D_and_depression_infogra\u2026_202608271915-300x167.jpg 300w, https:\/\/www.tuasaude.com\/news\/wp-content\/uploads\/2026\/08\/Vitamin_D_and_depression_infogra\u2026_202608271915-768x428.jpg 768w, https:\/\/www.tuasaude.com\/news\/wp-content\/uploads\/2026\/08\/Vitamin_D_and_depression_infogra\u2026_202608271915-750x418.jpg 750w, https:\/\/www.tuasaude.com\/news\/wp-content\/uploads\/2026\/08\/Vitamin_D_and_depression_infogra\u2026_202608271915-1140x636.jpg 1140w, https:\/\/www.tuasaude.com\/news\/wp-content\/uploads\/2026\/08\/Vitamin_D_and_depression_infogra\u2026_202608271915.jpg 1280w\" sizes=\"(max-width: 1024px) 100vw, 1024px\" \/><figcaption class=\"wp-element-caption\">Quatro mecanismos ajudam a entender o papel complementar da vitamina D na depress\u00e3o.<\/figcaption><\/figure>\n<\/div>\n\n\n<h2 class=\"wp-block-heading\">Quais os mecanismos anti-inflamat\u00f3rios envolvidos?<\/h2>\n\n\n\n<p class=\"wp-block-paragraph\">A inflama\u00e7\u00e3o cr\u00f4nica de baixo grau \u00e9 apontada como um dos gatilhos biol\u00f3gicos da depress\u00e3o, e a vitamina D atua diretamente nessa frente. Os principais mecanismos investigados incluem:<\/p>\n\n\n\n<ul class=\"wp-block-list\">\n<li><strong>Redu\u00e7\u00e3o de citocinas pr\u00f3-inflamat\u00f3rias<\/strong>, como IL-6 e TNF-alfa, elevadas em parte dos pacientes deprimidos;<\/li>\n\n\n\n<li><strong>Diminui\u00e7\u00e3o da prote\u00edna C-reativa<\/strong>, marcador inflamat\u00f3rio associado a pior resposta a antidepressivos;<\/li>\n\n\n\n<li><strong>A\u00e7\u00e3o antioxidante<\/strong>, que ajuda a proteger neur\u00f4nios do estresse oxidativo;<\/li>\n\n\n\n<li><strong>Modula\u00e7\u00e3o da microglia<\/strong>, c\u00e9lulas imunes do c\u00e9rebro que, quando hiperativadas, contribuem para sintomas depressivos;<\/li>\n\n\n\n<li><strong>Regula\u00e7\u00e3o do eixo hipot\u00e1lamo-hip\u00f3fise-adrenal<\/strong>, envolvido na resposta ao estresse.<\/li>\n<\/ul>\n\n\n\n<h2 class=\"wp-block-heading\">O que diz o estudo cient\u00edfico sobre suplementa\u00e7\u00e3o?<\/h2>\n\n\n\n<p class=\"wp-block-paragraph\">Para entender o real tamanho desse efeito, pesquisadores reuniram os dados dispon\u00edveis em uma an\u00e1lise ampla. Segundo a <a href=\"https:\/\/pmc.ncbi.nlm.nih.gov\/articles\/PMC12352333\/\" target=\"_blank\" rel=\"noreferrer noopener\">Meta-analysis of the effect of vitamin D on depression<\/a>, meta-an\u00e1lise publicada em 2025 no peri\u00f3dico Frontiers in Psychiatry, a suplementa\u00e7\u00e3o de vitamina D reduziu de forma moderada, mas estatisticamente significativa, os escores de sintomas depressivos em adultos.<\/p>\n\n\n\n<p class=\"wp-block-paragraph\">Os autores avaliaram vinte ensaios cl\u00ednicos randomizados e conclu\u00edram que o benef\u00edcio foi mais evidente em pessoas com defici\u00eancia pr\u00e9via do nutriente, refor\u00e7ando o papel <em>coadjuvante<\/em>, e n\u00e3o substitutivo, da vitamina D no manejo da depress\u00e3o.<\/p>\n\n\n<div class=\"wp-block-image\">\n<figure class=\"aligncenter size-large\"><img decoding=\"async\" width=\"1024\" height=\"571\" src=\"https:\/\/www.tuasaude.com\/news\/wp-content\/uploads\/2026\/08\/Man_walking_with_scientific_visual_202608271915-1024x571.jpg\" alt=\"Sol, c\u00e9rebro e vitamina D ilustram uma poss\u00edvel rela\u00e7\u00e3o complementar com a depress\u00e3o.\" class=\"wp-image-103883\" srcset=\"https:\/\/www.tuasaude.com\/news\/wp-content\/uploads\/2026\/08\/Man_walking_with_scientific_visual_202608271915-1024x571.jpg 1024w, https:\/\/www.tuasaude.com\/news\/wp-content\/uploads\/2026\/08\/Man_walking_with_scientific_visual_202608271915-300x167.jpg 300w, https:\/\/www.tuasaude.com\/news\/wp-content\/uploads\/2026\/08\/Man_walking_with_scientific_visual_202608271915-768x428.jpg 768w, https:\/\/www.tuasaude.com\/news\/wp-content\/uploads\/2026\/08\/Man_walking_with_scientific_visual_202608271915-750x418.jpg 750w, https:\/\/www.tuasaude.com\/news\/wp-content\/uploads\/2026\/08\/Man_walking_with_scientific_visual_202608271915-1140x636.jpg 1140w, https:\/\/www.tuasaude.com\/news\/wp-content\/uploads\/2026\/08\/Man_walking_with_scientific_visual_202608271915.jpg 1280w\" sizes=\"(max-width: 1024px) 100vw, 1024px\" \/><figcaption class=\"wp-element-caption\">Sol, c\u00e9rebro e vitamina D ilustram uma poss\u00edvel rela\u00e7\u00e3o complementar com a depress\u00e3o.<\/figcaption><\/figure>\n<\/div>\n\n\n<h2 class=\"wp-block-heading\">Quais cuidados s\u00e3o essenciais antes de suplementar?<\/h2>\n\n\n\n<p class=\"wp-block-paragraph\">A decis\u00e3o de suplementar precisa passar por avalia\u00e7\u00e3o cl\u00ednica, pois o <a href=\"https:\/\/www.tuasaude.com\/excesso-de-vitamina-d\/\" target=\"_blank\" rel=\"noreferrer noopener\">excesso de vitamina D<\/a> pode causar hipercalcemia, problemas renais e sintomas gastrointestinais. Antes de iniciar qualquer c\u00e1psula por conta pr\u00f3pria, considere:<\/p>\n\n\n\n<ol class=\"wp-block-list\">\n<li><strong>Dosar o 25-hidroxivitamina D<\/strong> no sangue para saber se realmente h\u00e1 defici\u00eancia;<\/li>\n\n\n\n<li><strong>Manter o tratamento psiqui\u00e1trico<\/strong> em curso, sem reduzir ou interromper antidepressivos sem orienta\u00e7\u00e3o;<\/li>\n\n\n\n<li><strong>Informar todos os medicamentos em uso<\/strong>, j\u00e1 que a vitamina D interage com diur\u00e9ticos, corticoides e anticonvulsivantes;<\/li>\n\n\n\n<li><strong>Respeitar a dose prescrita<\/strong>, evitando megadoses divulgadas em redes sociais;<\/li>\n\n\n\n<li><strong>Combinar com h\u00e1bitos saud\u00e1veis<\/strong>, como sono regular, atividade f\u00edsica e exposi\u00e7\u00e3o solar segura;<\/li>\n\n\n\n<li><strong>Reavaliar exames periodicamente<\/strong> para ajustar a suplementa\u00e7\u00e3o conforme a resposta.<\/li>\n<\/ol>\n\n\n\n<p class=\"wp-block-paragraph\"><em>Este conte\u00fado tem car\u00e1ter apenas informativo e n\u00e3o substitui a avalia\u00e7\u00e3o, o diagn\u00f3stico ou o tratamento realizados por um m\u00e9dico ou profissional de sa\u00fade qualificado. Em caso de sintomas depressivos, procure sempre orienta\u00e7\u00e3o especializada.<\/em><\/p>\n","protected":false},"excerpt":{"rendered":"<p>A vitamina D vem sendo investigada como poss\u00edvel aliada no tratamento da depress\u00e3o porque atua em regi\u00f5es do c\u00e9rebro ligadas ao humor, influencia a produ\u00e7\u00e3o de serotonina e ajuda a controlar processos inflamat\u00f3rios associados ao transtorno. No entanto, ela n\u00e3o substitui antidepressivos nem o acompanhamento psiqui\u00e1trico: seu papel, segundo as pesquisas mais recentes, \u00e9 complementar. [&hellip;]<\/p>\n","protected":false},"author":16,"featured_media":103881,"comment_status":"open","ping_status":"open","sticky":false,"template":"","format":"standard","meta":{"_yoast_wpseo_focuskw":"vitamina D e depress\u00e3o","_yoast_wpseo_title":"","_yoast_wpseo_metadesc":"Vitamina D e depress\u00e3o s\u00e3o alvo de estudos, com benef\u00edcio moderado na suplementa\u00e7\u00e3o, sobretudo em pessoas deficientes, sem substituir o tratamento.","jnews-multi-image_gallery":[],"jnews_single_post":{"format":"standard"},"jnews_primary_category":[],"jnews_social_meta":[],"jnews_override_counter":[],"footnotes":""},"categories":[111],"tags":[9227,12405,12404,12407,6986,136,12406,114],"class_list":["post-103880","post","type-post","status-publish","format-standard","has-post-thumbnail","hentry","category-saude","tag-antidepressivos","tag-coadjuvante","tag-estudada","tag-nao-substitui","tag-por-que","tag-saude","tag-tratamento-da-depressao","tag-vitamina-d"],"yoast_head":"<!-- This site is optimized with the Yoast SEO plugin v26.7 - https:\/\/yoast.com\/wordpress\/plugins\/seo\/ -->\n<title>Por que a vitamina D \u00e9 estudada como coadjuvante no tratamento da depress\u00e3o, mas n\u00e3o substitui antidepressivos - Tua Sa\u00fade<\/title>\n<meta name=\"description\" content=\"Vitamina D e depress\u00e3o s\u00e3o alvo de estudos, com benef\u00edcio moderado na suplementa\u00e7\u00e3o, sobretudo em pessoas deficientes, sem substituir o tratamento.\" \/>\n<meta name=\"robots\" content=\"index, follow, max-snippet:-1, max-image-preview:large, max-video-preview:-1\" \/>\n<link rel=\"canonical\" href=\"https:\/\/www.tuasaude.com\/news\/2026\/08\/31\/por-que-a-vitamina-d-e-estudada-como-coadjuvante-no-tratamento-da-depressao-mas-nao-substitui-antidepressivos\/\" \/>\n<meta property=\"og:locale\" content=\"pt_BR\" \/>\n<meta property=\"og:type\" content=\"article\" \/>\n<meta property=\"og:title\" content=\"Por que a vitamina D \u00e9 estudada como coadjuvante no tratamento da depress\u00e3o, mas n\u00e3o substitui antidepressivos - Tua Sa\u00fade\" \/>\n<meta property=\"og:description\" content=\"Vitamina D e depress\u00e3o s\u00e3o alvo de estudos, com benef\u00edcio moderado na suplementa\u00e7\u00e3o, sobretudo em pessoas deficientes, sem substituir o tratamento.\" \/>\n<meta property=\"og:url\" content=\"https:\/\/www.tuasaude.com\/news\/2026\/08\/31\/por-que-a-vitamina-d-e-estudada-como-coadjuvante-no-tratamento-da-depressao-mas-nao-substitui-antidepressivos\/\" \/>\n<meta property=\"og:site_name\" content=\"Tua Sa\u00fade\" \/>\n<meta property=\"article:published_time\" content=\"2026-08-31T13:15:00+00:00\" \/>\n<meta property=\"og:image\" content=\"https:\/\/www.tuasaude.com\/news\/wp-content\/uploads\/2026\/08\/Woman_holding_vitamin_D_supplement_202608271915.jpg\" \/>\n\t<meta property=\"og:image:width\" content=\"1280\" \/>\n\t<meta property=\"og:image:height\" content=\"714\" \/>\n\t<meta property=\"og:image:type\" content=\"image\/jpeg\" \/>\n<meta name=\"author\" content=\"Maycon Geovane\" \/>\n<meta name=\"twitter:card\" content=\"summary_large_image\" \/>\n<meta name=\"twitter:label1\" content=\"Escrito por\" \/>\n\t<meta name=\"twitter:data1\" content=\"Maycon Geovane\" \/>\n\t<meta name=\"twitter:label2\" content=\"Est. tempo de leitura\" \/>\n\t<meta name=\"twitter:data2\" content=\"5 minutos\" \/>\n<!-- \/ Yoast SEO plugin. -->","yoast_head_json":{"title":"Por que a vitamina D \u00e9 estudada como coadjuvante no tratamento da depress\u00e3o, mas n\u00e3o substitui antidepressivos - Tua Sa\u00fade","description":"Vitamina D e depress\u00e3o s\u00e3o alvo de estudos, com benef\u00edcio moderado na suplementa\u00e7\u00e3o, sobretudo em pessoas deficientes, sem substituir o tratamento.","robots":{"index":"index","follow":"follow","max-snippet":"max-snippet:-1","max-image-preview":"max-image-preview:large","max-video-preview":"max-video-preview:-1"},"canonical":"https:\/\/www.tuasaude.com\/news\/2026\/08\/31\/por-que-a-vitamina-d-e-estudada-como-coadjuvante-no-tratamento-da-depressao-mas-nao-substitui-antidepressivos\/","og_locale":"pt_BR","og_type":"article","og_title":"Por que a vitamina D \u00e9 estudada como coadjuvante no tratamento da depress\u00e3o, mas n\u00e3o substitui antidepressivos - Tua Sa\u00fade","og_description":"Vitamina D e depress\u00e3o s\u00e3o alvo de estudos, com benef\u00edcio moderado na suplementa\u00e7\u00e3o, sobretudo em pessoas deficientes, sem substituir o tratamento.","og_url":"https:\/\/www.tuasaude.com\/news\/2026\/08\/31\/por-que-a-vitamina-d-e-estudada-como-coadjuvante-no-tratamento-da-depressao-mas-nao-substitui-antidepressivos\/","og_site_name":"Tua Sa\u00fade","article_published_time":"2026-08-31T13:15:00+00:00","og_image":[{"width":1280,"height":714,"url":"https:\/\/www.tuasaude.com\/news\/wp-content\/uploads\/2026\/08\/Woman_holding_vitamin_D_supplement_202608271915.jpg","type":"image\/jpeg"}],"author":"Maycon Geovane","twitter_card":"summary_large_image","twitter_misc":{"Escrito por":"Maycon Geovane","Est. tempo de leitura":"5 minutos"},"schema":{"@context":"https:\/\/schema.org","@graph":[{"@type":"Article","@id":"https:\/\/www.tuasaude.com\/news\/2026\/08\/31\/por-que-a-vitamina-d-e-estudada-como-coadjuvante-no-tratamento-da-depressao-mas-nao-substitui-antidepressivos\/#article","isPartOf":{"@id":"https:\/\/www.tuasaude.com\/news\/2026\/08\/31\/por-que-a-vitamina-d-e-estudada-como-coadjuvante-no-tratamento-da-depressao-mas-nao-substitui-antidepressivos\/"},"author":{"name":"Maycon Geovane","@id":"https:\/\/www.tuasaude.com\/news\/#\/schema\/person\/da63bccfbda5c95cfbf2d37c4276fca0"},"headline":"Por que a vitamina D \u00e9 estudada como coadjuvante no tratamento da depress\u00e3o, mas n\u00e3o substitui antidepressivos","datePublished":"2026-08-31T13:15:00+00:00","mainEntityOfPage":{"@id":"https:\/\/www.tuasaude.com\/news\/2026\/08\/31\/por-que-a-vitamina-d-e-estudada-como-coadjuvante-no-tratamento-da-depressao-mas-nao-substitui-antidepressivos\/"},"wordCount":762,"commentCount":0,"image":{"@id":"https:\/\/www.tuasaude.com\/news\/2026\/08\/31\/por-que-a-vitamina-d-e-estudada-como-coadjuvante-no-tratamento-da-depressao-mas-nao-substitui-antidepressivos\/#primaryimage"},"thumbnailUrl":"https:\/\/www.tuasaude.com\/news\/wp-content\/uploads\/2026\/08\/Woman_holding_vitamin_D_supplement_202608271915.jpg","keywords":["antidepressivos","coadjuvante","estudada","n\u00e3o substitui","Por que","sa\u00fade","tratamento da depress\u00e3o","vitamina d"],"articleSection":["Sa\u00fade"],"inLanguage":"pt-BR","potentialAction":[{"@type":"CommentAction","name":"Comment","target":["https:\/\/www.tuasaude.com\/news\/2026\/08\/31\/por-que-a-vitamina-d-e-estudada-como-coadjuvante-no-tratamento-da-depressao-mas-nao-substitui-antidepressivos\/#respond"]}]},{"@type":"WebPage","@id":"https:\/\/www.tuasaude.com\/news\/2026\/08\/31\/por-que-a-vitamina-d-e-estudada-como-coadjuvante-no-tratamento-da-depressao-mas-nao-substitui-antidepressivos\/","url":"https:\/\/www.tuasaude.com\/news\/2026\/08\/31\/por-que-a-vitamina-d-e-estudada-como-coadjuvante-no-tratamento-da-depressao-mas-nao-substitui-antidepressivos\/","name":"Por que a vitamina D \u00e9 estudada como coadjuvante no tratamento da depress\u00e3o, mas n\u00e3o substitui antidepressivos - Tua Sa\u00fade","isPartOf":{"@id":"https:\/\/www.tuasaude.com\/news\/#website"},"primaryImageOfPage":{"@id":"https:\/\/www.tuasaude.com\/news\/2026\/08\/31\/por-que-a-vitamina-d-e-estudada-como-coadjuvante-no-tratamento-da-depressao-mas-nao-substitui-antidepressivos\/#primaryimage"},"image":{"@id":"https:\/\/www.tuasaude.com\/news\/2026\/08\/31\/por-que-a-vitamina-d-e-estudada-como-coadjuvante-no-tratamento-da-depressao-mas-nao-substitui-antidepressivos\/#primaryimage"},"thumbnailUrl":"https:\/\/www.tuasaude.com\/news\/wp-content\/uploads\/2026\/08\/Woman_holding_vitamin_D_supplement_202608271915.jpg","datePublished":"2026-08-31T13:15:00+00:00","author":{"@id":"https:\/\/www.tuasaude.com\/news\/#\/schema\/person\/da63bccfbda5c95cfbf2d37c4276fca0"},"description":"Vitamina D e depress\u00e3o s\u00e3o alvo de estudos, com benef\u00edcio moderado na suplementa\u00e7\u00e3o, sobretudo em pessoas deficientes, sem substituir o tratamento.","breadcrumb":{"@id":"https:\/\/www.tuasaude.com\/news\/2026\/08\/31\/por-que-a-vitamina-d-e-estudada-como-coadjuvante-no-tratamento-da-depressao-mas-nao-substitui-antidepressivos\/#breadcrumb"},"inLanguage":"pt-BR","potentialAction":[{"@type":"ReadAction","target":["https:\/\/www.tuasaude.com\/news\/2026\/08\/31\/por-que-a-vitamina-d-e-estudada-como-coadjuvante-no-tratamento-da-depressao-mas-nao-substitui-antidepressivos\/"]}]},{"@type":"ImageObject","inLanguage":"pt-BR","@id":"https:\/\/www.tuasaude.com\/news\/2026\/08\/31\/por-que-a-vitamina-d-e-estudada-como-coadjuvante-no-tratamento-da-depressao-mas-nao-substitui-antidepressivos\/#primaryimage","url":"https:\/\/www.tuasaude.com\/news\/wp-content\/uploads\/2026\/08\/Woman_holding_vitamin_D_supplement_202608271915.jpg","contentUrl":"https:\/\/www.tuasaude.com\/news\/wp-content\/uploads\/2026\/08\/Woman_holding_vitamin_D_supplement_202608271915.jpg","width":1280,"height":714,"caption":"Por que a vitamina D \u00e9 estudada como coadjuvante no tratamento da depress\u00e3o, mas n\u00e3o substitui antidepressivos"},{"@type":"BreadcrumbList","@id":"https:\/\/www.tuasaude.com\/news\/2026\/08\/31\/por-que-a-vitamina-d-e-estudada-como-coadjuvante-no-tratamento-da-depressao-mas-nao-substitui-antidepressivos\/#breadcrumb","itemListElement":[{"@type":"ListItem","position":1,"name":"In\u00edcio","item":"https:\/\/www.tuasaude.com\/news\/"},{"@type":"ListItem","position":2,"name":"Por que a vitamina D \u00e9 estudada como coadjuvante no tratamento da depress\u00e3o, mas n\u00e3o substitui antidepressivos"}]},{"@type":"WebSite","@id":"https:\/\/www.tuasaude.com\/news\/#website","url":"https:\/\/www.tuasaude.com\/news\/","name":"Tua Sa\u00fade","description":"Seu site de sa\u00fade","potentialAction":[{"@type":"SearchAction","target":{"@type":"EntryPoint","urlTemplate":"https:\/\/www.tuasaude.com\/news\/?s={search_term_string}"},"query-input":{"@type":"PropertyValueSpecification","valueRequired":true,"valueName":"search_term_string"}}],"inLanguage":"pt-BR"},{"@type":"Person","@id":"https:\/\/www.tuasaude.com\/news\/#\/schema\/person\/da63bccfbda5c95cfbf2d37c4276fca0","name":"Maycon Geovane","image":{"@type":"ImageObject","inLanguage":"pt-BR","@id":"https:\/\/www.tuasaude.com\/news\/#\/schema\/person\/image\/","url":"https:\/\/secure.gravatar.com\/avatar\/4f4908cf0a2f249a9f1137f9d5769cacc373d9aee67910cc212a09a346873b7d?s=96&d=mm&r=g","contentUrl":"https:\/\/secure.gravatar.com\/avatar\/4f4908cf0a2f249a9f1137f9d5769cacc373d9aee67910cc212a09a346873b7d?s=96&d=mm&r=g","caption":"Maycon Geovane"},"sameAs":["https:\/\/www.tuasaude.com\/news\/"],"url":"https:\/\/www.tuasaude.com\/news\/author\/maycongeovane\/"}]}},"_links":{"self":[{"href":"https:\/\/www.tuasaude.com\/news\/wp-json\/wp\/v2\/posts\/103880","targetHints":{"allow":["GET"]}}],"collection":[{"href":"https:\/\/www.tuasaude.com\/news\/wp-json\/wp\/v2\/posts"}],"about":[{"href":"https:\/\/www.tuasaude.com\/news\/wp-json\/wp\/v2\/types\/post"}],"author":[{"embeddable":true,"href":"https:\/\/www.tuasaude.com\/news\/wp-json\/wp\/v2\/users\/16"}],"replies":[{"embeddable":true,"href":"https:\/\/www.tuasaude.com\/news\/wp-json\/wp\/v2\/comments?post=103880"}],"version-history":[{"count":1,"href":"https:\/\/www.tuasaude.com\/news\/wp-json\/wp\/v2\/posts\/103880\/revisions"}],"predecessor-version":[{"id":103884,"href":"https:\/\/www.tuasaude.com\/news\/wp-json\/wp\/v2\/posts\/103880\/revisions\/103884"}],"wp:featuredmedia":[{"embeddable":true,"href":"https:\/\/www.tuasaude.com\/news\/wp-json\/wp\/v2\/media\/103881"}],"wp:attachment":[{"href":"https:\/\/www.tuasaude.com\/news\/wp-json\/wp\/v2\/media?parent=103880"}],"wp:term":[{"taxonomy":"category","embeddable":true,"href":"https:\/\/www.tuasaude.com\/news\/wp-json\/wp\/v2\/categories?post=103880"},{"taxonomy":"post_tag","embeddable":true,"href":"https:\/\/www.tuasaude.com\/news\/wp-json\/wp\/v2\/tags?post=103880"}],"curies":[{"name":"wp","href":"https:\/\/api.w.org\/{rel}","templated":true}]}}