{"id":103134,"date":"2026-08-31T09:10:00","date_gmt":"2026-08-31T12:10:00","guid":{"rendered":"https:\/\/www.tuasaude.com\/news\/?p=103134"},"modified":"2026-08-26T02:24:00","modified_gmt":"2026-08-26T05:24:00","slug":"meia-de-compressao-ajuda-em-um-tipo-de-problema-nas-pernas-e-pode-ser-contraindicada-em-outro","status":"publish","type":"post","link":"https:\/\/www.tuasaude.com\/news\/2026\/08\/31\/meia-de-compressao-ajuda-em-um-tipo-de-problema-nas-pernas-e-pode-ser-contraindicada-em-outro\/","title":{"rendered":"Meia de compress\u00e3o ajuda em um tipo de problema nas pernas e pode ser contraindicada em outro"},"content":{"rendered":"\n<p class=\"wp-block-paragraph\">A meia de compress\u00e3o \u00e9 considerada uma das principais aliadas no tratamento da insufici\u00eancia venosa, mas o mesmo acess\u00f3rio pode ser prejudicial em casos avan\u00e7ados de doen\u00e7a arterial perif\u00e9rica, quando reduz ainda mais o fluxo de sangue para as pernas. Entender essa diferen\u00e7a \u00e9 essencial antes de escolher qualquer modelo por conta pr\u00f3pria, pois o uso inadequado pode agravar sintomas e atrasar o tratamento correto. Por isso, a indica\u00e7\u00e3o deve ser sempre feita por um profissional de sa\u00fade.<\/p>\n\n\n\n<h2 class=\"wp-block-heading\">Por que a meia de compress\u00e3o ajuda na insufici\u00eancia venosa?<\/h2>\n\n\n\n<p class=\"wp-block-paragraph\">A insufici\u00eancia venosa acontece quando as v\u00e1lvulas das veias das pernas funcionam mal e o sangue tem dificuldade para retornar ao cora\u00e7\u00e3o, causando peso, incha\u00e7o e varizes. A compress\u00e3o externa ajuda a comprimir as veias superficiais, direciona o fluxo para as veias profundas e estimula o trabalho da bomba muscular da panturrilha.<\/p>\n\n\n\n<p class=\"wp-block-paragraph\">Com isso, o incha\u00e7o diminui, a sensa\u00e7\u00e3o de peso melhora e h\u00e1 menor risco de evolu\u00e7\u00e3o para complica\u00e7\u00f5es como \u00falceras venosas. O efeito depende do uso di\u00e1rio, na gradua\u00e7\u00e3o certa, e da adapta\u00e7\u00e3o ao formato da perna.<\/p>\n\n\n\n<h2 class=\"wp-block-heading\">Quando a meia de compress\u00e3o pode ser contraindicada?<\/h2>\n\n\n\n<p class=\"wp-block-paragraph\">Em casos de doen\u00e7a arterial perif\u00e9rica avan\u00e7ada, as art\u00e9rias j\u00e1 est\u00e3o obstru\u00eddas por placas de gordura e o fluxo sangu\u00edneo para as pernas est\u00e1 reduzido. A compress\u00e3o externa pode piorar esse quadro, dificultando ainda mais a chegada de oxig\u00eanio aos tecidos e aumentando o risco de dor em repouso e feridas isqu\u00eamicas.<\/p>\n\n\n\n<p class=\"wp-block-paragraph\">Outras situa\u00e7\u00f5es que exigem cautela incluem infec\u00e7\u00f5es ativas na pele, insufici\u00eancia card\u00edaca descompensada e alergias ao material da meia. Nesses casos, o uso s\u00f3 deve ocorrer com avalia\u00e7\u00e3o m\u00e9dica detalhada.<\/p>\n\n\n<div class=\"wp-block-image\">\n<figure class=\"aligncenter size-large\"><img decoding=\"async\" width=\"1024\" height=\"571\" src=\"https:\/\/www.tuasaude.com\/news\/wp-content\/uploads\/2026\/08\/Meia_de_compressao_infografico_202608260222-1024x571.jpg\" alt=\"O infogr\u00e1fico mostra quando a compress\u00e3o favorece as veias e exige cautela arterial.\" class=\"wp-image-103136\" srcset=\"https:\/\/www.tuasaude.com\/news\/wp-content\/uploads\/2026\/08\/Meia_de_compressao_infografico_202608260222-1024x571.jpg 1024w, https:\/\/www.tuasaude.com\/news\/wp-content\/uploads\/2026\/08\/Meia_de_compressao_infografico_202608260222-300x167.jpg 300w, https:\/\/www.tuasaude.com\/news\/wp-content\/uploads\/2026\/08\/Meia_de_compressao_infografico_202608260222-768x428.jpg 768w, https:\/\/www.tuasaude.com\/news\/wp-content\/uploads\/2026\/08\/Meia_de_compressao_infografico_202608260222-750x418.jpg 750w, https:\/\/www.tuasaude.com\/news\/wp-content\/uploads\/2026\/08\/Meia_de_compressao_infografico_202608260222-1140x636.jpg 1140w, https:\/\/www.tuasaude.com\/news\/wp-content\/uploads\/2026\/08\/Meia_de_compressao_infografico_202608260222.jpg 1280w\" sizes=\"(max-width: 1024px) 100vw, 1024px\" \/><figcaption class=\"wp-element-caption\">O infogr\u00e1fico mostra quando a compress\u00e3o favorece as veias e exige cautela arterial.<\/figcaption><\/figure>\n<\/div>\n\n\n<h2 class=\"wp-block-heading\">Quais sinais indicam que a meia de compress\u00e3o n\u00e3o deve ser usada?<\/h2>\n\n\n\n<p class=\"wp-block-paragraph\">Alguns sintomas nas pernas devem acender o alerta antes de iniciar o uso do acess\u00f3rio. Fique atento aos seguintes sinais:<\/p>\n\n\n\n<ul class=\"wp-block-list\">\n<li><strong>Dor ao caminhar que melhora com repouso:<\/strong> pode indicar claudica\u00e7\u00e3o intermitente e obstru\u00e7\u00e3o arterial.<\/li>\n\n\n\n<li><strong>P\u00e9s frios, p\u00e1lidos ou arroxeados:<\/strong> sugerem redu\u00e7\u00e3o importante do fluxo arterial.<\/li>\n\n\n\n<li><strong>Feridas que n\u00e3o cicatrizam nos dedos ou no calcanhar:<\/strong> podem estar ligadas \u00e0 isquemia arterial.<\/li>\n\n\n\n<li><strong>Dor intensa em repouso, principalmente \u00e0 noite:<\/strong> t\u00edpica de doen\u00e7a arterial avan\u00e7ada.<\/li>\n\n\n\n<li><strong>Perda de sensibilidade ou formigamento persistente:<\/strong> exige avalia\u00e7\u00e3o vascular e neurol\u00f3gica antes de qualquer compress\u00e3o.<\/li>\n<\/ul>\n\n\n\n<p class=\"wp-block-paragraph\">Diante de qualquer um desses sinais, o ideal \u00e9 procurar orienta\u00e7\u00e3o especializada antes de utilizar a meia. Vale conhecer tamb\u00e9m os cuidados relacionados \u00e0 <a href=\"https:\/\/www.tuasaude.com\/doenca-arterial-periferica\/\" target=\"_blank\" rel=\"noreferrer noopener\">doen\u00e7a arterial perif\u00e9rica<\/a>, condi\u00e7\u00e3o em que a compress\u00e3o pode ser prejudicial.<\/p>\n\n\n\n<h2 class=\"wp-block-heading\">Como um estudo cient\u00edfico refor\u00e7a o uso correto da compress\u00e3o?<\/h2>\n\n\n\n<p class=\"wp-block-paragraph\">A literatura m\u00e9dica \u00e9 consistente ao indicar a compress\u00e3o como tratamento central da doen\u00e7a venosa, mas destaca a necessidade de avaliar o fluxo arterial antes de prescrev\u00ea-la. Segundo a revis\u00e3o <a href=\"https:\/\/pubmed.ncbi.nlm.nih.gov\/25047584\/\" target=\"_blank\" rel=\"noreferrer noopener\">Chronic Venous Insufficiency<\/a>, publicada na revista Circulation pela American Heart Association, a terapia compressiva \u00e9 considerada a base do tratamento conservador da insufici\u00eancia venosa cr\u00f4nica, mas exige investiga\u00e7\u00e3o pr\u00e9via do \u00edndice tornozelo-bra\u00e7o para descartar comprometimento arterial significativo.<\/p>\n\n\n\n<p class=\"wp-block-paragraph\">Essa avalia\u00e7\u00e3o \u00e9 feita por um angiologista ou cirurgi\u00e3o vascular, geralmente com apoio do ultrassom Doppler, exame que ajuda a definir o tipo e o grau de compress\u00e3o adequados a cada paciente.<\/p>\n\n\n<div class=\"wp-block-image\">\n<figure class=\"aligncenter size-large\"><img decoding=\"async\" width=\"1024\" height=\"571\" src=\"https:\/\/www.tuasaude.com\/news\/wp-content\/uploads\/2026\/08\/Woman_putting_on_compression_sto\u2026_202608260222-1024x571.jpg\" alt=\"Compress\u00e3o nas pernas pode ajudar as veias, mas prejudicar a circula\u00e7\u00e3o arterial comprometida.\" class=\"wp-image-103137\" srcset=\"https:\/\/www.tuasaude.com\/news\/wp-content\/uploads\/2026\/08\/Woman_putting_on_compression_sto\u2026_202608260222-1024x571.jpg 1024w, https:\/\/www.tuasaude.com\/news\/wp-content\/uploads\/2026\/08\/Woman_putting_on_compression_sto\u2026_202608260222-300x167.jpg 300w, https:\/\/www.tuasaude.com\/news\/wp-content\/uploads\/2026\/08\/Woman_putting_on_compression_sto\u2026_202608260222-768x428.jpg 768w, https:\/\/www.tuasaude.com\/news\/wp-content\/uploads\/2026\/08\/Woman_putting_on_compression_sto\u2026_202608260222-750x418.jpg 750w, https:\/\/www.tuasaude.com\/news\/wp-content\/uploads\/2026\/08\/Woman_putting_on_compression_sto\u2026_202608260222-1140x636.jpg 1140w, https:\/\/www.tuasaude.com\/news\/wp-content\/uploads\/2026\/08\/Woman_putting_on_compression_sto\u2026_202608260222.jpg 1280w\" sizes=\"(max-width: 1024px) 100vw, 1024px\" \/><figcaption class=\"wp-element-caption\">Compress\u00e3o nas pernas pode ajudar as veias, mas prejudicar a circula\u00e7\u00e3o arterial comprometida.<\/figcaption><\/figure>\n<\/div>\n\n\n<h2 class=\"wp-block-heading\">Como escolher e usar a meia de compress\u00e3o com seguran\u00e7a?<\/h2>\n\n\n\n<p class=\"wp-block-paragraph\">A escolha da meia depende do quadro cl\u00ednico, das medidas da perna e da rotina do paciente. Alguns cuidados b\u00e1sicos ajudam a garantir o uso seguro e eficaz:<\/p>\n\n\n\n<ol class=\"wp-block-list\">\n<li><strong>Buscar prescri\u00e7\u00e3o m\u00e9dica:<\/strong> o profissional define o grau de compress\u00e3o em mil\u00edmetros de merc\u00fario conforme a gravidade do quadro.<\/li>\n\n\n\n<li><strong>Medir a perna corretamente:<\/strong> o ideal \u00e9 fazer as medidas pela manh\u00e3, quando o incha\u00e7o est\u00e1 menor.<\/li>\n\n\n\n<li><strong>Colocar a meia logo ao acordar:<\/strong> antes que o edema se instale ao longo do dia.<\/li>\n\n\n\n<li><strong>Retirar antes de dormir:<\/strong> a compress\u00e3o n\u00e3o deve ser mantida durante o sono, exceto em orienta\u00e7\u00e3o espec\u00edfica.<\/li>\n\n\n\n<li><strong>Reavaliar periodicamente:<\/strong> a meia perde elasticidade com o tempo e o quadro cl\u00ednico pode mudar.<\/li>\n<\/ol>\n\n\n\n<p class=\"wp-block-paragraph\">Al\u00e9m disso, \u00e9 fundamental relatar ao m\u00e9dico qualquer desconforto novo, como dor, dorm\u00eancia ou mudan\u00e7a na colora\u00e7\u00e3o dos p\u00e9s. Mais informa\u00e7\u00f5es sobre o tratamento da <a href=\"https:\/\/www.tuasaude.com\/insuficiencia-venosa\/\" target=\"_blank\" rel=\"noreferrer noopener\">insufici\u00eancia venosa<\/a> ajudam a compreender quando a compress\u00e3o \u00e9 indicada e por quanto tempo. Tamb\u00e9m \u00e9 \u00fatil conhecer as diferentes op\u00e7\u00f5es e faixas de press\u00e3o das <a href=\"https:\/\/www.tuasaude.com\/meias-de-compressao\/\" target=\"_blank\" rel=\"noreferrer noopener\">meias de compress\u00e3o<\/a> dispon\u00edveis.<\/p>\n\n\n\n<p class=\"wp-block-paragraph\"><em>Este conte\u00fado tem car\u00e1ter apenas informativo e n\u00e3o substitui a avalia\u00e7\u00e3o, o diagn\u00f3stico ou o tratamento realizados por um m\u00e9dico angiologista ou cirurgi\u00e3o vascular. Consulte sempre um profissional qualificado antes de iniciar o uso da meia de compress\u00e3o.<\/em><\/p>\n","protected":false},"excerpt":{"rendered":"<p>A meia de compress\u00e3o \u00e9 considerada uma das principais aliadas no tratamento da insufici\u00eancia venosa, mas o mesmo acess\u00f3rio pode ser prejudicial em casos avan\u00e7ados de doen\u00e7a arterial perif\u00e9rica, quando reduz ainda mais o fluxo de sangue para as pernas. Entender essa diferen\u00e7a \u00e9 essencial antes de escolher qualquer modelo por conta pr\u00f3pria, pois o [&hellip;]<\/p>\n","protected":false},"author":16,"featured_media":103135,"comment_status":"open","ping_status":"open","sticky":false,"template":"","format":"standard","meta":{"_yoast_wpseo_focuskw":"meia de compress\u00e3o","_yoast_wpseo_title":"","_yoast_wpseo_metadesc":"A meia de compress\u00e3o ajuda na insufici\u00eancia venosa, mas pode ser prejudicial em doen\u00e7a arterial perif\u00e9rica. Saiba quando buscar avalia\u00e7\u00e3o antes de usar.","jnews-multi-image_gallery":[],"jnews_single_post":{"format":"standard"},"jnews_primary_category":[],"jnews_social_meta":[],"jnews_override_counter":[],"footnotes":""},"categories":[111],"tags":[11716,12297,12295,4014,136,12296],"class_list":["post-103134","post","type-post","status-publish","format-standard","has-post-thumbnail","hentry","category-saude","tag-ajuda","tag-contraindicada-em-outro","tag-meia-de-compressao","tag-pernas","tag-saude","tag-um-tipo-de-problema"],"yoast_head":"<!-- This site is optimized with the Yoast SEO plugin v26.7 - https:\/\/yoast.com\/wordpress\/plugins\/seo\/ -->\n<title>Meia de compress\u00e3o ajuda em um tipo de problema nas pernas e pode ser contraindicada em outro - Tua Sa\u00fade<\/title>\n<meta name=\"description\" content=\"A meia de compress\u00e3o ajuda na insufici\u00eancia venosa, mas pode ser prejudicial em doen\u00e7a arterial perif\u00e9rica. Saiba quando buscar avalia\u00e7\u00e3o antes de usar.\" \/>\n<meta name=\"robots\" content=\"index, follow, max-snippet:-1, max-image-preview:large, max-video-preview:-1\" \/>\n<link rel=\"canonical\" href=\"https:\/\/www.tuasaude.com\/news\/2026\/08\/31\/meia-de-compressao-ajuda-em-um-tipo-de-problema-nas-pernas-e-pode-ser-contraindicada-em-outro\/\" \/>\n<meta property=\"og:locale\" content=\"pt_BR\" \/>\n<meta property=\"og:type\" content=\"article\" \/>\n<meta property=\"og:title\" content=\"Meia de compress\u00e3o ajuda em um tipo de problema nas pernas e pode ser contraindicada em outro - Tua Sa\u00fade\" \/>\n<meta property=\"og:description\" content=\"A meia de compress\u00e3o ajuda na insufici\u00eancia venosa, mas pode ser prejudicial em doen\u00e7a arterial perif\u00e9rica. Saiba quando buscar avalia\u00e7\u00e3o antes de usar.\" \/>\n<meta property=\"og:url\" content=\"https:\/\/www.tuasaude.com\/news\/2026\/08\/31\/meia-de-compressao-ajuda-em-um-tipo-de-problema-nas-pernas-e-pode-ser-contraindicada-em-outro\/\" \/>\n<meta property=\"og:site_name\" content=\"Tua Sa\u00fade\" \/>\n<meta property=\"article:published_time\" content=\"2026-08-31T12:10:00+00:00\" \/>\n<meta property=\"og:image\" content=\"https:\/\/www.tuasaude.com\/news\/wp-content\/uploads\/2026\/08\/Man_comparing_two_legs_202608260222.jpg\" \/>\n\t<meta property=\"og:image:width\" content=\"1280\" \/>\n\t<meta property=\"og:image:height\" content=\"714\" \/>\n\t<meta property=\"og:image:type\" content=\"image\/jpeg\" \/>\n<meta name=\"author\" content=\"Maycon Geovane\" \/>\n<meta name=\"twitter:card\" content=\"summary_large_image\" \/>\n<meta name=\"twitter:label1\" content=\"Escrito por\" \/>\n\t<meta name=\"twitter:data1\" content=\"Maycon Geovane\" \/>\n\t<meta name=\"twitter:label2\" content=\"Est. tempo de leitura\" \/>\n\t<meta name=\"twitter:data2\" content=\"5 minutos\" \/>\n<!-- \/ Yoast SEO plugin. -->","yoast_head_json":{"title":"Meia de compress\u00e3o ajuda em um tipo de problema nas pernas e pode ser contraindicada em outro - Tua Sa\u00fade","description":"A meia de compress\u00e3o ajuda na insufici\u00eancia venosa, mas pode ser prejudicial em doen\u00e7a arterial perif\u00e9rica. Saiba quando buscar avalia\u00e7\u00e3o antes de usar.","robots":{"index":"index","follow":"follow","max-snippet":"max-snippet:-1","max-image-preview":"max-image-preview:large","max-video-preview":"max-video-preview:-1"},"canonical":"https:\/\/www.tuasaude.com\/news\/2026\/08\/31\/meia-de-compressao-ajuda-em-um-tipo-de-problema-nas-pernas-e-pode-ser-contraindicada-em-outro\/","og_locale":"pt_BR","og_type":"article","og_title":"Meia de compress\u00e3o ajuda em um tipo de problema nas pernas e pode ser contraindicada em outro - Tua Sa\u00fade","og_description":"A meia de compress\u00e3o ajuda na insufici\u00eancia venosa, mas pode ser prejudicial em doen\u00e7a arterial perif\u00e9rica. Saiba quando buscar avalia\u00e7\u00e3o antes de usar.","og_url":"https:\/\/www.tuasaude.com\/news\/2026\/08\/31\/meia-de-compressao-ajuda-em-um-tipo-de-problema-nas-pernas-e-pode-ser-contraindicada-em-outro\/","og_site_name":"Tua Sa\u00fade","article_published_time":"2026-08-31T12:10:00+00:00","og_image":[{"width":1280,"height":714,"url":"https:\/\/www.tuasaude.com\/news\/wp-content\/uploads\/2026\/08\/Man_comparing_two_legs_202608260222.jpg","type":"image\/jpeg"}],"author":"Maycon Geovane","twitter_card":"summary_large_image","twitter_misc":{"Escrito por":"Maycon Geovane","Est. tempo de leitura":"5 minutos"},"schema":{"@context":"https:\/\/schema.org","@graph":[{"@type":"Article","@id":"https:\/\/www.tuasaude.com\/news\/2026\/08\/31\/meia-de-compressao-ajuda-em-um-tipo-de-problema-nas-pernas-e-pode-ser-contraindicada-em-outro\/#article","isPartOf":{"@id":"https:\/\/www.tuasaude.com\/news\/2026\/08\/31\/meia-de-compressao-ajuda-em-um-tipo-de-problema-nas-pernas-e-pode-ser-contraindicada-em-outro\/"},"author":{"name":"Maycon Geovane","@id":"https:\/\/www.tuasaude.com\/news\/#\/schema\/person\/da63bccfbda5c95cfbf2d37c4276fca0"},"headline":"Meia de compress\u00e3o ajuda em um tipo de problema nas pernas e pode ser contraindicada em outro","datePublished":"2026-08-31T12:10:00+00:00","mainEntityOfPage":{"@id":"https:\/\/www.tuasaude.com\/news\/2026\/08\/31\/meia-de-compressao-ajuda-em-um-tipo-de-problema-nas-pernas-e-pode-ser-contraindicada-em-outro\/"},"wordCount":875,"commentCount":0,"image":{"@id":"https:\/\/www.tuasaude.com\/news\/2026\/08\/31\/meia-de-compressao-ajuda-em-um-tipo-de-problema-nas-pernas-e-pode-ser-contraindicada-em-outro\/#primaryimage"},"thumbnailUrl":"https:\/\/www.tuasaude.com\/news\/wp-content\/uploads\/2026\/08\/Man_comparing_two_legs_202608260222.jpg","keywords":["ajuda","contraindicada em outro","meia de compress\u00e3o","pernas","sa\u00fade","um tipo de problema"],"articleSection":["Sa\u00fade"],"inLanguage":"pt-BR","potentialAction":[{"@type":"CommentAction","name":"Comment","target":["https:\/\/www.tuasaude.com\/news\/2026\/08\/31\/meia-de-compressao-ajuda-em-um-tipo-de-problema-nas-pernas-e-pode-ser-contraindicada-em-outro\/#respond"]}]},{"@type":"WebPage","@id":"https:\/\/www.tuasaude.com\/news\/2026\/08\/31\/meia-de-compressao-ajuda-em-um-tipo-de-problema-nas-pernas-e-pode-ser-contraindicada-em-outro\/","url":"https:\/\/www.tuasaude.com\/news\/2026\/08\/31\/meia-de-compressao-ajuda-em-um-tipo-de-problema-nas-pernas-e-pode-ser-contraindicada-em-outro\/","name":"Meia de compress\u00e3o ajuda em um tipo de problema nas pernas e pode ser contraindicada em outro - Tua Sa\u00fade","isPartOf":{"@id":"https:\/\/www.tuasaude.com\/news\/#website"},"primaryImageOfPage":{"@id":"https:\/\/www.tuasaude.com\/news\/2026\/08\/31\/meia-de-compressao-ajuda-em-um-tipo-de-problema-nas-pernas-e-pode-ser-contraindicada-em-outro\/#primaryimage"},"image":{"@id":"https:\/\/www.tuasaude.com\/news\/2026\/08\/31\/meia-de-compressao-ajuda-em-um-tipo-de-problema-nas-pernas-e-pode-ser-contraindicada-em-outro\/#primaryimage"},"thumbnailUrl":"https:\/\/www.tuasaude.com\/news\/wp-content\/uploads\/2026\/08\/Man_comparing_two_legs_202608260222.jpg","datePublished":"2026-08-31T12:10:00+00:00","author":{"@id":"https:\/\/www.tuasaude.com\/news\/#\/schema\/person\/da63bccfbda5c95cfbf2d37c4276fca0"},"description":"A meia de compress\u00e3o ajuda na insufici\u00eancia venosa, mas pode ser prejudicial em doen\u00e7a arterial perif\u00e9rica. Saiba quando buscar avalia\u00e7\u00e3o antes de usar.","breadcrumb":{"@id":"https:\/\/www.tuasaude.com\/news\/2026\/08\/31\/meia-de-compressao-ajuda-em-um-tipo-de-problema-nas-pernas-e-pode-ser-contraindicada-em-outro\/#breadcrumb"},"inLanguage":"pt-BR","potentialAction":[{"@type":"ReadAction","target":["https:\/\/www.tuasaude.com\/news\/2026\/08\/31\/meia-de-compressao-ajuda-em-um-tipo-de-problema-nas-pernas-e-pode-ser-contraindicada-em-outro\/"]}]},{"@type":"ImageObject","inLanguage":"pt-BR","@id":"https:\/\/www.tuasaude.com\/news\/2026\/08\/31\/meia-de-compressao-ajuda-em-um-tipo-de-problema-nas-pernas-e-pode-ser-contraindicada-em-outro\/#primaryimage","url":"https:\/\/www.tuasaude.com\/news\/wp-content\/uploads\/2026\/08\/Man_comparing_two_legs_202608260222.jpg","contentUrl":"https:\/\/www.tuasaude.com\/news\/wp-content\/uploads\/2026\/08\/Man_comparing_two_legs_202608260222.jpg","width":1280,"height":714,"caption":"Meia de compress\u00e3o ajuda em um tipo de problema nas pernas e pode ser contraindicada em outro"},{"@type":"BreadcrumbList","@id":"https:\/\/www.tuasaude.com\/news\/2026\/08\/31\/meia-de-compressao-ajuda-em-um-tipo-de-problema-nas-pernas-e-pode-ser-contraindicada-em-outro\/#breadcrumb","itemListElement":[{"@type":"ListItem","position":1,"name":"In\u00edcio","item":"https:\/\/www.tuasaude.com\/news\/"},{"@type":"ListItem","position":2,"name":"Meia de compress\u00e3o ajuda em um tipo de problema nas pernas e pode ser contraindicada em outro"}]},{"@type":"WebSite","@id":"https:\/\/www.tuasaude.com\/news\/#website","url":"https:\/\/www.tuasaude.com\/news\/","name":"Tua Sa\u00fade","description":"Seu site de sa\u00fade","potentialAction":[{"@type":"SearchAction","target":{"@type":"EntryPoint","urlTemplate":"https:\/\/www.tuasaude.com\/news\/?s={search_term_string}"},"query-input":{"@type":"PropertyValueSpecification","valueRequired":true,"valueName":"search_term_string"}}],"inLanguage":"pt-BR"},{"@type":"Person","@id":"https:\/\/www.tuasaude.com\/news\/#\/schema\/person\/da63bccfbda5c95cfbf2d37c4276fca0","name":"Maycon Geovane","image":{"@type":"ImageObject","inLanguage":"pt-BR","@id":"https:\/\/www.tuasaude.com\/news\/#\/schema\/person\/image\/","url":"https:\/\/secure.gravatar.com\/avatar\/4f4908cf0a2f249a9f1137f9d5769cacc373d9aee67910cc212a09a346873b7d?s=96&d=mm&r=g","contentUrl":"https:\/\/secure.gravatar.com\/avatar\/4f4908cf0a2f249a9f1137f9d5769cacc373d9aee67910cc212a09a346873b7d?s=96&d=mm&r=g","caption":"Maycon Geovane"},"sameAs":["https:\/\/www.tuasaude.com\/news\/"],"url":"https:\/\/www.tuasaude.com\/news\/author\/maycongeovane\/"}]}},"_links":{"self":[{"href":"https:\/\/www.tuasaude.com\/news\/wp-json\/wp\/v2\/posts\/103134","targetHints":{"allow":["GET"]}}],"collection":[{"href":"https:\/\/www.tuasaude.com\/news\/wp-json\/wp\/v2\/posts"}],"about":[{"href":"https:\/\/www.tuasaude.com\/news\/wp-json\/wp\/v2\/types\/post"}],"author":[{"embeddable":true,"href":"https:\/\/www.tuasaude.com\/news\/wp-json\/wp\/v2\/users\/16"}],"replies":[{"embeddable":true,"href":"https:\/\/www.tuasaude.com\/news\/wp-json\/wp\/v2\/comments?post=103134"}],"version-history":[{"count":1,"href":"https:\/\/www.tuasaude.com\/news\/wp-json\/wp\/v2\/posts\/103134\/revisions"}],"predecessor-version":[{"id":103138,"href":"https:\/\/www.tuasaude.com\/news\/wp-json\/wp\/v2\/posts\/103134\/revisions\/103138"}],"wp:featuredmedia":[{"embeddable":true,"href":"https:\/\/www.tuasaude.com\/news\/wp-json\/wp\/v2\/media\/103135"}],"wp:attachment":[{"href":"https:\/\/www.tuasaude.com\/news\/wp-json\/wp\/v2\/media?parent=103134"}],"wp:term":[{"taxonomy":"category","embeddable":true,"href":"https:\/\/www.tuasaude.com\/news\/wp-json\/wp\/v2\/categories?post=103134"},{"taxonomy":"post_tag","embeddable":true,"href":"https:\/\/www.tuasaude.com\/news\/wp-json\/wp\/v2\/tags?post=103134"}],"curies":[{"name":"wp","href":"https:\/\/api.w.org\/{rel}","templated":true}]}}