{"id":103113,"date":"2026-08-31T08:20:00","date_gmt":"2026-08-31T11:20:00","guid":{"rendered":"https:\/\/www.tuasaude.com\/news\/?p=103113"},"modified":"2026-08-26T02:07:21","modified_gmt":"2026-08-26T05:07:21","slug":"o-cansaco-constante-em-adultos-nao-e-causado-so-pelo-excesso-de-trabalho-mas-tambem-pela-ma-qualidade-do-sono-que-compromete-a-recuperacao-do-sistema-nervoso","status":"publish","type":"post","link":"https:\/\/www.tuasaude.com\/news\/2026\/08\/31\/o-cansaco-constante-em-adultos-nao-e-causado-so-pelo-excesso-de-trabalho-mas-tambem-pela-ma-qualidade-do-sono-que-compromete-a-recuperacao-do-sistema-nervoso\/","title":{"rendered":"O cansa\u00e7o constante em adultos n\u00e3o \u00e9 causado s\u00f3 pelo excesso de trabalho, mas tamb\u00e9m pela m\u00e1 qualidade do sono, que compromete a recupera\u00e7\u00e3o do sistema nervoso"},"content":{"rendered":"\n<p class=\"wp-block-paragraph\">O cansa\u00e7o constante em adultos costuma ser atribu\u00eddo ao excesso de trabalho, mas a m\u00e1 qualidade do sono \u00e9 uma das principais causas dessa exaust\u00e3o que n\u00e3o passa. Quando o descanso \u00e9 fragmentado ou insuficiente, o sistema nervoso n\u00e3o completa suas etapas de reparo, a mem\u00f3ria n\u00e3o \u00e9 consolidada e o corpo acorda como se a noite mal tivesse come\u00e7ado. Entender o papel do sono na recupera\u00e7\u00e3o di\u00e1ria ajuda a identificar o que est\u00e1 drenando a energia e a adotar h\u00e1bitos capazes de trazer disposi\u00e7\u00e3o real ao longo do dia.<\/p>\n\n\n\n<h2 class=\"wp-block-heading\">Por que o sono \u00e9 essencial para o sistema nervoso?<\/h2>\n\n\n\n<p class=\"wp-block-paragraph\">Durante o sono, o c\u00e9rebro executa tarefas que s\u00f3 acontecem em repouso profundo, como a consolida\u00e7\u00e3o da mem\u00f3ria, a elimina\u00e7\u00e3o de res\u00edduos metab\u00f3licos e o reparo celular dos neur\u00f4nios. Esse processo restaura a capacidade de concentra\u00e7\u00e3o, o humor e a resposta imunol\u00f3gica para o dia seguinte.<\/p>\n\n\n\n<p class=\"wp-block-paragraph\">Segundo a Associa\u00e7\u00e3o Brasileira do Sono, o descanso reparador depende da altern\u00e2ncia entre as fases do sono profundo e do sono REM. Quando esse ciclo \u00e9 interrompido, mesmo dormindo v\u00e1rias horas, a pessoa acorda com <a href=\"https:\/\/www.tuasaude.com\/cansaco-excessivo\/\" target=\"_blank\" rel=\"noreferrer noopener\">cansa\u00e7o excessivo<\/a>, dificuldade de concentra\u00e7\u00e3o e sensa\u00e7\u00e3o de que n\u00e3o descansou.<\/p>\n\n\n\n<h2 class=\"wp-block-heading\">Como o sono fragmentado prejudica a recupera\u00e7\u00e3o?<\/h2>\n\n\n\n<p class=\"wp-block-paragraph\">Sono fragmentado \u00e9 aquele em que a pessoa acorda v\u00e1rias vezes durante a noite, ainda que por poucos segundos e sem lembrar. Isso impede que o organismo alcance o est\u00e1gio de sono profundo, fase em que ocorre a maior parte do reparo celular e a libera\u00e7\u00e3o de horm\u00f4nios importantes, como o horm\u00f4nio do crescimento.<\/p>\n\n\n\n<p class=\"wp-block-paragraph\">Roncos altos, apneia do sono, uso de telas antes de deitar e consumo de cafe\u00edna no fim do dia est\u00e3o entre os principais respons\u00e1veis por esse padr\u00e3o. Com o tempo, a soma dessas interrup\u00e7\u00f5es gera um d\u00e9ficit cr\u00f4nico de recupera\u00e7\u00e3o que se manifesta como cansa\u00e7o persistente e queda no desempenho.<\/p>\n\n\n<div class=\"wp-block-image\">\n<figure class=\"aligncenter size-large\"><img decoding=\"async\" width=\"1024\" height=\"571\" src=\"https:\/\/www.tuasaude.com\/news\/wp-content\/uploads\/2026\/08\/Infographic_about_sleep_quality_\u2026_202608260206-1024x571.jpg\" alt=\"Rotina, ambiente, menos telas e relaxamento favorecem sono reparador e mais energia.\" class=\"wp-image-103115\" srcset=\"https:\/\/www.tuasaude.com\/news\/wp-content\/uploads\/2026\/08\/Infographic_about_sleep_quality_\u2026_202608260206-1024x571.jpg 1024w, https:\/\/www.tuasaude.com\/news\/wp-content\/uploads\/2026\/08\/Infographic_about_sleep_quality_\u2026_202608260206-300x167.jpg 300w, https:\/\/www.tuasaude.com\/news\/wp-content\/uploads\/2026\/08\/Infographic_about_sleep_quality_\u2026_202608260206-768x428.jpg 768w, https:\/\/www.tuasaude.com\/news\/wp-content\/uploads\/2026\/08\/Infographic_about_sleep_quality_\u2026_202608260206-750x418.jpg 750w, https:\/\/www.tuasaude.com\/news\/wp-content\/uploads\/2026\/08\/Infographic_about_sleep_quality_\u2026_202608260206-1140x636.jpg 1140w, https:\/\/www.tuasaude.com\/news\/wp-content\/uploads\/2026\/08\/Infographic_about_sleep_quality_\u2026_202608260206.jpg 1280w\" sizes=\"(max-width: 1024px) 100vw, 1024px\" \/><figcaption class=\"wp-element-caption\">Rotina, ambiente, menos telas e relaxamento favorecem sono reparador e mais energia.<\/figcaption><\/figure>\n<\/div>\n\n\n<h2 class=\"wp-block-heading\">Quais h\u00e1bitos comprometem a qualidade do sono?<\/h2>\n\n\n\n<p class=\"wp-block-paragraph\">Alguns comportamentos comuns na rotina moderna sabotam o descanso sem que a maioria das pessoas perceba. Confira os principais:<\/p>\n\n\n\n<ul class=\"wp-block-list\">\n<li><strong>Uso de telas antes de dormir:<\/strong> a luz azul de celulares e televisores inibe a produ\u00e7\u00e3o de melatonina.<\/li>\n\n\n\n<li><strong>Cafe\u00edna ap\u00f3s as 17h:<\/strong> o efeito estimulante pode durar at\u00e9 oito horas no organismo.<\/li>\n\n\n\n<li><strong>\u00c1lcool \u00e0 noite:<\/strong> ajuda a pegar no sono, mas fragmenta o descanso ao longo da madrugada.<\/li>\n\n\n\n<li><strong>Jantares pesados:<\/strong> refei\u00e7\u00f5es gordurosas dificultam a digest\u00e3o e provocam despertares.<\/li>\n\n\n\n<li><strong>Hor\u00e1rios irregulares:<\/strong> deitar e acordar em hor\u00e1rios diferentes desregula o ritmo circadiano.<\/li>\n\n\n\n<li><strong>Ambiente inadequado:<\/strong> ru\u00eddo, luz e temperatura acima de 22 \u00b0C prejudicam o sono profundo.<\/li>\n\n\n\n<li><strong>Estresse n\u00e3o trabalhado:<\/strong> preocupa\u00e7\u00f5es n\u00e3o resolvidas aumentam o cortisol e atrapalham o adormecer.<\/li>\n<\/ul>\n\n\n\n<h2 class=\"wp-block-heading\">O que uma revis\u00e3o cient\u00edfica confirma sobre sono e c\u00e9rebro?<\/h2>\n\n\n\n<p class=\"wp-block-paragraph\">A rela\u00e7\u00e3o entre o sono e o funcionamento cerebral tem sido amplamente investigada. Segundo o artigo <a href=\"https:\/\/pubmed.ncbi.nlm.nih.gov\/35403267\/\" target=\"_blank\" rel=\"noreferrer noopener\">Recent advances in memory consolidation and information processing during sleep<\/a>, publicado em 2022 no peri\u00f3dico Frontiers in Psychology e indexado no PubMed, o sono desempenha papel fundamental nos processos de aprendizagem e consolida\u00e7\u00e3o da mem\u00f3ria em todas as fases da vida.<\/p>\n\n\n\n<p class=\"wp-block-paragraph\">Os autores destacam que noites mal dormidas ou fragmentadas comprometem os mecanismos neurofisiol\u00f3gicos respons\u00e1veis por fixar novas informa\u00e7\u00f5es e reorganizar circuitos cerebrais, o que ajuda a explicar por que o cansa\u00e7o mental costuma ser um dos primeiros sinais de sono de baixa qualidade.<\/p>\n\n\n<div class=\"wp-block-image\">\n<figure class=\"aligncenter size-large\"><img decoding=\"async\" width=\"1024\" height=\"571\" src=\"https:\/\/www.tuasaude.com\/news\/wp-content\/uploads\/2026\/08\/Man_sleeping_in_bed_brain_202608260206-1024x571.jpg\" alt=\"Cansa\u00e7o persistente pode revelar noites fragmentadas e recupera\u00e7\u00e3o insuficiente do c\u00e9rebro.\" class=\"wp-image-103116\" srcset=\"https:\/\/www.tuasaude.com\/news\/wp-content\/uploads\/2026\/08\/Man_sleeping_in_bed_brain_202608260206-1024x571.jpg 1024w, https:\/\/www.tuasaude.com\/news\/wp-content\/uploads\/2026\/08\/Man_sleeping_in_bed_brain_202608260206-300x167.jpg 300w, https:\/\/www.tuasaude.com\/news\/wp-content\/uploads\/2026\/08\/Man_sleeping_in_bed_brain_202608260206-768x428.jpg 768w, https:\/\/www.tuasaude.com\/news\/wp-content\/uploads\/2026\/08\/Man_sleeping_in_bed_brain_202608260206-750x418.jpg 750w, https:\/\/www.tuasaude.com\/news\/wp-content\/uploads\/2026\/08\/Man_sleeping_in_bed_brain_202608260206-1140x636.jpg 1140w, https:\/\/www.tuasaude.com\/news\/wp-content\/uploads\/2026\/08\/Man_sleeping_in_bed_brain_202608260206.jpg 1280w\" sizes=\"(max-width: 1024px) 100vw, 1024px\" \/><figcaption class=\"wp-element-caption\">Cansa\u00e7o persistente pode revelar noites fragmentadas e recupera\u00e7\u00e3o insuficiente do c\u00e9rebro.<\/figcaption><\/figure>\n<\/div>\n\n\n<h2 class=\"wp-block-heading\">Quais cuidados ajudam a restaurar o sono e a energia?<\/h2>\n\n\n\n<p class=\"wp-block-paragraph\">Adotar boas pr\u00e1ticas de higiene do sono \u00e9 o caminho mais eficaz para recuperar a disposi\u00e7\u00e3o. Veja as principais recomenda\u00e7\u00f5es:<\/p>\n\n\n\n<ol class=\"wp-block-list\">\n<li><strong>Mantenha hor\u00e1rios regulares:<\/strong> deitar e acordar sempre nos mesmos hor\u00e1rios ajuda a regular o rel\u00f3gio biol\u00f3gico.<\/li>\n\n\n\n<li><strong>Reduza a exposi\u00e7\u00e3o a telas:<\/strong> desligue celulares e televisores pelo menos uma hora antes de dormir.<\/li>\n\n\n\n<li><strong>Crie um ambiente favor\u00e1vel:<\/strong> quarto escuro, silencioso e com temperatura entre 18 \u00b0C e 22 \u00b0C.<\/li>\n\n\n\n<li><strong>Adote um ritual relaxante:<\/strong> leitura, banho morno ou respira\u00e7\u00e3o lenta preparam o corpo para o repouso.<\/li>\n\n\n\n<li><strong>Evite estimulantes \u00e0 noite:<\/strong> caf\u00e9, ch\u00e1 preto, mate e refrigerantes com cola devem ficar de fora ap\u00f3s as 17h.<\/li>\n\n\n\n<li><strong>Pratique atividade f\u00edsica:<\/strong> exerc\u00edcios regulares melhoram o sono, desde que evitados nas tr\u00eas horas anteriores a deitar. Conhe\u00e7a outras dicas de <a href=\"https:\/\/www.tuasaude.com\/higiene-do-sono\/\" target=\"_blank\" rel=\"noreferrer noopener\">higiene do sono<\/a>.<\/li>\n\n\n\n<li><strong>Procure um m\u00e9dico se o cansa\u00e7o persistir:<\/strong> se o problema durar mais de tr\u00eas semanas, mesmo com bons h\u00e1bitos, evite o autodiagn\u00f3stico e busque investigar causas como apneia, anemia, hipotireoidismo ou <a href=\"https:\/\/www.tuasaude.com\/fadiga\/\" target=\"_blank\" rel=\"noreferrer noopener\">fadiga cr\u00f4nica<\/a>.<\/li>\n<\/ol>\n\n\n\n<p class=\"wp-block-paragraph\"><em>Este conte\u00fado tem car\u00e1ter apenas informativo e n\u00e3o substitui a avalia\u00e7\u00e3o, o diagn\u00f3stico ou o tratamento realizados por um profissional de sa\u00fade qualificado. Consulte sempre um m\u00e9dico diante de cansa\u00e7o persistente ou dificuldade recorrente para dormir.<\/em><\/p>\n","protected":false},"excerpt":{"rendered":"<p>O cansa\u00e7o constante em adultos costuma ser atribu\u00eddo ao excesso de trabalho, mas a m\u00e1 qualidade do sono \u00e9 uma das principais causas dessa exaust\u00e3o que n\u00e3o passa. Quando o descanso \u00e9 fragmentado ou insuficiente, o sistema nervoso n\u00e3o completa suas etapas de reparo, a mem\u00f3ria n\u00e3o \u00e9 consolidada e o corpo acorda como se [&hellip;]<\/p>\n","protected":false},"author":16,"featured_media":103114,"comment_status":"open","ping_status":"open","sticky":false,"template":"","format":"standard","meta":{"_yoast_wpseo_focuskw":"cansa\u00e7o e qualidade do sono","_yoast_wpseo_title":"","_yoast_wpseo_metadesc":"Cansa\u00e7o constante pode estar ligado ao sono fragmentado ou insuficiente. Entenda como noites mal dormidas afetam mem\u00f3ria, concentra\u00e7\u00e3o e disposi\u00e7\u00e3o.","jnews-multi-image_gallery":[],"jnews_single_post":{"format":"standard"},"jnews_primary_category":[],"jnews_social_meta":[],"jnews_override_counter":[],"footnotes":""},"categories":[111],"tags":[11015,905,12291,12290,8667,12292,136],"class_list":["post-103113","post","type-post","status-publish","format-standard","has-post-thumbnail","hentry","category-saude","tag-adultos","tag-cansaco-constante","tag-compromete","tag-excesso-de-trabalho","tag-ma-qualidade-do-sono","tag-recuperacao-do-sistema-nervoso","tag-saude"],"yoast_head":"<!-- This site is optimized with the Yoast SEO plugin v26.7 - https:\/\/yoast.com\/wordpress\/plugins\/seo\/ -->\n<title>O cansa\u00e7o constante em adultos n\u00e3o \u00e9 causado s\u00f3 pelo excesso de trabalho, mas tamb\u00e9m pela m\u00e1 qualidade do sono, que compromete a recupera\u00e7\u00e3o do sistema nervoso - Tua Sa\u00fade<\/title>\n<meta name=\"description\" content=\"Cansa\u00e7o constante pode estar ligado ao sono fragmentado ou insuficiente. Entenda como noites mal dormidas afetam mem\u00f3ria, concentra\u00e7\u00e3o e disposi\u00e7\u00e3o.\" \/>\n<meta name=\"robots\" content=\"index, follow, max-snippet:-1, max-image-preview:large, max-video-preview:-1\" \/>\n<link rel=\"canonical\" href=\"https:\/\/www.tuasaude.com\/news\/2026\/08\/31\/o-cansaco-constante-em-adultos-nao-e-causado-so-pelo-excesso-de-trabalho-mas-tambem-pela-ma-qualidade-do-sono-que-compromete-a-recuperacao-do-sistema-nervoso\/\" \/>\n<meta property=\"og:locale\" content=\"pt_BR\" \/>\n<meta property=\"og:type\" content=\"article\" \/>\n<meta property=\"og:title\" content=\"O cansa\u00e7o constante em adultos n\u00e3o \u00e9 causado s\u00f3 pelo excesso de trabalho, mas tamb\u00e9m pela m\u00e1 qualidade do sono, que compromete a recupera\u00e7\u00e3o do sistema nervoso - Tua Sa\u00fade\" \/>\n<meta property=\"og:description\" content=\"Cansa\u00e7o constante pode estar ligado ao sono fragmentado ou insuficiente. Entenda como noites mal dormidas afetam mem\u00f3ria, concentra\u00e7\u00e3o e disposi\u00e7\u00e3o.\" \/>\n<meta property=\"og:url\" content=\"https:\/\/www.tuasaude.com\/news\/2026\/08\/31\/o-cansaco-constante-em-adultos-nao-e-causado-so-pelo-excesso-de-trabalho-mas-tambem-pela-ma-qualidade-do-sono-que-compromete-a-recuperacao-do-sistema-nervoso\/\" \/>\n<meta property=\"og:site_name\" content=\"Tua Sa\u00fade\" \/>\n<meta property=\"article:published_time\" content=\"2026-08-31T11:20:00+00:00\" \/>\n<meta property=\"og:image\" content=\"https:\/\/www.tuasaude.com\/news\/wp-content\/uploads\/2026\/08\/Woman_sitting_holding_warm_mug_202608260206.jpg\" \/>\n\t<meta property=\"og:image:width\" content=\"1280\" \/>\n\t<meta property=\"og:image:height\" content=\"714\" \/>\n\t<meta property=\"og:image:type\" content=\"image\/jpeg\" \/>\n<meta name=\"author\" content=\"Maycon Geovane\" \/>\n<meta name=\"twitter:card\" content=\"summary_large_image\" \/>\n<meta name=\"twitter:label1\" content=\"Escrito por\" \/>\n\t<meta name=\"twitter:data1\" content=\"Maycon Geovane\" \/>\n\t<meta name=\"twitter:label2\" content=\"Est. tempo de leitura\" \/>\n\t<meta name=\"twitter:data2\" content=\"5 minutos\" \/>\n<!-- \/ Yoast SEO plugin. -->","yoast_head_json":{"title":"O cansa\u00e7o constante em adultos n\u00e3o \u00e9 causado s\u00f3 pelo excesso de trabalho, mas tamb\u00e9m pela m\u00e1 qualidade do sono, que compromete a recupera\u00e7\u00e3o do sistema nervoso - Tua Sa\u00fade","description":"Cansa\u00e7o constante pode estar ligado ao sono fragmentado ou insuficiente. Entenda como noites mal dormidas afetam mem\u00f3ria, concentra\u00e7\u00e3o e disposi\u00e7\u00e3o.","robots":{"index":"index","follow":"follow","max-snippet":"max-snippet:-1","max-image-preview":"max-image-preview:large","max-video-preview":"max-video-preview:-1"},"canonical":"https:\/\/www.tuasaude.com\/news\/2026\/08\/31\/o-cansaco-constante-em-adultos-nao-e-causado-so-pelo-excesso-de-trabalho-mas-tambem-pela-ma-qualidade-do-sono-que-compromete-a-recuperacao-do-sistema-nervoso\/","og_locale":"pt_BR","og_type":"article","og_title":"O cansa\u00e7o constante em adultos n\u00e3o \u00e9 causado s\u00f3 pelo excesso de trabalho, mas tamb\u00e9m pela m\u00e1 qualidade do sono, que compromete a recupera\u00e7\u00e3o do sistema nervoso - Tua Sa\u00fade","og_description":"Cansa\u00e7o constante pode estar ligado ao sono fragmentado ou insuficiente. Entenda como noites mal dormidas afetam mem\u00f3ria, concentra\u00e7\u00e3o e disposi\u00e7\u00e3o.","og_url":"https:\/\/www.tuasaude.com\/news\/2026\/08\/31\/o-cansaco-constante-em-adultos-nao-e-causado-so-pelo-excesso-de-trabalho-mas-tambem-pela-ma-qualidade-do-sono-que-compromete-a-recuperacao-do-sistema-nervoso\/","og_site_name":"Tua Sa\u00fade","article_published_time":"2026-08-31T11:20:00+00:00","og_image":[{"width":1280,"height":714,"url":"https:\/\/www.tuasaude.com\/news\/wp-content\/uploads\/2026\/08\/Woman_sitting_holding_warm_mug_202608260206.jpg","type":"image\/jpeg"}],"author":"Maycon Geovane","twitter_card":"summary_large_image","twitter_misc":{"Escrito por":"Maycon Geovane","Est. tempo de leitura":"5 minutos"},"schema":{"@context":"https:\/\/schema.org","@graph":[{"@type":"Article","@id":"https:\/\/www.tuasaude.com\/news\/2026\/08\/31\/o-cansaco-constante-em-adultos-nao-e-causado-so-pelo-excesso-de-trabalho-mas-tambem-pela-ma-qualidade-do-sono-que-compromete-a-recuperacao-do-sistema-nervoso\/#article","isPartOf":{"@id":"https:\/\/www.tuasaude.com\/news\/2026\/08\/31\/o-cansaco-constante-em-adultos-nao-e-causado-so-pelo-excesso-de-trabalho-mas-tambem-pela-ma-qualidade-do-sono-que-compromete-a-recuperacao-do-sistema-nervoso\/"},"author":{"name":"Maycon Geovane","@id":"https:\/\/www.tuasaude.com\/news\/#\/schema\/person\/da63bccfbda5c95cfbf2d37c4276fca0"},"headline":"O cansa\u00e7o constante em adultos n\u00e3o \u00e9 causado s\u00f3 pelo excesso de trabalho, mas tamb\u00e9m pela m\u00e1 qualidade do sono, que compromete a recupera\u00e7\u00e3o do sistema nervoso","datePublished":"2026-08-31T11:20:00+00:00","mainEntityOfPage":{"@id":"https:\/\/www.tuasaude.com\/news\/2026\/08\/31\/o-cansaco-constante-em-adultos-nao-e-causado-so-pelo-excesso-de-trabalho-mas-tambem-pela-ma-qualidade-do-sono-que-compromete-a-recuperacao-do-sistema-nervoso\/"},"wordCount":880,"commentCount":0,"image":{"@id":"https:\/\/www.tuasaude.com\/news\/2026\/08\/31\/o-cansaco-constante-em-adultos-nao-e-causado-so-pelo-excesso-de-trabalho-mas-tambem-pela-ma-qualidade-do-sono-que-compromete-a-recuperacao-do-sistema-nervoso\/#primaryimage"},"thumbnailUrl":"https:\/\/www.tuasaude.com\/news\/wp-content\/uploads\/2026\/08\/Woman_sitting_holding_warm_mug_202608260206.jpg","keywords":["adultos","cansa\u00e7o constante","compromete","excesso de trabalho","m\u00e1 qualidade do sono","recupera\u00e7\u00e3o do sistema nervoso","sa\u00fade"],"articleSection":["Sa\u00fade"],"inLanguage":"pt-BR","potentialAction":[{"@type":"CommentAction","name":"Comment","target":["https:\/\/www.tuasaude.com\/news\/2026\/08\/31\/o-cansaco-constante-em-adultos-nao-e-causado-so-pelo-excesso-de-trabalho-mas-tambem-pela-ma-qualidade-do-sono-que-compromete-a-recuperacao-do-sistema-nervoso\/#respond"]}]},{"@type":"WebPage","@id":"https:\/\/www.tuasaude.com\/news\/2026\/08\/31\/o-cansaco-constante-em-adultos-nao-e-causado-so-pelo-excesso-de-trabalho-mas-tambem-pela-ma-qualidade-do-sono-que-compromete-a-recuperacao-do-sistema-nervoso\/","url":"https:\/\/www.tuasaude.com\/news\/2026\/08\/31\/o-cansaco-constante-em-adultos-nao-e-causado-so-pelo-excesso-de-trabalho-mas-tambem-pela-ma-qualidade-do-sono-que-compromete-a-recuperacao-do-sistema-nervoso\/","name":"O cansa\u00e7o constante em adultos n\u00e3o \u00e9 causado s\u00f3 pelo excesso de trabalho, mas tamb\u00e9m pela m\u00e1 qualidade do sono, que compromete a recupera\u00e7\u00e3o do sistema nervoso - Tua Sa\u00fade","isPartOf":{"@id":"https:\/\/www.tuasaude.com\/news\/#website"},"primaryImageOfPage":{"@id":"https:\/\/www.tuasaude.com\/news\/2026\/08\/31\/o-cansaco-constante-em-adultos-nao-e-causado-so-pelo-excesso-de-trabalho-mas-tambem-pela-ma-qualidade-do-sono-que-compromete-a-recuperacao-do-sistema-nervoso\/#primaryimage"},"image":{"@id":"https:\/\/www.tuasaude.com\/news\/2026\/08\/31\/o-cansaco-constante-em-adultos-nao-e-causado-so-pelo-excesso-de-trabalho-mas-tambem-pela-ma-qualidade-do-sono-que-compromete-a-recuperacao-do-sistema-nervoso\/#primaryimage"},"thumbnailUrl":"https:\/\/www.tuasaude.com\/news\/wp-content\/uploads\/2026\/08\/Woman_sitting_holding_warm_mug_202608260206.jpg","datePublished":"2026-08-31T11:20:00+00:00","author":{"@id":"https:\/\/www.tuasaude.com\/news\/#\/schema\/person\/da63bccfbda5c95cfbf2d37c4276fca0"},"description":"Cansa\u00e7o constante pode estar ligado ao sono fragmentado ou insuficiente. Entenda como noites mal dormidas afetam mem\u00f3ria, concentra\u00e7\u00e3o e disposi\u00e7\u00e3o.","breadcrumb":{"@id":"https:\/\/www.tuasaude.com\/news\/2026\/08\/31\/o-cansaco-constante-em-adultos-nao-e-causado-so-pelo-excesso-de-trabalho-mas-tambem-pela-ma-qualidade-do-sono-que-compromete-a-recuperacao-do-sistema-nervoso\/#breadcrumb"},"inLanguage":"pt-BR","potentialAction":[{"@type":"ReadAction","target":["https:\/\/www.tuasaude.com\/news\/2026\/08\/31\/o-cansaco-constante-em-adultos-nao-e-causado-so-pelo-excesso-de-trabalho-mas-tambem-pela-ma-qualidade-do-sono-que-compromete-a-recuperacao-do-sistema-nervoso\/"]}]},{"@type":"ImageObject","inLanguage":"pt-BR","@id":"https:\/\/www.tuasaude.com\/news\/2026\/08\/31\/o-cansaco-constante-em-adultos-nao-e-causado-so-pelo-excesso-de-trabalho-mas-tambem-pela-ma-qualidade-do-sono-que-compromete-a-recuperacao-do-sistema-nervoso\/#primaryimage","url":"https:\/\/www.tuasaude.com\/news\/wp-content\/uploads\/2026\/08\/Woman_sitting_holding_warm_mug_202608260206.jpg","contentUrl":"https:\/\/www.tuasaude.com\/news\/wp-content\/uploads\/2026\/08\/Woman_sitting_holding_warm_mug_202608260206.jpg","width":1280,"height":714,"caption":"O cansa\u00e7o constante em adultos n\u00e3o \u00e9 causado s\u00f3 pelo excesso de trabalho, mas tamb\u00e9m pela m\u00e1 qualidade do sono, que compromete a recupera\u00e7\u00e3o do sistema nervoso"},{"@type":"BreadcrumbList","@id":"https:\/\/www.tuasaude.com\/news\/2026\/08\/31\/o-cansaco-constante-em-adultos-nao-e-causado-so-pelo-excesso-de-trabalho-mas-tambem-pela-ma-qualidade-do-sono-que-compromete-a-recuperacao-do-sistema-nervoso\/#breadcrumb","itemListElement":[{"@type":"ListItem","position":1,"name":"In\u00edcio","item":"https:\/\/www.tuasaude.com\/news\/"},{"@type":"ListItem","position":2,"name":"O cansa\u00e7o constante em adultos n\u00e3o \u00e9 causado s\u00f3 pelo excesso de trabalho, mas tamb\u00e9m pela m\u00e1 qualidade do sono, que compromete a recupera\u00e7\u00e3o do sistema nervoso"}]},{"@type":"WebSite","@id":"https:\/\/www.tuasaude.com\/news\/#website","url":"https:\/\/www.tuasaude.com\/news\/","name":"Tua Sa\u00fade","description":"Seu site de sa\u00fade","potentialAction":[{"@type":"SearchAction","target":{"@type":"EntryPoint","urlTemplate":"https:\/\/www.tuasaude.com\/news\/?s={search_term_string}"},"query-input":{"@type":"PropertyValueSpecification","valueRequired":true,"valueName":"search_term_string"}}],"inLanguage":"pt-BR"},{"@type":"Person","@id":"https:\/\/www.tuasaude.com\/news\/#\/schema\/person\/da63bccfbda5c95cfbf2d37c4276fca0","name":"Maycon Geovane","image":{"@type":"ImageObject","inLanguage":"pt-BR","@id":"https:\/\/www.tuasaude.com\/news\/#\/schema\/person\/image\/","url":"https:\/\/secure.gravatar.com\/avatar\/4f4908cf0a2f249a9f1137f9d5769cacc373d9aee67910cc212a09a346873b7d?s=96&d=mm&r=g","contentUrl":"https:\/\/secure.gravatar.com\/avatar\/4f4908cf0a2f249a9f1137f9d5769cacc373d9aee67910cc212a09a346873b7d?s=96&d=mm&r=g","caption":"Maycon Geovane"},"sameAs":["https:\/\/www.tuasaude.com\/news\/"],"url":"https:\/\/www.tuasaude.com\/news\/author\/maycongeovane\/"}]}},"_links":{"self":[{"href":"https:\/\/www.tuasaude.com\/news\/wp-json\/wp\/v2\/posts\/103113","targetHints":{"allow":["GET"]}}],"collection":[{"href":"https:\/\/www.tuasaude.com\/news\/wp-json\/wp\/v2\/posts"}],"about":[{"href":"https:\/\/www.tuasaude.com\/news\/wp-json\/wp\/v2\/types\/post"}],"author":[{"embeddable":true,"href":"https:\/\/www.tuasaude.com\/news\/wp-json\/wp\/v2\/users\/16"}],"replies":[{"embeddable":true,"href":"https:\/\/www.tuasaude.com\/news\/wp-json\/wp\/v2\/comments?post=103113"}],"version-history":[{"count":1,"href":"https:\/\/www.tuasaude.com\/news\/wp-json\/wp\/v2\/posts\/103113\/revisions"}],"predecessor-version":[{"id":103117,"href":"https:\/\/www.tuasaude.com\/news\/wp-json\/wp\/v2\/posts\/103113\/revisions\/103117"}],"wp:featuredmedia":[{"embeddable":true,"href":"https:\/\/www.tuasaude.com\/news\/wp-json\/wp\/v2\/media\/103114"}],"wp:attachment":[{"href":"https:\/\/www.tuasaude.com\/news\/wp-json\/wp\/v2\/media?parent=103113"}],"wp:term":[{"taxonomy":"category","embeddable":true,"href":"https:\/\/www.tuasaude.com\/news\/wp-json\/wp\/v2\/categories?post=103113"},{"taxonomy":"post_tag","embeddable":true,"href":"https:\/\/www.tuasaude.com\/news\/wp-json\/wp\/v2\/tags?post=103113"}],"curies":[{"name":"wp","href":"https:\/\/api.w.org\/{rel}","templated":true}]}}