{"id":103097,"date":"2026-08-31T07:50:00","date_gmt":"2026-08-31T10:50:00","guid":{"rendered":"https:\/\/www.tuasaude.com\/news\/?p=103097"},"modified":"2026-08-26T01:52:24","modified_gmt":"2026-08-26T04:52:24","slug":"a-prisao-de-ventre-em-adultos-e-idosos-nao-ocorre-apenas-pela-alimentacao-pobre-em-fibras-mas-tambem-pela-baixa-ingestao-de-agua-que-amolece-o-bolo-fecal-no-intestino","status":"publish","type":"post","link":"https:\/\/www.tuasaude.com\/news\/2026\/08\/31\/a-prisao-de-ventre-em-adultos-e-idosos-nao-ocorre-apenas-pela-alimentacao-pobre-em-fibras-mas-tambem-pela-baixa-ingestao-de-agua-que-amolece-o-bolo-fecal-no-intestino\/","title":{"rendered":"A pris\u00e3o de ventre em adultos e idosos n\u00e3o ocorre apenas pela alimenta\u00e7\u00e3o pobre em fibras, mas tamb\u00e9m pela baixa ingest\u00e3o de \u00e1gua, que amolece o bolo fecal no intestino"},"content":{"rendered":"\n<p class=\"wp-block-paragraph\">A pris\u00e3o de ventre em adultos e idosos costuma ser atribu\u00edda apenas \u00e0 falta de fibras na alimenta\u00e7\u00e3o, mas a baixa ingest\u00e3o de \u00e1gua tem um peso igualmente importante. Sem hidrata\u00e7\u00e3o adequada, o bolo fecal fica ressecado e endurecido, dificultando a passagem pelo intestino, e o consumo isolado de fibras pode at\u00e9 piorar o desconforto. Entender essa rela\u00e7\u00e3o ajuda a evitar erros comuns na tentativa de regular o funcionamento intestinal e a adotar h\u00e1bitos que realmente promovem al\u00edvio duradouro, sem depender de laxantes.<\/p>\n\n\n\n<h2 class=\"wp-block-heading\">Por que a \u00e1gua \u00e9 essencial para o funcionamento do intestino?<\/h2>\n\n\n\n<p class=\"wp-block-paragraph\">A \u00e1gua \u00e9 o principal componente das fezes e o que garante uma consist\u00eancia macia, capaz de deslizar com facilidade pelo intestino. Quando a ingest\u00e3o de l\u00edquidos \u00e9 insuficiente, o organismo passa a retirar mais \u00e1gua do bolo fecal na parte final do c\u00f3lon, deixando as fezes duras e ressecadas.<\/p>\n\n\n\n<p class=\"wp-block-paragraph\">Nos idosos, essa situa\u00e7\u00e3o \u00e9 ainda mais comum, pois a sensa\u00e7\u00e3o de sede diminui com o passar dos anos e o consumo de \u00e1gua tende a cair. Segundo a Federa\u00e7\u00e3o Brasileira de Gastroenterologia, essa combina\u00e7\u00e3o favorece o surgimento da constipa\u00e7\u00e3o e agrava sintomas como esfor\u00e7o para evacuar e sensa\u00e7\u00e3o de esvaziamento incompleto, exigindo aten\u00e7\u00e3o redobrada com a <a href=\"https:\/\/www.tuasaude.com\/prisao-de-ventre\/\" target=\"_blank\" rel=\"noreferrer noopener\">pris\u00e3o de ventre<\/a>.<\/p>\n\n\n\n<h2 class=\"wp-block-heading\">Como fibras e \u00e1gua trabalham juntas no organismo?<\/h2>\n\n\n\n<p class=\"wp-block-paragraph\">As fibras cumprem pap\u00e9is diferentes de acordo com o tipo. As sol\u00faveis, presentes na aveia e na ma\u00e7\u00e3, absorvem \u00e1gua e formam um gel que amolece as fezes. As insol\u00faveis, encontradas em vegetais folhosos e cereais integrais, aumentam o volume do bolo fecal e estimulam os movimentos intestinais.<\/p>\n\n\n\n<p class=\"wp-block-paragraph\">Para que essas fun\u00e7\u00f5es aconte\u00e7am corretamente, \u00e9 imprescind\u00edvel uma boa hidrata\u00e7\u00e3o. Sem \u00e1gua em quantidade suficiente, as fibras n\u00e3o conseguem formar o gel nem hidratar as fezes, o que pode gerar mais desconforto abdominal, gases e piora da constipa\u00e7\u00e3o em vez de al\u00edvio.<\/p>\n\n\n<div class=\"wp-block-image\">\n<figure class=\"aligncenter size-large\"><img decoding=\"async\" width=\"1024\" height=\"571\" src=\"https:\/\/www.tuasaude.com\/news\/wp-content\/uploads\/2026\/08\/Intestino_regular_fibras_e_agua_202608260150-1024x571.jpg\" alt=\"\u00c1gua, fibras, movimento e rotina formam os pilares para um intestino mais regular.\" class=\"wp-image-103099\" srcset=\"https:\/\/www.tuasaude.com\/news\/wp-content\/uploads\/2026\/08\/Intestino_regular_fibras_e_agua_202608260150-1024x571.jpg 1024w, https:\/\/www.tuasaude.com\/news\/wp-content\/uploads\/2026\/08\/Intestino_regular_fibras_e_agua_202608260150-300x167.jpg 300w, https:\/\/www.tuasaude.com\/news\/wp-content\/uploads\/2026\/08\/Intestino_regular_fibras_e_agua_202608260150-768x428.jpg 768w, https:\/\/www.tuasaude.com\/news\/wp-content\/uploads\/2026\/08\/Intestino_regular_fibras_e_agua_202608260150-750x418.jpg 750w, https:\/\/www.tuasaude.com\/news\/wp-content\/uploads\/2026\/08\/Intestino_regular_fibras_e_agua_202608260150-1140x636.jpg 1140w, https:\/\/www.tuasaude.com\/news\/wp-content\/uploads\/2026\/08\/Intestino_regular_fibras_e_agua_202608260150.jpg 1280w\" sizes=\"(max-width: 1024px) 100vw, 1024px\" \/><figcaption class=\"wp-element-caption\">\u00c1gua, fibras, movimento e rotina formam os pilares para um intestino mais regular.<\/figcaption><\/figure>\n<\/div>\n\n\n<h2 class=\"wp-block-heading\">Quais h\u00e1bitos ajudam a regular o intestino no dia a dia?<\/h2>\n\n\n\n<p class=\"wp-block-paragraph\">Pequenas mudan\u00e7as na rotina fazem grande diferen\u00e7a no funcionamento intestinal. Veja as principais recomenda\u00e7\u00f5es:<\/p>\n\n\n\n<ul class=\"wp-block-list\">\n<li><strong>Beba de 1,5 a 2 litros de \u00e1gua por dia:<\/strong> distribua o consumo ao longo do dia para manter o intestino hidratado.<\/li>\n\n\n\n<li><strong>Aumente o consumo de fibras gradualmente:<\/strong> introduza aveia, chia, linha\u00e7a, frutas com casca e vegetais crus aos poucos, para evitar gases.<\/li>\n\n\n\n<li><strong>Inclua ameixas e mam\u00e3o:<\/strong> essas frutas combinam fibras e sorbitol natural, com efeito laxante suave.<\/li>\n\n\n\n<li><strong>Movimente-se com frequ\u00eancia:<\/strong> caminhadas di\u00e1rias estimulam o peristaltismo intestinal.<\/li>\n\n\n\n<li><strong>Respeite a vontade de evacuar:<\/strong> adiar o reflexo natural favorece o ressecamento das fezes.<\/li>\n\n\n\n<li><strong>Estabele\u00e7a um hor\u00e1rio fixo:<\/strong> tente ir ao banheiro ap\u00f3s o caf\u00e9 da manh\u00e3, aproveitando o reflexo gastroc\u00f3lico.<\/li>\n<\/ul>\n\n\n\n<h2 class=\"wp-block-heading\">O que um estudo cient\u00edfico confirma sobre essa combina\u00e7\u00e3o?<\/h2>\n\n\n\n<p class=\"wp-block-paragraph\">A rela\u00e7\u00e3o entre baixa ingest\u00e3o de \u00e1gua, pouca fibra e constipa\u00e7\u00e3o em adultos mais velhos foi documentada em pesquisas relevantes. De acordo com o estudo <a href=\"https:\/\/pubmed.ncbi.nlm.nih.gov\/35833672\/\" target=\"_blank\" rel=\"noreferrer noopener\">Functional Constipation in Elderly and Related Determinant Risk Factors<\/a>, publicado em 2022 no Journal of the American Nutrition Association e indexado no PubMed, uma pesquisa transversal com 883 idosos identificou a constipa\u00e7\u00e3o funcional em quase 30% dos participantes.<\/p>\n\n\n\n<p class=\"wp-block-paragraph\">Os autores conclu\u00edram que a baixa ingest\u00e3o de fibras alimentares, o consumo insuficiente de \u00e1gua e a desnutri\u00e7\u00e3o foram fatores de risco importantes associados \u00e0 constipa\u00e7\u00e3o nessa faixa et\u00e1ria, refor\u00e7ando que o cuidado com a alimenta\u00e7\u00e3o e a hidrata\u00e7\u00e3o precisa ser tratado em conjunto.<\/p>\n\n\n<div class=\"wp-block-image\">\n<figure class=\"aligncenter size-large\"><img decoding=\"async\" width=\"1024\" height=\"571\" src=\"https:\/\/www.tuasaude.com\/news\/wp-content\/uploads\/2026\/08\/Woman_eating_breakfast_at_table_202608260150-1024x571.jpg\" alt=\"Fibras precisam de \u00e1gua para amolecer as fezes e favorecer o tr\u00e2nsito intestinal.\" class=\"wp-image-103100\" srcset=\"https:\/\/www.tuasaude.com\/news\/wp-content\/uploads\/2026\/08\/Woman_eating_breakfast_at_table_202608260150-1024x571.jpg 1024w, https:\/\/www.tuasaude.com\/news\/wp-content\/uploads\/2026\/08\/Woman_eating_breakfast_at_table_202608260150-300x167.jpg 300w, https:\/\/www.tuasaude.com\/news\/wp-content\/uploads\/2026\/08\/Woman_eating_breakfast_at_table_202608260150-768x428.jpg 768w, https:\/\/www.tuasaude.com\/news\/wp-content\/uploads\/2026\/08\/Woman_eating_breakfast_at_table_202608260150-750x418.jpg 750w, https:\/\/www.tuasaude.com\/news\/wp-content\/uploads\/2026\/08\/Woman_eating_breakfast_at_table_202608260150-1140x636.jpg 1140w, https:\/\/www.tuasaude.com\/news\/wp-content\/uploads\/2026\/08\/Woman_eating_breakfast_at_table_202608260150.jpg 1280w\" sizes=\"(max-width: 1024px) 100vw, 1024px\" \/><figcaption class=\"wp-element-caption\">Fibras precisam de \u00e1gua para amolecer as fezes e favorecer o tr\u00e2nsito intestinal.<\/figcaption><\/figure>\n<\/div>\n\n\n<h2 class=\"wp-block-heading\">Quando procurar orienta\u00e7\u00e3o especializada para o intestino preso?<\/h2>\n\n\n\n<p class=\"wp-block-paragraph\">Nem sempre a mudan\u00e7a nos h\u00e1bitos \u00e9 suficiente e alguns sinais exigem aten\u00e7\u00e3o m\u00e9dica. Confira quando buscar ajuda:<\/p>\n\n\n\n<ol class=\"wp-block-list\">\n<li><strong>Pris\u00e3o de ventre por mais de tr\u00eas semanas:<\/strong> mesmo com aumento de fibras e \u00e1gua, \u00e9 sinal de alerta.<\/li>\n\n\n\n<li><strong>Sangue nas fezes ou no papel higi\u00eanico:<\/strong> pode indicar hemorroidas, fissuras ou condi\u00e7\u00f5es mais graves.<\/li>\n\n\n\n<li><strong>Perda de peso sem causa aparente:<\/strong> merece investiga\u00e7\u00e3o de doen\u00e7as gastrointestinais.<\/li>\n\n\n\n<li><strong>Dor abdominal intensa e persistente:<\/strong> pode revelar obstru\u00e7\u00e3o ou outras altera\u00e7\u00f5es do trato digestivo.<\/li>\n\n\n\n<li><strong>Altern\u00e2ncia entre diarreia e constipa\u00e7\u00e3o:<\/strong> t\u00edpica da s\u00edndrome do intestino irrit\u00e1vel e de outros dist\u00farbios.<\/li>\n\n\n\n<li><strong>Uso frequente de laxantes:<\/strong> a automedica\u00e7\u00e3o prolongada prejudica o funcionamento natural do intestino.<\/li>\n\n\n\n<li><strong>Idosos com pouca ingest\u00e3o de l\u00edquidos:<\/strong> avalia\u00e7\u00e3o nutricional ajuda a montar um plano de <a href=\"https:\/\/www.tuasaude.com\/alimentos-para-prisao-de-ventre\/\" target=\"_blank\" rel=\"noreferrer noopener\">alimenta\u00e7\u00e3o para pris\u00e3o de ventre<\/a>.<\/li>\n<\/ol>\n\n\n\n<p class=\"wp-block-paragraph\"><em>Este conte\u00fado tem car\u00e1ter apenas informativo e n\u00e3o substitui a avalia\u00e7\u00e3o, o diagn\u00f3stico ou o tratamento realizados por um profissional de sa\u00fade qualificado. Consulte sempre um m\u00e9dico ou nutricionista diante de sintomas persistentes ou de d\u00favidas sobre alimenta\u00e7\u00e3o e hidrata\u00e7\u00e3o.<\/em><\/p>\n","protected":false},"excerpt":{"rendered":"<p>A pris\u00e3o de ventre em adultos e idosos costuma ser atribu\u00edda apenas \u00e0 falta de fibras na alimenta\u00e7\u00e3o, mas a baixa ingest\u00e3o de \u00e1gua tem um peso igualmente importante. Sem hidrata\u00e7\u00e3o adequada, o bolo fecal fica ressecado e endurecido, dificultando a passagem pelo intestino, e o consumo isolado de fibras pode at\u00e9 piorar o desconforto. [&hellip;]<\/p>\n","protected":false},"author":16,"featured_media":103098,"comment_status":"open","ping_status":"open","sticky":false,"template":"","format":"standard","meta":{"_yoast_wpseo_focuskw":"pris\u00e3o de ventre","_yoast_wpseo_title":"","_yoast_wpseo_metadesc":"Pris\u00e3o de ventre n\u00e3o depende apenas de fibras. Entenda como a \u00e1gua ajuda a manter as fezes macias e por que os dois h\u00e1bitos devem andar juntos.","jnews-multi-image_gallery":[],"jnews_single_post":{"format":"standard"},"jnews_primary_category":[],"jnews_social_meta":[],"jnews_override_counter":[],"footnotes":""},"categories":[111],"tags":[12255,220,11448,2362,1132,2078,891,136],"class_list":["post-103097","post","type-post","status-publish","format-standard","has-post-thumbnail","hentry","category-saude","tag-adultos-e-idosos","tag-alimentacao","tag-baixa-ingestao-de-agua","tag-bolo-fecal","tag-fibras","tag-intestino","tag-prisao-de-ventre","tag-saude"],"yoast_head":"<!-- This site is optimized with the Yoast SEO plugin v26.7 - https:\/\/yoast.com\/wordpress\/plugins\/seo\/ -->\n<title>A pris\u00e3o de ventre em adultos e idosos n\u00e3o ocorre apenas pela alimenta\u00e7\u00e3o pobre em fibras, mas tamb\u00e9m pela baixa ingest\u00e3o de \u00e1gua, que amolece o bolo fecal no intestino - Tua Sa\u00fade<\/title>\n<meta name=\"description\" content=\"Pris\u00e3o de ventre n\u00e3o depende apenas de fibras. Entenda como a \u00e1gua ajuda a manter as fezes macias e por que os dois h\u00e1bitos devem andar juntos.\" \/>\n<meta name=\"robots\" content=\"index, follow, max-snippet:-1, max-image-preview:large, max-video-preview:-1\" \/>\n<link rel=\"canonical\" href=\"https:\/\/www.tuasaude.com\/news\/2026\/08\/31\/a-prisao-de-ventre-em-adultos-e-idosos-nao-ocorre-apenas-pela-alimentacao-pobre-em-fibras-mas-tambem-pela-baixa-ingestao-de-agua-que-amolece-o-bolo-fecal-no-intestino\/\" \/>\n<meta property=\"og:locale\" content=\"pt_BR\" \/>\n<meta property=\"og:type\" content=\"article\" \/>\n<meta property=\"og:title\" content=\"A pris\u00e3o de ventre em adultos e idosos n\u00e3o ocorre apenas pela alimenta\u00e7\u00e3o pobre em fibras, mas tamb\u00e9m pela baixa ingest\u00e3o de \u00e1gua, que amolece o bolo fecal no intestino - Tua Sa\u00fade\" \/>\n<meta property=\"og:description\" content=\"Pris\u00e3o de ventre n\u00e3o depende apenas de fibras. Entenda como a \u00e1gua ajuda a manter as fezes macias e por que os dois h\u00e1bitos devem andar juntos.\" \/>\n<meta property=\"og:url\" content=\"https:\/\/www.tuasaude.com\/news\/2026\/08\/31\/a-prisao-de-ventre-em-adultos-e-idosos-nao-ocorre-apenas-pela-alimentacao-pobre-em-fibras-mas-tambem-pela-baixa-ingestao-de-agua-que-amolece-o-bolo-fecal-no-intestino\/\" \/>\n<meta property=\"og:site_name\" content=\"Tua Sa\u00fade\" \/>\n<meta property=\"article:published_time\" content=\"2026-08-31T10:50:00+00:00\" \/>\n<meta property=\"og:image\" content=\"https:\/\/www.tuasaude.com\/news\/wp-content\/uploads\/2026\/08\/Man_walking_in_park_202608260150.jpg\" \/>\n\t<meta property=\"og:image:width\" content=\"1280\" \/>\n\t<meta property=\"og:image:height\" content=\"714\" \/>\n\t<meta property=\"og:image:type\" content=\"image\/jpeg\" \/>\n<meta name=\"author\" content=\"Maycon Geovane\" \/>\n<meta name=\"twitter:card\" content=\"summary_large_image\" \/>\n<meta name=\"twitter:label1\" content=\"Escrito por\" \/>\n\t<meta name=\"twitter:data1\" content=\"Maycon Geovane\" \/>\n\t<meta name=\"twitter:label2\" content=\"Est. tempo de leitura\" \/>\n\t<meta name=\"twitter:data2\" content=\"5 minutos\" \/>\n<!-- \/ Yoast SEO plugin. -->","yoast_head_json":{"title":"A pris\u00e3o de ventre em adultos e idosos n\u00e3o ocorre apenas pela alimenta\u00e7\u00e3o pobre em fibras, mas tamb\u00e9m pela baixa ingest\u00e3o de \u00e1gua, que amolece o bolo fecal no intestino - Tua Sa\u00fade","description":"Pris\u00e3o de ventre n\u00e3o depende apenas de fibras. Entenda como a \u00e1gua ajuda a manter as fezes macias e por que os dois h\u00e1bitos devem andar juntos.","robots":{"index":"index","follow":"follow","max-snippet":"max-snippet:-1","max-image-preview":"max-image-preview:large","max-video-preview":"max-video-preview:-1"},"canonical":"https:\/\/www.tuasaude.com\/news\/2026\/08\/31\/a-prisao-de-ventre-em-adultos-e-idosos-nao-ocorre-apenas-pela-alimentacao-pobre-em-fibras-mas-tambem-pela-baixa-ingestao-de-agua-que-amolece-o-bolo-fecal-no-intestino\/","og_locale":"pt_BR","og_type":"article","og_title":"A pris\u00e3o de ventre em adultos e idosos n\u00e3o ocorre apenas pela alimenta\u00e7\u00e3o pobre em fibras, mas tamb\u00e9m pela baixa ingest\u00e3o de \u00e1gua, que amolece o bolo fecal no intestino - Tua Sa\u00fade","og_description":"Pris\u00e3o de ventre n\u00e3o depende apenas de fibras. Entenda como a \u00e1gua ajuda a manter as fezes macias e por que os dois h\u00e1bitos devem andar juntos.","og_url":"https:\/\/www.tuasaude.com\/news\/2026\/08\/31\/a-prisao-de-ventre-em-adultos-e-idosos-nao-ocorre-apenas-pela-alimentacao-pobre-em-fibras-mas-tambem-pela-baixa-ingestao-de-agua-que-amolece-o-bolo-fecal-no-intestino\/","og_site_name":"Tua Sa\u00fade","article_published_time":"2026-08-31T10:50:00+00:00","og_image":[{"width":1280,"height":714,"url":"https:\/\/www.tuasaude.com\/news\/wp-content\/uploads\/2026\/08\/Man_walking_in_park_202608260150.jpg","type":"image\/jpeg"}],"author":"Maycon Geovane","twitter_card":"summary_large_image","twitter_misc":{"Escrito por":"Maycon Geovane","Est. tempo de leitura":"5 minutos"},"schema":{"@context":"https:\/\/schema.org","@graph":[{"@type":"Article","@id":"https:\/\/www.tuasaude.com\/news\/2026\/08\/31\/a-prisao-de-ventre-em-adultos-e-idosos-nao-ocorre-apenas-pela-alimentacao-pobre-em-fibras-mas-tambem-pela-baixa-ingestao-de-agua-que-amolece-o-bolo-fecal-no-intestino\/#article","isPartOf":{"@id":"https:\/\/www.tuasaude.com\/news\/2026\/08\/31\/a-prisao-de-ventre-em-adultos-e-idosos-nao-ocorre-apenas-pela-alimentacao-pobre-em-fibras-mas-tambem-pela-baixa-ingestao-de-agua-que-amolece-o-bolo-fecal-no-intestino\/"},"author":{"name":"Maycon Geovane","@id":"https:\/\/www.tuasaude.com\/news\/#\/schema\/person\/da63bccfbda5c95cfbf2d37c4276fca0"},"headline":"A pris\u00e3o de ventre em adultos e idosos n\u00e3o ocorre apenas pela alimenta\u00e7\u00e3o pobre em fibras, mas tamb\u00e9m pela baixa ingest\u00e3o de \u00e1gua, que amolece o bolo fecal no intestino","datePublished":"2026-08-31T10:50:00+00:00","mainEntityOfPage":{"@id":"https:\/\/www.tuasaude.com\/news\/2026\/08\/31\/a-prisao-de-ventre-em-adultos-e-idosos-nao-ocorre-apenas-pela-alimentacao-pobre-em-fibras-mas-tambem-pela-baixa-ingestao-de-agua-que-amolece-o-bolo-fecal-no-intestino\/"},"wordCount":854,"commentCount":0,"image":{"@id":"https:\/\/www.tuasaude.com\/news\/2026\/08\/31\/a-prisao-de-ventre-em-adultos-e-idosos-nao-ocorre-apenas-pela-alimentacao-pobre-em-fibras-mas-tambem-pela-baixa-ingestao-de-agua-que-amolece-o-bolo-fecal-no-intestino\/#primaryimage"},"thumbnailUrl":"https:\/\/www.tuasaude.com\/news\/wp-content\/uploads\/2026\/08\/Man_walking_in_park_202608260150.jpg","keywords":["adultos e idosos","Alimenta\u00e7\u00e3o","baixa ingest\u00e3o de \u00e1gua","bolo fecal","fibras","intestino","pris\u00e3o de ventre","sa\u00fade"],"articleSection":["Sa\u00fade"],"inLanguage":"pt-BR","potentialAction":[{"@type":"CommentAction","name":"Comment","target":["https:\/\/www.tuasaude.com\/news\/2026\/08\/31\/a-prisao-de-ventre-em-adultos-e-idosos-nao-ocorre-apenas-pela-alimentacao-pobre-em-fibras-mas-tambem-pela-baixa-ingestao-de-agua-que-amolece-o-bolo-fecal-no-intestino\/#respond"]}]},{"@type":"WebPage","@id":"https:\/\/www.tuasaude.com\/news\/2026\/08\/31\/a-prisao-de-ventre-em-adultos-e-idosos-nao-ocorre-apenas-pela-alimentacao-pobre-em-fibras-mas-tambem-pela-baixa-ingestao-de-agua-que-amolece-o-bolo-fecal-no-intestino\/","url":"https:\/\/www.tuasaude.com\/news\/2026\/08\/31\/a-prisao-de-ventre-em-adultos-e-idosos-nao-ocorre-apenas-pela-alimentacao-pobre-em-fibras-mas-tambem-pela-baixa-ingestao-de-agua-que-amolece-o-bolo-fecal-no-intestino\/","name":"A pris\u00e3o de ventre em adultos e idosos n\u00e3o ocorre apenas pela alimenta\u00e7\u00e3o pobre em fibras, mas tamb\u00e9m pela baixa ingest\u00e3o de \u00e1gua, que amolece o bolo fecal no intestino - Tua Sa\u00fade","isPartOf":{"@id":"https:\/\/www.tuasaude.com\/news\/#website"},"primaryImageOfPage":{"@id":"https:\/\/www.tuasaude.com\/news\/2026\/08\/31\/a-prisao-de-ventre-em-adultos-e-idosos-nao-ocorre-apenas-pela-alimentacao-pobre-em-fibras-mas-tambem-pela-baixa-ingestao-de-agua-que-amolece-o-bolo-fecal-no-intestino\/#primaryimage"},"image":{"@id":"https:\/\/www.tuasaude.com\/news\/2026\/08\/31\/a-prisao-de-ventre-em-adultos-e-idosos-nao-ocorre-apenas-pela-alimentacao-pobre-em-fibras-mas-tambem-pela-baixa-ingestao-de-agua-que-amolece-o-bolo-fecal-no-intestino\/#primaryimage"},"thumbnailUrl":"https:\/\/www.tuasaude.com\/news\/wp-content\/uploads\/2026\/08\/Man_walking_in_park_202608260150.jpg","datePublished":"2026-08-31T10:50:00+00:00","author":{"@id":"https:\/\/www.tuasaude.com\/news\/#\/schema\/person\/da63bccfbda5c95cfbf2d37c4276fca0"},"description":"Pris\u00e3o de ventre n\u00e3o depende apenas de fibras. Entenda como a \u00e1gua ajuda a manter as fezes macias e por que os dois h\u00e1bitos devem andar juntos.","breadcrumb":{"@id":"https:\/\/www.tuasaude.com\/news\/2026\/08\/31\/a-prisao-de-ventre-em-adultos-e-idosos-nao-ocorre-apenas-pela-alimentacao-pobre-em-fibras-mas-tambem-pela-baixa-ingestao-de-agua-que-amolece-o-bolo-fecal-no-intestino\/#breadcrumb"},"inLanguage":"pt-BR","potentialAction":[{"@type":"ReadAction","target":["https:\/\/www.tuasaude.com\/news\/2026\/08\/31\/a-prisao-de-ventre-em-adultos-e-idosos-nao-ocorre-apenas-pela-alimentacao-pobre-em-fibras-mas-tambem-pela-baixa-ingestao-de-agua-que-amolece-o-bolo-fecal-no-intestino\/"]}]},{"@type":"ImageObject","inLanguage":"pt-BR","@id":"https:\/\/www.tuasaude.com\/news\/2026\/08\/31\/a-prisao-de-ventre-em-adultos-e-idosos-nao-ocorre-apenas-pela-alimentacao-pobre-em-fibras-mas-tambem-pela-baixa-ingestao-de-agua-que-amolece-o-bolo-fecal-no-intestino\/#primaryimage","url":"https:\/\/www.tuasaude.com\/news\/wp-content\/uploads\/2026\/08\/Man_walking_in_park_202608260150.jpg","contentUrl":"https:\/\/www.tuasaude.com\/news\/wp-content\/uploads\/2026\/08\/Man_walking_in_park_202608260150.jpg","width":1280,"height":714,"caption":"A pris\u00e3o de ventre em adultos e idosos n\u00e3o ocorre apenas pela alimenta\u00e7\u00e3o pobre em fibras, mas tamb\u00e9m pela baixa ingest\u00e3o de \u00e1gua, que amolece o bolo fecal no intestino"},{"@type":"BreadcrumbList","@id":"https:\/\/www.tuasaude.com\/news\/2026\/08\/31\/a-prisao-de-ventre-em-adultos-e-idosos-nao-ocorre-apenas-pela-alimentacao-pobre-em-fibras-mas-tambem-pela-baixa-ingestao-de-agua-que-amolece-o-bolo-fecal-no-intestino\/#breadcrumb","itemListElement":[{"@type":"ListItem","position":1,"name":"In\u00edcio","item":"https:\/\/www.tuasaude.com\/news\/"},{"@type":"ListItem","position":2,"name":"A pris\u00e3o de ventre em adultos e idosos n\u00e3o ocorre apenas pela alimenta\u00e7\u00e3o pobre em fibras, mas tamb\u00e9m pela baixa ingest\u00e3o de \u00e1gua, que amolece o bolo fecal no intestino"}]},{"@type":"WebSite","@id":"https:\/\/www.tuasaude.com\/news\/#website","url":"https:\/\/www.tuasaude.com\/news\/","name":"Tua Sa\u00fade","description":"Seu site de sa\u00fade","potentialAction":[{"@type":"SearchAction","target":{"@type":"EntryPoint","urlTemplate":"https:\/\/www.tuasaude.com\/news\/?s={search_term_string}"},"query-input":{"@type":"PropertyValueSpecification","valueRequired":true,"valueName":"search_term_string"}}],"inLanguage":"pt-BR"},{"@type":"Person","@id":"https:\/\/www.tuasaude.com\/news\/#\/schema\/person\/da63bccfbda5c95cfbf2d37c4276fca0","name":"Maycon Geovane","image":{"@type":"ImageObject","inLanguage":"pt-BR","@id":"https:\/\/www.tuasaude.com\/news\/#\/schema\/person\/image\/","url":"https:\/\/secure.gravatar.com\/avatar\/4f4908cf0a2f249a9f1137f9d5769cacc373d9aee67910cc212a09a346873b7d?s=96&d=mm&r=g","contentUrl":"https:\/\/secure.gravatar.com\/avatar\/4f4908cf0a2f249a9f1137f9d5769cacc373d9aee67910cc212a09a346873b7d?s=96&d=mm&r=g","caption":"Maycon Geovane"},"sameAs":["https:\/\/www.tuasaude.com\/news\/"],"url":"https:\/\/www.tuasaude.com\/news\/author\/maycongeovane\/"}]}},"_links":{"self":[{"href":"https:\/\/www.tuasaude.com\/news\/wp-json\/wp\/v2\/posts\/103097","targetHints":{"allow":["GET"]}}],"collection":[{"href":"https:\/\/www.tuasaude.com\/news\/wp-json\/wp\/v2\/posts"}],"about":[{"href":"https:\/\/www.tuasaude.com\/news\/wp-json\/wp\/v2\/types\/post"}],"author":[{"embeddable":true,"href":"https:\/\/www.tuasaude.com\/news\/wp-json\/wp\/v2\/users\/16"}],"replies":[{"embeddable":true,"href":"https:\/\/www.tuasaude.com\/news\/wp-json\/wp\/v2\/comments?post=103097"}],"version-history":[{"count":1,"href":"https:\/\/www.tuasaude.com\/news\/wp-json\/wp\/v2\/posts\/103097\/revisions"}],"predecessor-version":[{"id":103101,"href":"https:\/\/www.tuasaude.com\/news\/wp-json\/wp\/v2\/posts\/103097\/revisions\/103101"}],"wp:featuredmedia":[{"embeddable":true,"href":"https:\/\/www.tuasaude.com\/news\/wp-json\/wp\/v2\/media\/103098"}],"wp:attachment":[{"href":"https:\/\/www.tuasaude.com\/news\/wp-json\/wp\/v2\/media?parent=103097"}],"wp:term":[{"taxonomy":"category","embeddable":true,"href":"https:\/\/www.tuasaude.com\/news\/wp-json\/wp\/v2\/categories?post=103097"},{"taxonomy":"post_tag","embeddable":true,"href":"https:\/\/www.tuasaude.com\/news\/wp-json\/wp\/v2\/tags?post=103097"}],"curies":[{"name":"wp","href":"https:\/\/api.w.org\/{rel}","templated":true}]}}