{"id":103082,"date":"2026-08-31T07:10:00","date_gmt":"2026-08-31T10:10:00","guid":{"rendered":"https:\/\/www.tuasaude.com\/news\/?p=103082"},"modified":"2026-08-26T01:40:52","modified_gmt":"2026-08-26T04:40:52","slug":"a-osteoporose-em-mulheres-e-idosos-nao-decorre-so-da-falta-de-calcio-mas-tambem-da-deficiencia-de-vitamina-d-que-permite-a-fixacao-do-calcio-nos-ossos","status":"publish","type":"post","link":"https:\/\/www.tuasaude.com\/news\/2026\/08\/31\/a-osteoporose-em-mulheres-e-idosos-nao-decorre-so-da-falta-de-calcio-mas-tambem-da-deficiencia-de-vitamina-d-que-permite-a-fixacao-do-calcio-nos-ossos\/","title":{"rendered":"A osteoporose em mulheres e idosos n\u00e3o decorre s\u00f3 da falta de c\u00e1lcio, mas tamb\u00e9m da defici\u00eancia de vitamina D, que permite a fixa\u00e7\u00e3o do c\u00e1lcio nos ossos"},"content":{"rendered":"\n<p class=\"wp-block-paragraph\">A osteoporose, doen\u00e7a silenciosa que enfraquece os ossos e aumenta o risco de fraturas em mulheres na p\u00f3s-menopausa e idosos, n\u00e3o \u00e9 causada apenas pela falta de c\u00e1lcio. A vitamina D tem papel decisivo, pois \u00e9 ela que garante a absor\u00e7\u00e3o intestinal do mineral e sua fixa\u00e7\u00e3o na estrutura \u00f3ssea. Sem n\u00edveis adequados dessa vitamina, mesmo uma dieta rica em latic\u00ednios pode n\u00e3o proteger contra a perda de massa \u00f3ssea, o que ajuda a explicar por que tantas pessoas cuidadosas com a alimenta\u00e7\u00e3o ainda sofrem quedas com consequ\u00eancias graves.<\/p>\n\n\n\n<h2 class=\"wp-block-heading\">Por que a vitamina D \u00e9 t\u00e3o importante para os ossos?<\/h2>\n\n\n\n<p class=\"wp-block-paragraph\">A vitamina D atua como um horm\u00f4nio no organismo e \u00e9 respons\u00e1vel por permitir que o c\u00e1lcio consumido nos alimentos seja absorvido pelo intestino e chegue de fato aos ossos. Sem ela em quantidade suficiente, apenas uma pequena parcela do c\u00e1lcio ingerido \u00e9 aproveitada, e o organismo passa a retirar o mineral dos pr\u00f3prios ossos para manter fun\u00e7\u00f5es vitais.<\/p>\n\n\n\n<p class=\"wp-block-paragraph\">De acordo com a Sociedade Brasileira de Endocrinologia e Metabologia, a defici\u00eancia cr\u00f4nica de vitamina D compromete a mineraliza\u00e7\u00e3o \u00f3ssea e favorece o desenvolvimento da osteoporose, especialmente em mulheres ap\u00f3s a menopausa e em idosos com pouca exposi\u00e7\u00e3o solar.<\/p>\n\n\n\n<h2 class=\"wp-block-heading\">Como a osteoporose se instala silenciosamente?<\/h2>\n\n\n\n<p class=\"wp-block-paragraph\">A perda de massa \u00f3ssea acontece de forma progressiva e sem sintomas evidentes, o que faz muitas pessoas descobrirem a doen\u00e7a apenas depois de uma fratura. Segundo a Sociedade Brasileira de Reumatologia, essa fragilidade avan\u00e7a mais rapidamente nos primeiros anos ap\u00f3s a menopausa, devido \u00e0 queda do estrog\u00eanio, horm\u00f4nio protetor do tecido \u00f3sseo.<\/p>\n\n\n\n<p class=\"wp-block-paragraph\">Nos homens idosos, a osteoporose costuma surgir mais tarde e est\u00e1 frequentemente associada \u00e0 baixa exposi\u00e7\u00e3o solar, ao sedentarismo e a doen\u00e7as cr\u00f4nicas. Reconhecer os primeiros <a href=\"https:\/\/www.tuasaude.com\/sintomas-de-osteoporose\/\" target=\"_blank\" rel=\"noreferrer noopener\">sintomas de osteoporose<\/a>, como dor lombar, diminui\u00e7\u00e3o da altura e postura curvada, \u00e9 fundamental para agir cedo.<\/p>\n\n\n<div class=\"wp-block-image\">\n<figure class=\"aligncenter size-large\"><img decoding=\"async\" width=\"1024\" height=\"571\" src=\"https:\/\/www.tuasaude.com\/news\/wp-content\/uploads\/2026\/08\/OSSOS_FORTES_VITAMINA_D_CALCIO_202608260139-1024x571.jpg\" alt=\"Quatro pilares ajudam a proteger os ossos contra osteoporose e perda de massa \u00f3ssea.\" class=\"wp-image-103084\" srcset=\"https:\/\/www.tuasaude.com\/news\/wp-content\/uploads\/2026\/08\/OSSOS_FORTES_VITAMINA_D_CALCIO_202608260139-1024x571.jpg 1024w, https:\/\/www.tuasaude.com\/news\/wp-content\/uploads\/2026\/08\/OSSOS_FORTES_VITAMINA_D_CALCIO_202608260139-300x167.jpg 300w, https:\/\/www.tuasaude.com\/news\/wp-content\/uploads\/2026\/08\/OSSOS_FORTES_VITAMINA_D_CALCIO_202608260139-768x428.jpg 768w, https:\/\/www.tuasaude.com\/news\/wp-content\/uploads\/2026\/08\/OSSOS_FORTES_VITAMINA_D_CALCIO_202608260139-750x418.jpg 750w, https:\/\/www.tuasaude.com\/news\/wp-content\/uploads\/2026\/08\/OSSOS_FORTES_VITAMINA_D_CALCIO_202608260139-1140x636.jpg 1140w, https:\/\/www.tuasaude.com\/news\/wp-content\/uploads\/2026\/08\/OSSOS_FORTES_VITAMINA_D_CALCIO_202608260139.jpg 1280w\" sizes=\"(max-width: 1024px) 100vw, 1024px\" \/><figcaption class=\"wp-element-caption\">Quatro pilares ajudam a proteger os ossos contra osteoporose e perda de massa \u00f3ssea.<\/figcaption><\/figure>\n<\/div>\n\n\n<h2 class=\"wp-block-heading\">Quais fatores aumentam o risco de defici\u00eancia de vitamina D?<\/h2>\n\n\n\n<p class=\"wp-block-paragraph\">Alguns h\u00e1bitos e caracter\u00edsticas pessoais explicam por que tantas pessoas convivem com n\u00edveis baixos dessa vitamina, mesmo em pa\u00edses ensolarados. Confira os principais:<\/p>\n\n\n\n<ul class=\"wp-block-list\">\n<li><strong>Baixa exposi\u00e7\u00e3o solar:<\/strong> trabalho em ambientes fechados e uso constante de protetor solar reduzem a produ\u00e7\u00e3o natural da vitamina.<\/li>\n\n\n\n<li><strong>Idade avan\u00e7ada:<\/strong> a pele perde efici\u00eancia na s\u00edntese de vitamina D a partir dos 60 anos.<\/li>\n\n\n\n<li><strong>Menopausa:<\/strong> a queda hormonal aumenta a perda \u00f3ssea e a demanda pelo nutriente.<\/li>\n\n\n\n<li><strong>Obesidade:<\/strong> a vitamina D fica retida no tecido adiposo e menos dispon\u00edvel para o organismo.<\/li>\n\n\n\n<li><strong>Dieta pobre em fontes:<\/strong> pouco consumo de peixes gordurosos, ovos e latic\u00ednios fortificados.<\/li>\n\n\n\n<li><strong>Doen\u00e7as intestinais:<\/strong> condi\u00e7\u00f5es como doen\u00e7a cel\u00edaca e cirurgia bari\u00e1trica prejudicam a absor\u00e7\u00e3o.<\/li>\n<\/ul>\n\n\n\n<h2 class=\"wp-block-heading\">O que uma revis\u00e3o cient\u00edfica confirma sobre c\u00e1lcio e vitamina D?<\/h2>\n\n\n\n<p class=\"wp-block-paragraph\">A ci\u00eancia \u00e9 clara ao mostrar que os dois nutrientes agem em conjunto na prote\u00e7\u00e3o dos ossos. Segundo a revis\u00e3o sistem\u00e1tica e meta-an\u00e1lise <a href=\"https:\/\/pubmed.ncbi.nlm.nih.gov\/31860103\/\" target=\"_blank\" rel=\"noreferrer noopener\">Vitamin D and Calcium for the Prevention of Fracture<\/a>, publicada em dezembro de 2019 no peri\u00f3dico JAMA Network Open e indexada no PubMed, a suplementa\u00e7\u00e3o isolada de vitamina D n\u00e3o reduziu o risco de fraturas em adultos.<\/p>\n\n\n\n<p class=\"wp-block-paragraph\">Por outro lado, a combina\u00e7\u00e3o de vitamina D com c\u00e1lcio, em doses di\u00e1rias adequadas, foi associada a uma redu\u00e7\u00e3o de 16% no risco de fraturas de quadril, refor\u00e7ando que os dois nutrientes precisam atuar juntos para manter a densidade \u00f3ssea e prevenir complica\u00e7\u00f5es t\u00edpicas da osteoporose.<\/p>\n\n\n<div class=\"wp-block-image\">\n<figure class=\"aligncenter size-large\"><img decoding=\"async\" width=\"1024\" height=\"571\" src=\"https:\/\/www.tuasaude.com\/news\/wp-content\/uploads\/2026\/08\/Man_exercising_with_resistance_b\u2026_202608260139-1024x571.jpg\" alt=\"Vitamina D e c\u00e1lcio trabalham juntos para preservar a for\u00e7a \u00f3ssea e prevenir fraturas.\" class=\"wp-image-103085\" srcset=\"https:\/\/www.tuasaude.com\/news\/wp-content\/uploads\/2026\/08\/Man_exercising_with_resistance_b\u2026_202608260139-1024x571.jpg 1024w, https:\/\/www.tuasaude.com\/news\/wp-content\/uploads\/2026\/08\/Man_exercising_with_resistance_b\u2026_202608260139-300x167.jpg 300w, https:\/\/www.tuasaude.com\/news\/wp-content\/uploads\/2026\/08\/Man_exercising_with_resistance_b\u2026_202608260139-768x428.jpg 768w, https:\/\/www.tuasaude.com\/news\/wp-content\/uploads\/2026\/08\/Man_exercising_with_resistance_b\u2026_202608260139-750x418.jpg 750w, https:\/\/www.tuasaude.com\/news\/wp-content\/uploads\/2026\/08\/Man_exercising_with_resistance_b\u2026_202608260139-1140x636.jpg 1140w, https:\/\/www.tuasaude.com\/news\/wp-content\/uploads\/2026\/08\/Man_exercising_with_resistance_b\u2026_202608260139.jpg 1280w\" sizes=\"(max-width: 1024px) 100vw, 1024px\" \/><figcaption class=\"wp-element-caption\">Vitamina D e c\u00e1lcio trabalham juntos para preservar a for\u00e7a \u00f3ssea e prevenir fraturas.<\/figcaption><\/figure>\n<\/div>\n\n\n<h2 class=\"wp-block-heading\">Quais cuidados adotar para prevenir a osteoporose com seguran\u00e7a?<\/h2>\n\n\n\n<p class=\"wp-block-paragraph\">A preven\u00e7\u00e3o envolve alimenta\u00e7\u00e3o equilibrada, exposi\u00e7\u00e3o solar consciente e acompanhamento m\u00e9dico regular. Veja as principais recomenda\u00e7\u00f5es:<\/p>\n\n\n\n<ol class=\"wp-block-list\">\n<li><strong>Fa\u00e7a a dosagem laboratorial antes de suplementar:<\/strong> o exame de 25-hidroxivitamina D \u00e9 o padr\u00e3o para avaliar os n\u00edveis e evitar suplementa\u00e7\u00e3o desnecess\u00e1ria ou excessiva.<\/li>\n\n\n\n<li><strong>Tome sol com modera\u00e7\u00e3o:<\/strong> exponha bra\u00e7os e pernas por 15 a 20 minutos, algumas vezes por semana, preferencialmente antes das 10h ou ap\u00f3s as 16h.<\/li>\n\n\n\n<li><strong>Aumente o consumo de <a href=\"https:\/\/www.tuasaude.com\/calcio\/\" target=\"_blank\" rel=\"noreferrer noopener\">c\u00e1lcio na alimenta\u00e7\u00e3o<\/a>:<\/strong> inclua leite, iogurte, sardinha com espinhas, br\u00f3colis e sementes de gergelim.<\/li>\n\n\n\n<li><strong>Consuma fontes de vitamina D:<\/strong> salm\u00e3o, gema de ovo, cogumelos e latic\u00ednios fortificados s\u00e3o boas op\u00e7\u00f5es.<\/li>\n\n\n\n<li><strong>Pratique exerc\u00edcios com impacto e for\u00e7a:<\/strong> caminhada, muscula\u00e7\u00e3o e dan\u00e7a estimulam a forma\u00e7\u00e3o \u00f3ssea.<\/li>\n\n\n\n<li><strong>Evite cigarro e excesso de \u00e1lcool:<\/strong> ambos aceleram a perda de massa \u00f3ssea ao longo dos anos.<\/li>\n\n\n\n<li><strong>Nunca suplemente por conta pr\u00f3pria:<\/strong> doses altas de vitamina D podem causar toxicidade e prejudicar rins e cora\u00e7\u00e3o.<\/li>\n<\/ol>\n\n\n\n<p class=\"wp-block-paragraph\"><em>Este conte\u00fado tem car\u00e1ter apenas informativo e n\u00e3o substitui a avalia\u00e7\u00e3o, o diagn\u00f3stico ou o tratamento realizados por um profissional de sa\u00fade qualificado. Consulte sempre um m\u00e9dico antes de iniciar qualquer suplementa\u00e7\u00e3o ou mudan\u00e7a no estilo de vida.<\/em><\/p>\n\n\n\n<p class=\"wp-block-paragraph\"><\/p>\n","protected":false},"excerpt":{"rendered":"<p>A osteoporose, doen\u00e7a silenciosa que enfraquece os ossos e aumenta o risco de fraturas em mulheres na p\u00f3s-menopausa e idosos, n\u00e3o \u00e9 causada apenas pela falta de c\u00e1lcio. A vitamina D tem papel decisivo, pois \u00e9 ela que garante a absor\u00e7\u00e3o intestinal do mineral e sua fixa\u00e7\u00e3o na estrutura \u00f3ssea. Sem n\u00edveis adequados dessa vitamina, [&hellip;]<\/p>\n","protected":false},"author":16,"featured_media":103083,"comment_status":"open","ping_status":"open","sticky":false,"template":"","format":"standard","meta":{"_yoast_wpseo_focuskw":"vitamina D e osteoporose","_yoast_wpseo_title":"","_yoast_wpseo_metadesc":"A vitamina D ajuda o organismo a absorver c\u00e1lcio e proteger os ossos. Entenda como os dois nutrientes atuam juntos na preven\u00e7\u00e3o de fraturas.","jnews-multi-image_gallery":[],"jnews_single_post":{"format":"standard"},"jnews_primary_category":[],"jnews_social_meta":[],"jnews_override_counter":[],"footnotes":""},"categories":[111],"tags":[3734,1271,3349,12283,1078,136],"class_list":["post-103082","post","type-post","status-publish","format-standard","has-post-thumbnail","hentry","category-saude","tag-calcio-nos-ossos","tag-deficiencia-de-vitamina-d","tag-falta-de-calcio","tag-mulheres-e-idosos","tag-osteoporose","tag-saude"],"yoast_head":"<!-- This site is optimized with the Yoast SEO plugin v26.7 - https:\/\/yoast.com\/wordpress\/plugins\/seo\/ -->\n<title>A osteoporose em mulheres e idosos n\u00e3o decorre s\u00f3 da falta de c\u00e1lcio, mas tamb\u00e9m da defici\u00eancia de vitamina D, que permite a fixa\u00e7\u00e3o do c\u00e1lcio nos ossos - Tua Sa\u00fade<\/title>\n<meta name=\"description\" content=\"A vitamina D ajuda o organismo a absorver c\u00e1lcio e proteger os ossos. Entenda como os dois nutrientes atuam juntos na preven\u00e7\u00e3o de fraturas.\" \/>\n<meta name=\"robots\" content=\"index, follow, max-snippet:-1, max-image-preview:large, max-video-preview:-1\" \/>\n<link rel=\"canonical\" href=\"https:\/\/www.tuasaude.com\/news\/2026\/08\/31\/a-osteoporose-em-mulheres-e-idosos-nao-decorre-so-da-falta-de-calcio-mas-tambem-da-deficiencia-de-vitamina-d-que-permite-a-fixacao-do-calcio-nos-ossos\/\" \/>\n<meta property=\"og:locale\" content=\"pt_BR\" \/>\n<meta property=\"og:type\" content=\"article\" \/>\n<meta property=\"og:title\" content=\"A osteoporose em mulheres e idosos n\u00e3o decorre s\u00f3 da falta de c\u00e1lcio, mas tamb\u00e9m da defici\u00eancia de vitamina D, que permite a fixa\u00e7\u00e3o do c\u00e1lcio nos ossos - Tua Sa\u00fade\" \/>\n<meta property=\"og:description\" content=\"A vitamina D ajuda o organismo a absorver c\u00e1lcio e proteger os ossos. Entenda como os dois nutrientes atuam juntos na preven\u00e7\u00e3o de fraturas.\" \/>\n<meta property=\"og:url\" content=\"https:\/\/www.tuasaude.com\/news\/2026\/08\/31\/a-osteoporose-em-mulheres-e-idosos-nao-decorre-so-da-falta-de-calcio-mas-tambem-da-deficiencia-de-vitamina-d-que-permite-a-fixacao-do-calcio-nos-ossos\/\" \/>\n<meta property=\"og:site_name\" content=\"Tua Sa\u00fade\" \/>\n<meta property=\"article:published_time\" content=\"2026-08-31T10:10:00+00:00\" \/>\n<meta property=\"og:image\" content=\"https:\/\/www.tuasaude.com\/news\/wp-content\/uploads\/2026\/08\/Woman_holding_milk_beside_bone_202608260139.jpg\" \/>\n\t<meta property=\"og:image:width\" content=\"1280\" \/>\n\t<meta property=\"og:image:height\" content=\"714\" \/>\n\t<meta property=\"og:image:type\" content=\"image\/jpeg\" \/>\n<meta name=\"author\" content=\"Maycon Geovane\" \/>\n<meta name=\"twitter:card\" content=\"summary_large_image\" \/>\n<meta name=\"twitter:label1\" content=\"Escrito por\" \/>\n\t<meta name=\"twitter:data1\" content=\"Maycon Geovane\" \/>\n\t<meta name=\"twitter:label2\" content=\"Est. tempo de leitura\" \/>\n\t<meta name=\"twitter:data2\" content=\"5 minutos\" \/>\n<!-- \/ Yoast SEO plugin. -->","yoast_head_json":{"title":"A osteoporose em mulheres e idosos n\u00e3o decorre s\u00f3 da falta de c\u00e1lcio, mas tamb\u00e9m da defici\u00eancia de vitamina D, que permite a fixa\u00e7\u00e3o do c\u00e1lcio nos ossos - Tua Sa\u00fade","description":"A vitamina D ajuda o organismo a absorver c\u00e1lcio e proteger os ossos. Entenda como os dois nutrientes atuam juntos na preven\u00e7\u00e3o de fraturas.","robots":{"index":"index","follow":"follow","max-snippet":"max-snippet:-1","max-image-preview":"max-image-preview:large","max-video-preview":"max-video-preview:-1"},"canonical":"https:\/\/www.tuasaude.com\/news\/2026\/08\/31\/a-osteoporose-em-mulheres-e-idosos-nao-decorre-so-da-falta-de-calcio-mas-tambem-da-deficiencia-de-vitamina-d-que-permite-a-fixacao-do-calcio-nos-ossos\/","og_locale":"pt_BR","og_type":"article","og_title":"A osteoporose em mulheres e idosos n\u00e3o decorre s\u00f3 da falta de c\u00e1lcio, mas tamb\u00e9m da defici\u00eancia de vitamina D, que permite a fixa\u00e7\u00e3o do c\u00e1lcio nos ossos - Tua Sa\u00fade","og_description":"A vitamina D ajuda o organismo a absorver c\u00e1lcio e proteger os ossos. Entenda como os dois nutrientes atuam juntos na preven\u00e7\u00e3o de fraturas.","og_url":"https:\/\/www.tuasaude.com\/news\/2026\/08\/31\/a-osteoporose-em-mulheres-e-idosos-nao-decorre-so-da-falta-de-calcio-mas-tambem-da-deficiencia-de-vitamina-d-que-permite-a-fixacao-do-calcio-nos-ossos\/","og_site_name":"Tua Sa\u00fade","article_published_time":"2026-08-31T10:10:00+00:00","og_image":[{"width":1280,"height":714,"url":"https:\/\/www.tuasaude.com\/news\/wp-content\/uploads\/2026\/08\/Woman_holding_milk_beside_bone_202608260139.jpg","type":"image\/jpeg"}],"author":"Maycon Geovane","twitter_card":"summary_large_image","twitter_misc":{"Escrito por":"Maycon Geovane","Est. tempo de leitura":"5 minutos"},"schema":{"@context":"https:\/\/schema.org","@graph":[{"@type":"Article","@id":"https:\/\/www.tuasaude.com\/news\/2026\/08\/31\/a-osteoporose-em-mulheres-e-idosos-nao-decorre-so-da-falta-de-calcio-mas-tambem-da-deficiencia-de-vitamina-d-que-permite-a-fixacao-do-calcio-nos-ossos\/#article","isPartOf":{"@id":"https:\/\/www.tuasaude.com\/news\/2026\/08\/31\/a-osteoporose-em-mulheres-e-idosos-nao-decorre-so-da-falta-de-calcio-mas-tambem-da-deficiencia-de-vitamina-d-que-permite-a-fixacao-do-calcio-nos-ossos\/"},"author":{"name":"Maycon Geovane","@id":"https:\/\/www.tuasaude.com\/news\/#\/schema\/person\/da63bccfbda5c95cfbf2d37c4276fca0"},"headline":"A osteoporose em mulheres e idosos n\u00e3o decorre s\u00f3 da falta de c\u00e1lcio, mas tamb\u00e9m da defici\u00eancia de vitamina D, que permite a fixa\u00e7\u00e3o do c\u00e1lcio nos ossos","datePublished":"2026-08-31T10:10:00+00:00","mainEntityOfPage":{"@id":"https:\/\/www.tuasaude.com\/news\/2026\/08\/31\/a-osteoporose-em-mulheres-e-idosos-nao-decorre-so-da-falta-de-calcio-mas-tambem-da-deficiencia-de-vitamina-d-que-permite-a-fixacao-do-calcio-nos-ossos\/"},"wordCount":888,"commentCount":0,"image":{"@id":"https:\/\/www.tuasaude.com\/news\/2026\/08\/31\/a-osteoporose-em-mulheres-e-idosos-nao-decorre-so-da-falta-de-calcio-mas-tambem-da-deficiencia-de-vitamina-d-que-permite-a-fixacao-do-calcio-nos-ossos\/#primaryimage"},"thumbnailUrl":"https:\/\/www.tuasaude.com\/news\/wp-content\/uploads\/2026\/08\/Woman_holding_milk_beside_bone_202608260139.jpg","keywords":["c\u00e1lcio nos ossos","defici\u00eancia de vitamina D","falta de c\u00e1lcio","mulheres e idosos","osteoporose","sa\u00fade"],"articleSection":["Sa\u00fade"],"inLanguage":"pt-BR","potentialAction":[{"@type":"CommentAction","name":"Comment","target":["https:\/\/www.tuasaude.com\/news\/2026\/08\/31\/a-osteoporose-em-mulheres-e-idosos-nao-decorre-so-da-falta-de-calcio-mas-tambem-da-deficiencia-de-vitamina-d-que-permite-a-fixacao-do-calcio-nos-ossos\/#respond"]}]},{"@type":"WebPage","@id":"https:\/\/www.tuasaude.com\/news\/2026\/08\/31\/a-osteoporose-em-mulheres-e-idosos-nao-decorre-so-da-falta-de-calcio-mas-tambem-da-deficiencia-de-vitamina-d-que-permite-a-fixacao-do-calcio-nos-ossos\/","url":"https:\/\/www.tuasaude.com\/news\/2026\/08\/31\/a-osteoporose-em-mulheres-e-idosos-nao-decorre-so-da-falta-de-calcio-mas-tambem-da-deficiencia-de-vitamina-d-que-permite-a-fixacao-do-calcio-nos-ossos\/","name":"A osteoporose em mulheres e idosos n\u00e3o decorre s\u00f3 da falta de c\u00e1lcio, mas tamb\u00e9m da defici\u00eancia de vitamina D, que permite a fixa\u00e7\u00e3o do c\u00e1lcio nos ossos - Tua Sa\u00fade","isPartOf":{"@id":"https:\/\/www.tuasaude.com\/news\/#website"},"primaryImageOfPage":{"@id":"https:\/\/www.tuasaude.com\/news\/2026\/08\/31\/a-osteoporose-em-mulheres-e-idosos-nao-decorre-so-da-falta-de-calcio-mas-tambem-da-deficiencia-de-vitamina-d-que-permite-a-fixacao-do-calcio-nos-ossos\/#primaryimage"},"image":{"@id":"https:\/\/www.tuasaude.com\/news\/2026\/08\/31\/a-osteoporose-em-mulheres-e-idosos-nao-decorre-so-da-falta-de-calcio-mas-tambem-da-deficiencia-de-vitamina-d-que-permite-a-fixacao-do-calcio-nos-ossos\/#primaryimage"},"thumbnailUrl":"https:\/\/www.tuasaude.com\/news\/wp-content\/uploads\/2026\/08\/Woman_holding_milk_beside_bone_202608260139.jpg","datePublished":"2026-08-31T10:10:00+00:00","author":{"@id":"https:\/\/www.tuasaude.com\/news\/#\/schema\/person\/da63bccfbda5c95cfbf2d37c4276fca0"},"description":"A vitamina D ajuda o organismo a absorver c\u00e1lcio e proteger os ossos. Entenda como os dois nutrientes atuam juntos na preven\u00e7\u00e3o de fraturas.","breadcrumb":{"@id":"https:\/\/www.tuasaude.com\/news\/2026\/08\/31\/a-osteoporose-em-mulheres-e-idosos-nao-decorre-so-da-falta-de-calcio-mas-tambem-da-deficiencia-de-vitamina-d-que-permite-a-fixacao-do-calcio-nos-ossos\/#breadcrumb"},"inLanguage":"pt-BR","potentialAction":[{"@type":"ReadAction","target":["https:\/\/www.tuasaude.com\/news\/2026\/08\/31\/a-osteoporose-em-mulheres-e-idosos-nao-decorre-so-da-falta-de-calcio-mas-tambem-da-deficiencia-de-vitamina-d-que-permite-a-fixacao-do-calcio-nos-ossos\/"]}]},{"@type":"ImageObject","inLanguage":"pt-BR","@id":"https:\/\/www.tuasaude.com\/news\/2026\/08\/31\/a-osteoporose-em-mulheres-e-idosos-nao-decorre-so-da-falta-de-calcio-mas-tambem-da-deficiencia-de-vitamina-d-que-permite-a-fixacao-do-calcio-nos-ossos\/#primaryimage","url":"https:\/\/www.tuasaude.com\/news\/wp-content\/uploads\/2026\/08\/Woman_holding_milk_beside_bone_202608260139.jpg","contentUrl":"https:\/\/www.tuasaude.com\/news\/wp-content\/uploads\/2026\/08\/Woman_holding_milk_beside_bone_202608260139.jpg","width":1280,"height":714,"caption":"A osteoporose em mulheres e idosos n\u00e3o decorre s\u00f3 da falta de c\u00e1lcio, mas tamb\u00e9m da defici\u00eancia de vitamina D, que permite a fixa\u00e7\u00e3o do c\u00e1lcio nos ossos"},{"@type":"BreadcrumbList","@id":"https:\/\/www.tuasaude.com\/news\/2026\/08\/31\/a-osteoporose-em-mulheres-e-idosos-nao-decorre-so-da-falta-de-calcio-mas-tambem-da-deficiencia-de-vitamina-d-que-permite-a-fixacao-do-calcio-nos-ossos\/#breadcrumb","itemListElement":[{"@type":"ListItem","position":1,"name":"In\u00edcio","item":"https:\/\/www.tuasaude.com\/news\/"},{"@type":"ListItem","position":2,"name":"A osteoporose em mulheres e idosos n\u00e3o decorre s\u00f3 da falta de c\u00e1lcio, mas tamb\u00e9m da defici\u00eancia de vitamina D, que permite a fixa\u00e7\u00e3o do c\u00e1lcio nos ossos"}]},{"@type":"WebSite","@id":"https:\/\/www.tuasaude.com\/news\/#website","url":"https:\/\/www.tuasaude.com\/news\/","name":"Tua Sa\u00fade","description":"Seu site de sa\u00fade","potentialAction":[{"@type":"SearchAction","target":{"@type":"EntryPoint","urlTemplate":"https:\/\/www.tuasaude.com\/news\/?s={search_term_string}"},"query-input":{"@type":"PropertyValueSpecification","valueRequired":true,"valueName":"search_term_string"}}],"inLanguage":"pt-BR"},{"@type":"Person","@id":"https:\/\/www.tuasaude.com\/news\/#\/schema\/person\/da63bccfbda5c95cfbf2d37c4276fca0","name":"Maycon Geovane","image":{"@type":"ImageObject","inLanguage":"pt-BR","@id":"https:\/\/www.tuasaude.com\/news\/#\/schema\/person\/image\/","url":"https:\/\/secure.gravatar.com\/avatar\/4f4908cf0a2f249a9f1137f9d5769cacc373d9aee67910cc212a09a346873b7d?s=96&d=mm&r=g","contentUrl":"https:\/\/secure.gravatar.com\/avatar\/4f4908cf0a2f249a9f1137f9d5769cacc373d9aee67910cc212a09a346873b7d?s=96&d=mm&r=g","caption":"Maycon Geovane"},"sameAs":["https:\/\/www.tuasaude.com\/news\/"],"url":"https:\/\/www.tuasaude.com\/news\/author\/maycongeovane\/"}]}},"_links":{"self":[{"href":"https:\/\/www.tuasaude.com\/news\/wp-json\/wp\/v2\/posts\/103082","targetHints":{"allow":["GET"]}}],"collection":[{"href":"https:\/\/www.tuasaude.com\/news\/wp-json\/wp\/v2\/posts"}],"about":[{"href":"https:\/\/www.tuasaude.com\/news\/wp-json\/wp\/v2\/types\/post"}],"author":[{"embeddable":true,"href":"https:\/\/www.tuasaude.com\/news\/wp-json\/wp\/v2\/users\/16"}],"replies":[{"embeddable":true,"href":"https:\/\/www.tuasaude.com\/news\/wp-json\/wp\/v2\/comments?post=103082"}],"version-history":[{"count":1,"href":"https:\/\/www.tuasaude.com\/news\/wp-json\/wp\/v2\/posts\/103082\/revisions"}],"predecessor-version":[{"id":103086,"href":"https:\/\/www.tuasaude.com\/news\/wp-json\/wp\/v2\/posts\/103082\/revisions\/103086"}],"wp:featuredmedia":[{"embeddable":true,"href":"https:\/\/www.tuasaude.com\/news\/wp-json\/wp\/v2\/media\/103083"}],"wp:attachment":[{"href":"https:\/\/www.tuasaude.com\/news\/wp-json\/wp\/v2\/media?parent=103082"}],"wp:term":[{"taxonomy":"category","embeddable":true,"href":"https:\/\/www.tuasaude.com\/news\/wp-json\/wp\/v2\/categories?post=103082"},{"taxonomy":"post_tag","embeddable":true,"href":"https:\/\/www.tuasaude.com\/news\/wp-json\/wp\/v2\/tags?post=103082"}],"curies":[{"name":"wp","href":"https:\/\/api.w.org\/{rel}","templated":true}]}}