{"id":102995,"date":"2026-08-31T07:00:00","date_gmt":"2026-08-31T10:00:00","guid":{"rendered":"https:\/\/www.tuasaude.com\/news\/?p=102995"},"modified":"2026-08-25T22:30:23","modified_gmt":"2026-08-26T01:30:23","slug":"bronquite-e-asma-nas-vias-respiratorias-produzem-sintomas-diferentes-e-demandam-manejos-distintos","status":"publish","type":"post","link":"https:\/\/www.tuasaude.com\/news\/2026\/08\/31\/bronquite-e-asma-nas-vias-respiratorias-produzem-sintomas-diferentes-e-demandam-manejos-distintos\/","title":{"rendered":"Bronquite e asma nas vias respirat\u00f3rias produzem sintomas diferentes e demandam manejos distintos"},"content":{"rendered":"\n<p class=\"wp-block-paragraph\">Embora bronquite e asma afetem as vias respirat\u00f3rias e provoquem sinais parecidos, como tosse e falta de ar, s\u00e3o doen\u00e7as distintas em causa, evolu\u00e7\u00e3o e tratamento. A asma \u00e9 uma condi\u00e7\u00e3o inflamat\u00f3ria cr\u00f4nica com estreitamento revers\u00edvel dos br\u00f4nquios, enquanto a bronquite pode ser aguda, geralmente causada por v\u00edrus, ou cr\u00f4nica, fortemente associada ao tabagismo. Entender essas diferen\u00e7as \u00e9 o primeiro passo para procurar o cuidado certo e evitar o uso indevido de medicamentos, como a famosa bombinha.<\/p>\n\n\n\n<h2 class=\"wp-block-heading\">O que \u00e9 asma e como ela se manifesta?<\/h2>\n\n\n\n<p class=\"wp-block-paragraph\">A asma \u00e9 uma doen\u00e7a inflamat\u00f3ria cr\u00f4nica dos br\u00f4nquios que provoca broncoconstri\u00e7\u00e3o revers\u00edvel, ou seja, um estreitamento tempor\u00e1rio das vias a\u00e9reas quando expostas a gatilhos como poeira, \u00e1caros, p\u00f3len, mudan\u00e7as bruscas de temperatura ou infec\u00e7\u00f5es virais. Segundo a Sociedade Brasileira de Pneumologia e Tisiologia, o quadro costuma cursar com crises epis\u00f3dicas de chiado no peito, tosse seca e sensa\u00e7\u00e3o de aperto tor\u00e1cico.<\/p>\n\n\n\n<p class=\"wp-block-paragraph\">Entre as crises, o paciente pode se sentir bem e levar vida normal, mas a inflama\u00e7\u00e3o permanece nas vias a\u00e9reas e exige acompanhamento cont\u00ednuo. Reconhecer os primeiros <a href=\"https:\/\/www.tuasaude.com\/asma\/\" target=\"_blank\" rel=\"noreferrer noopener\">sintomas da asma<\/a> ajuda no diagn\u00f3stico precoce e evita crises graves.<\/p>\n\n\n\n<h2 class=\"wp-block-heading\">O que \u00e9 bronquite e quais s\u00e3o seus tipos?<\/h2>\n\n\n\n<p class=\"wp-block-paragraph\">A bronquite \u00e9 uma inflama\u00e7\u00e3o dos br\u00f4nquios que pode ter dois formatos bem diferentes. A bronquite aguda tem origem geralmente infecciosa, provocada por v\u00edrus respirat\u00f3rios, e se resolve em algumas semanas com sintomas como tosse com catarro, desconforto no peito e mal-estar leve.<\/p>\n\n\n\n<p class=\"wp-block-paragraph\">J\u00e1 a <a href=\"https:\/\/www.tuasaude.com\/bronquite-cronica\/\" target=\"_blank\" rel=\"noreferrer noopener\">bronquite cr\u00f4nica<\/a> \u00e9 uma doen\u00e7a progressiva, ligada principalmente ao tabagismo e integrante do grupo da doen\u00e7a pulmonar obstrutiva cr\u00f4nica. Ela se caracteriza por tosse produtiva persistente por pelo menos tr\u00eas meses ao ano, em dois anos consecutivos, com piora gradual da capacidade respirat\u00f3ria.<\/p>\n\n\n<div class=\"wp-block-image\">\n<figure class=\"aligncenter size-large\"><img decoding=\"async\" width=\"1024\" height=\"571\" src=\"https:\/\/www.tuasaude.com\/news\/wp-content\/uploads\/2026\/08\/Asthma_and_bronchitis_medical_in\u2026_202608252227-1024x571.jpg\" alt=\"Asma envolve broncoconstri\u00e7\u00e3o revers\u00edvel; bronquite pode envolver infec\u00e7\u00e3o, muco ou doen\u00e7a cr\u00f4nica.\" class=\"wp-image-102997\" srcset=\"https:\/\/www.tuasaude.com\/news\/wp-content\/uploads\/2026\/08\/Asthma_and_bronchitis_medical_in\u2026_202608252227-1024x571.jpg 1024w, https:\/\/www.tuasaude.com\/news\/wp-content\/uploads\/2026\/08\/Asthma_and_bronchitis_medical_in\u2026_202608252227-300x167.jpg 300w, https:\/\/www.tuasaude.com\/news\/wp-content\/uploads\/2026\/08\/Asthma_and_bronchitis_medical_in\u2026_202608252227-768x428.jpg 768w, https:\/\/www.tuasaude.com\/news\/wp-content\/uploads\/2026\/08\/Asthma_and_bronchitis_medical_in\u2026_202608252227-750x418.jpg 750w, https:\/\/www.tuasaude.com\/news\/wp-content\/uploads\/2026\/08\/Asthma_and_bronchitis_medical_in\u2026_202608252227-1140x636.jpg 1140w, https:\/\/www.tuasaude.com\/news\/wp-content\/uploads\/2026\/08\/Asthma_and_bronchitis_medical_in\u2026_202608252227.jpg 1280w\" sizes=\"(max-width: 1024px) 100vw, 1024px\" \/><figcaption class=\"wp-element-caption\">Asma envolve broncoconstri\u00e7\u00e3o revers\u00edvel; bronquite pode envolver infec\u00e7\u00e3o, muco ou doen\u00e7a cr\u00f4nica.<\/figcaption><\/figure>\n<\/div>\n\n\n<h2 class=\"wp-block-heading\">Quais sintomas ajudam a diferenciar as duas doen\u00e7as?<\/h2>\n\n\n\n<p class=\"wp-block-paragraph\">Apesar de compartilharem manifesta\u00e7\u00f5es, cada condi\u00e7\u00e3o tem particularidades que orientam a suspeita cl\u00ednica. Veja as principais diferen\u00e7as:<\/p>\n\n\n\n<ul class=\"wp-block-list\">\n<li><strong>Asma:<\/strong> crises epis\u00f3dicas de chiado, tosse predominantemente seca, falta de ar revers\u00edvel e forte liga\u00e7\u00e3o com alergias.<\/li>\n\n\n\n<li><strong>Bronquite aguda:<\/strong> tosse com catarro claro ou amarelado, dura\u00e7\u00e3o de 2 a 3 semanas, muitas vezes precedida de resfriado ou gripe.<\/li>\n\n\n\n<li><strong>Bronquite cr\u00f4nica:<\/strong> tosse produtiva persistente, cansa\u00e7o progressivo, hist\u00f3rico de tabagismo e piora ao longo dos anos.<\/li>\n\n\n\n<li><strong>Sintomas comuns:<\/strong> falta de ar, aperto no peito e desconforto respirat\u00f3rio, o que refor\u00e7a a necessidade de avalia\u00e7\u00e3o m\u00e9dica.<\/li>\n<\/ul>\n\n\n\n<h2 class=\"wp-block-heading\">Como uma revis\u00e3o cient\u00edfica confirma essas diferen\u00e7as?<\/h2>\n\n\n\n<p class=\"wp-block-paragraph\">A distin\u00e7\u00e3o correta entre essas condi\u00e7\u00f5es tem base s\u00f3lida na literatura m\u00e9dica. De acordo com a revis\u00e3o baseada em evid\u00eancias <a href=\"https:\/\/pubmed.ncbi.nlm.nih.gov\/40106287\/\" target=\"_blank\" rel=\"noreferrer noopener\">Acute Bronchitis Rapid Evidence Review<\/a>, publicada em mar\u00e7o de 2025 no peri\u00f3dico American Family Physician e indexada no PubMed, o diagn\u00f3stico diferencial da bronquite aguda deve considerar asma, DPOC e outras causas de tosse persistente, como pneumonia e coqueluche.<\/p>\n\n\n\n<p class=\"wp-block-paragraph\">A revis\u00e3o tamb\u00e9m destaca que antibi\u00f3ticos, corticoides e broncodilatadores n\u00e3o s\u00e3o recomendados de rotina para bronquite aguda, refor\u00e7ando por que o tratamento t\u00edpico da asma n\u00e3o se aplica a esse quadro e por que a avalia\u00e7\u00e3o cl\u00ednica \u00e9 essencial.<\/p>\n\n\n<div class=\"wp-block-image\">\n<figure class=\"aligncenter size-large\"><img decoding=\"async\" width=\"1024\" height=\"571\" src=\"https:\/\/www.tuasaude.com\/news\/wp-content\/uploads\/2026\/08\/Woman_experiencing_mild_breathin\u2026_202608252227-1024x571.jpg\" alt=\"Chiado epis\u00f3dico e tosse com catarro podem apontar para condi\u00e7\u00f5es respirat\u00f3rias distintas.\" class=\"wp-image-102998\" srcset=\"https:\/\/www.tuasaude.com\/news\/wp-content\/uploads\/2026\/08\/Woman_experiencing_mild_breathin\u2026_202608252227-1024x571.jpg 1024w, https:\/\/www.tuasaude.com\/news\/wp-content\/uploads\/2026\/08\/Woman_experiencing_mild_breathin\u2026_202608252227-300x167.jpg 300w, https:\/\/www.tuasaude.com\/news\/wp-content\/uploads\/2026\/08\/Woman_experiencing_mild_breathin\u2026_202608252227-768x428.jpg 768w, https:\/\/www.tuasaude.com\/news\/wp-content\/uploads\/2026\/08\/Woman_experiencing_mild_breathin\u2026_202608252227-750x418.jpg 750w, https:\/\/www.tuasaude.com\/news\/wp-content\/uploads\/2026\/08\/Woman_experiencing_mild_breathin\u2026_202608252227-1140x636.jpg 1140w, https:\/\/www.tuasaude.com\/news\/wp-content\/uploads\/2026\/08\/Woman_experiencing_mild_breathin\u2026_202608252227.jpg 1280w\" sizes=\"(max-width: 1024px) 100vw, 1024px\" \/><figcaption class=\"wp-element-caption\">Chiado epis\u00f3dico e tosse com catarro podem apontar para condi\u00e7\u00f5es respirat\u00f3rias distintas.<\/figcaption><\/figure>\n<\/div>\n\n\n<h2 class=\"wp-block-heading\">Quais cuidados s\u00e3o recomendados no manejo de cada condi\u00e7\u00e3o?<\/h2>\n\n\n\n<p class=\"wp-block-paragraph\">O manejo depende do diagn\u00f3stico correto e nunca deve ser feito por conta pr\u00f3pria. Confira as principais recomenda\u00e7\u00f5es:<\/p>\n\n\n\n<ol class=\"wp-block-list\">\n<li><strong>Nunca use bombinha sem prescri\u00e7\u00e3o:<\/strong> broncodilatadores s\u00f3 devem ser utilizados com orienta\u00e7\u00e3o m\u00e9dica, pois podem mascarar sintomas graves e causar efeitos adversos card\u00edacos.<\/li>\n\n\n\n<li><strong>Evite automedica\u00e7\u00e3o com antibi\u00f3ticos:<\/strong> a maioria das bronquites agudas \u00e9 viral e n\u00e3o responde a esses f\u00e1rmacos.<\/li>\n\n\n\n<li><strong>Controle os gatilhos da asma:<\/strong> reduza a exposi\u00e7\u00e3o a poeira, mofo, fuma\u00e7a e \u00e1caros no ambiente dom\u00e9stico.<\/li>\n\n\n\n<li><strong>Pare de fumar:<\/strong> essencial para prevenir e controlar a bronquite cr\u00f4nica e evitar sua evolu\u00e7\u00e3o para insufici\u00eancia respirat\u00f3ria.<\/li>\n\n\n\n<li><strong>Mantenha vacina\u00e7\u00e3o em dia:<\/strong> especialmente contra gripe e pneumonia, para reduzir infec\u00e7\u00f5es que agravam ambos os quadros.<\/li>\n\n\n\n<li><strong>Procure o pneumologista:<\/strong> exames como a <a href=\"https:\/\/www.tuasaude.com\/espirometria\/\" target=\"_blank\" rel=\"noreferrer noopener\">espirometria<\/a> ajudam a diferenciar as doen\u00e7as e definir o tratamento correto.<\/li>\n<\/ol>\n\n\n\n<p class=\"wp-block-paragraph\"><em>Este conte\u00fado tem car\u00e1ter apenas informativo e n\u00e3o substitui a avalia\u00e7\u00e3o, o diagn\u00f3stico ou o tratamento realizados por um profissional de sa\u00fade qualificado. Consulte sempre um m\u00e9dico diante de sintomas respirat\u00f3rios persistentes.<\/em><\/p>\n","protected":false},"excerpt":{"rendered":"<p>Embora bronquite e asma afetem as vias respirat\u00f3rias e provoquem sinais parecidos, como tosse e falta de ar, s\u00e3o doen\u00e7as distintas em causa, evolu\u00e7\u00e3o e tratamento. A asma \u00e9 uma condi\u00e7\u00e3o inflamat\u00f3ria cr\u00f4nica com estreitamento revers\u00edvel dos br\u00f4nquios, enquanto a bronquite pode ser aguda, geralmente causada por v\u00edrus, ou cr\u00f4nica, fortemente associada ao tabagismo. Entender [&hellip;]<\/p>\n","protected":false},"author":16,"featured_media":102996,"comment_status":"open","ping_status":"open","sticky":false,"template":"","format":"standard","meta":{"_yoast_wpseo_focuskw":"bronquite e asma","_yoast_wpseo_title":"","_yoast_wpseo_metadesc":"Bronquite e asma podem causar tosse e falta de ar, mas t\u00eam causas e tratamentos diferentes. Entenda os sinais que ajudam a distinguir cada doen\u00e7a.","jnews-multi-image_gallery":[],"jnews_single_post":{"format":"standard"},"jnews_primary_category":[],"jnews_social_meta":[],"jnews_override_counter":[],"footnotes":""},"categories":[111],"tags":[445,6094,12277,136,163,5045],"class_list":["post-102995","post","type-post","status-publish","format-standard","has-post-thumbnail","hentry","category-saude","tag-asma","tag-bronquite","tag-manejos-distintos","tag-saude","tag-sintomas","tag-vias-respiratorias"],"yoast_head":"<!-- This site is optimized with the Yoast SEO plugin v26.7 - https:\/\/yoast.com\/wordpress\/plugins\/seo\/ -->\n<title>Bronquite e asma nas vias respirat\u00f3rias produzem sintomas diferentes e demandam manejos distintos - Tua Sa\u00fade<\/title>\n<meta name=\"description\" content=\"Bronquite e asma podem causar tosse e falta de ar, mas t\u00eam causas e tratamentos diferentes. Entenda os sinais que ajudam a distinguir cada doen\u00e7a.\" \/>\n<meta name=\"robots\" content=\"index, follow, max-snippet:-1, max-image-preview:large, max-video-preview:-1\" \/>\n<link rel=\"canonical\" href=\"https:\/\/www.tuasaude.com\/news\/2026\/08\/31\/bronquite-e-asma-nas-vias-respiratorias-produzem-sintomas-diferentes-e-demandam-manejos-distintos\/\" \/>\n<meta property=\"og:locale\" content=\"pt_BR\" \/>\n<meta property=\"og:type\" content=\"article\" \/>\n<meta property=\"og:title\" content=\"Bronquite e asma nas vias respirat\u00f3rias produzem sintomas diferentes e demandam manejos distintos - Tua Sa\u00fade\" \/>\n<meta property=\"og:description\" content=\"Bronquite e asma podem causar tosse e falta de ar, mas t\u00eam causas e tratamentos diferentes. Entenda os sinais que ajudam a distinguir cada doen\u00e7a.\" \/>\n<meta property=\"og:url\" content=\"https:\/\/www.tuasaude.com\/news\/2026\/08\/31\/bronquite-e-asma-nas-vias-respiratorias-produzem-sintomas-diferentes-e-demandam-manejos-distintos\/\" \/>\n<meta property=\"og:site_name\" content=\"Tua Sa\u00fade\" \/>\n<meta property=\"article:published_time\" content=\"2026-08-31T10:00:00+00:00\" \/>\n<meta property=\"og:image\" content=\"https:\/\/www.tuasaude.com\/news\/wp-content\/uploads\/2026\/08\/Adults_demonstrating_asthma_and_\u2026_202608252227.jpg\" \/>\n\t<meta property=\"og:image:width\" content=\"1280\" \/>\n\t<meta property=\"og:image:height\" content=\"714\" \/>\n\t<meta property=\"og:image:type\" content=\"image\/jpeg\" \/>\n<meta name=\"author\" content=\"Maycon Geovane\" \/>\n<meta name=\"twitter:card\" content=\"summary_large_image\" \/>\n<meta name=\"twitter:label1\" content=\"Escrito por\" \/>\n\t<meta name=\"twitter:data1\" content=\"Maycon Geovane\" \/>\n\t<meta name=\"twitter:label2\" content=\"Est. tempo de leitura\" \/>\n\t<meta name=\"twitter:data2\" content=\"5 minutos\" \/>\n<!-- \/ Yoast SEO plugin. -->","yoast_head_json":{"title":"Bronquite e asma nas vias respirat\u00f3rias produzem sintomas diferentes e demandam manejos distintos - Tua Sa\u00fade","description":"Bronquite e asma podem causar tosse e falta de ar, mas t\u00eam causas e tratamentos diferentes. Entenda os sinais que ajudam a distinguir cada doen\u00e7a.","robots":{"index":"index","follow":"follow","max-snippet":"max-snippet:-1","max-image-preview":"max-image-preview:large","max-video-preview":"max-video-preview:-1"},"canonical":"https:\/\/www.tuasaude.com\/news\/2026\/08\/31\/bronquite-e-asma-nas-vias-respiratorias-produzem-sintomas-diferentes-e-demandam-manejos-distintos\/","og_locale":"pt_BR","og_type":"article","og_title":"Bronquite e asma nas vias respirat\u00f3rias produzem sintomas diferentes e demandam manejos distintos - Tua Sa\u00fade","og_description":"Bronquite e asma podem causar tosse e falta de ar, mas t\u00eam causas e tratamentos diferentes. Entenda os sinais que ajudam a distinguir cada doen\u00e7a.","og_url":"https:\/\/www.tuasaude.com\/news\/2026\/08\/31\/bronquite-e-asma-nas-vias-respiratorias-produzem-sintomas-diferentes-e-demandam-manejos-distintos\/","og_site_name":"Tua Sa\u00fade","article_published_time":"2026-08-31T10:00:00+00:00","og_image":[{"width":1280,"height":714,"url":"https:\/\/www.tuasaude.com\/news\/wp-content\/uploads\/2026\/08\/Adults_demonstrating_asthma_and_\u2026_202608252227.jpg","type":"image\/jpeg"}],"author":"Maycon Geovane","twitter_card":"summary_large_image","twitter_misc":{"Escrito por":"Maycon Geovane","Est. tempo de leitura":"5 minutos"},"schema":{"@context":"https:\/\/schema.org","@graph":[{"@type":"Article","@id":"https:\/\/www.tuasaude.com\/news\/2026\/08\/31\/bronquite-e-asma-nas-vias-respiratorias-produzem-sintomas-diferentes-e-demandam-manejos-distintos\/#article","isPartOf":{"@id":"https:\/\/www.tuasaude.com\/news\/2026\/08\/31\/bronquite-e-asma-nas-vias-respiratorias-produzem-sintomas-diferentes-e-demandam-manejos-distintos\/"},"author":{"name":"Maycon Geovane","@id":"https:\/\/www.tuasaude.com\/news\/#\/schema\/person\/da63bccfbda5c95cfbf2d37c4276fca0"},"headline":"Bronquite e asma nas vias respirat\u00f3rias produzem sintomas diferentes e demandam manejos distintos","datePublished":"2026-08-31T10:00:00+00:00","mainEntityOfPage":{"@id":"https:\/\/www.tuasaude.com\/news\/2026\/08\/31\/bronquite-e-asma-nas-vias-respiratorias-produzem-sintomas-diferentes-e-demandam-manejos-distintos\/"},"wordCount":798,"commentCount":0,"image":{"@id":"https:\/\/www.tuasaude.com\/news\/2026\/08\/31\/bronquite-e-asma-nas-vias-respiratorias-produzem-sintomas-diferentes-e-demandam-manejos-distintos\/#primaryimage"},"thumbnailUrl":"https:\/\/www.tuasaude.com\/news\/wp-content\/uploads\/2026\/08\/Adults_demonstrating_asthma_and_\u2026_202608252227.jpg","keywords":["asma","bronquite","manejos distintos","sa\u00fade","sintomas","vias respirat\u00f3rias"],"articleSection":["Sa\u00fade"],"inLanguage":"pt-BR","potentialAction":[{"@type":"CommentAction","name":"Comment","target":["https:\/\/www.tuasaude.com\/news\/2026\/08\/31\/bronquite-e-asma-nas-vias-respiratorias-produzem-sintomas-diferentes-e-demandam-manejos-distintos\/#respond"]}]},{"@type":"WebPage","@id":"https:\/\/www.tuasaude.com\/news\/2026\/08\/31\/bronquite-e-asma-nas-vias-respiratorias-produzem-sintomas-diferentes-e-demandam-manejos-distintos\/","url":"https:\/\/www.tuasaude.com\/news\/2026\/08\/31\/bronquite-e-asma-nas-vias-respiratorias-produzem-sintomas-diferentes-e-demandam-manejos-distintos\/","name":"Bronquite e asma nas vias respirat\u00f3rias produzem sintomas diferentes e demandam manejos distintos - Tua Sa\u00fade","isPartOf":{"@id":"https:\/\/www.tuasaude.com\/news\/#website"},"primaryImageOfPage":{"@id":"https:\/\/www.tuasaude.com\/news\/2026\/08\/31\/bronquite-e-asma-nas-vias-respiratorias-produzem-sintomas-diferentes-e-demandam-manejos-distintos\/#primaryimage"},"image":{"@id":"https:\/\/www.tuasaude.com\/news\/2026\/08\/31\/bronquite-e-asma-nas-vias-respiratorias-produzem-sintomas-diferentes-e-demandam-manejos-distintos\/#primaryimage"},"thumbnailUrl":"https:\/\/www.tuasaude.com\/news\/wp-content\/uploads\/2026\/08\/Adults_demonstrating_asthma_and_\u2026_202608252227.jpg","datePublished":"2026-08-31T10:00:00+00:00","author":{"@id":"https:\/\/www.tuasaude.com\/news\/#\/schema\/person\/da63bccfbda5c95cfbf2d37c4276fca0"},"description":"Bronquite e asma podem causar tosse e falta de ar, mas t\u00eam causas e tratamentos diferentes. Entenda os sinais que ajudam a distinguir cada doen\u00e7a.","breadcrumb":{"@id":"https:\/\/www.tuasaude.com\/news\/2026\/08\/31\/bronquite-e-asma-nas-vias-respiratorias-produzem-sintomas-diferentes-e-demandam-manejos-distintos\/#breadcrumb"},"inLanguage":"pt-BR","potentialAction":[{"@type":"ReadAction","target":["https:\/\/www.tuasaude.com\/news\/2026\/08\/31\/bronquite-e-asma-nas-vias-respiratorias-produzem-sintomas-diferentes-e-demandam-manejos-distintos\/"]}]},{"@type":"ImageObject","inLanguage":"pt-BR","@id":"https:\/\/www.tuasaude.com\/news\/2026\/08\/31\/bronquite-e-asma-nas-vias-respiratorias-produzem-sintomas-diferentes-e-demandam-manejos-distintos\/#primaryimage","url":"https:\/\/www.tuasaude.com\/news\/wp-content\/uploads\/2026\/08\/Adults_demonstrating_asthma_and_\u2026_202608252227.jpg","contentUrl":"https:\/\/www.tuasaude.com\/news\/wp-content\/uploads\/2026\/08\/Adults_demonstrating_asthma_and_\u2026_202608252227.jpg","width":1280,"height":714,"caption":"Bronquite e asma nas vias respirat\u00f3rias produzem sintomas diferentes e demandam manejos distintos"},{"@type":"BreadcrumbList","@id":"https:\/\/www.tuasaude.com\/news\/2026\/08\/31\/bronquite-e-asma-nas-vias-respiratorias-produzem-sintomas-diferentes-e-demandam-manejos-distintos\/#breadcrumb","itemListElement":[{"@type":"ListItem","position":1,"name":"In\u00edcio","item":"https:\/\/www.tuasaude.com\/news\/"},{"@type":"ListItem","position":2,"name":"Bronquite e asma nas vias respirat\u00f3rias produzem sintomas diferentes e demandam manejos distintos"}]},{"@type":"WebSite","@id":"https:\/\/www.tuasaude.com\/news\/#website","url":"https:\/\/www.tuasaude.com\/news\/","name":"Tua Sa\u00fade","description":"Seu site de sa\u00fade","potentialAction":[{"@type":"SearchAction","target":{"@type":"EntryPoint","urlTemplate":"https:\/\/www.tuasaude.com\/news\/?s={search_term_string}"},"query-input":{"@type":"PropertyValueSpecification","valueRequired":true,"valueName":"search_term_string"}}],"inLanguage":"pt-BR"},{"@type":"Person","@id":"https:\/\/www.tuasaude.com\/news\/#\/schema\/person\/da63bccfbda5c95cfbf2d37c4276fca0","name":"Maycon Geovane","image":{"@type":"ImageObject","inLanguage":"pt-BR","@id":"https:\/\/www.tuasaude.com\/news\/#\/schema\/person\/image\/","url":"https:\/\/secure.gravatar.com\/avatar\/4f4908cf0a2f249a9f1137f9d5769cacc373d9aee67910cc212a09a346873b7d?s=96&d=mm&r=g","contentUrl":"https:\/\/secure.gravatar.com\/avatar\/4f4908cf0a2f249a9f1137f9d5769cacc373d9aee67910cc212a09a346873b7d?s=96&d=mm&r=g","caption":"Maycon Geovane"},"sameAs":["https:\/\/www.tuasaude.com\/news\/"],"url":"https:\/\/www.tuasaude.com\/news\/author\/maycongeovane\/"}]}},"_links":{"self":[{"href":"https:\/\/www.tuasaude.com\/news\/wp-json\/wp\/v2\/posts\/102995","targetHints":{"allow":["GET"]}}],"collection":[{"href":"https:\/\/www.tuasaude.com\/news\/wp-json\/wp\/v2\/posts"}],"about":[{"href":"https:\/\/www.tuasaude.com\/news\/wp-json\/wp\/v2\/types\/post"}],"author":[{"embeddable":true,"href":"https:\/\/www.tuasaude.com\/news\/wp-json\/wp\/v2\/users\/16"}],"replies":[{"embeddable":true,"href":"https:\/\/www.tuasaude.com\/news\/wp-json\/wp\/v2\/comments?post=102995"}],"version-history":[{"count":1,"href":"https:\/\/www.tuasaude.com\/news\/wp-json\/wp\/v2\/posts\/102995\/revisions"}],"predecessor-version":[{"id":103003,"href":"https:\/\/www.tuasaude.com\/news\/wp-json\/wp\/v2\/posts\/102995\/revisions\/103003"}],"wp:featuredmedia":[{"embeddable":true,"href":"https:\/\/www.tuasaude.com\/news\/wp-json\/wp\/v2\/media\/102996"}],"wp:attachment":[{"href":"https:\/\/www.tuasaude.com\/news\/wp-json\/wp\/v2\/media?parent=102995"}],"wp:term":[{"taxonomy":"category","embeddable":true,"href":"https:\/\/www.tuasaude.com\/news\/wp-json\/wp\/v2\/categories?post=102995"},{"taxonomy":"post_tag","embeddable":true,"href":"https:\/\/www.tuasaude.com\/news\/wp-json\/wp\/v2\/tags?post=102995"}],"curies":[{"name":"wp","href":"https:\/\/api.w.org\/{rel}","templated":true}]}}