{"id":102963,"date":"2026-08-31T06:40:00","date_gmt":"2026-08-31T09:40:00","guid":{"rendered":"https:\/\/www.tuasaude.com\/news\/?p=102963"},"modified":"2026-08-25T22:10:25","modified_gmt":"2026-08-26T01:10:25","slug":"a-anemia-em-mulheres-e-idosos-nem-sempre-vem-da-falta-de-ferro-na-comida-mas-tambem-da-baixa-vitamina-c-nas-refeicoes-que-aumenta-a-absorcao-do-ferro-no-intestino","status":"publish","type":"post","link":"https:\/\/www.tuasaude.com\/news\/2026\/08\/31\/a-anemia-em-mulheres-e-idosos-nem-sempre-vem-da-falta-de-ferro-na-comida-mas-tambem-da-baixa-vitamina-c-nas-refeicoes-que-aumenta-a-absorcao-do-ferro-no-intestino\/","title":{"rendered":"A anemia em mulheres e idosos nem sempre vem da falta de ferro na comida, mas tamb\u00e9m da baixa vitamina C nas refei\u00e7\u00f5es, que aumenta a absor\u00e7\u00e3o do ferro no intestino"},"content":{"rendered":"\n<p class=\"wp-block-paragraph\">A anemia por defici\u00eancia de ferro \u00e9 uma das condi\u00e7\u00f5es nutricionais mais comuns em mulheres e idosos, mas nem sempre est\u00e1 ligada apenas \u00e0 baixa ingest\u00e3o do mineral. Muitas vezes, o problema real \u00e9 que o corpo n\u00e3o absorve bem o ferro presente na alimenta\u00e7\u00e3o, especialmente quando faltam fontes de vitamina C nas refei\u00e7\u00f5es principais. Entender essa rela\u00e7\u00e3o ajuda a montar combina\u00e7\u00f5es inteligentes no prato e a prevenir quadros de cansa\u00e7o, palidez e queda de imunidade.<\/p>\n\n\n\n<h2 class=\"wp-block-heading\">Por que a anemia \u00e9 mais comum em mulheres e idosos?<\/h2>\n\n\n\n<p class=\"wp-block-paragraph\">As mulheres em idade f\u00e9rtil enfrentam perda mensal de sangue pela menstrua\u00e7\u00e3o, o que aumenta a demanda por ferro. J\u00e1 nos idosos, a absor\u00e7\u00e3o intestinal do mineral diminui naturalmente com o passar dos anos, al\u00e9m do consumo frequente de medicamentos que interferem no processo digestivo.<\/p>\n\n\n\n<p class=\"wp-block-paragraph\">Somam-se a esses fatores dietas pouco variadas, com baixa presen\u00e7a de carnes, leguminosas e frutas c\u00edtricas, o que favorece a evolu\u00e7\u00e3o silenciosa da <a href=\"https:\/\/www.tuasaude.com\/anemia-ferropriva\/\" target=\"_blank\" rel=\"noreferrer noopener\">anemia ferropriva<\/a> mesmo em pessoas que se alimentam com regularidade.<\/p>\n\n\n\n<h2 class=\"wp-block-heading\">Como a vitamina C melhora a absor\u00e7\u00e3o do ferro?<\/h2>\n\n\n\n<p class=\"wp-block-paragraph\">Existem dois tipos de ferro nos alimentos: o ferro heme, presente em carnes, e o ferro n\u00e3o heme, encontrado em vegetais, leguminosas e cereais. O ferro n\u00e3o heme tem absor\u00e7\u00e3o naturalmente baixa, mas a vitamina C converte-o em uma forma qu\u00edmica mais sol\u00favel, facilitando sua passagem pela mucosa intestinal.<\/p>\n\n\n\n<p class=\"wp-block-paragraph\">Al\u00e9m disso, o \u00e1cido asc\u00f3rbico neutraliza a a\u00e7\u00e3o de compostos que atrapalham a absor\u00e7\u00e3o, como fitatos e taninos presentes em cereais integrais, ch\u00e1 preto e caf\u00e9. Por isso, incluir frutas c\u00edtricas nas refei\u00e7\u00f5es principais faz diferen\u00e7a real no tratamento e preven\u00e7\u00e3o da <a href=\"https:\/\/www.tuasaude.com\/anemia\/\" target=\"_blank\" rel=\"noreferrer noopener\">anemia<\/a> em adultos.<\/p>\n\n\n<div class=\"wp-block-image\">\n<figure class=\"aligncenter size-large\"><img decoding=\"async\" width=\"1024\" height=\"571\" src=\"https:\/\/www.tuasaude.com\/news\/wp-content\/uploads\/2026\/08\/Ferro_e_vitamina_c_absorcao_202608252209-1024x571.jpg\" alt=\"Combinar fontes de ferro com vitamina C pode melhorar sua absor\u00e7\u00e3o intestinal.\" class=\"wp-image-102965\" srcset=\"https:\/\/www.tuasaude.com\/news\/wp-content\/uploads\/2026\/08\/Ferro_e_vitamina_c_absorcao_202608252209-1024x571.jpg 1024w, https:\/\/www.tuasaude.com\/news\/wp-content\/uploads\/2026\/08\/Ferro_e_vitamina_c_absorcao_202608252209-300x167.jpg 300w, https:\/\/www.tuasaude.com\/news\/wp-content\/uploads\/2026\/08\/Ferro_e_vitamina_c_absorcao_202608252209-768x428.jpg 768w, https:\/\/www.tuasaude.com\/news\/wp-content\/uploads\/2026\/08\/Ferro_e_vitamina_c_absorcao_202608252209-750x418.jpg 750w, https:\/\/www.tuasaude.com\/news\/wp-content\/uploads\/2026\/08\/Ferro_e_vitamina_c_absorcao_202608252209-1140x636.jpg 1140w, https:\/\/www.tuasaude.com\/news\/wp-content\/uploads\/2026\/08\/Ferro_e_vitamina_c_absorcao_202608252209.jpg 1280w\" sizes=\"(max-width: 1024px) 100vw, 1024px\" \/><figcaption class=\"wp-element-caption\">Combinar fontes de ferro com vitamina C pode melhorar sua absor\u00e7\u00e3o intestinal.<\/figcaption><\/figure>\n<\/div>\n\n\n<h2 class=\"wp-block-heading\">O que diz um estudo cient\u00edfico sobre vitamina C e ferro?<\/h2>\n\n\n\n<p class=\"wp-block-paragraph\">A a\u00e7\u00e3o da vitamina C sobre a biodisponibilidade do ferro \u00e9 uma das mais bem documentadas na nutri\u00e7\u00e3o cl\u00ednica. Uma pesquisa cl\u00e1ssica intitulada <a href=\"https:\/\/pubmed.ncbi.nlm.nih.gov\/3700141\/\" target=\"_blank\" rel=\"noreferrer noopener\">Effect of Ascorbic Acid on Iron Absorption From Different Types of Meals<\/a>, publicada no peri\u00f3dico Human Nutrition Applied Nutrition, avaliou o comportamento do mineral em 299 participantes com diferentes combina\u00e7\u00f5es alimentares.<\/p>\n\n\n\n<p class=\"wp-block-paragraph\">Segundo Effect of Ascorbic Acid on Iron Absorption From Different Types of Meals publicado no Human Nutrition Applied Nutrition, cerca de 50 mg de vitamina C em cada refei\u00e7\u00e3o principal s\u00e3o desej\u00e1veis para otimizar a absor\u00e7\u00e3o do ferro n\u00e3o heme, especialmente em refei\u00e7\u00f5es ricas em compostos que inibem esse processo.<\/p>\n\n\n\n<h2 class=\"wp-block-heading\">Quais combina\u00e7\u00f5es de alimentos aumentam a absor\u00e7\u00e3o do ferro?<\/h2>\n\n\n\n<p class=\"wp-block-paragraph\">Unir fontes de ferro vegetal com frutas ricas em vitamina C na mesma refei\u00e7\u00e3o \u00e9 uma estrat\u00e9gia simples e eficaz para elevar as reservas do mineral. Confira sugest\u00f5es pr\u00e1ticas para o dia a dia:<\/p>\n\n\n\n<ul class=\"wp-block-list\">\n<li><strong>Feij\u00e3o com laranja ou lim\u00e3o<\/strong>: espremer lim\u00e3o no feij\u00e3o ou tomar suco natural de laranja no almo\u00e7o \u00e9 a combina\u00e7\u00e3o cl\u00e1ssica brasileira<\/li>\n\n\n\n<li><strong>Salada de folhas verde-escuras com molho de lim\u00e3o<\/strong>: espinafre, couve e agri\u00e3o ganham em absor\u00e7\u00e3o com o toque c\u00edtrico<\/li>\n\n\n\n<li><strong>Lentilha com piment\u00e3o vermelho<\/strong>: o piment\u00e3o \u00e9 uma das hortali\u00e7as mais ricas em vitamina C<\/li>\n\n\n\n<li><strong>Gr\u00e3o-de-bico com tomate<\/strong>: em saladas ou ensopados, formam uma combina\u00e7\u00e3o equilibrada<\/li>\n\n\n\n<li><strong>Aveia com kiwi ou morango<\/strong>: refor\u00e7a a absor\u00e7\u00e3o do ferro no caf\u00e9 da manh\u00e3<\/li>\n\n\n\n<li><strong>Feij\u00e3o-preto com salada de acerola ou goiaba<\/strong>: frutas com alt\u00edssima concentra\u00e7\u00e3o de \u00e1cido asc\u00f3rbico<\/li>\n<\/ul>\n\n\n<div class=\"wp-block-image\">\n<figure class=\"aligncenter size-large\"><img decoding=\"async\" width=\"1024\" height=\"571\" src=\"https:\/\/www.tuasaude.com\/news\/wp-content\/uploads\/2026\/08\/Man_assembling_balanced_meal_202608252209-1024x571.jpg\" alt=\"Vitamina C ajuda o organismo a aproveitar melhor o ferro presente nos alimentos vegetais.\" class=\"wp-image-102966\" srcset=\"https:\/\/www.tuasaude.com\/news\/wp-content\/uploads\/2026\/08\/Man_assembling_balanced_meal_202608252209-1024x571.jpg 1024w, https:\/\/www.tuasaude.com\/news\/wp-content\/uploads\/2026\/08\/Man_assembling_balanced_meal_202608252209-300x167.jpg 300w, https:\/\/www.tuasaude.com\/news\/wp-content\/uploads\/2026\/08\/Man_assembling_balanced_meal_202608252209-768x428.jpg 768w, https:\/\/www.tuasaude.com\/news\/wp-content\/uploads\/2026\/08\/Man_assembling_balanced_meal_202608252209-750x418.jpg 750w, https:\/\/www.tuasaude.com\/news\/wp-content\/uploads\/2026\/08\/Man_assembling_balanced_meal_202608252209-1140x636.jpg 1140w, https:\/\/www.tuasaude.com\/news\/wp-content\/uploads\/2026\/08\/Man_assembling_balanced_meal_202608252209.jpg 1280w\" sizes=\"(max-width: 1024px) 100vw, 1024px\" \/><figcaption class=\"wp-element-caption\">Vitamina C ajuda o organismo a aproveitar melhor o ferro presente nos alimentos vegetais.<\/figcaption><\/figure>\n<\/div>\n\n\n<h2 class=\"wp-block-heading\">Que cuidados ajudam a prevenir a anemia?<\/h2>\n\n\n\n<p class=\"wp-block-paragraph\">Al\u00e9m de combinar bem os alimentos, alguns h\u00e1bitos potencializam a absor\u00e7\u00e3o do ferro e ajudam a manter os estoques do mineral em n\u00edveis adequados. Veja medidas recomendadas por \u00f3rg\u00e3os de sa\u00fade:<\/p>\n\n\n\n<ol class=\"wp-block-list\">\n<li>Evitar tomar caf\u00e9, ch\u00e1 preto ou ch\u00e1 verde nas refei\u00e7\u00f5es principais, j\u00e1 que reduzem a absor\u00e7\u00e3o do ferro<\/li>\n\n\n\n<li>N\u00e3o consumir leite e derivados junto com alimentos ricos em ferro vegetal, pois o c\u00e1lcio compete pelo mesmo canal de absor\u00e7\u00e3o<\/li>\n\n\n\n<li>Incluir carnes magras, ovos e peixes ao menos algumas vezes por semana, quando n\u00e3o houver restri\u00e7\u00f5es alimentares<\/li>\n\n\n\n<li>Cozinhar em panela de ferro, pr\u00e1tica tradicional que ajuda a enriquecer os alimentos com o mineral<\/li>\n\n\n\n<li>Realizar exames de sangue peri\u00f3dicos, como hemograma e ferritina, especialmente em mulheres em idade f\u00e9rtil, gestantes e idosos<\/li>\n\n\n\n<li>Investigar sangramentos cr\u00f4nicos, como fluxo menstrual intenso ou perdas gastrointestinais, que podem estar por tr\u00e1s do quadro<\/li>\n<\/ol>\n\n\n\n<p class=\"wp-block-paragraph\">O uso de suplementos de ferro s\u00f3 deve ocorrer sob orienta\u00e7\u00e3o m\u00e9dica, j\u00e1 que o excesso do mineral tamb\u00e9m traz riscos e pode agravar outras condi\u00e7\u00f5es, como refor\u00e7ado nos <a href=\"https:\/\/www.tuasaude.com\/3-truques-para-enriquecer-os-alimentos-com-ferro\/\" target=\"_blank\" rel=\"noreferrer noopener\">truques para enriquecer os alimentos com ferro<\/a>.<\/p>\n\n\n\n<p class=\"wp-block-paragraph\"><em>Este conte\u00fado tem car\u00e1ter apenas informativo e n\u00e3o substitui a avalia\u00e7\u00e3o, o diagn\u00f3stico ou o tratamento realizados por um m\u00e9dico ou profissional de sa\u00fade qualificado. Consulte sempre um cl\u00ednico geral, hematologista ou nutricionista diante de sintomas como cansa\u00e7o persistente, palidez ou suspeita de anemia.<\/em><\/p>\n","protected":false},"excerpt":{"rendered":"<p>A anemia por defici\u00eancia de ferro \u00e9 uma das condi\u00e7\u00f5es nutricionais mais comuns em mulheres e idosos, mas nem sempre est\u00e1 ligada apenas \u00e0 baixa ingest\u00e3o do mineral. Muitas vezes, o problema real \u00e9 que o corpo n\u00e3o absorve bem o ferro presente na alimenta\u00e7\u00e3o, especialmente quando faltam fontes de vitamina C nas refei\u00e7\u00f5es principais. [&hellip;]<\/p>\n","protected":false},"author":16,"featured_media":102964,"comment_status":"open","ping_status":"open","sticky":false,"template":"","format":"standard","meta":{"_yoast_wpseo_focuskw":"anemia e vitamina C","_yoast_wpseo_title":"","_yoast_wpseo_metadesc":"Anemia por falta de ferro n\u00e3o depende apenas da alimenta\u00e7\u00e3o. Entenda como a vitamina C ajuda na absor\u00e7\u00e3o do mineral e quais combina\u00e7\u00f5es usar.","jnews-multi-image_gallery":[],"jnews_single_post":{"format":"standard"},"jnews_primary_category":[],"jnews_social_meta":[],"jnews_override_counter":[],"footnotes":""},"categories":[111],"tags":[220,11578,12271,12269,1068,136,1076],"class_list":["post-102963","post","type-post","status-publish","format-standard","has-post-thumbnail","hentry","category-saude","tag-alimentacao","tag-anemia-em-mulheres","tag-baixa","tag-falta-de-ferro-na-comida","tag-idosos","tag-saude","tag-vitamina-c"],"yoast_head":"<!-- This site is optimized with the Yoast SEO plugin v26.7 - https:\/\/yoast.com\/wordpress\/plugins\/seo\/ -->\n<title>A anemia em mulheres e idosos nem sempre vem da falta de ferro na comida, mas tamb\u00e9m da baixa vitamina C nas refei\u00e7\u00f5es, que aumenta a absor\u00e7\u00e3o do ferro no intestino - Tua Sa\u00fade<\/title>\n<meta name=\"description\" content=\"Anemia por falta de ferro n\u00e3o depende apenas da alimenta\u00e7\u00e3o. Entenda como a vitamina C ajuda na absor\u00e7\u00e3o do mineral e quais combina\u00e7\u00f5es usar.\" \/>\n<meta name=\"robots\" content=\"index, follow, max-snippet:-1, max-image-preview:large, max-video-preview:-1\" \/>\n<link rel=\"canonical\" href=\"https:\/\/www.tuasaude.com\/news\/2026\/08\/31\/a-anemia-em-mulheres-e-idosos-nem-sempre-vem-da-falta-de-ferro-na-comida-mas-tambem-da-baixa-vitamina-c-nas-refeicoes-que-aumenta-a-absorcao-do-ferro-no-intestino\/\" \/>\n<meta property=\"og:locale\" content=\"pt_BR\" \/>\n<meta property=\"og:type\" content=\"article\" \/>\n<meta property=\"og:title\" content=\"A anemia em mulheres e idosos nem sempre vem da falta de ferro na comida, mas tamb\u00e9m da baixa vitamina C nas refei\u00e7\u00f5es, que aumenta a absor\u00e7\u00e3o do ferro no intestino - Tua Sa\u00fade\" \/>\n<meta property=\"og:description\" content=\"Anemia por falta de ferro n\u00e3o depende apenas da alimenta\u00e7\u00e3o. Entenda como a vitamina C ajuda na absor\u00e7\u00e3o do mineral e quais combina\u00e7\u00f5es usar.\" \/>\n<meta property=\"og:url\" content=\"https:\/\/www.tuasaude.com\/news\/2026\/08\/31\/a-anemia-em-mulheres-e-idosos-nem-sempre-vem-da-falta-de-ferro-na-comida-mas-tambem-da-baixa-vitamina-c-nas-refeicoes-que-aumenta-a-absorcao-do-ferro-no-intestino\/\" \/>\n<meta property=\"og:site_name\" content=\"Tua Sa\u00fade\" \/>\n<meta property=\"article:published_time\" content=\"2026-08-31T09:40:00+00:00\" \/>\n<meta property=\"og:image\" content=\"https:\/\/www.tuasaude.com\/news\/wp-content\/uploads\/2026\/08\/Woman_preparing_lunch_in_kitchen_202608252209.jpg\" \/>\n\t<meta property=\"og:image:width\" content=\"1280\" \/>\n\t<meta property=\"og:image:height\" content=\"714\" \/>\n\t<meta property=\"og:image:type\" content=\"image\/jpeg\" \/>\n<meta name=\"author\" content=\"Maycon Geovane\" \/>\n<meta name=\"twitter:card\" content=\"summary_large_image\" \/>\n<meta name=\"twitter:label1\" content=\"Escrito por\" \/>\n\t<meta name=\"twitter:data1\" content=\"Maycon Geovane\" \/>\n\t<meta name=\"twitter:label2\" content=\"Est. tempo de leitura\" \/>\n\t<meta name=\"twitter:data2\" content=\"5 minutos\" \/>\n<!-- \/ Yoast SEO plugin. -->","yoast_head_json":{"title":"A anemia em mulheres e idosos nem sempre vem da falta de ferro na comida, mas tamb\u00e9m da baixa vitamina C nas refei\u00e7\u00f5es, que aumenta a absor\u00e7\u00e3o do ferro no intestino - Tua Sa\u00fade","description":"Anemia por falta de ferro n\u00e3o depende apenas da alimenta\u00e7\u00e3o. Entenda como a vitamina C ajuda na absor\u00e7\u00e3o do mineral e quais combina\u00e7\u00f5es usar.","robots":{"index":"index","follow":"follow","max-snippet":"max-snippet:-1","max-image-preview":"max-image-preview:large","max-video-preview":"max-video-preview:-1"},"canonical":"https:\/\/www.tuasaude.com\/news\/2026\/08\/31\/a-anemia-em-mulheres-e-idosos-nem-sempre-vem-da-falta-de-ferro-na-comida-mas-tambem-da-baixa-vitamina-c-nas-refeicoes-que-aumenta-a-absorcao-do-ferro-no-intestino\/","og_locale":"pt_BR","og_type":"article","og_title":"A anemia em mulheres e idosos nem sempre vem da falta de ferro na comida, mas tamb\u00e9m da baixa vitamina C nas refei\u00e7\u00f5es, que aumenta a absor\u00e7\u00e3o do ferro no intestino - Tua Sa\u00fade","og_description":"Anemia por falta de ferro n\u00e3o depende apenas da alimenta\u00e7\u00e3o. Entenda como a vitamina C ajuda na absor\u00e7\u00e3o do mineral e quais combina\u00e7\u00f5es usar.","og_url":"https:\/\/www.tuasaude.com\/news\/2026\/08\/31\/a-anemia-em-mulheres-e-idosos-nem-sempre-vem-da-falta-de-ferro-na-comida-mas-tambem-da-baixa-vitamina-c-nas-refeicoes-que-aumenta-a-absorcao-do-ferro-no-intestino\/","og_site_name":"Tua Sa\u00fade","article_published_time":"2026-08-31T09:40:00+00:00","og_image":[{"width":1280,"height":714,"url":"https:\/\/www.tuasaude.com\/news\/wp-content\/uploads\/2026\/08\/Woman_preparing_lunch_in_kitchen_202608252209.jpg","type":"image\/jpeg"}],"author":"Maycon Geovane","twitter_card":"summary_large_image","twitter_misc":{"Escrito por":"Maycon Geovane","Est. tempo de leitura":"5 minutos"},"schema":{"@context":"https:\/\/schema.org","@graph":[{"@type":"Article","@id":"https:\/\/www.tuasaude.com\/news\/2026\/08\/31\/a-anemia-em-mulheres-e-idosos-nem-sempre-vem-da-falta-de-ferro-na-comida-mas-tambem-da-baixa-vitamina-c-nas-refeicoes-que-aumenta-a-absorcao-do-ferro-no-intestino\/#article","isPartOf":{"@id":"https:\/\/www.tuasaude.com\/news\/2026\/08\/31\/a-anemia-em-mulheres-e-idosos-nem-sempre-vem-da-falta-de-ferro-na-comida-mas-tambem-da-baixa-vitamina-c-nas-refeicoes-que-aumenta-a-absorcao-do-ferro-no-intestino\/"},"author":{"name":"Maycon Geovane","@id":"https:\/\/www.tuasaude.com\/news\/#\/schema\/person\/da63bccfbda5c95cfbf2d37c4276fca0"},"headline":"A anemia em mulheres e idosos nem sempre vem da falta de ferro na comida, mas tamb\u00e9m da baixa vitamina C nas refei\u00e7\u00f5es, que aumenta a absor\u00e7\u00e3o do ferro no intestino","datePublished":"2026-08-31T09:40:00+00:00","mainEntityOfPage":{"@id":"https:\/\/www.tuasaude.com\/news\/2026\/08\/31\/a-anemia-em-mulheres-e-idosos-nem-sempre-vem-da-falta-de-ferro-na-comida-mas-tambem-da-baixa-vitamina-c-nas-refeicoes-que-aumenta-a-absorcao-do-ferro-no-intestino\/"},"wordCount":900,"commentCount":0,"image":{"@id":"https:\/\/www.tuasaude.com\/news\/2026\/08\/31\/a-anemia-em-mulheres-e-idosos-nem-sempre-vem-da-falta-de-ferro-na-comida-mas-tambem-da-baixa-vitamina-c-nas-refeicoes-que-aumenta-a-absorcao-do-ferro-no-intestino\/#primaryimage"},"thumbnailUrl":"https:\/\/www.tuasaude.com\/news\/wp-content\/uploads\/2026\/08\/Woman_preparing_lunch_in_kitchen_202608252209.jpg","keywords":["Alimenta\u00e7\u00e3o","anemia em mulheres","baixa","falta de ferro na comida","idosos","sa\u00fade","vitamina c"],"articleSection":["Sa\u00fade"],"inLanguage":"pt-BR","potentialAction":[{"@type":"CommentAction","name":"Comment","target":["https:\/\/www.tuasaude.com\/news\/2026\/08\/31\/a-anemia-em-mulheres-e-idosos-nem-sempre-vem-da-falta-de-ferro-na-comida-mas-tambem-da-baixa-vitamina-c-nas-refeicoes-que-aumenta-a-absorcao-do-ferro-no-intestino\/#respond"]}]},{"@type":"WebPage","@id":"https:\/\/www.tuasaude.com\/news\/2026\/08\/31\/a-anemia-em-mulheres-e-idosos-nem-sempre-vem-da-falta-de-ferro-na-comida-mas-tambem-da-baixa-vitamina-c-nas-refeicoes-que-aumenta-a-absorcao-do-ferro-no-intestino\/","url":"https:\/\/www.tuasaude.com\/news\/2026\/08\/31\/a-anemia-em-mulheres-e-idosos-nem-sempre-vem-da-falta-de-ferro-na-comida-mas-tambem-da-baixa-vitamina-c-nas-refeicoes-que-aumenta-a-absorcao-do-ferro-no-intestino\/","name":"A anemia em mulheres e idosos nem sempre vem da falta de ferro na comida, mas tamb\u00e9m da baixa vitamina C nas refei\u00e7\u00f5es, que aumenta a absor\u00e7\u00e3o do ferro no intestino - Tua Sa\u00fade","isPartOf":{"@id":"https:\/\/www.tuasaude.com\/news\/#website"},"primaryImageOfPage":{"@id":"https:\/\/www.tuasaude.com\/news\/2026\/08\/31\/a-anemia-em-mulheres-e-idosos-nem-sempre-vem-da-falta-de-ferro-na-comida-mas-tambem-da-baixa-vitamina-c-nas-refeicoes-que-aumenta-a-absorcao-do-ferro-no-intestino\/#primaryimage"},"image":{"@id":"https:\/\/www.tuasaude.com\/news\/2026\/08\/31\/a-anemia-em-mulheres-e-idosos-nem-sempre-vem-da-falta-de-ferro-na-comida-mas-tambem-da-baixa-vitamina-c-nas-refeicoes-que-aumenta-a-absorcao-do-ferro-no-intestino\/#primaryimage"},"thumbnailUrl":"https:\/\/www.tuasaude.com\/news\/wp-content\/uploads\/2026\/08\/Woman_preparing_lunch_in_kitchen_202608252209.jpg","datePublished":"2026-08-31T09:40:00+00:00","author":{"@id":"https:\/\/www.tuasaude.com\/news\/#\/schema\/person\/da63bccfbda5c95cfbf2d37c4276fca0"},"description":"Anemia por falta de ferro n\u00e3o depende apenas da alimenta\u00e7\u00e3o. Entenda como a vitamina C ajuda na absor\u00e7\u00e3o do mineral e quais combina\u00e7\u00f5es usar.","breadcrumb":{"@id":"https:\/\/www.tuasaude.com\/news\/2026\/08\/31\/a-anemia-em-mulheres-e-idosos-nem-sempre-vem-da-falta-de-ferro-na-comida-mas-tambem-da-baixa-vitamina-c-nas-refeicoes-que-aumenta-a-absorcao-do-ferro-no-intestino\/#breadcrumb"},"inLanguage":"pt-BR","potentialAction":[{"@type":"ReadAction","target":["https:\/\/www.tuasaude.com\/news\/2026\/08\/31\/a-anemia-em-mulheres-e-idosos-nem-sempre-vem-da-falta-de-ferro-na-comida-mas-tambem-da-baixa-vitamina-c-nas-refeicoes-que-aumenta-a-absorcao-do-ferro-no-intestino\/"]}]},{"@type":"ImageObject","inLanguage":"pt-BR","@id":"https:\/\/www.tuasaude.com\/news\/2026\/08\/31\/a-anemia-em-mulheres-e-idosos-nem-sempre-vem-da-falta-de-ferro-na-comida-mas-tambem-da-baixa-vitamina-c-nas-refeicoes-que-aumenta-a-absorcao-do-ferro-no-intestino\/#primaryimage","url":"https:\/\/www.tuasaude.com\/news\/wp-content\/uploads\/2026\/08\/Woman_preparing_lunch_in_kitchen_202608252209.jpg","contentUrl":"https:\/\/www.tuasaude.com\/news\/wp-content\/uploads\/2026\/08\/Woman_preparing_lunch_in_kitchen_202608252209.jpg","width":1280,"height":714,"caption":"A anemia em mulheres e idosos nem sempre vem da falta de ferro na comida, mas tamb\u00e9m da baixa vitamina C nas refei\u00e7\u00f5es, que aumenta a absor\u00e7\u00e3o do ferro no intestino"},{"@type":"BreadcrumbList","@id":"https:\/\/www.tuasaude.com\/news\/2026\/08\/31\/a-anemia-em-mulheres-e-idosos-nem-sempre-vem-da-falta-de-ferro-na-comida-mas-tambem-da-baixa-vitamina-c-nas-refeicoes-que-aumenta-a-absorcao-do-ferro-no-intestino\/#breadcrumb","itemListElement":[{"@type":"ListItem","position":1,"name":"In\u00edcio","item":"https:\/\/www.tuasaude.com\/news\/"},{"@type":"ListItem","position":2,"name":"A anemia em mulheres e idosos nem sempre vem da falta de ferro na comida, mas tamb\u00e9m da baixa vitamina C nas refei\u00e7\u00f5es, que aumenta a absor\u00e7\u00e3o do ferro no intestino"}]},{"@type":"WebSite","@id":"https:\/\/www.tuasaude.com\/news\/#website","url":"https:\/\/www.tuasaude.com\/news\/","name":"Tua Sa\u00fade","description":"Seu site de sa\u00fade","potentialAction":[{"@type":"SearchAction","target":{"@type":"EntryPoint","urlTemplate":"https:\/\/www.tuasaude.com\/news\/?s={search_term_string}"},"query-input":{"@type":"PropertyValueSpecification","valueRequired":true,"valueName":"search_term_string"}}],"inLanguage":"pt-BR"},{"@type":"Person","@id":"https:\/\/www.tuasaude.com\/news\/#\/schema\/person\/da63bccfbda5c95cfbf2d37c4276fca0","name":"Maycon Geovane","image":{"@type":"ImageObject","inLanguage":"pt-BR","@id":"https:\/\/www.tuasaude.com\/news\/#\/schema\/person\/image\/","url":"https:\/\/secure.gravatar.com\/avatar\/4f4908cf0a2f249a9f1137f9d5769cacc373d9aee67910cc212a09a346873b7d?s=96&d=mm&r=g","contentUrl":"https:\/\/secure.gravatar.com\/avatar\/4f4908cf0a2f249a9f1137f9d5769cacc373d9aee67910cc212a09a346873b7d?s=96&d=mm&r=g","caption":"Maycon Geovane"},"sameAs":["https:\/\/www.tuasaude.com\/news\/"],"url":"https:\/\/www.tuasaude.com\/news\/author\/maycongeovane\/"}]}},"_links":{"self":[{"href":"https:\/\/www.tuasaude.com\/news\/wp-json\/wp\/v2\/posts\/102963","targetHints":{"allow":["GET"]}}],"collection":[{"href":"https:\/\/www.tuasaude.com\/news\/wp-json\/wp\/v2\/posts"}],"about":[{"href":"https:\/\/www.tuasaude.com\/news\/wp-json\/wp\/v2\/types\/post"}],"author":[{"embeddable":true,"href":"https:\/\/www.tuasaude.com\/news\/wp-json\/wp\/v2\/users\/16"}],"replies":[{"embeddable":true,"href":"https:\/\/www.tuasaude.com\/news\/wp-json\/wp\/v2\/comments?post=102963"}],"version-history":[{"count":1,"href":"https:\/\/www.tuasaude.com\/news\/wp-json\/wp\/v2\/posts\/102963\/revisions"}],"predecessor-version":[{"id":102967,"href":"https:\/\/www.tuasaude.com\/news\/wp-json\/wp\/v2\/posts\/102963\/revisions\/102967"}],"wp:featuredmedia":[{"embeddable":true,"href":"https:\/\/www.tuasaude.com\/news\/wp-json\/wp\/v2\/media\/102964"}],"wp:attachment":[{"href":"https:\/\/www.tuasaude.com\/news\/wp-json\/wp\/v2\/media?parent=102963"}],"wp:term":[{"taxonomy":"category","embeddable":true,"href":"https:\/\/www.tuasaude.com\/news\/wp-json\/wp\/v2\/categories?post=102963"},{"taxonomy":"post_tag","embeddable":true,"href":"https:\/\/www.tuasaude.com\/news\/wp-json\/wp\/v2\/tags?post=102963"}],"curies":[{"name":"wp","href":"https:\/\/api.w.org\/{rel}","templated":true}]}}