{"id":102918,"date":"2026-08-31T01:20:00","date_gmt":"2026-08-31T04:20:00","guid":{"rendered":"https:\/\/www.tuasaude.com\/news\/?p=102918"},"modified":"2026-08-25T21:41:16","modified_gmt":"2026-08-26T00:41:16","slug":"enxaqueca-e-dor-de-cabeca-tensional-no-dia-a-dia-apresentam-sinais-distintos-e-pedem-tratamentos-diferentes","status":"publish","type":"post","link":"https:\/\/www.tuasaude.com\/news\/2026\/08\/31\/enxaqueca-e-dor-de-cabeca-tensional-no-dia-a-dia-apresentam-sinais-distintos-e-pedem-tratamentos-diferentes\/","title":{"rendered":"Enxaqueca e dor de cabe\u00e7a tensional no dia a dia apresentam sinais distintos e pedem tratamentos diferentes"},"content":{"rendered":"\n<p class=\"wp-block-paragraph\">Sentir dor de cabe\u00e7a faz parte da rotina de muita gente, mas nem toda cefaleia tem a mesma causa ou intensidade. A enxaqueca e a dor de cabe\u00e7a tensional s\u00e3o os dois tipos mais comuns e, embora possam se confundir, apresentam caracter\u00edsticas bem distintas em rela\u00e7\u00e3o \u00e0 localiza\u00e7\u00e3o, aos sintomas associados e \u00e0 melhor forma de tratamento. Reconhecer essas diferen\u00e7as ajuda a evitar o uso indiscriminado de analg\u00e9sicos e a buscar orienta\u00e7\u00e3o especializada no momento certo.<\/p>\n\n\n\n<h2 class=\"wp-block-heading\">Como identificar uma crise de enxaqueca?<\/h2>\n\n\n\n<p class=\"wp-block-paragraph\">A enxaqueca costuma se manifestar como uma dor latejante ou puls\u00e1til, geralmente em apenas um lado da cabe\u00e7a, com intensidade moderada a forte. As crises podem durar de 4 a 72 horas e tendem a piorar com esfor\u00e7o f\u00edsico simples, como subir escadas ou caminhar.<\/p>\n\n\n\n<p class=\"wp-block-paragraph\">Al\u00e9m da dor, \u00e9 comum surgirem sintomas como n\u00e1usea, v\u00f4mito, sensibilidade \u00e0 luz (fotofobia) e ao som (fonofobia). Em alguns casos, a pessoa apresenta a chamada aura, com altera\u00e7\u00f5es visuais que antecedem a dor e refor\u00e7am a necessidade de <a href=\"https:\/\/www.tuasaude.com\/tratamento-para-enxaqueca\/\" target=\"_blank\" rel=\"noreferrer noopener\">tratamento para enxaqueca<\/a> espec\u00edfico.<\/p>\n\n\n\n<h2 class=\"wp-block-heading\">O que caracteriza a dor de cabe\u00e7a tensional?<\/h2>\n\n\n\n<p class=\"wp-block-paragraph\">A dor de cabe\u00e7a tensional \u00e9 descrita como uma sensa\u00e7\u00e3o de aperto, peso ou faixa apertada em volta da cabe\u00e7a. Costuma ser bilateral, de intensidade leve a moderada, e raramente vem acompanhada de n\u00e1usea ou sensibilidade intensa a est\u00edmulos.<\/p>\n\n\n\n<p class=\"wp-block-paragraph\">Essa cefaleia est\u00e1 fortemente ligada \u00e0 contra\u00e7\u00e3o dos m\u00fasculos do pesco\u00e7o, dos ombros e do couro cabeludo, geralmente desencadeada por estresse, m\u00e1 postura, uso prolongado de telas e noites mal dormidas. A dura\u00e7\u00e3o varia de 30 minutos a v\u00e1rios dias, sem piorar com atividade f\u00edsica habitual.<\/p>\n\n\n<div class=\"wp-block-image\">\n<figure class=\"aligncenter size-large\"><img decoding=\"async\" width=\"1024\" height=\"571\" src=\"https:\/\/www.tuasaude.com\/news\/wp-content\/uploads\/2026\/08\/Infographic_differentiating_head\u2026_202608252138-1024x571.jpg\" alt=\"Localiza\u00e7\u00e3o, intensidade, sintomas e gatilhos ajudam a diferenciar enxaqueca de dor tensional.\" class=\"wp-image-102920\" srcset=\"https:\/\/www.tuasaude.com\/news\/wp-content\/uploads\/2026\/08\/Infographic_differentiating_head\u2026_202608252138-1024x571.jpg 1024w, https:\/\/www.tuasaude.com\/news\/wp-content\/uploads\/2026\/08\/Infographic_differentiating_head\u2026_202608252138-300x167.jpg 300w, https:\/\/www.tuasaude.com\/news\/wp-content\/uploads\/2026\/08\/Infographic_differentiating_head\u2026_202608252138-768x428.jpg 768w, https:\/\/www.tuasaude.com\/news\/wp-content\/uploads\/2026\/08\/Infographic_differentiating_head\u2026_202608252138-750x418.jpg 750w, https:\/\/www.tuasaude.com\/news\/wp-content\/uploads\/2026\/08\/Infographic_differentiating_head\u2026_202608252138-1140x636.jpg 1140w, https:\/\/www.tuasaude.com\/news\/wp-content\/uploads\/2026\/08\/Infographic_differentiating_head\u2026_202608252138.jpg 1280w\" sizes=\"(max-width: 1024px) 100vw, 1024px\" \/><figcaption class=\"wp-element-caption\">Localiza\u00e7\u00e3o, intensidade, sintomas e gatilhos ajudam a diferenciar enxaqueca de dor tensional.<\/figcaption><\/figure>\n<\/div>\n\n\n<h2 class=\"wp-block-heading\">Como um estudo cient\u00edfico diferencia enxaqueca e cefaleia tensional?<\/h2>\n\n\n\n<p class=\"wp-block-paragraph\">A distin\u00e7\u00e3o entre esses dois tipos de dor de cabe\u00e7a \u00e9 objeto cont\u00ednuo de investiga\u00e7\u00e3o em neurologia. Uma revis\u00e3o intitulada <a href=\"https:\/\/pubmed.ncbi.nlm.nih.gov\/37474899\/\" target=\"_blank\" rel=\"noreferrer noopener\">Debate Differences and Similarities Between Tension-Type Headache and Migraine<\/a>, publicada no peri\u00f3dico The Journal of Headache and Pain, reuniu crit\u00e9rios cl\u00ednicos atualizados da Classifica\u00e7\u00e3o Internacional das Cefaleias.<\/p>\n\n\n\n<p class=\"wp-block-paragraph\">Segundo Debate Differences and Similarities Between Tension-Type Headache and Migraine publicado no The Journal of Headache and Pain, a enxaqueca \u00e9 marcada por dor puls\u00e1til, agravada por esfor\u00e7o f\u00edsico, com fotofobia, fonofobia e n\u00e1usea, enquanto a cefaleia tensional apresenta dor em press\u00e3o bilateral, sem esses sintomas associados.<\/p>\n\n\n\n<h2 class=\"wp-block-heading\">Quais s\u00e3o os principais gatilhos de cada tipo de dor?<\/h2>\n\n\n\n<p class=\"wp-block-paragraph\">Identificar os fatores desencadeantes \u00e9 uma parte importante da preven\u00e7\u00e3o e do tratamento, j\u00e1 que cada tipo de cefaleia tem gatilhos pr\u00f3prios que podem ser controlados com mudan\u00e7as na rotina. Confira os mais frequentes:<\/p>\n\n\n\n<ul class=\"wp-block-list\">\n<li><strong>Enxaqueca<\/strong>: altera\u00e7\u00f5es hormonais, jejum prolongado, sono irregular, consumo de \u00e1lcool, queijos envelhecidos, chocolate e exposi\u00e7\u00e3o a luzes intensas<\/li>\n\n\n\n<li><strong>Cefaleia tensional<\/strong>: estresse emocional, ansiedade, m\u00e1 postura ao trabalhar sentado, uso excessivo de celular e computador, bruxismo e tens\u00e3o na regi\u00e3o cervical<\/li>\n\n\n\n<li><strong>Gatilhos comuns aos dois tipos<\/strong>: priva\u00e7\u00e3o de sono, desidrata\u00e7\u00e3o, cafe\u00edna em excesso e mudan\u00e7as bruscas de temperatura<\/li>\n\n\n\n<li><strong>Fatores hormonais<\/strong>: varia\u00e7\u00f5es do ciclo menstrual influenciam principalmente a enxaqueca em mulheres<\/li>\n\n\n\n<li><strong>Fadiga visual<\/strong>: leitura prolongada e telas sem pausas podem desencadear ambos os quadros<\/li>\n<\/ul>\n\n\n<div class=\"wp-block-image\">\n<figure class=\"aligncenter size-large\"><img decoding=\"async\" width=\"1024\" height=\"571\" src=\"https:\/\/www.tuasaude.com\/news\/wp-content\/uploads\/2026\/08\/Man_massaging_neck_experiencing_\u2026_202608252138-1024x571.jpg\" alt=\"Dor puls\u00e1til com n\u00e1usea difere da press\u00e3o bilateral t\u00edpica da cefaleia tensional.\" class=\"wp-image-102921\" srcset=\"https:\/\/www.tuasaude.com\/news\/wp-content\/uploads\/2026\/08\/Man_massaging_neck_experiencing_\u2026_202608252138-1024x571.jpg 1024w, https:\/\/www.tuasaude.com\/news\/wp-content\/uploads\/2026\/08\/Man_massaging_neck_experiencing_\u2026_202608252138-300x167.jpg 300w, https:\/\/www.tuasaude.com\/news\/wp-content\/uploads\/2026\/08\/Man_massaging_neck_experiencing_\u2026_202608252138-768x428.jpg 768w, https:\/\/www.tuasaude.com\/news\/wp-content\/uploads\/2026\/08\/Man_massaging_neck_experiencing_\u2026_202608252138-750x418.jpg 750w, https:\/\/www.tuasaude.com\/news\/wp-content\/uploads\/2026\/08\/Man_massaging_neck_experiencing_\u2026_202608252138-1140x636.jpg 1140w, https:\/\/www.tuasaude.com\/news\/wp-content\/uploads\/2026\/08\/Man_massaging_neck_experiencing_\u2026_202608252138.jpg 1280w\" sizes=\"(max-width: 1024px) 100vw, 1024px\" \/><figcaption class=\"wp-element-caption\">Dor puls\u00e1til com n\u00e1usea difere da press\u00e3o bilateral t\u00edpica da cefaleia tensional.<\/figcaption><\/figure>\n<\/div>\n\n\n<h2 class=\"wp-block-heading\">Quando procurar um neurologista?<\/h2>\n\n\n\n<p class=\"wp-block-paragraph\">Buscar avalia\u00e7\u00e3o m\u00e9dica \u00e9 fundamental quando as dores se tornam frequentes, comprometem a rotina ou apresentam sinais de alerta que exigem investiga\u00e7\u00e3o mais detalhada. A Sociedade Brasileira de Cefaleia orienta aten\u00e7\u00e3o especial a alguns cen\u00e1rios. Veja quando marcar consulta:<\/p>\n\n\n\n<ol class=\"wp-block-list\">\n<li>Dores de cabe\u00e7a mais de 4 vezes por m\u00eas ou que aumentam progressivamente de intensidade<\/li>\n\n\n\n<li>Uso frequente de analg\u00e9sicos, com mais de 10 dias por m\u00eas, o que pode causar cefaleia por abuso de medica\u00e7\u00e3o<\/li>\n\n\n\n<li>Dor s\u00fabita, muito intensa, descrita como a pior da vida<\/li>\n\n\n\n<li>Presen\u00e7a de sintomas neurol\u00f3gicos, como fraqueza, dificuldade para falar, perda de vis\u00e3o ou confus\u00e3o mental<\/li>\n\n\n\n<li>Dor associada a febre, rigidez na nuca, v\u00f4mitos persistentes ou ap\u00f3s trauma na cabe\u00e7a<\/li>\n\n\n\n<li>Altera\u00e7\u00f5es no padr\u00e3o habitual da dor, especialmente ap\u00f3s os 50 anos<\/li>\n<\/ol>\n\n\n\n<p class=\"wp-block-paragraph\">Nesses casos, o neurologista poder\u00e1 solicitar exames complementares e definir a melhor abordagem, que pode envolver medicamentos espec\u00edficos, terapias comportamentais e ajustes no estilo de vida, conforme os diferentes <a href=\"https:\/\/www.tuasaude.com\/cefaleia-tipos\/\" target=\"_blank\" rel=\"noreferrer noopener\">tipos de cefaleia<\/a> diagnosticados.<\/p>\n\n\n\n<p class=\"wp-block-paragraph\"><em>Este conte\u00fado tem car\u00e1ter apenas informativo e n\u00e3o substitui a avalia\u00e7\u00e3o, o diagn\u00f3stico ou o tratamento realizados por um m\u00e9dico ou profissional de sa\u00fade qualificado. Consulte sempre um especialista diante de dores de cabe\u00e7a frequentes, intensas ou com sinais de alerta.<\/em><\/p>\n","protected":false},"excerpt":{"rendered":"<p>Sentir dor de cabe\u00e7a faz parte da rotina de muita gente, mas nem toda cefaleia tem a mesma causa ou intensidade. A enxaqueca e a dor de cabe\u00e7a tensional s\u00e3o os dois tipos mais comuns e, embora possam se confundir, apresentam caracter\u00edsticas bem distintas em rela\u00e7\u00e3o \u00e0 localiza\u00e7\u00e3o, aos sintomas associados e \u00e0 melhor forma [&hellip;]<\/p>\n","protected":false},"author":16,"featured_media":102919,"comment_status":"open","ping_status":"open","sticky":false,"template":"","format":"standard","meta":{"_yoast_wpseo_focuskw":"enxaqueca e dor de cabe\u00e7a tensional","_yoast_wpseo_title":"","_yoast_wpseo_metadesc":"Enxaqueca e dor de cabe\u00e7a tensional t\u00eam sinais diferentes. Entenda como localiza\u00e7\u00e3o, intensidade, n\u00e1usea, luz e esfor\u00e7o ajudam a diferenci\u00e1-las.","jnews-multi-image_gallery":[],"jnews_single_post":{"format":"standard"},"jnews_primary_category":[],"jnews_social_meta":[],"jnews_override_counter":[],"footnotes":""},"categories":[111],"tags":[176,2546,437,136,12259,12260],"class_list":["post-102918","post","type-post","status-publish","format-standard","has-post-thumbnail","hentry","category-saude","tag-dia-a-dia","tag-dor-de-cabeca-tensional","tag-enxaqueca","tag-saude","tag-sinais-distintos","tag-tratamentos-diferentes"],"yoast_head":"<!-- This site is optimized with the Yoast SEO plugin v26.7 - https:\/\/yoast.com\/wordpress\/plugins\/seo\/ -->\n<title>Enxaqueca e dor de cabe\u00e7a tensional no dia a dia apresentam sinais distintos e pedem tratamentos diferentes - Tua Sa\u00fade<\/title>\n<meta name=\"description\" content=\"Enxaqueca e dor de cabe\u00e7a tensional t\u00eam sinais diferentes. Entenda como localiza\u00e7\u00e3o, intensidade, n\u00e1usea, luz e esfor\u00e7o ajudam a diferenci\u00e1-las.\" \/>\n<meta name=\"robots\" content=\"index, follow, max-snippet:-1, max-image-preview:large, max-video-preview:-1\" \/>\n<link rel=\"canonical\" href=\"https:\/\/www.tuasaude.com\/news\/2026\/08\/31\/enxaqueca-e-dor-de-cabeca-tensional-no-dia-a-dia-apresentam-sinais-distintos-e-pedem-tratamentos-diferentes\/\" \/>\n<meta property=\"og:locale\" content=\"pt_BR\" \/>\n<meta property=\"og:type\" content=\"article\" \/>\n<meta property=\"og:title\" content=\"Enxaqueca e dor de cabe\u00e7a tensional no dia a dia apresentam sinais distintos e pedem tratamentos diferentes - Tua Sa\u00fade\" \/>\n<meta property=\"og:description\" content=\"Enxaqueca e dor de cabe\u00e7a tensional t\u00eam sinais diferentes. Entenda como localiza\u00e7\u00e3o, intensidade, n\u00e1usea, luz e esfor\u00e7o ajudam a diferenci\u00e1-las.\" \/>\n<meta property=\"og:url\" content=\"https:\/\/www.tuasaude.com\/news\/2026\/08\/31\/enxaqueca-e-dor-de-cabeca-tensional-no-dia-a-dia-apresentam-sinais-distintos-e-pedem-tratamentos-diferentes\/\" \/>\n<meta property=\"og:site_name\" content=\"Tua Sa\u00fade\" \/>\n<meta property=\"article:published_time\" content=\"2026-08-31T04:20:00+00:00\" \/>\n<meta property=\"og:image\" content=\"https:\/\/www.tuasaude.com\/news\/wp-content\/uploads\/2026\/08\/Woman_experiencing_headache_at_desk_202608252138.jpg\" \/>\n\t<meta property=\"og:image:width\" content=\"1280\" \/>\n\t<meta property=\"og:image:height\" content=\"714\" \/>\n\t<meta property=\"og:image:type\" content=\"image\/jpeg\" \/>\n<meta name=\"author\" content=\"Maycon Geovane\" \/>\n<meta name=\"twitter:card\" content=\"summary_large_image\" \/>\n<meta name=\"twitter:label1\" content=\"Escrito por\" \/>\n\t<meta name=\"twitter:data1\" content=\"Maycon Geovane\" \/>\n\t<meta name=\"twitter:label2\" content=\"Est. tempo de leitura\" \/>\n\t<meta name=\"twitter:data2\" content=\"5 minutos\" \/>\n<!-- \/ Yoast SEO plugin. -->","yoast_head_json":{"title":"Enxaqueca e dor de cabe\u00e7a tensional no dia a dia apresentam sinais distintos e pedem tratamentos diferentes - Tua Sa\u00fade","description":"Enxaqueca e dor de cabe\u00e7a tensional t\u00eam sinais diferentes. Entenda como localiza\u00e7\u00e3o, intensidade, n\u00e1usea, luz e esfor\u00e7o ajudam a diferenci\u00e1-las.","robots":{"index":"index","follow":"follow","max-snippet":"max-snippet:-1","max-image-preview":"max-image-preview:large","max-video-preview":"max-video-preview:-1"},"canonical":"https:\/\/www.tuasaude.com\/news\/2026\/08\/31\/enxaqueca-e-dor-de-cabeca-tensional-no-dia-a-dia-apresentam-sinais-distintos-e-pedem-tratamentos-diferentes\/","og_locale":"pt_BR","og_type":"article","og_title":"Enxaqueca e dor de cabe\u00e7a tensional no dia a dia apresentam sinais distintos e pedem tratamentos diferentes - Tua Sa\u00fade","og_description":"Enxaqueca e dor de cabe\u00e7a tensional t\u00eam sinais diferentes. Entenda como localiza\u00e7\u00e3o, intensidade, n\u00e1usea, luz e esfor\u00e7o ajudam a diferenci\u00e1-las.","og_url":"https:\/\/www.tuasaude.com\/news\/2026\/08\/31\/enxaqueca-e-dor-de-cabeca-tensional-no-dia-a-dia-apresentam-sinais-distintos-e-pedem-tratamentos-diferentes\/","og_site_name":"Tua Sa\u00fade","article_published_time":"2026-08-31T04:20:00+00:00","og_image":[{"width":1280,"height":714,"url":"https:\/\/www.tuasaude.com\/news\/wp-content\/uploads\/2026\/08\/Woman_experiencing_headache_at_desk_202608252138.jpg","type":"image\/jpeg"}],"author":"Maycon Geovane","twitter_card":"summary_large_image","twitter_misc":{"Escrito por":"Maycon Geovane","Est. tempo de leitura":"5 minutos"},"schema":{"@context":"https:\/\/schema.org","@graph":[{"@type":"Article","@id":"https:\/\/www.tuasaude.com\/news\/2026\/08\/31\/enxaqueca-e-dor-de-cabeca-tensional-no-dia-a-dia-apresentam-sinais-distintos-e-pedem-tratamentos-diferentes\/#article","isPartOf":{"@id":"https:\/\/www.tuasaude.com\/news\/2026\/08\/31\/enxaqueca-e-dor-de-cabeca-tensional-no-dia-a-dia-apresentam-sinais-distintos-e-pedem-tratamentos-diferentes\/"},"author":{"name":"Maycon Geovane","@id":"https:\/\/www.tuasaude.com\/news\/#\/schema\/person\/da63bccfbda5c95cfbf2d37c4276fca0"},"headline":"Enxaqueca e dor de cabe\u00e7a tensional no dia a dia apresentam sinais distintos e pedem tratamentos diferentes","datePublished":"2026-08-31T04:20:00+00:00","mainEntityOfPage":{"@id":"https:\/\/www.tuasaude.com\/news\/2026\/08\/31\/enxaqueca-e-dor-de-cabeca-tensional-no-dia-a-dia-apresentam-sinais-distintos-e-pedem-tratamentos-diferentes\/"},"wordCount":814,"commentCount":0,"image":{"@id":"https:\/\/www.tuasaude.com\/news\/2026\/08\/31\/enxaqueca-e-dor-de-cabeca-tensional-no-dia-a-dia-apresentam-sinais-distintos-e-pedem-tratamentos-diferentes\/#primaryimage"},"thumbnailUrl":"https:\/\/www.tuasaude.com\/news\/wp-content\/uploads\/2026\/08\/Woman_experiencing_headache_at_desk_202608252138.jpg","keywords":["dia a dia","Dor de cabe\u00e7a tensional","enxaqueca","sa\u00fade","sinais distintos","tratamentos diferentes"],"articleSection":["Sa\u00fade"],"inLanguage":"pt-BR","potentialAction":[{"@type":"CommentAction","name":"Comment","target":["https:\/\/www.tuasaude.com\/news\/2026\/08\/31\/enxaqueca-e-dor-de-cabeca-tensional-no-dia-a-dia-apresentam-sinais-distintos-e-pedem-tratamentos-diferentes\/#respond"]}]},{"@type":"WebPage","@id":"https:\/\/www.tuasaude.com\/news\/2026\/08\/31\/enxaqueca-e-dor-de-cabeca-tensional-no-dia-a-dia-apresentam-sinais-distintos-e-pedem-tratamentos-diferentes\/","url":"https:\/\/www.tuasaude.com\/news\/2026\/08\/31\/enxaqueca-e-dor-de-cabeca-tensional-no-dia-a-dia-apresentam-sinais-distintos-e-pedem-tratamentos-diferentes\/","name":"Enxaqueca e dor de cabe\u00e7a tensional no dia a dia apresentam sinais distintos e pedem tratamentos diferentes - Tua Sa\u00fade","isPartOf":{"@id":"https:\/\/www.tuasaude.com\/news\/#website"},"primaryImageOfPage":{"@id":"https:\/\/www.tuasaude.com\/news\/2026\/08\/31\/enxaqueca-e-dor-de-cabeca-tensional-no-dia-a-dia-apresentam-sinais-distintos-e-pedem-tratamentos-diferentes\/#primaryimage"},"image":{"@id":"https:\/\/www.tuasaude.com\/news\/2026\/08\/31\/enxaqueca-e-dor-de-cabeca-tensional-no-dia-a-dia-apresentam-sinais-distintos-e-pedem-tratamentos-diferentes\/#primaryimage"},"thumbnailUrl":"https:\/\/www.tuasaude.com\/news\/wp-content\/uploads\/2026\/08\/Woman_experiencing_headache_at_desk_202608252138.jpg","datePublished":"2026-08-31T04:20:00+00:00","author":{"@id":"https:\/\/www.tuasaude.com\/news\/#\/schema\/person\/da63bccfbda5c95cfbf2d37c4276fca0"},"description":"Enxaqueca e dor de cabe\u00e7a tensional t\u00eam sinais diferentes. Entenda como localiza\u00e7\u00e3o, intensidade, n\u00e1usea, luz e esfor\u00e7o ajudam a diferenci\u00e1-las.","breadcrumb":{"@id":"https:\/\/www.tuasaude.com\/news\/2026\/08\/31\/enxaqueca-e-dor-de-cabeca-tensional-no-dia-a-dia-apresentam-sinais-distintos-e-pedem-tratamentos-diferentes\/#breadcrumb"},"inLanguage":"pt-BR","potentialAction":[{"@type":"ReadAction","target":["https:\/\/www.tuasaude.com\/news\/2026\/08\/31\/enxaqueca-e-dor-de-cabeca-tensional-no-dia-a-dia-apresentam-sinais-distintos-e-pedem-tratamentos-diferentes\/"]}]},{"@type":"ImageObject","inLanguage":"pt-BR","@id":"https:\/\/www.tuasaude.com\/news\/2026\/08\/31\/enxaqueca-e-dor-de-cabeca-tensional-no-dia-a-dia-apresentam-sinais-distintos-e-pedem-tratamentos-diferentes\/#primaryimage","url":"https:\/\/www.tuasaude.com\/news\/wp-content\/uploads\/2026\/08\/Woman_experiencing_headache_at_desk_202608252138.jpg","contentUrl":"https:\/\/www.tuasaude.com\/news\/wp-content\/uploads\/2026\/08\/Woman_experiencing_headache_at_desk_202608252138.jpg","width":1280,"height":714,"caption":"Enxaqueca e dor de cabe\u00e7a tensional no dia a dia apresentam sinais distintos e pedem tratamentos diferentes"},{"@type":"BreadcrumbList","@id":"https:\/\/www.tuasaude.com\/news\/2026\/08\/31\/enxaqueca-e-dor-de-cabeca-tensional-no-dia-a-dia-apresentam-sinais-distintos-e-pedem-tratamentos-diferentes\/#breadcrumb","itemListElement":[{"@type":"ListItem","position":1,"name":"In\u00edcio","item":"https:\/\/www.tuasaude.com\/news\/"},{"@type":"ListItem","position":2,"name":"Enxaqueca e dor de cabe\u00e7a tensional no dia a dia apresentam sinais distintos e pedem tratamentos diferentes"}]},{"@type":"WebSite","@id":"https:\/\/www.tuasaude.com\/news\/#website","url":"https:\/\/www.tuasaude.com\/news\/","name":"Tua Sa\u00fade","description":"Seu site de sa\u00fade","potentialAction":[{"@type":"SearchAction","target":{"@type":"EntryPoint","urlTemplate":"https:\/\/www.tuasaude.com\/news\/?s={search_term_string}"},"query-input":{"@type":"PropertyValueSpecification","valueRequired":true,"valueName":"search_term_string"}}],"inLanguage":"pt-BR"},{"@type":"Person","@id":"https:\/\/www.tuasaude.com\/news\/#\/schema\/person\/da63bccfbda5c95cfbf2d37c4276fca0","name":"Maycon Geovane","image":{"@type":"ImageObject","inLanguage":"pt-BR","@id":"https:\/\/www.tuasaude.com\/news\/#\/schema\/person\/image\/","url":"https:\/\/secure.gravatar.com\/avatar\/4f4908cf0a2f249a9f1137f9d5769cacc373d9aee67910cc212a09a346873b7d?s=96&d=mm&r=g","contentUrl":"https:\/\/secure.gravatar.com\/avatar\/4f4908cf0a2f249a9f1137f9d5769cacc373d9aee67910cc212a09a346873b7d?s=96&d=mm&r=g","caption":"Maycon Geovane"},"sameAs":["https:\/\/www.tuasaude.com\/news\/"],"url":"https:\/\/www.tuasaude.com\/news\/author\/maycongeovane\/"}]}},"_links":{"self":[{"href":"https:\/\/www.tuasaude.com\/news\/wp-json\/wp\/v2\/posts\/102918","targetHints":{"allow":["GET"]}}],"collection":[{"href":"https:\/\/www.tuasaude.com\/news\/wp-json\/wp\/v2\/posts"}],"about":[{"href":"https:\/\/www.tuasaude.com\/news\/wp-json\/wp\/v2\/types\/post"}],"author":[{"embeddable":true,"href":"https:\/\/www.tuasaude.com\/news\/wp-json\/wp\/v2\/users\/16"}],"replies":[{"embeddable":true,"href":"https:\/\/www.tuasaude.com\/news\/wp-json\/wp\/v2\/comments?post=102918"}],"version-history":[{"count":1,"href":"https:\/\/www.tuasaude.com\/news\/wp-json\/wp\/v2\/posts\/102918\/revisions"}],"predecessor-version":[{"id":102922,"href":"https:\/\/www.tuasaude.com\/news\/wp-json\/wp\/v2\/posts\/102918\/revisions\/102922"}],"wp:featuredmedia":[{"embeddable":true,"href":"https:\/\/www.tuasaude.com\/news\/wp-json\/wp\/v2\/media\/102919"}],"wp:attachment":[{"href":"https:\/\/www.tuasaude.com\/news\/wp-json\/wp\/v2\/media?parent=102918"}],"wp:term":[{"taxonomy":"category","embeddable":true,"href":"https:\/\/www.tuasaude.com\/news\/wp-json\/wp\/v2\/categories?post=102918"},{"taxonomy":"post_tag","embeddable":true,"href":"https:\/\/www.tuasaude.com\/news\/wp-json\/wp\/v2\/tags?post=102918"}],"curies":[{"name":"wp","href":"https:\/\/api.w.org\/{rel}","templated":true}]}}