{"id":10078,"date":"2026-03-18T06:20:00","date_gmt":"2026-03-18T09:20:00","guid":{"rendered":"https:\/\/www.tuasaude.com\/news\/?p=10078"},"modified":"2026-03-17T20:33:01","modified_gmt":"2026-03-17T23:33:01","slug":"acorda-com-o-pescoco-travado-ortopedista-alerta-para-os-erros-na-hora-de-escolher-a-altura-do-apoio-da-cabeca","status":"publish","type":"post","link":"https:\/\/www.tuasaude.com\/news\/2026\/03\/18\/acorda-com-o-pescoco-travado-ortopedista-alerta-para-os-erros-na-hora-de-escolher-a-altura-do-apoio-da-cabeca\/","title":{"rendered":"Acorda com o pesco\u00e7o travado? Ortopedista alerta para os erros na hora de escolher a altura do apoio da cabe\u00e7a"},"content":{"rendered":"\n<p>Acordar com o pesco\u00e7o travado, dor na nuca ou rigidez nos ombros pode estar diretamente relacionado \u00e0 altura inadequada do travesseiro. Durante as seis a oito horas de sono, a coluna cervical depende totalmente do apoio para se manter em posi\u00e7\u00e3o neutra. Quando esse suporte falha, a musculatura que deveria descansar permanece tensionada, resultando no desconforto que muitas pessoas sentem logo ao abrir os olhos pela manh\u00e3.<\/p>\n\n\n\n<h2 class=\"wp-block-heading\">Por que a altura errada do travesseiro causa dor cervical<\/h2>\n\n\n\n<p>Um travesseiro muito alto empurra a cabe\u00e7a para frente, criando uma flex\u00e3o excessiva que sobrecarrega as v\u00e9rtebras e os discos da regi\u00e3o cervical. J\u00e1 um modelo muito baixo faz a cabe\u00e7a cair para o lado, gerando tens\u00e3o nos ligamentos laterais do pesco\u00e7o. Nos dois casos, m\u00fasculos e articula\u00e7\u00f5es trabalham durante toda a noite quando deveriam estar em repouso.<\/p>\n\n\n\n<p>Com o tempo, esse estresse cont\u00ednuo pode evoluir para tens\u00f5es cr\u00f4nicas, dores de cabe\u00e7a matinais e at\u00e9 formigamento nos bra\u00e7os devido \u00e0 compress\u00e3o dos nervos cervicais.<\/p>\n\n\n<div class=\"wp-block-image\">\n<figure class=\"aligncenter size-large\"><img decoding=\"async\" width=\"1024\" height=\"571\" src=\"https:\/\/www.tuasaude.com\/news\/wp-content\/uploads\/2026\/03\/creation_2599603824-1024x571.png\" alt=\"Acorda com o pesco\u00e7o travado? Ortopedista alerta para os erros na hora de escolher a altura do apoio da cabe\u00e7a\" class=\"wp-image-10354\" srcset=\"https:\/\/www.tuasaude.com\/news\/wp-content\/uploads\/2026\/03\/creation_2599603824-1024x571.png 1024w, https:\/\/www.tuasaude.com\/news\/wp-content\/uploads\/2026\/03\/creation_2599603824-300x167.png 300w, https:\/\/www.tuasaude.com\/news\/wp-content\/uploads\/2026\/03\/creation_2599603824-768x428.png 768w, https:\/\/www.tuasaude.com\/news\/wp-content\/uploads\/2026\/03\/creation_2599603824-750x418.png 750w, https:\/\/www.tuasaude.com\/news\/wp-content\/uploads\/2026\/03\/creation_2599603824-1140x636.png 1140w, https:\/\/www.tuasaude.com\/news\/wp-content\/uploads\/2026\/03\/creation_2599603824.png 1280w\" sizes=\"(max-width: 1024px) 100vw, 1024px\" \/><figcaption class=\"wp-element-caption\">A altura inadequada do travesseiro pode causar dor cervical e rigidez ao acordar.<\/figcaption><\/figure>\n<\/div>\n\n\n<h2 class=\"wp-block-heading\">Estudo cient\u00edfico comprova a rela\u00e7\u00e3o entre altura do travesseiro e alinhamento da coluna<\/h2>\n\n\n\n<p>A import\u00e2ncia de escolher a altura correta do travesseiro \u00e9 sustentada por evid\u00eancias cient\u00edficas consistentes. Segundo a revis\u00e3o sistem\u00e1tica com metan\u00e1lise <a href=\"https:\/\/pubmed.ncbi.nlm.nih.gov\/33895703\/\" target=\"_blank\" rel=\"noreferrer noopener\"><em>The effects of pillow designs on neck pain, waking symptoms, neck disability, sleep quality and spinal alignment in adults<\/em><\/a>, publicada na revista <strong>Clinical Biomechanics<\/strong> e indexada no PubMed, travesseiros de l\u00e1tex ou borracha apresentaram redu\u00e7\u00e3o significativa da dor cervical ao acordar em compara\u00e7\u00e3o a modelos convencionais. A an\u00e1lise reuniu 35 estudos e avaliou 555 participantes, concluindo que tanto o material quanto o formato do travesseiro influenciam diretamente o alinhamento da coluna durante o sono.<\/p>\n\n\n\n<h2 class=\"wp-block-heading\">Como escolher a altura ideal para cada posi\u00e7\u00e3o de dormir<\/h2>\n\n\n\n<p>N\u00e3o existe um travesseiro universal. O modelo adequado depende principalmente de como voc\u00ea dorme. Confira as orienta\u00e7\u00f5es gerais:<\/p>\n\n\n\n<ul class=\"wp-block-list\">\n<li><strong>Quem dorme de lado:<\/strong> o travesseiro deve preencher o espa\u00e7o entre a cabe\u00e7a e o ombro, mantendo o pesco\u00e7o paralelo ao colch\u00e3o. A altura recomendada costuma variar entre 10 e 15 cent\u00edmetros, dependendo da largura dos ombros.<\/li>\n\n\n\n<li><strong>Quem dorme de costas:<\/strong> a altura ideal \u00e9 baixa a m\u00e9dia, suficiente para sustentar a curva natural do pesco\u00e7o sem empurrar a cabe\u00e7a para frente.<\/li>\n\n\n\n<li><strong>Quem dorme de bru\u00e7os:<\/strong> essa \u00e9 a posi\u00e7\u00e3o menos recomendada para a sa\u00fade cervical. Caso seja inevit\u00e1vel, utilize um travesseiro bem fino ou considere n\u00e3o usar nenhum.<\/li>\n<\/ul>\n\n\n\n<h2 class=\"wp-block-heading\">Sinais de que seu travesseiro precisa ser trocado<\/h2>\n\n\n\n<p>Al\u00e9m de escolher a altura correta, \u00e9 fundamental observar o estado de conserva\u00e7\u00e3o do travesseiro. Alguns sinais indicam que chegou a hora da substitui\u00e7\u00e3o:<\/p>\n\n\n\n<ul class=\"wp-block-list\">\n<li>Voc\u00ea consegue dobrar o travesseiro ao meio e ele n\u00e3o retorna \u00e0 posi\u00e7\u00e3o original<\/li>\n\n\n\n<li>Precisa ficar ajeitando o travesseiro com as m\u00e3os para apoiar a cabe\u00e7a corretamente<\/li>\n\n\n\n<li>O travesseiro apresenta deforma\u00e7\u00f5es vis\u00edveis ou perda de firmeza<\/li>\n\n\n\n<li>Acorda frequentemente com dor no pesco\u00e7o ou ombros r\u00edgidos<\/li>\n<\/ul>\n\n\n\n<p>Especialistas recomendam trocar o travesseiro a cada dois ou tr\u00eas anos, pois ap\u00f3s esse per\u00edodo a estrutura original tende a se deteriorar.<\/p>\n\n\n<div class=\"wp-block-image\">\n<figure class=\"aligncenter size-large\"><img decoding=\"async\" width=\"1024\" height=\"460\" src=\"https:\/\/www.tuasaude.com\/news\/wp-content\/uploads\/2026\/03\/convertido-41-1024x460.jpg\" alt=\"\" class=\"wp-image-10079\" srcset=\"https:\/\/www.tuasaude.com\/news\/wp-content\/uploads\/2026\/03\/convertido-41-1024x460.jpg 1024w, https:\/\/www.tuasaude.com\/news\/wp-content\/uploads\/2026\/03\/convertido-41-300x135.jpg 300w, https:\/\/www.tuasaude.com\/news\/wp-content\/uploads\/2026\/03\/convertido-41-768x345.jpg 768w, https:\/\/www.tuasaude.com\/news\/wp-content\/uploads\/2026\/03\/convertido-41-750x337.jpg 750w, https:\/\/www.tuasaude.com\/news\/wp-content\/uploads\/2026\/03\/convertido-41-1140x512.jpg 1140w, https:\/\/www.tuasaude.com\/news\/wp-content\/uploads\/2026\/03\/convertido-41.jpg 1280w\" sizes=\"(max-width: 1024px) 100vw, 1024px\" \/><\/figure>\n<\/div>\n\n\n<h2 class=\"wp-block-heading\">O travesseiro adequado \u00e9 parte do cuidado com a coluna<\/h2>\n\n\n\n<p>Ajustar a altura do travesseiro \u00e9 uma das mudan\u00e7as mais simples e eficazes para proteger a coluna cervical e melhorar a qualidade do sono. Pessoas mais altas ou com ombros largos geralmente precisam de travesseiros mais altos, enquanto pessoas de menor estatura podem se beneficiar de modelos mais baixos. Para mais informa\u00e7\u00f5es sobre como manter a <a href=\"https:\/\/www.tuasaude.com\/dor-no-pescoco\/\" target=\"_blank\" rel=\"noreferrer noopener\">sa\u00fade do pesco\u00e7o e prevenir dores cervicais<\/a>, \u00e9 importante conhecer tamb\u00e9m outros fatores que influenciam o bem-estar dessa regi\u00e3o.<\/p>\n\n\n\n<p><em>Este conte\u00fado \u00e9 apenas informativo e n\u00e3o substitui a avalia\u00e7\u00e3o de um m\u00e9dico. Se voc\u00ea apresenta dor cervical frequente ou outros sintomas persistentes, procure um ortopedista ou fisioterapeuta para uma avalia\u00e7\u00e3o individualizada.<\/em><\/p>\n","protected":false},"excerpt":{"rendered":"<p>Acordar com o pesco\u00e7o travado, dor na nuca ou rigidez nos ombros pode estar diretamente relacionado \u00e0 altura inadequada do travesseiro. Durante as seis a oito horas de sono, a coluna cervical depende totalmente do apoio para se manter em posi\u00e7\u00e3o neutra. Quando esse suporte falha, a musculatura que deveria descansar permanece tensionada, resultando no [&hellip;]<\/p>\n","protected":false},"author":12,"featured_media":10353,"comment_status":"open","ping_status":"open","sticky":false,"template":"","format":"standard","meta":{"_yoast_wpseo_focuskw":"dor cervical","_yoast_wpseo_title":"","_yoast_wpseo_metadesc":"Descubra como a altura do travesseiro afeta a dor cervical e o alinhamento da coluna, com orienta\u00e7\u00f5es pr\u00e1ticas e respaldo de estudo cient\u00edfico.","jnews-multi-image_gallery":[],"jnews_single_post":{"format":"standard"},"jnews_primary_category":[],"jnews_social_meta":[],"jnews_override_counter":[],"footnotes":""},"categories":[111],"tags":[1521,2244,2815,1250,1249,2683,1159,2813,2328,2814],"class_list":["post-10078","post","type-post","status-publish","format-standard","has-post-thumbnail","hentry","category-saude","tag-alinhamento-da-coluna","tag-altura-do-travesseiro","tag-apoio-da-cabeca","tag-coluna-cervical","tag-dor-no-pescoco","tag-pescoco-travado","tag-qualidade-do-sono","tag-rigidez-nos-ombros","tag-travesseiro-ideal","tag-opedista"],"yoast_head":"<!-- This site is optimized with the Yoast SEO plugin v26.7 - https:\/\/yoast.com\/wordpress\/plugins\/seo\/ -->\n<title>Acorda com o pesco\u00e7o travado? Ortopedista alerta para os erros na hora de escolher a altura do apoio da cabe\u00e7a - Tua Sa\u00fade<\/title>\n<meta name=\"description\" content=\"Descubra como a altura do travesseiro afeta a dor cervical e o alinhamento da coluna, com orienta\u00e7\u00f5es pr\u00e1ticas e respaldo de estudo cient\u00edfico.\" \/>\n<meta name=\"robots\" content=\"index, follow, max-snippet:-1, max-image-preview:large, max-video-preview:-1\" \/>\n<link rel=\"canonical\" href=\"https:\/\/www.tuasaude.com\/news\/2026\/03\/18\/acorda-com-o-pescoco-travado-ortopedista-alerta-para-os-erros-na-hora-de-escolher-a-altura-do-apoio-da-cabeca\/\" \/>\n<meta property=\"og:locale\" content=\"pt_BR\" \/>\n<meta property=\"og:type\" content=\"article\" \/>\n<meta property=\"og:title\" content=\"Acorda com o pesco\u00e7o travado? Ortopedista alerta para os erros na hora de escolher a altura do apoio da cabe\u00e7a - Tua Sa\u00fade\" \/>\n<meta property=\"og:description\" content=\"Descubra como a altura do travesseiro afeta a dor cervical e o alinhamento da coluna, com orienta\u00e7\u00f5es pr\u00e1ticas e respaldo de estudo cient\u00edfico.\" \/>\n<meta property=\"og:url\" content=\"https:\/\/www.tuasaude.com\/news\/2026\/03\/18\/acorda-com-o-pescoco-travado-ortopedista-alerta-para-os-erros-na-hora-de-escolher-a-altura-do-apoio-da-cabeca\/\" \/>\n<meta property=\"og:site_name\" content=\"Tua Sa\u00fade\" \/>\n<meta property=\"article:published_time\" content=\"2026-03-18T09:20:00+00:00\" \/>\n<meta property=\"og:image\" content=\"https:\/\/www.tuasaude.com\/news\/wp-content\/uploads\/2026\/03\/creation_2599599047.png\" \/>\n\t<meta property=\"og:image:width\" content=\"1280\" \/>\n\t<meta property=\"og:image:height\" content=\"714\" \/>\n\t<meta property=\"og:image:type\" content=\"image\/png\" \/>\n<meta name=\"author\" content=\"Jeferson Henrique\" \/>\n<meta name=\"twitter:card\" content=\"summary_large_image\" \/>\n<meta name=\"twitter:label1\" content=\"Escrito por\" \/>\n\t<meta name=\"twitter:data1\" content=\"Jeferson Henrique\" \/>\n\t<meta name=\"twitter:label2\" content=\"Est. tempo de leitura\" \/>\n\t<meta name=\"twitter:data2\" content=\"4 minutos\" \/>\n<!-- \/ Yoast SEO plugin. -->","yoast_head_json":{"title":"Acorda com o pesco\u00e7o travado? Ortopedista alerta para os erros na hora de escolher a altura do apoio da cabe\u00e7a - Tua Sa\u00fade","description":"Descubra como a altura do travesseiro afeta a dor cervical e o alinhamento da coluna, com orienta\u00e7\u00f5es pr\u00e1ticas e respaldo de estudo cient\u00edfico.","robots":{"index":"index","follow":"follow","max-snippet":"max-snippet:-1","max-image-preview":"max-image-preview:large","max-video-preview":"max-video-preview:-1"},"canonical":"https:\/\/www.tuasaude.com\/news\/2026\/03\/18\/acorda-com-o-pescoco-travado-ortopedista-alerta-para-os-erros-na-hora-de-escolher-a-altura-do-apoio-da-cabeca\/","og_locale":"pt_BR","og_type":"article","og_title":"Acorda com o pesco\u00e7o travado? Ortopedista alerta para os erros na hora de escolher a altura do apoio da cabe\u00e7a - Tua Sa\u00fade","og_description":"Descubra como a altura do travesseiro afeta a dor cervical e o alinhamento da coluna, com orienta\u00e7\u00f5es pr\u00e1ticas e respaldo de estudo cient\u00edfico.","og_url":"https:\/\/www.tuasaude.com\/news\/2026\/03\/18\/acorda-com-o-pescoco-travado-ortopedista-alerta-para-os-erros-na-hora-de-escolher-a-altura-do-apoio-da-cabeca\/","og_site_name":"Tua Sa\u00fade","article_published_time":"2026-03-18T09:20:00+00:00","og_image":[{"width":1280,"height":714,"url":"https:\/\/www.tuasaude.com\/news\/wp-content\/uploads\/2026\/03\/creation_2599599047.png","type":"image\/png"}],"author":"Jeferson Henrique","twitter_card":"summary_large_image","twitter_misc":{"Escrito por":"Jeferson Henrique","Est. tempo de leitura":"4 minutos"},"schema":{"@context":"https:\/\/schema.org","@graph":[{"@type":"Article","@id":"https:\/\/www.tuasaude.com\/news\/2026\/03\/18\/acorda-com-o-pescoco-travado-ortopedista-alerta-para-os-erros-na-hora-de-escolher-a-altura-do-apoio-da-cabeca\/#article","isPartOf":{"@id":"https:\/\/www.tuasaude.com\/news\/2026\/03\/18\/acorda-com-o-pescoco-travado-ortopedista-alerta-para-os-erros-na-hora-de-escolher-a-altura-do-apoio-da-cabeca\/"},"author":{"name":"Jeferson Henrique","@id":"https:\/\/www.tuasaude.com\/news\/#\/schema\/person\/963d63d4e1f0c81f5f3a70ba4bcb0ef7"},"headline":"Acorda com o pesco\u00e7o travado? Ortopedista alerta para os erros na hora de escolher a altura do apoio da cabe\u00e7a","datePublished":"2026-03-18T09:20:00+00:00","mainEntityOfPage":{"@id":"https:\/\/www.tuasaude.com\/news\/2026\/03\/18\/acorda-com-o-pescoco-travado-ortopedista-alerta-para-os-erros-na-hora-de-escolher-a-altura-do-apoio-da-cabeca\/"},"wordCount":692,"commentCount":0,"image":{"@id":"https:\/\/www.tuasaude.com\/news\/2026\/03\/18\/acorda-com-o-pescoco-travado-ortopedista-alerta-para-os-erros-na-hora-de-escolher-a-altura-do-apoio-da-cabeca\/#primaryimage"},"thumbnailUrl":"https:\/\/www.tuasaude.com\/news\/wp-content\/uploads\/2026\/03\/creation_2599599047.png","keywords":["alinhamento da coluna","altura do travesseiro","apoio da cabe\u00e7a","coluna cervical","dor no pesco\u00e7o","pesco\u00e7o travado","qualidade do sono","rigidez nos ombros","travesseiro ideal","\u043e\u0440\u0442opedista"],"articleSection":["Sa\u00fade"],"inLanguage":"pt-BR","potentialAction":[{"@type":"CommentAction","name":"Comment","target":["https:\/\/www.tuasaude.com\/news\/2026\/03\/18\/acorda-com-o-pescoco-travado-ortopedista-alerta-para-os-erros-na-hora-de-escolher-a-altura-do-apoio-da-cabeca\/#respond"]}]},{"@type":"WebPage","@id":"https:\/\/www.tuasaude.com\/news\/2026\/03\/18\/acorda-com-o-pescoco-travado-ortopedista-alerta-para-os-erros-na-hora-de-escolher-a-altura-do-apoio-da-cabeca\/","url":"https:\/\/www.tuasaude.com\/news\/2026\/03\/18\/acorda-com-o-pescoco-travado-ortopedista-alerta-para-os-erros-na-hora-de-escolher-a-altura-do-apoio-da-cabeca\/","name":"Acorda com o pesco\u00e7o travado? Ortopedista alerta para os erros na hora de escolher a altura do apoio da cabe\u00e7a - Tua Sa\u00fade","isPartOf":{"@id":"https:\/\/www.tuasaude.com\/news\/#website"},"primaryImageOfPage":{"@id":"https:\/\/www.tuasaude.com\/news\/2026\/03\/18\/acorda-com-o-pescoco-travado-ortopedista-alerta-para-os-erros-na-hora-de-escolher-a-altura-do-apoio-da-cabeca\/#primaryimage"},"image":{"@id":"https:\/\/www.tuasaude.com\/news\/2026\/03\/18\/acorda-com-o-pescoco-travado-ortopedista-alerta-para-os-erros-na-hora-de-escolher-a-altura-do-apoio-da-cabeca\/#primaryimage"},"thumbnailUrl":"https:\/\/www.tuasaude.com\/news\/wp-content\/uploads\/2026\/03\/creation_2599599047.png","datePublished":"2026-03-18T09:20:00+00:00","author":{"@id":"https:\/\/www.tuasaude.com\/news\/#\/schema\/person\/963d63d4e1f0c81f5f3a70ba4bcb0ef7"},"description":"Descubra como a altura do travesseiro afeta a dor cervical e o alinhamento da coluna, com orienta\u00e7\u00f5es pr\u00e1ticas e respaldo de estudo cient\u00edfico.","breadcrumb":{"@id":"https:\/\/www.tuasaude.com\/news\/2026\/03\/18\/acorda-com-o-pescoco-travado-ortopedista-alerta-para-os-erros-na-hora-de-escolher-a-altura-do-apoio-da-cabeca\/#breadcrumb"},"inLanguage":"pt-BR","potentialAction":[{"@type":"ReadAction","target":["https:\/\/www.tuasaude.com\/news\/2026\/03\/18\/acorda-com-o-pescoco-travado-ortopedista-alerta-para-os-erros-na-hora-de-escolher-a-altura-do-apoio-da-cabeca\/"]}]},{"@type":"ImageObject","inLanguage":"pt-BR","@id":"https:\/\/www.tuasaude.com\/news\/2026\/03\/18\/acorda-com-o-pescoco-travado-ortopedista-alerta-para-os-erros-na-hora-de-escolher-a-altura-do-apoio-da-cabeca\/#primaryimage","url":"https:\/\/www.tuasaude.com\/news\/wp-content\/uploads\/2026\/03\/creation_2599599047.png","contentUrl":"https:\/\/www.tuasaude.com\/news\/wp-content\/uploads\/2026\/03\/creation_2599599047.png","width":1280,"height":714,"caption":"O alinhamento correto da cabe\u00e7a e do pesco\u00e7o \u00e9 essencial para evitar tens\u00e3o muscular durante o sono."},{"@type":"BreadcrumbList","@id":"https:\/\/www.tuasaude.com\/news\/2026\/03\/18\/acorda-com-o-pescoco-travado-ortopedista-alerta-para-os-erros-na-hora-de-escolher-a-altura-do-apoio-da-cabeca\/#breadcrumb","itemListElement":[{"@type":"ListItem","position":1,"name":"In\u00edcio","item":"https:\/\/www.tuasaude.com\/news\/"},{"@type":"ListItem","position":2,"name":"Acorda com o pesco\u00e7o travado? Ortopedista alerta para os erros na hora de escolher a altura do apoio da cabe\u00e7a"}]},{"@type":"WebSite","@id":"https:\/\/www.tuasaude.com\/news\/#website","url":"https:\/\/www.tuasaude.com\/news\/","name":"Tua Sa\u00fade","description":"Seu site de sa\u00fade","potentialAction":[{"@type":"SearchAction","target":{"@type":"EntryPoint","urlTemplate":"https:\/\/www.tuasaude.com\/news\/?s={search_term_string}"},"query-input":{"@type":"PropertyValueSpecification","valueRequired":true,"valueName":"search_term_string"}}],"inLanguage":"pt-BR"},{"@type":"Person","@id":"https:\/\/www.tuasaude.com\/news\/#\/schema\/person\/963d63d4e1f0c81f5f3a70ba4bcb0ef7","name":"Jeferson Henrique","image":{"@type":"ImageObject","inLanguage":"pt-BR","@id":"https:\/\/www.tuasaude.com\/news\/#\/schema\/person\/image\/","url":"https:\/\/secure.gravatar.com\/avatar\/1a476a54a48eb3cdea5dd2f016708263892c6b9f5e54b641df7c65e980fd6f69?s=96&d=mm&r=g","contentUrl":"https:\/\/secure.gravatar.com\/avatar\/1a476a54a48eb3cdea5dd2f016708263892c6b9f5e54b641df7c65e980fd6f69?s=96&d=mm&r=g","caption":"Jeferson Henrique"},"sameAs":["https:\/\/www.tuasaude.com\/news\/"],"url":"https:\/\/www.tuasaude.com\/news\/author\/jeferson-henrique\/"}]}},"_links":{"self":[{"href":"https:\/\/www.tuasaude.com\/news\/wp-json\/wp\/v2\/posts\/10078","targetHints":{"allow":["GET"]}}],"collection":[{"href":"https:\/\/www.tuasaude.com\/news\/wp-json\/wp\/v2\/posts"}],"about":[{"href":"https:\/\/www.tuasaude.com\/news\/wp-json\/wp\/v2\/types\/post"}],"author":[{"embeddable":true,"href":"https:\/\/www.tuasaude.com\/news\/wp-json\/wp\/v2\/users\/12"}],"replies":[{"embeddable":true,"href":"https:\/\/www.tuasaude.com\/news\/wp-json\/wp\/v2\/comments?post=10078"}],"version-history":[{"count":2,"href":"https:\/\/www.tuasaude.com\/news\/wp-json\/wp\/v2\/posts\/10078\/revisions"}],"predecessor-version":[{"id":10375,"href":"https:\/\/www.tuasaude.com\/news\/wp-json\/wp\/v2\/posts\/10078\/revisions\/10375"}],"wp:featuredmedia":[{"embeddable":true,"href":"https:\/\/www.tuasaude.com\/news\/wp-json\/wp\/v2\/media\/10353"}],"wp:attachment":[{"href":"https:\/\/www.tuasaude.com\/news\/wp-json\/wp\/v2\/media?parent=10078"}],"wp:term":[{"taxonomy":"category","embeddable":true,"href":"https:\/\/www.tuasaude.com\/news\/wp-json\/wp\/v2\/categories?post=10078"},{"taxonomy":"post_tag","embeddable":true,"href":"https:\/\/www.tuasaude.com\/news\/wp-json\/wp\/v2\/tags?post=10078"}],"curies":[{"name":"wp","href":"https:\/\/api.w.org\/{rel}","templated":true}]}}