{"id":20728,"date":"2026-09-06T20:48:00","date_gmt":"2026-09-06T19:48:00","guid":{"rendered":"https:\/\/www.tuasaude.com\/es\/news\/?p=20728"},"modified":"2026-09-06T10:20:34","modified_gmt":"2026-09-06T09:20:34","slug":"el-cansancio-al-despertar-no-se-debe-solo-a-dormir-pocas-horas-sino-en-la-mayoria-de-casos-al-hierro-bajo-y-a-la-mala-calidad-del-sueno-profundo","status":"publish","type":"post","link":"https:\/\/www.tuasaude.com\/es\/news\/2026\/09\/06\/el-cansancio-al-despertar-no-se-debe-solo-a-dormir-pocas-horas-sino-en-la-mayoria-de-casos-al-hierro-bajo-y-a-la-mala-calidad-del-sueno-profundo\/","title":{"rendered":"El cansancio al despertar no se debe solo a dormir pocas horas, sino, en la mayor\u00eda de casos, al hierro bajo y a la mala calidad del sue\u00f1o profundo"},"content":{"rendered":"\n<p class=\"wp-block-paragraph\"><strong>El cansancio matinal<\/strong> no siempre aparece por acostarse tarde. A veces hay horas suficientes de descanso, pero el cuerpo amanece sin energ\u00eda, con somnolencia y poca claridad mental. En muchos casos, detr\u00e1s de esa sensaci\u00f3n est\u00e1n el <strong>hierro bajo<\/strong>, una <strong>anemia<\/strong> no detectada o un <strong>sue\u00f1o profundo<\/strong> pobre, dos factores que afectan la oxigenaci\u00f3n, la recuperaci\u00f3n nocturna y el rendimiento al levantarse.<\/p>\n\n\n\n<h2 class=\"wp-block-heading\">\u00bfPor qu\u00e9 el cansancio matinal puede aparecer aunque duermas suficiente?<\/h2>\n\n\n\n<p class=\"wp-block-paragraph\"><strong>El cansancio matinal<\/strong> suele relacionarse con la cantidad de sue\u00f1o, pero la calidad importa igual o m\u00e1s. Si hay despertares frecuentes, ronquidos, estr\u00e9s mantenido o una fase N3 reducida, el cerebro y los m\u00fasculos no recuperan bien durante la noche. El resultado es una sensaci\u00f3n de pesadez desde los primeros minutos del d\u00eda.<\/p>\n\n\n\n<p class=\"wp-block-paragraph\"><strong>El hierro bajo<\/strong> tambi\u00e9n influye. Cuando las reservas de ferritina disminuyen, el transporte de ox\u00edgeno se resiente y aparecen fatiga, menor tolerancia al esfuerzo, palidez o dificultad para concentrarse. Esa mezcla puede hacer que levantarse de la cama cueste incluso tras siete u ocho horas de sue\u00f1o.<\/p>\n\n\n\n<h2 class=\"wp-block-heading\">\u00bfQu\u00e9 se sabe sobre sue\u00f1o profundo y fatiga al d\u00eda siguiente?<\/h2>\n\n\n\n<p class=\"wp-block-paragraph\"><strong>El sue\u00f1o profundo<\/strong> tiene un papel clave en la sensaci\u00f3n de descanso real. Una investigaci\u00f3n cient\u00edfica disponible mostr\u00f3 que potenciar el sue\u00f1o de ondas lentas en personas que dorm\u00edan poco mejor\u00f3 la alerta y la atenci\u00f3n a la ma\u00f1ana siguiente. Ese hallazgo refuerza la idea de que no basta con sumar horas, tambi\u00e9n importa conservar una fase N3 estable y reparadora, asociada a mejor recuperaci\u00f3n cerebral.<\/p>\n\n\n\n<p class=\"wp-block-paragraph\">En ese trabajo puede leerse c\u00f3mo el aumento del sue\u00f1o de ondas lentas se vincul\u00f3 con <a href=\"https:\/\/pubmed.ncbi.nlm.nih.gov\/33639484\/\" target=\"_blank\" rel=\"noopener noreferrer\">m\u00e1s alerta y mejor atenci\u00f3n por la ma\u00f1ana<\/a>. Para quien se despierta cansado con frecuencia, este dato ayuda a entender por qu\u00e9 una noche aparentemente larga no siempre se traduce en energ\u00eda al d\u00eda siguiente.<\/p>\n\n\n<div class=\"wp-block-image wp-block-image aligncenter size-large\">\n<figure ><img decoding=\"async\" width=\"1270\" height=\"725\" src=\"https:\/\/www.tuasaude.com\/es\/news\/wp-content\/uploads\/2026\/09\/el-cansancio-al-despertar-no-se-debe-solo-a-dormir-poca-corpo.jpg\" alt=\"Hierro, sue\u00f1o, h\u00e1bitos y se\u00f1ales explican el cansancio matinal persistente.\" class=\"wp-image-20727\" srcset=\"https:\/\/www.tuasaude.com\/es\/news\/wp-content\/uploads\/2026\/09\/el-cansancio-al-despertar-no-se-debe-solo-a-dormir-poca-corpo.jpg 1270w, https:\/\/www.tuasaude.com\/es\/news\/wp-content\/uploads\/2026\/09\/el-cansancio-al-despertar-no-se-debe-solo-a-dormir-poca-corpo-300x171.jpg 300w, https:\/\/www.tuasaude.com\/es\/news\/wp-content\/uploads\/2026\/09\/el-cansancio-al-despertar-no-se-debe-solo-a-dormir-poca-corpo-1024x585.jpg 1024w, https:\/\/www.tuasaude.com\/es\/news\/wp-content\/uploads\/2026\/09\/el-cansancio-al-despertar-no-se-debe-solo-a-dormir-poca-corpo-768x438.jpg 768w, https:\/\/www.tuasaude.com\/es\/news\/wp-content\/uploads\/2026\/09\/el-cansancio-al-despertar-no-se-debe-solo-a-dormir-poca-corpo-750x428.jpg 750w, https:\/\/www.tuasaude.com\/es\/news\/wp-content\/uploads\/2026\/09\/el-cansancio-al-despertar-no-se-debe-solo-a-dormir-poca-corpo-1140x651.jpg 1140w\" sizes=\"(max-width: 1270px) 100vw, 1270px\" \/><figcaption class=\"wp-element-caption\">Hierro, sue\u00f1o, h\u00e1bitos y se\u00f1ales explican el cansancio matinal persistente.<\/figcaption><\/figure>\n<\/div>\n\n\n<h2 class=\"wp-block-heading\">\u00bfC\u00f3mo influye el hierro bajo en la energ\u00eda de primera hora?<\/h2>\n\n\n\n<p class=\"wp-block-paragraph\"><strong>El hierro bajo<\/strong> puede existir incluso antes de que aparezca una anemia clara en una anal\u00edtica b\u00e1sica. Cuando la ferritina est\u00e1 reducida, el organismo tiene menos margen para sostener funciones como el aporte de ox\u00edgeno a los tejidos o el metabolismo muscular. Por eso algunas personas describen agotamiento matinal, niebla mental, dolor de cabeza y sensaci\u00f3n de no haber descansado.<\/p>\n\n\n\n<p class=\"wp-block-paragraph\">Si adem\u00e1s existe <strong>anemia<\/strong>, esa falta de energ\u00eda suele ser m\u00e1s evidente. En el portal Tua Sa\u00fade se explica bien <a href=\"https:\/\/www.tuasaude.com\/es\/que-es-anemia\/\" target=\"_blank\" rel=\"noopener noreferrer\">qu\u00e9 ocurre cuando hay anemia<\/a> y por qu\u00e9 puede provocar cansancio, debilidad y falta de aire en actividades cotidianas.<\/p>\n\n\n\n<h2 class=\"wp-block-heading\">\u00bfQu\u00e9 se\u00f1ales apuntan a anemia o a un sue\u00f1o poco reparador?<\/h2>\n\n\n\n<p class=\"wp-block-paragraph\">Algunas pistas orientan m\u00e1s hacia <strong>anemia<\/strong> y otras hacia un descanso nocturno de mala calidad. Aun as\u00ed, ambas pueden coincidir y reforzarse entre s\u00ed, por lo que conviene mirar el conjunto de s\u00edntomas y no solo el n\u00famero de horas dormidas.<\/p>\n\n\n\n<ul class=\"wp-block-list\">\n<li><strong>Anemia<\/strong> o d\u00e9ficit de hierro: palidez, u\u00f1as fr\u00e1giles, ca\u00edda de cabello, mareo, palpitaciones, falta de aire al subir escaleras.<\/li>\n\n\n\n<li>Sue\u00f1o poco reparador: despertares repetidos, boca seca al levantarse, ronquidos, dolor de cabeza matinal, irritabilidad, somnolencia diurna.<\/li>\n\n\n\n<li>En ambos casos: dificultad para concentrarse, menor rendimiento f\u00edsico y sensaci\u00f3n de agotamiento desde primera hora.<\/li>\n<\/ul>\n\n\n\n<h2 class=\"wp-block-heading\">\u00bfQu\u00e9 h\u00e1bitos ayudan a mejorar el descanso y revisar el hierro?<\/h2>\n\n\n\n<p class=\"wp-block-paragraph\">Cuando el <strong>cansancio matinal<\/strong> se repite varias semanas, conviene actuar en dos frentes, el descanso nocturno y la valoraci\u00f3n cl\u00ednica. No se trata de tomar suplementos por cuenta propia, sino de identificar si hay d\u00e9ficit, insomnio, apnea del sue\u00f1o o una rutina que fragmenta el descanso.<\/p>\n\n\n\n<ul class=\"wp-block-list\">\n<li>Mantener horarios regulares para acostarse y levantarse.<\/li>\n\n\n\n<li>Evitar alcohol y cenas copiosas antes de dormir.<\/li>\n\n\n\n<li>Reducir pantallas y luz intensa en la \u00faltima hora del d\u00eda.<\/li>\n\n\n\n<li>Consultar una anal\u00edtica con hemograma y ferritina si hay sospecha de hierro bajo.<\/li>\n\n\n\n<li>Buscar valoraci\u00f3n m\u00e9dica si hay ronquidos intensos, pausas respiratorias o somnolencia excesiva.<\/li>\n<\/ul>\n\n\n\n<p class=\"wp-block-paragraph\">Mejorar la energ\u00eda al despertar exige revisar oxigenaci\u00f3n, reservas de hierro, arquitectura del sue\u00f1o y s\u00edntomas asociados. Cuando se corrigen la ferropenia, la <strong>anemia<\/strong> o los problemas que recortan el sue\u00f1o profundo, lo habitual es notar cambios concretos en la atenci\u00f3n, la vitalidad y la tolerancia al esfuerzo desde las primeras horas del d\u00eda.<\/p>\n\n\n\n<p class=\"wp-block-paragraph\">Este contenido tiene car\u00e1cter exclusivamente informativo y <strong>no sustituye la evaluaci\u00f3n<\/strong>, el diagn\u00f3stico ni el seguimiento de un profesional sanitario. Si presentas s\u00edntomas o tienes dudas sobre tu estado de salud, busca atenci\u00f3n m\u00e9dica.<\/p>\n","protected":false},"excerpt":{"rendered":"<p>El cansancio matinal no siempre aparece por acostarse tarde. A veces hay horas suficientes de descanso, pero el cuerpo amanece sin energ\u00eda, con somnolencia y poca claridad mental. En muchos casos, detr\u00e1s de esa sensaci\u00f3n est\u00e1n el hierro bajo, una anemia no detectada o un sue\u00f1o profundo pobre, dos factores que afectan la oxigenaci\u00f3n, la [&hellip;]<\/p>\n","protected":false},"author":15,"featured_media":20726,"comment_status":"open","ping_status":"open","sticky":false,"template":"","format":"standard","meta":{"jnews-multi-image_gallery":[],"jnews_single_post":{"format":"standard"},"jnews_primary_category":[],"jnews_social_meta":[],"jnews_override_counter":[],"footnotes":""},"categories":[8767],"tags":[9392,20787,20788,17396,17415],"class_list":["post-20728","post","type-post","status-publish","format-standard","has-post-thumbnail","hentry","category-salud","tag-anemia","tag-cansancio-matinal","tag-hierro-bajo","tag-salud","tag-sueno-profundo"],"yoast_head":"<!-- This site is optimized with the Yoast SEO plugin v28.3 - https:\/\/yoast.com\/product\/yoast-seo-wordpress\/ -->\n<title>El cansancio al despertar no se debe solo a dormir pocas horas, sino, en la mayor\u00eda de casos, al hierro bajo y a la mala calidad del sue\u00f1o profundo - Tua Saude<\/title>\n<meta name=\"description\" content=\"El cansancio matinal no siempre se explica por dormir poco. Hierro bajo, anemia y sue\u00f1o profundo alterado cambian lo que pasa al abrir los ojos.\" \/>\n<meta name=\"robots\" content=\"index, follow, max-snippet:-1, max-image-preview:large, max-video-preview:-1\" \/>\n<link rel=\"canonical\" href=\"https:\/\/www.tuasaude.com\/es\/news\/2026\/09\/06\/el-cansancio-al-despertar-no-se-debe-solo-a-dormir-pocas-horas-sino-en-la-mayoria-de-casos-al-hierro-bajo-y-a-la-mala-calidad-del-sueno-profundo\/\" \/>\n<meta property=\"og:locale\" content=\"es_ES\" \/>\n<meta property=\"og:type\" content=\"article\" \/>\n<meta property=\"og:title\" content=\"El cansancio al despertar no se debe solo a dormir pocas horas, sino, en la mayor\u00eda de casos, al hierro bajo y a la mala calidad del sue\u00f1o profundo - Tua Saude\" \/>\n<meta property=\"og:description\" content=\"El cansancio matinal no siempre se explica por dormir poco. Hierro bajo, anemia y sue\u00f1o profundo alterado cambian lo que pasa al abrir los ojos.\" \/>\n<meta property=\"og:url\" content=\"https:\/\/www.tuasaude.com\/es\/news\/2026\/09\/06\/el-cansancio-al-despertar-no-se-debe-solo-a-dormir-pocas-horas-sino-en-la-mayoria-de-casos-al-hierro-bajo-y-a-la-mala-calidad-del-sueno-profundo\/\" \/>\n<meta property=\"og:site_name\" content=\"Tua Saude\" \/>\n<meta property=\"article:published_time\" content=\"2026-09-06T19:48:00+00:00\" \/>\n<meta property=\"og:image\" content=\"https:\/\/www.tuasaude.com\/es\/news\/wp-content\/uploads\/2026\/09\/el-cansancio-al-despertar-no-se-debe-solo-a-dormir-poca.jpg\" \/>\n\t<meta property=\"og:image:width\" content=\"1279\" \/>\n\t<meta property=\"og:image:height\" content=\"720\" \/>\n\t<meta property=\"og:image:type\" content=\"image\/jpeg\" \/>\n<meta name=\"author\" content=\"Gabriel Leme\" \/>\n<meta name=\"twitter:card\" content=\"summary_large_image\" \/>\n<meta name=\"twitter:label1\" content=\"Escrito por\" \/>\n\t<meta name=\"twitter:data1\" content=\"Gabriel Leme\" \/>\n\t<meta name=\"twitter:label2\" content=\"Tiempo de lectura\" \/>\n\t<meta name=\"twitter:data2\" content=\"4 minutos\" \/>\n<!-- \/ Yoast SEO plugin. -->","yoast_head_json":{"title":"El cansancio al despertar no se debe solo a dormir pocas horas, sino, en la mayor\u00eda de casos, al hierro bajo y a la mala calidad del sue\u00f1o profundo - Tua Saude","description":"El cansancio matinal no siempre se explica por dormir poco. Hierro bajo, anemia y sue\u00f1o profundo alterado cambian lo que pasa al abrir los ojos.","robots":{"index":"index","follow":"follow","max-snippet":"max-snippet:-1","max-image-preview":"max-image-preview:large","max-video-preview":"max-video-preview:-1"},"canonical":"https:\/\/www.tuasaude.com\/es\/news\/2026\/09\/06\/el-cansancio-al-despertar-no-se-debe-solo-a-dormir-pocas-horas-sino-en-la-mayoria-de-casos-al-hierro-bajo-y-a-la-mala-calidad-del-sueno-profundo\/","og_locale":"es_ES","og_type":"article","og_title":"El cansancio al despertar no se debe solo a dormir pocas horas, sino, en la mayor\u00eda de casos, al hierro bajo y a la mala calidad del sue\u00f1o profundo - Tua Saude","og_description":"El cansancio matinal no siempre se explica por dormir poco. Hierro bajo, anemia y sue\u00f1o profundo alterado cambian lo que pasa al abrir los ojos.","og_url":"https:\/\/www.tuasaude.com\/es\/news\/2026\/09\/06\/el-cansancio-al-despertar-no-se-debe-solo-a-dormir-pocas-horas-sino-en-la-mayoria-de-casos-al-hierro-bajo-y-a-la-mala-calidad-del-sueno-profundo\/","og_site_name":"Tua Saude","article_published_time":"2026-09-06T19:48:00+00:00","og_image":[{"width":1279,"height":720,"url":"https:\/\/www.tuasaude.com\/es\/news\/wp-content\/uploads\/2026\/09\/el-cansancio-al-despertar-no-se-debe-solo-a-dormir-poca.jpg","type":"image\/jpeg"}],"author":"Gabriel Leme","twitter_card":"summary_large_image","twitter_misc":{"Escrito por":"Gabriel Leme","Tiempo de lectura":"4 minutos"},"schema":{"@context":"https:\/\/schema.org","@graph":[{"@type":"Article","@id":"https:\/\/www.tuasaude.com\/es\/news\/2026\/09\/06\/el-cansancio-al-despertar-no-se-debe-solo-a-dormir-pocas-horas-sino-en-la-mayoria-de-casos-al-hierro-bajo-y-a-la-mala-calidad-del-sueno-profundo\/#article","isPartOf":{"@id":"https:\/\/www.tuasaude.com\/es\/news\/2026\/09\/06\/el-cansancio-al-despertar-no-se-debe-solo-a-dormir-pocas-horas-sino-en-la-mayoria-de-casos-al-hierro-bajo-y-a-la-mala-calidad-del-sueno-profundo\/"},"author":{"name":"Gabriel Leme","@id":"https:\/\/www.tuasaude.com\/es\/news\/#\/schema\/person\/d330332b43c07afaeaafcb8f33614666"},"headline":"El cansancio al despertar no se debe solo a dormir pocas horas, sino, en la mayor\u00eda de casos, al hierro bajo y a la mala calidad del sue\u00f1o profundo","datePublished":"2026-09-06T19:48:00+00:00","mainEntityOfPage":{"@id":"https:\/\/www.tuasaude.com\/es\/news\/2026\/09\/06\/el-cansancio-al-despertar-no-se-debe-solo-a-dormir-pocas-horas-sino-en-la-mayoria-de-casos-al-hierro-bajo-y-a-la-mala-calidad-del-sueno-profundo\/"},"wordCount":833,"commentCount":0,"image":{"@id":"https:\/\/www.tuasaude.com\/es\/news\/2026\/09\/06\/el-cansancio-al-despertar-no-se-debe-solo-a-dormir-pocas-horas-sino-en-la-mayoria-de-casos-al-hierro-bajo-y-a-la-mala-calidad-del-sueno-profundo\/#primaryimage"},"thumbnailUrl":"https:\/\/www.tuasaude.com\/es\/news\/wp-content\/uploads\/2026\/09\/el-cansancio-al-despertar-no-se-debe-solo-a-dormir-poca.jpg","keywords":["anemia","cansancio matinal","hierro bajo","salud","sue\u00f1o profundo"],"articleSection":["Salud"],"inLanguage":"es","potentialAction":[{"@type":"CommentAction","name":"Comment","target":["https:\/\/www.tuasaude.com\/es\/news\/2026\/09\/06\/el-cansancio-al-despertar-no-se-debe-solo-a-dormir-pocas-horas-sino-en-la-mayoria-de-casos-al-hierro-bajo-y-a-la-mala-calidad-del-sueno-profundo\/#respond"]}]},{"@type":"WebPage","@id":"https:\/\/www.tuasaude.com\/es\/news\/2026\/09\/06\/el-cansancio-al-despertar-no-se-debe-solo-a-dormir-pocas-horas-sino-en-la-mayoria-de-casos-al-hierro-bajo-y-a-la-mala-calidad-del-sueno-profundo\/","url":"https:\/\/www.tuasaude.com\/es\/news\/2026\/09\/06\/el-cansancio-al-despertar-no-se-debe-solo-a-dormir-pocas-horas-sino-en-la-mayoria-de-casos-al-hierro-bajo-y-a-la-mala-calidad-del-sueno-profundo\/","name":"El cansancio al despertar no se debe solo a dormir pocas horas, sino, en la mayor\u00eda de casos, al hierro bajo y a la mala calidad del sue\u00f1o profundo - Tua Saude","isPartOf":{"@id":"https:\/\/www.tuasaude.com\/es\/news\/#website"},"primaryImageOfPage":{"@id":"https:\/\/www.tuasaude.com\/es\/news\/2026\/09\/06\/el-cansancio-al-despertar-no-se-debe-solo-a-dormir-pocas-horas-sino-en-la-mayoria-de-casos-al-hierro-bajo-y-a-la-mala-calidad-del-sueno-profundo\/#primaryimage"},"image":{"@id":"https:\/\/www.tuasaude.com\/es\/news\/2026\/09\/06\/el-cansancio-al-despertar-no-se-debe-solo-a-dormir-pocas-horas-sino-en-la-mayoria-de-casos-al-hierro-bajo-y-a-la-mala-calidad-del-sueno-profundo\/#primaryimage"},"thumbnailUrl":"https:\/\/www.tuasaude.com\/es\/news\/wp-content\/uploads\/2026\/09\/el-cansancio-al-despertar-no-se-debe-solo-a-dormir-poca.jpg","datePublished":"2026-09-06T19:48:00+00:00","author":{"@id":"https:\/\/www.tuasaude.com\/es\/news\/#\/schema\/person\/d330332b43c07afaeaafcb8f33614666"},"description":"El cansancio matinal no siempre se explica por dormir poco. Hierro bajo, anemia y sue\u00f1o profundo alterado cambian lo que pasa al abrir los ojos.","breadcrumb":{"@id":"https:\/\/www.tuasaude.com\/es\/news\/2026\/09\/06\/el-cansancio-al-despertar-no-se-debe-solo-a-dormir-pocas-horas-sino-en-la-mayoria-de-casos-al-hierro-bajo-y-a-la-mala-calidad-del-sueno-profundo\/#breadcrumb"},"inLanguage":"es","potentialAction":[{"@type":"ReadAction","target":["https:\/\/www.tuasaude.com\/es\/news\/2026\/09\/06\/el-cansancio-al-despertar-no-se-debe-solo-a-dormir-pocas-horas-sino-en-la-mayoria-de-casos-al-hierro-bajo-y-a-la-mala-calidad-del-sueno-profundo\/"]}]},{"@type":"ImageObject","inLanguage":"es","@id":"https:\/\/www.tuasaude.com\/es\/news\/2026\/09\/06\/el-cansancio-al-despertar-no-se-debe-solo-a-dormir-pocas-horas-sino-en-la-mayoria-de-casos-al-hierro-bajo-y-a-la-mala-calidad-del-sueno-profundo\/#primaryimage","url":"https:\/\/www.tuasaude.com\/es\/news\/wp-content\/uploads\/2026\/09\/el-cansancio-al-despertar-no-se-debe-solo-a-dormir-poca.jpg","contentUrl":"https:\/\/www.tuasaude.com\/es\/news\/wp-content\/uploads\/2026\/09\/el-cansancio-al-despertar-no-se-debe-solo-a-dormir-poca.jpg","width":1279,"height":720,"caption":"Despertarse cansado puede relacionarse con hierro bajo y sue\u00f1o profundo deficiente."},{"@type":"BreadcrumbList","@id":"https:\/\/www.tuasaude.com\/es\/news\/2026\/09\/06\/el-cansancio-al-despertar-no-se-debe-solo-a-dormir-pocas-horas-sino-en-la-mayoria-de-casos-al-hierro-bajo-y-a-la-mala-calidad-del-sueno-profundo\/#breadcrumb","itemListElement":[{"@type":"ListItem","position":1,"name":"Portada","item":"https:\/\/www.tuasaude.com\/es\/news\/"},{"@type":"ListItem","position":2,"name":"El cansancio al despertar no se debe solo a dormir pocas horas, sino, en la mayor\u00eda de casos, al hierro bajo y a la mala calidad del sue\u00f1o profundo"}]},{"@type":"WebSite","@id":"https:\/\/www.tuasaude.com\/es\/news\/#website","url":"https:\/\/www.tuasaude.com\/es\/news\/","name":"Tua Saude","description":"Tu sitio web de salud","potentialAction":[{"@type":"SearchAction","target":{"@type":"EntryPoint","urlTemplate":"https:\/\/www.tuasaude.com\/es\/news\/?s={search_term_string}"},"query-input":{"@type":"PropertyValueSpecification","valueRequired":true,"valueName":"search_term_string"}}],"inLanguage":"es"},{"@type":"Person","@id":"https:\/\/www.tuasaude.com\/es\/news\/#\/schema\/person\/d330332b43c07afaeaafcb8f33614666","name":"Gabriel Leme","image":{"@type":"ImageObject","inLanguage":"es","@id":"https:\/\/secure.gravatar.com\/avatar\/a12badc2d08e73d59b38f178ebe822eca26c0445823b05fefedea89fb346439c?s=96&d=mm&r=g","url":"https:\/\/secure.gravatar.com\/avatar\/a12badc2d08e73d59b38f178ebe822eca26c0445823b05fefedea89fb346439c?s=96&d=mm&r=g","contentUrl":"https:\/\/secure.gravatar.com\/avatar\/a12badc2d08e73d59b38f178ebe822eca26c0445823b05fefedea89fb346439c?s=96&d=mm&r=g","caption":"Gabriel Leme"},"sameAs":["https:\/\/www.tuasaude.com\/es\/news"],"url":"https:\/\/www.tuasaude.com\/es\/news\/author\/gabrielleme\/"}]}},"_links":{"self":[{"href":"https:\/\/www.tuasaude.com\/es\/news\/wp-json\/wp\/v2\/posts\/20728","targetHints":{"allow":["GET"]}}],"collection":[{"href":"https:\/\/www.tuasaude.com\/es\/news\/wp-json\/wp\/v2\/posts"}],"about":[{"href":"https:\/\/www.tuasaude.com\/es\/news\/wp-json\/wp\/v2\/types\/post"}],"author":[{"embeddable":true,"href":"https:\/\/www.tuasaude.com\/es\/news\/wp-json\/wp\/v2\/users\/15"}],"replies":[{"embeddable":true,"href":"https:\/\/www.tuasaude.com\/es\/news\/wp-json\/wp\/v2\/comments?post=20728"}],"version-history":[{"count":1,"href":"https:\/\/www.tuasaude.com\/es\/news\/wp-json\/wp\/v2\/posts\/20728\/revisions"}],"predecessor-version":[{"id":20752,"href":"https:\/\/www.tuasaude.com\/es\/news\/wp-json\/wp\/v2\/posts\/20728\/revisions\/20752"}],"wp:featuredmedia":[{"embeddable":true,"href":"https:\/\/www.tuasaude.com\/es\/news\/wp-json\/wp\/v2\/media\/20726"}],"wp:attachment":[{"href":"https:\/\/www.tuasaude.com\/es\/news\/wp-json\/wp\/v2\/media?parent=20728"}],"wp:term":[{"taxonomy":"category","embeddable":true,"href":"https:\/\/www.tuasaude.com\/es\/news\/wp-json\/wp\/v2\/categories?post=20728"},{"taxonomy":"post_tag","embeddable":true,"href":"https:\/\/www.tuasaude.com\/es\/news\/wp-json\/wp\/v2\/tags?post=20728"}],"curies":[{"name":"wp","href":"https:\/\/api.w.org\/{rel}","templated":true}]}}