{"id":20697,"date":"2026-09-06T10:48:00","date_gmt":"2026-09-06T09:48:00","guid":{"rendered":"https:\/\/www.tuasaude.com\/es\/news\/?p=20697"},"modified":"2026-09-06T10:17:59","modified_gmt":"2026-09-06T09:17:59","slug":"las-unas-quebradizas-y-con-estrias-no-se-deben-solo-a-la-falta-de-calcio-sino-al-deficit-de-hierro-biotina-y-proteinas-en-la-dieta-diaria","status":"publish","type":"post","link":"https:\/\/www.tuasaude.com\/es\/news\/2026\/09\/06\/las-unas-quebradizas-y-con-estrias-no-se-deben-solo-a-la-falta-de-calcio-sino-al-deficit-de-hierro-biotina-y-proteinas-en-la-dieta-diaria\/","title":{"rendered":"Las u\u00f1as quebradizas y con estr\u00edas no se deben solo a la falta de calcio, sino al d\u00e9ficit de hierro, biotina y prote\u00ednas en la dieta diaria"},"content":{"rendered":"\n<p class=\"wp-block-paragraph\"><strong>Las u\u00f1as quebradizas<\/strong> y con estr\u00edas suelen relacionarse de forma autom\u00e1tica con el calcio, pero esa explicaci\u00f3n se queda corta. La l\u00e1mina ungueal depende de un aporte estable de <strong>prote\u00ednas<\/strong>, <strong>hierro<\/strong>, biotina y otros micronutrientes que intervienen en la queratina, la oxigenaci\u00f3n tisular y la renovaci\u00f3n celular. Cuando la dieta diaria es insuficiente o poco variada, las u\u00f1as pueden volverse fr\u00e1giles, abrirse en capas o mostrar surcos visibles.<\/p>\n\n\n\n<h2 class=\"wp-block-heading\">\u00bfPor qu\u00e9 se rompen las u\u00f1as con facilidad?<\/h2>\n\n\n\n<p class=\"wp-block-paragraph\">Las u\u00f1as se forman a partir de queratina, una prote\u00edna estructural. Si la ingesta proteica baja durante semanas o meses, el crecimiento puede hacerse m\u00e1s lento y la superficie perder resistencia. A esto se suman h\u00e1bitos como el contacto frecuente con agua, detergentes, esmaltes agresivos o quitaesmaltes con acetona, que resecan la l\u00e1mina ungueal y favorecen las fisuras.<\/p>\n\n\n\n<p class=\"wp-block-paragraph\">El <strong>d\u00e9ficit nutricional<\/strong> tambi\u00e9n influye. El hierro participa en el transporte de ox\u00edgeno y su carencia puede alterar tejidos de recambio r\u00e1pido. La biotina interviene en rutas metab\u00f3licas relacionadas con el mantenimiento de piel, cabello y u\u00f1as. Por eso, cuando aparecen u\u00f1as quebradizas junto con cansancio, palidez o ca\u00edda de cabello, conviene mirar la alimentaci\u00f3n completa y no solo un mineral aislado.<\/p>\n\n\n\n<h2 class=\"wp-block-heading\">\u00bfQu\u00e9 dice la evidencia sobre biotina y otros d\u00e9ficits?<\/h2>\n\n\n\n<p class=\"wp-block-paragraph\">Seg\u00fan la revisi\u00f3n <a href=\"https:\/\/pubmed.ncbi.nlm.nih.gov\/20620759\/\" target=\"_blank\" rel=\"noopener noreferrer\">Nutrition and nail disease<\/a>, publicada en <strong>Clinics in Dermatology<\/strong>, pr\u00e1cticamente cualquier carencia nutricional puede afectar al crecimiento de la u\u00f1a de alguna manera, y el uso de suplementos como la biotina en u\u00f1as fr\u00e1giles se describe con utilidad prometedora, pero no como una soluci\u00f3n universal ni aplicable sin valoraci\u00f3n del contexto.<\/p>\n\n\n\n<p class=\"wp-block-paragraph\">Esto encaja con la pr\u00e1ctica cl\u00ednica habitual. Antes de pensar en suplementos, interesa confirmar si existe una ingesta insuficiente, una anemia ferrop\u00e9nica, una restricci\u00f3n diet\u00e9tica mal planificada o un problema de absorci\u00f3n. El contexto marca la diferencia, porque una u\u00f1a con estr\u00edas no siempre indica falta de biotina y una mejora visible no depende de un solo nutriente.<\/p>\n\n\n<div class=\"wp-block-image wp-block-image aligncenter size-large\">\n<figure ><img decoding=\"async\" width=\"1280\" height=\"720\" src=\"https:\/\/www.tuasaude.com\/es\/news\/wp-content\/uploads\/2026\/09\/las-unas-quebradizas-y-con-estrias-no-se-deben-solo-a-l-corpo.jpg\" alt=\"Prote\u00ednas, hierro, biotina y cuidados externos sostienen unas u\u00f1as m\u00e1s resistentes.\" class=\"wp-image-20693\" srcset=\"https:\/\/www.tuasaude.com\/es\/news\/wp-content\/uploads\/2026\/09\/las-unas-quebradizas-y-con-estrias-no-se-deben-solo-a-l-corpo.jpg 1280w, https:\/\/www.tuasaude.com\/es\/news\/wp-content\/uploads\/2026\/09\/las-unas-quebradizas-y-con-estrias-no-se-deben-solo-a-l-corpo-300x169.jpg 300w, https:\/\/www.tuasaude.com\/es\/news\/wp-content\/uploads\/2026\/09\/las-unas-quebradizas-y-con-estrias-no-se-deben-solo-a-l-corpo-1024x576.jpg 1024w, https:\/\/www.tuasaude.com\/es\/news\/wp-content\/uploads\/2026\/09\/las-unas-quebradizas-y-con-estrias-no-se-deben-solo-a-l-corpo-768x432.jpg 768w, https:\/\/www.tuasaude.com\/es\/news\/wp-content\/uploads\/2026\/09\/las-unas-quebradizas-y-con-estrias-no-se-deben-solo-a-l-corpo-750x422.jpg 750w, https:\/\/www.tuasaude.com\/es\/news\/wp-content\/uploads\/2026\/09\/las-unas-quebradizas-y-con-estrias-no-se-deben-solo-a-l-corpo-1140x641.jpg 1140w\" sizes=\"(max-width: 1280px) 100vw, 1280px\" \/><figcaption class=\"wp-element-caption\">Prote\u00ednas, hierro, biotina y cuidados externos sostienen unas u\u00f1as m\u00e1s resistentes.<\/figcaption><\/figure>\n<\/div>\n\n\n<h2 class=\"wp-block-heading\">\u00bfQu\u00e9 nutrientes conviene revisar en la dieta?<\/h2>\n\n\n\n<p class=\"wp-block-paragraph\">Hierro, biotina y prote\u00ednas suelen ser los tres puntos que m\u00e1s dudas generan. Si las u\u00f1as quebradizas se acompa\u00f1an de debilidad, descamaci\u00f3n o crecimiento lento, tiene sentido revisar el patr\u00f3n de comidas y la presencia de alimentos densos en nutrientes.<\/p>\n\n\n\n<ul class=\"wp-block-list\">\n<li><strong>Hierro<\/strong>: carne, pescado, marisco, legumbres y yema de huevo.<\/li>\n\n\n\n<li><strong>Biotina<\/strong>: huevo cocido, frutos secos, semillas, legumbres y v\u00edsceras.<\/li>\n\n\n\n<li><strong>Prote\u00ednas<\/strong>: l\u00e1cteos, pescado, carnes magras, tofu, legumbres y yogur griego.<\/li>\n\n\n\n<li>Zinc y folato: marisco, carnes, legumbres, verduras de hoja y cereales enriquecidos.<\/li>\n<\/ul>\n\n\n\n<p class=\"wp-block-paragraph\">Tambi\u00e9n importa c\u00f3mo se combinan. El hierro de origen vegetal se absorbe mejor junto a vitamina C, por ejemplo con lentejas y pimiento o garbanzos con tomate. Si quieres ampliar las causas y el abordaje cotidiano, en Tua Sa\u00fade se explican <a href=\"https:\/\/www.tuasaude.com\/es\/unas-quebradizas\/\" target=\"_blank\" rel=\"noopener noreferrer\">las causas de las u\u00f1as quebradizas<\/a> con medidas \u00fatiles para fortalecerlas.<\/p>\n\n\n\n<h2 class=\"wp-block-heading\">\u00bfLas estr\u00edas siempre indican falta de hierro o biotina?<\/h2>\n\n\n\n<p class=\"wp-block-paragraph\">No. Las estr\u00edas longitudinales pueden aparecer con la edad, con microtraumatismos repetidos o por sequedad mantenida. Las estr\u00edas transversales, en cambio, pueden verse tras episodios de fiebre, estr\u00e9s fisiol\u00f3gico intenso o cambios metab\u00f3licos relevantes. El aspecto de la u\u00f1a orienta, pero no confirma por s\u00ed solo una carencia concreta.<\/p>\n\n\n\n<p class=\"wp-block-paragraph\">Hierro y biotina deben valorarse dentro del conjunto. Si hay dieta restrictiva, p\u00e9rdida de peso r\u00e1pida, menstruaciones abundantes, trastornos digestivos o una alimentaci\u00f3n muy baja en prote\u00edna, la sospecha de <strong>d\u00e9ficit nutricional<\/strong> gana peso. Si no hay otros signos, puede tratarse m\u00e1s bien de fragilidad ungueal por agresiones externas o por un recambio lento de la matriz.<\/p>\n\n\n\n<h2 class=\"wp-block-heading\">\u00bfCu\u00e1ndo puede ayudar la alimentaci\u00f3n y cu\u00e1ndo conviene pedir valoraci\u00f3n?<\/h2>\n\n\n\n<p class=\"wp-block-paragraph\">Biotina, hierro y prote\u00edna pueden marcar una diferencia cuando el problema parte de una ingesta insuficiente. Aun as\u00ed, la u\u00f1a crece despacio, as\u00ed que los cambios no se ven de un d\u00eda para otro. Lo habitual es necesitar varias semanas de constancia para notar menos rotura, menos descamaci\u00f3n y una superficie m\u00e1s uniforme.<\/p>\n\n\n\n<ul class=\"wp-block-list\">\n<li>Incluye una fuente de prote\u00edna en cada comida principal.<\/li>\n\n\n\n<li>A\u00f1ade legumbres de 3 a 4 veces por semana.<\/li>\n\n\n\n<li>Combina hierro vegetal con alimentos ricos en vitamina C.<\/li>\n\n\n\n<li>Evita morder las u\u00f1as y reduce el uso de acetona.<\/li>\n\n\n\n<li>Usa guantes si manipulas agua y detergentes a diario.<\/li>\n<\/ul>\n\n\n\n<p class=\"wp-block-paragraph\">Si las u\u00f1as quebradizas persisten, cambian de color, se hunden, se deforman o se acompa\u00f1an de fatiga, ca\u00edda de cabello o mareo, conviene una valoraci\u00f3n profesional. La dieta influye de forma clara en la queratina, el crecimiento ungueal y el estado del hierro corporal, pero el origen real puede requerir anal\u00edtica, ajuste de h\u00e1bitos o tratamiento espec\u00edfico.<\/p>\n\n\n\n<p class=\"wp-block-paragraph\">Este contenido tiene car\u00e1cter exclusivamente informativo y <strong>no sustituye la evaluaci\u00f3n, el diagn\u00f3stico ni el seguimiento de un profesional sanitario<\/strong>. Si presentas s\u00edntomas o tienes dudas sobre tu estado de salud, busca atenci\u00f3n m\u00e9dica.<\/p>\n","protected":false},"excerpt":{"rendered":"<p>Las u\u00f1as quebradizas y con estr\u00edas suelen relacionarse de forma autom\u00e1tica con el calcio, pero esa explicaci\u00f3n se queda corta. La l\u00e1mina ungueal depende de un aporte estable de prote\u00ednas, hierro, biotina y otros micronutrientes que intervienen en la queratina, la oxigenaci\u00f3n tisular y la renovaci\u00f3n celular. Cuando la dieta diaria es insuficiente o poco [&hellip;]<\/p>\n","protected":false},"author":15,"featured_media":20694,"comment_status":"open","ping_status":"open","sticky":false,"template":"","format":"standard","meta":{"jnews-multi-image_gallery":[],"jnews_single_post":{"format":"standard"},"jnews_primary_category":[],"jnews_social_meta":[],"jnews_override_counter":[],"footnotes":""},"categories":[8766],"tags":[9952,17550,17549,17406,17548],"class_list":["post-20697","post","type-post","status-publish","format-standard","has-post-thumbnail","hentry","category-nutricion","tag-biotina","tag-deficit-nutricional","tag-hierro","tag-nutricion","tag-unas-quebradizas"],"yoast_head":"<!-- This site is optimized with the Yoast SEO plugin v28.3 - https:\/\/yoast.com\/product\/yoast-seo-wordpress\/ -->\n<title>Las u\u00f1as quebradizas y con estr\u00edas no se deben solo a la falta de calcio, sino al d\u00e9ficit de hierro, biotina y prote\u00ednas en la dieta diaria - Tua Saude<\/title>\n<meta name=\"description\" content=\"Las u\u00f1as quebradizas no apuntan solo al calcio. Hierro, biotina y prote\u00ednas pueden explicar estr\u00edas y fragilidad con m\u00e1s frecuencia de la esperada.\" \/>\n<meta name=\"robots\" content=\"index, follow, max-snippet:-1, max-image-preview:large, max-video-preview:-1\" \/>\n<link rel=\"canonical\" href=\"https:\/\/www.tuasaude.com\/es\/news\/2026\/09\/06\/las-unas-quebradizas-y-con-estrias-no-se-deben-solo-a-la-falta-de-calcio-sino-al-deficit-de-hierro-biotina-y-proteinas-en-la-dieta-diaria\/\" \/>\n<meta property=\"og:locale\" content=\"es_ES\" \/>\n<meta property=\"og:type\" content=\"article\" \/>\n<meta property=\"og:title\" content=\"Las u\u00f1as quebradizas y con estr\u00edas no se deben solo a la falta de calcio, sino al d\u00e9ficit de hierro, biotina y prote\u00ednas en la dieta diaria - Tua Saude\" \/>\n<meta property=\"og:description\" content=\"Las u\u00f1as quebradizas no apuntan solo al calcio. Hierro, biotina y prote\u00ednas pueden explicar estr\u00edas y fragilidad con m\u00e1s frecuencia de la esperada.\" \/>\n<meta property=\"og:url\" content=\"https:\/\/www.tuasaude.com\/es\/news\/2026\/09\/06\/las-unas-quebradizas-y-con-estrias-no-se-deben-solo-a-la-falta-de-calcio-sino-al-deficit-de-hierro-biotina-y-proteinas-en-la-dieta-diaria\/\" \/>\n<meta property=\"og:site_name\" content=\"Tua Saude\" \/>\n<meta property=\"article:published_time\" content=\"2026-09-06T09:48:00+00:00\" \/>\n<meta property=\"og:image\" content=\"https:\/\/www.tuasaude.com\/es\/news\/wp-content\/uploads\/2026\/09\/las-unas-quebradizas-y-con-estrias-no-se-deben-solo-a-l.jpg\" \/>\n\t<meta property=\"og:image:width\" content=\"1279\" \/>\n\t<meta property=\"og:image:height\" content=\"720\" \/>\n\t<meta property=\"og:image:type\" content=\"image\/jpeg\" \/>\n<meta name=\"author\" content=\"Gabriel Leme\" \/>\n<meta name=\"twitter:card\" content=\"summary_large_image\" \/>\n<meta name=\"twitter:label1\" content=\"Escrito por\" \/>\n\t<meta name=\"twitter:data1\" content=\"Gabriel Leme\" \/>\n\t<meta name=\"twitter:label2\" content=\"Tiempo de lectura\" \/>\n\t<meta name=\"twitter:data2\" content=\"4 minutos\" \/>\n<!-- \/ Yoast SEO plugin. -->","yoast_head_json":{"title":"Las u\u00f1as quebradizas y con estr\u00edas no se deben solo a la falta de calcio, sino al d\u00e9ficit de hierro, biotina y prote\u00ednas en la dieta diaria - Tua Saude","description":"Las u\u00f1as quebradizas no apuntan solo al calcio. Hierro, biotina y prote\u00ednas pueden explicar estr\u00edas y fragilidad con m\u00e1s frecuencia de la esperada.","robots":{"index":"index","follow":"follow","max-snippet":"max-snippet:-1","max-image-preview":"max-image-preview:large","max-video-preview":"max-video-preview:-1"},"canonical":"https:\/\/www.tuasaude.com\/es\/news\/2026\/09\/06\/las-unas-quebradizas-y-con-estrias-no-se-deben-solo-a-la-falta-de-calcio-sino-al-deficit-de-hierro-biotina-y-proteinas-en-la-dieta-diaria\/","og_locale":"es_ES","og_type":"article","og_title":"Las u\u00f1as quebradizas y con estr\u00edas no se deben solo a la falta de calcio, sino al d\u00e9ficit de hierro, biotina y prote\u00ednas en la dieta diaria - Tua Saude","og_description":"Las u\u00f1as quebradizas no apuntan solo al calcio. Hierro, biotina y prote\u00ednas pueden explicar estr\u00edas y fragilidad con m\u00e1s frecuencia de la esperada.","og_url":"https:\/\/www.tuasaude.com\/es\/news\/2026\/09\/06\/las-unas-quebradizas-y-con-estrias-no-se-deben-solo-a-la-falta-de-calcio-sino-al-deficit-de-hierro-biotina-y-proteinas-en-la-dieta-diaria\/","og_site_name":"Tua Saude","article_published_time":"2026-09-06T09:48:00+00:00","og_image":[{"width":1279,"height":720,"url":"https:\/\/www.tuasaude.com\/es\/news\/wp-content\/uploads\/2026\/09\/las-unas-quebradizas-y-con-estrias-no-se-deben-solo-a-l.jpg","type":"image\/jpeg"}],"author":"Gabriel Leme","twitter_card":"summary_large_image","twitter_misc":{"Escrito por":"Gabriel Leme","Tiempo de lectura":"4 minutos"},"schema":{"@context":"https:\/\/schema.org","@graph":[{"@type":"Article","@id":"https:\/\/www.tuasaude.com\/es\/news\/2026\/09\/06\/las-unas-quebradizas-y-con-estrias-no-se-deben-solo-a-la-falta-de-calcio-sino-al-deficit-de-hierro-biotina-y-proteinas-en-la-dieta-diaria\/#article","isPartOf":{"@id":"https:\/\/www.tuasaude.com\/es\/news\/2026\/09\/06\/las-unas-quebradizas-y-con-estrias-no-se-deben-solo-a-la-falta-de-calcio-sino-al-deficit-de-hierro-biotina-y-proteinas-en-la-dieta-diaria\/"},"author":{"name":"Gabriel Leme","@id":"https:\/\/www.tuasaude.com\/es\/news\/#\/schema\/person\/d330332b43c07afaeaafcb8f33614666"},"headline":"Las u\u00f1as quebradizas y con estr\u00edas no se deben solo a la falta de calcio, sino al d\u00e9ficit de hierro, biotina y prote\u00ednas en la dieta diaria","datePublished":"2026-09-06T09:48:00+00:00","mainEntityOfPage":{"@id":"https:\/\/www.tuasaude.com\/es\/news\/2026\/09\/06\/las-unas-quebradizas-y-con-estrias-no-se-deben-solo-a-la-falta-de-calcio-sino-al-deficit-de-hierro-biotina-y-proteinas-en-la-dieta-diaria\/"},"wordCount":907,"commentCount":0,"image":{"@id":"https:\/\/www.tuasaude.com\/es\/news\/2026\/09\/06\/las-unas-quebradizas-y-con-estrias-no-se-deben-solo-a-la-falta-de-calcio-sino-al-deficit-de-hierro-biotina-y-proteinas-en-la-dieta-diaria\/#primaryimage"},"thumbnailUrl":"https:\/\/www.tuasaude.com\/es\/news\/wp-content\/uploads\/2026\/09\/las-unas-quebradizas-y-con-estrias-no-se-deben-solo-a-l.jpg","keywords":["biotina","d\u00e9ficit nutricional","hierro","nutrici\u00f3n","u\u00f1as quebradizas"],"articleSection":["Nutrici\u00f3n"],"inLanguage":"es","potentialAction":[{"@type":"CommentAction","name":"Comment","target":["https:\/\/www.tuasaude.com\/es\/news\/2026\/09\/06\/las-unas-quebradizas-y-con-estrias-no-se-deben-solo-a-la-falta-de-calcio-sino-al-deficit-de-hierro-biotina-y-proteinas-en-la-dieta-diaria\/#respond"]}]},{"@type":"WebPage","@id":"https:\/\/www.tuasaude.com\/es\/news\/2026\/09\/06\/las-unas-quebradizas-y-con-estrias-no-se-deben-solo-a-la-falta-de-calcio-sino-al-deficit-de-hierro-biotina-y-proteinas-en-la-dieta-diaria\/","url":"https:\/\/www.tuasaude.com\/es\/news\/2026\/09\/06\/las-unas-quebradizas-y-con-estrias-no-se-deben-solo-a-la-falta-de-calcio-sino-al-deficit-de-hierro-biotina-y-proteinas-en-la-dieta-diaria\/","name":"Las u\u00f1as quebradizas y con estr\u00edas no se deben solo a la falta de calcio, sino al d\u00e9ficit de hierro, biotina y prote\u00ednas en la dieta diaria - Tua Saude","isPartOf":{"@id":"https:\/\/www.tuasaude.com\/es\/news\/#website"},"primaryImageOfPage":{"@id":"https:\/\/www.tuasaude.com\/es\/news\/2026\/09\/06\/las-unas-quebradizas-y-con-estrias-no-se-deben-solo-a-la-falta-de-calcio-sino-al-deficit-de-hierro-biotina-y-proteinas-en-la-dieta-diaria\/#primaryimage"},"image":{"@id":"https:\/\/www.tuasaude.com\/es\/news\/2026\/09\/06\/las-unas-quebradizas-y-con-estrias-no-se-deben-solo-a-la-falta-de-calcio-sino-al-deficit-de-hierro-biotina-y-proteinas-en-la-dieta-diaria\/#primaryimage"},"thumbnailUrl":"https:\/\/www.tuasaude.com\/es\/news\/wp-content\/uploads\/2026\/09\/las-unas-quebradizas-y-con-estrias-no-se-deben-solo-a-l.jpg","datePublished":"2026-09-06T09:48:00+00:00","author":{"@id":"https:\/\/www.tuasaude.com\/es\/news\/#\/schema\/person\/d330332b43c07afaeaafcb8f33614666"},"description":"Las u\u00f1as quebradizas no apuntan solo al calcio. Hierro, biotina y prote\u00ednas pueden explicar estr\u00edas y fragilidad con m\u00e1s frecuencia de la esperada.","breadcrumb":{"@id":"https:\/\/www.tuasaude.com\/es\/news\/2026\/09\/06\/las-unas-quebradizas-y-con-estrias-no-se-deben-solo-a-la-falta-de-calcio-sino-al-deficit-de-hierro-biotina-y-proteinas-en-la-dieta-diaria\/#breadcrumb"},"inLanguage":"es","potentialAction":[{"@type":"ReadAction","target":["https:\/\/www.tuasaude.com\/es\/news\/2026\/09\/06\/las-unas-quebradizas-y-con-estrias-no-se-deben-solo-a-la-falta-de-calcio-sino-al-deficit-de-hierro-biotina-y-proteinas-en-la-dieta-diaria\/"]}]},{"@type":"ImageObject","inLanguage":"es","@id":"https:\/\/www.tuasaude.com\/es\/news\/2026\/09\/06\/las-unas-quebradizas-y-con-estrias-no-se-deben-solo-a-la-falta-de-calcio-sino-al-deficit-de-hierro-biotina-y-proteinas-en-la-dieta-diaria\/#primaryimage","url":"https:\/\/www.tuasaude.com\/es\/news\/wp-content\/uploads\/2026\/09\/las-unas-quebradizas-y-con-estrias-no-se-deben-solo-a-l.jpg","contentUrl":"https:\/\/www.tuasaude.com\/es\/news\/wp-content\/uploads\/2026\/09\/las-unas-quebradizas-y-con-estrias-no-se-deben-solo-a-l.jpg","width":1279,"height":720,"caption":"Las u\u00f1as fr\u00e1giles pueden reflejar d\u00e9ficits de hierro, biotina y prote\u00ednas."},{"@type":"BreadcrumbList","@id":"https:\/\/www.tuasaude.com\/es\/news\/2026\/09\/06\/las-unas-quebradizas-y-con-estrias-no-se-deben-solo-a-la-falta-de-calcio-sino-al-deficit-de-hierro-biotina-y-proteinas-en-la-dieta-diaria\/#breadcrumb","itemListElement":[{"@type":"ListItem","position":1,"name":"Portada","item":"https:\/\/www.tuasaude.com\/es\/news\/"},{"@type":"ListItem","position":2,"name":"Las u\u00f1as quebradizas y con estr\u00edas no se deben solo a la falta de calcio, sino al d\u00e9ficit de hierro, biotina y prote\u00ednas en la dieta diaria"}]},{"@type":"WebSite","@id":"https:\/\/www.tuasaude.com\/es\/news\/#website","url":"https:\/\/www.tuasaude.com\/es\/news\/","name":"Tua Saude","description":"Tu sitio web de salud","potentialAction":[{"@type":"SearchAction","target":{"@type":"EntryPoint","urlTemplate":"https:\/\/www.tuasaude.com\/es\/news\/?s={search_term_string}"},"query-input":{"@type":"PropertyValueSpecification","valueRequired":true,"valueName":"search_term_string"}}],"inLanguage":"es"},{"@type":"Person","@id":"https:\/\/www.tuasaude.com\/es\/news\/#\/schema\/person\/d330332b43c07afaeaafcb8f33614666","name":"Gabriel Leme","image":{"@type":"ImageObject","inLanguage":"es","@id":"https:\/\/secure.gravatar.com\/avatar\/a12badc2d08e73d59b38f178ebe822eca26c0445823b05fefedea89fb346439c?s=96&d=mm&r=g","url":"https:\/\/secure.gravatar.com\/avatar\/a12badc2d08e73d59b38f178ebe822eca26c0445823b05fefedea89fb346439c?s=96&d=mm&r=g","contentUrl":"https:\/\/secure.gravatar.com\/avatar\/a12badc2d08e73d59b38f178ebe822eca26c0445823b05fefedea89fb346439c?s=96&d=mm&r=g","caption":"Gabriel Leme"},"sameAs":["https:\/\/www.tuasaude.com\/es\/news"],"url":"https:\/\/www.tuasaude.com\/es\/news\/author\/gabrielleme\/"}]}},"_links":{"self":[{"href":"https:\/\/www.tuasaude.com\/es\/news\/wp-json\/wp\/v2\/posts\/20697","targetHints":{"allow":["GET"]}}],"collection":[{"href":"https:\/\/www.tuasaude.com\/es\/news\/wp-json\/wp\/v2\/posts"}],"about":[{"href":"https:\/\/www.tuasaude.com\/es\/news\/wp-json\/wp\/v2\/types\/post"}],"author":[{"embeddable":true,"href":"https:\/\/www.tuasaude.com\/es\/news\/wp-json\/wp\/v2\/users\/15"}],"replies":[{"embeddable":true,"href":"https:\/\/www.tuasaude.com\/es\/news\/wp-json\/wp\/v2\/comments?post=20697"}],"version-history":[{"count":1,"href":"https:\/\/www.tuasaude.com\/es\/news\/wp-json\/wp\/v2\/posts\/20697\/revisions"}],"predecessor-version":[{"id":20741,"href":"https:\/\/www.tuasaude.com\/es\/news\/wp-json\/wp\/v2\/posts\/20697\/revisions\/20741"}],"wp:featuredmedia":[{"embeddable":true,"href":"https:\/\/www.tuasaude.com\/es\/news\/wp-json\/wp\/v2\/media\/20694"}],"wp:attachment":[{"href":"https:\/\/www.tuasaude.com\/es\/news\/wp-json\/wp\/v2\/media?parent=20697"}],"wp:term":[{"taxonomy":"category","embeddable":true,"href":"https:\/\/www.tuasaude.com\/es\/news\/wp-json\/wp\/v2\/categories?post=20697"},{"taxonomy":"post_tag","embeddable":true,"href":"https:\/\/www.tuasaude.com\/es\/news\/wp-json\/wp\/v2\/tags?post=20697"}],"curies":[{"name":"wp","href":"https:\/\/api.w.org\/{rel}","templated":true}]}}