{"id":20671,"date":"2026-09-05T23:28:00","date_gmt":"2026-09-05T22:28:00","guid":{"rendered":"https:\/\/www.tuasaude.com\/es\/news\/?p=20671"},"modified":"2026-09-05T10:48:04","modified_gmt":"2026-09-05T09:48:04","slug":"cual-es-el-mineral-ideal-para-reducir-la-fatiga-y-mantener-la-energia-a-lo-largo-del-dia","status":"publish","type":"post","link":"https:\/\/www.tuasaude.com\/es\/news\/2026\/09\/05\/cual-es-el-mineral-ideal-para-reducir-la-fatiga-y-mantener-la-energia-a-lo-largo-del-dia\/","title":{"rendered":"Cu\u00e1l es el mineral ideal para reducir la fatiga y mantener la energ\u00eda a lo largo del d\u00eda"},"content":{"rendered":"\n<p class=\"wp-block-paragraph\"><strong>Los minerales<\/strong> participan en la producci\u00f3n de energ\u00eda, la contracci\u00f3n muscular y el transporte de ox\u00edgeno. Cuando aparece <strong>fatiga<\/strong> de forma frecuente, dos nombres destacan por encima del resto, <strong>magnesio<\/strong> y <strong>hierro<\/strong>. No cumplen la misma funci\u00f3n, as\u00ed que el mineral ideal depende del origen del cansancio, de la dieta y de si existe una carencia real.<\/p>\n\n\n\n<h2 class=\"wp-block-heading\">\u00bfQu\u00e9 mineral se relaciona m\u00e1s con la energ\u00eda diaria?<\/h2>\n\n\n\n<p class=\"wp-block-paragraph\"><strong>El magnesio<\/strong> interviene en cientos de reacciones enzim\u00e1ticas ligadas al metabolismo energ\u00e9tico. Ayuda a transformar hidratos de carbono, grasas y prote\u00ednas en energ\u00eda utilizable, y tambi\u00e9n participa en la funci\u00f3n muscular y nerviosa. Si la sensaci\u00f3n es de agotamiento f\u00edsico, calambres, sue\u00f1o poco reparador o tensi\u00f3n muscular, su papel merece atenci\u00f3n.<\/p>\n\n\n\n<p class=\"wp-block-paragraph\"><strong>El hierro<\/strong>, en cambio, resulta clave para formar hemoglobina y transportar ox\u00edgeno a los tejidos. Cuando las reservas bajan, el cuerpo puede notar debilidad, menor resistencia al esfuerzo, falta de concentraci\u00f3n y palidez. Por eso no existe un \u00fanico ganador. Si el problema est\u00e1 en el ox\u00edgeno, el hierro pesa m\u00e1s. Si el problema est\u00e1 en el metabolismo celular o en la funci\u00f3n neuromuscular, el magnesio suele cobrar protagonismo.<\/p>\n\n\n\n<h2 class=\"wp-block-heading\">\u00bfQu\u00e9 dice la investigaci\u00f3n sobre magnesio y fatiga?<\/h2>\n\n\n\n<p class=\"wp-block-paragraph\">Una investigaci\u00f3n reciente evalu\u00f3 una combinaci\u00f3n de vitaminas del grupo B con magnesio en adultos con enfermedad inflamatoria intestinal en remisi\u00f3n. El trabajo observ\u00f3 <a href=\"https:\/\/pubmed.ncbi.nlm.nih.gov\/42010310\/\" target=\"_blank\" rel=\"noopener noreferrer\">una mayor reducci\u00f3n de la fatiga frente a placebo<\/a> tras cuatro semanas, junto con mejor\u00eda cl\u00ednica en parte de los participantes. El dato importante es que el magnesio no se estudi\u00f3 por separado, as\u00ed que el resultado orienta, pero no permite atribuir todo el efecto a este mineral.<\/p>\n\n\n\n<p class=\"wp-block-paragraph\">Aun con esa limitaci\u00f3n, el hallazgo encaja con la fisiolog\u00eda b\u00e1sica. El magnesio participa en la s\u00edntesis de ATP, la mol\u00e9cula que las c\u00e9lulas usan como combustible. Cuando la ingesta es baja, pueden aparecer cansancio, irritabilidad o peor recuperaci\u00f3n tras el ejercicio. Eso no significa que suplementarlo funcione en todos los casos, pero s\u00ed que merece revisarse cuando la alimentaci\u00f3n es deficitaria o hay p\u00e9rdidas aumentadas.<\/p>\n\n\n<div class=\"wp-block-image wp-block-image aligncenter size-large\">\n<figure ><img decoding=\"async\" width=\"1279\" height=\"720\" src=\"https:\/\/www.tuasaude.com\/es\/news\/wp-content\/uploads\/2026\/09\/cual-es-el-mineral-ideal-para-reducir-la-fatiga-y-mante-corpo.jpg\" alt=\"Magnesio, hierro, dieta y valoraci\u00f3n cl\u00ednica orientan la energ\u00eda diaria.\" class=\"wp-image-20669\" srcset=\"https:\/\/www.tuasaude.com\/es\/news\/wp-content\/uploads\/2026\/09\/cual-es-el-mineral-ideal-para-reducir-la-fatiga-y-mante-corpo.jpg 1279w, https:\/\/www.tuasaude.com\/es\/news\/wp-content\/uploads\/2026\/09\/cual-es-el-mineral-ideal-para-reducir-la-fatiga-y-mante-corpo-300x169.jpg 300w, https:\/\/www.tuasaude.com\/es\/news\/wp-content\/uploads\/2026\/09\/cual-es-el-mineral-ideal-para-reducir-la-fatiga-y-mante-corpo-1024x576.jpg 1024w, https:\/\/www.tuasaude.com\/es\/news\/wp-content\/uploads\/2026\/09\/cual-es-el-mineral-ideal-para-reducir-la-fatiga-y-mante-corpo-768x432.jpg 768w, https:\/\/www.tuasaude.com\/es\/news\/wp-content\/uploads\/2026\/09\/cual-es-el-mineral-ideal-para-reducir-la-fatiga-y-mante-corpo-750x422.jpg 750w, https:\/\/www.tuasaude.com\/es\/news\/wp-content\/uploads\/2026\/09\/cual-es-el-mineral-ideal-para-reducir-la-fatiga-y-mante-corpo-1140x642.jpg 1140w\" sizes=\"(max-width: 1279px) 100vw, 1279px\" \/><figcaption class=\"wp-element-caption\">Magnesio, hierro, dieta y valoraci\u00f3n cl\u00ednica orientan la energ\u00eda diaria.<\/figcaption><\/figure>\n<\/div>\n\n\n<h2 class=\"wp-block-heading\">\u00bfCu\u00e1ndo puede faltar magnesio en la alimentaci\u00f3n?<\/h2>\n\n\n\n<p class=\"wp-block-paragraph\">Los dep\u00f3sitos de <strong>magnesio<\/strong> pueden verse comprometidos por dietas muy basadas en ultraprocesados, consumo elevado de alcohol, v\u00f3mitos, diarrea prolongada o algunos f\u00e1rmacos. Tambi\u00e9n puede pasar desapercibido en personas con mucho estr\u00e9s, entrenamiento intenso o sue\u00f1o irregular, porque varios de esos factores empeoran la percepci\u00f3n de cansancio.<\/p>\n\n\n\n<p class=\"wp-block-paragraph\">Para aumentar la ingesta diaria, conviene priorizar alimentos que lo aportan de forma estable:<\/p>\n\n\n\n<ul class=\"wp-block-list\">\n<li>Frutos secos, sobre todo almendras y anacardos.<\/li>\n\n\n\n<li>Legumbres como garbanzos, lentejas y alubias.<\/li>\n\n\n\n<li>Semillas de calabaza, s\u00e9samo y ch\u00eda.<\/li>\n\n\n\n<li>Cereales integrales y avena.<\/li>\n\n\n\n<li>Verduras de hoja verde, como espinaca o acelga.<\/li>\n<\/ul>\n\n\n\n<p class=\"wp-block-paragraph\">Si quieres revisar <a href=\"https:\/\/www.tuasaude.com\/es\/magnesio\/\" target=\"_blank\" rel=\"noopener noreferrer\">las funciones del magnesio<\/a>, sus fuentes y cu\u00e1ndo se valora suplementaci\u00f3n, esa gu\u00eda puede ayudarte a situarlo dentro de una dieta equilibrada.<\/p>\n\n\n\n<h2 class=\"wp-block-heading\">\u00bfY el hierro, cu\u00e1ndo marca la diferencia?<\/h2>\n\n\n\n<p class=\"wp-block-paragraph\"><strong>El hierro<\/strong> puede ser decisivo cuando la fatiga se acompa\u00f1a de falta de aire al subir escaleras, sensaci\u00f3n de piernas pesadas, u\u00f1as fr\u00e1giles o bajada del rendimiento. En mujeres con menstruaciones abundantes, personas con dietas restrictivas o deportistas de resistencia, las reservas pueden disminuir antes de que aparezca anemia evidente.<\/p>\n\n\n\n<p class=\"wp-block-paragraph\">Otra investigaci\u00f3n, publicada en 2023, explor\u00f3 <a href=\"https:\/\/pubmed.ncbi.nlm.nih.gov\/36817736\/\" target=\"_blank\" rel=\"noopener noreferrer\">el impacto del hierro sobre la percepci\u00f3n de fatiga en deportistas<\/a>. El efecto dependi\u00f3 del perfil basal y del contexto de entrenamiento, algo clave para no generalizar. Tomar hierro sin d\u00e9ficit no siempre mejora la energ\u00eda y puede causar molestias digestivas o incluso exceso de almacenamiento.<\/p>\n\n\n\n<h2 class=\"wp-block-heading\">\u00bfC\u00f3mo saber si la fatiga se relaciona con un d\u00e9ficit mineral?<\/h2>\n\n\n\n<p class=\"wp-block-paragraph\">La pista m\u00e1s \u00fatil no suele ser un s\u00edntoma aislado, sino el conjunto. La <strong>fatiga<\/strong> por hierro bajo se asocia m\u00e1s con baja tolerancia al esfuerzo y signos de menor oxigenaci\u00f3n. La ligada a magnesio suele convivir con calambres, espasmos, sue\u00f1o inquieto o cefalea. Aun as\u00ed, las se\u00f1ales se solapan y no bastan para sacar conclusiones firmes.<\/p>\n\n\n\n<p class=\"wp-block-paragraph\">Hay varios puntos que orientan la valoraci\u00f3n:<\/p>\n\n\n\n<ul class=\"wp-block-list\">\n<li>Tipo de alimentaci\u00f3n en las \u00faltimas semanas.<\/li>\n\n\n\n<li>P\u00e9rdidas de sangre, incluidas menstruaciones abundantes.<\/li>\n\n\n\n<li>Problemas digestivos que alteren la absorci\u00f3n.<\/li>\n\n\n\n<li>Uso de medicamentos o suplementos por cuenta propia.<\/li>\n\n\n\n<li>Calidad del sue\u00f1o, estr\u00e9s y carga de ejercicio.<\/li>\n<\/ul>\n\n\n\n<h2 class=\"wp-block-heading\">Entonces, \u00bfcu\u00e1l elegir para mantener la energ\u00eda?<\/h2>\n\n\n\n<p class=\"wp-block-paragraph\">Si hay que se\u00f1alar un mineral con papel amplio en el metabolismo energ\u00e9tico diario, <strong>el magnesio<\/strong> suele ser el candidato m\u00e1s vers\u00e1til. Participa en la funci\u00f3n muscular, el sistema nervioso y el uso celular de la energ\u00eda. Pero si la causa de la fatiga es una bajada de ferritina o una anemia, el que cambia el cuadro es el hierro. La elecci\u00f3n correcta no depende de la publicidad del suplemento, sino del patr\u00f3n de s\u00edntomas, la dieta y, muchas veces, una anal\u00edtica.<\/p>\n\n\n\n<p class=\"wp-block-paragraph\">En la pr\u00e1ctica, mantener buenos niveles de minerales pasa por comer legumbres, frutos secos, verduras, cereales integrales y alimentos ricos en hierro bien combinados con vitamina C para mejorar su absorci\u00f3n. Cuando el cansancio persiste, empeora o se acompa\u00f1a de mareo, palpitaciones o debilidad marcada, conviene valorar reservas, metabolismo y estado nutricional con criterio cl\u00ednico.<\/p>\n\n\n\n<p class=\"wp-block-paragraph\">Este contenido tiene car\u00e1cter exclusivamente informativo y <strong>no sustituye la evaluaci\u00f3n<\/strong>, el diagn\u00f3stico ni el seguimiento de un profesional sanitario. Si presentas s\u00edntomas o dudas sobre tu estado de salud, busca atenci\u00f3n m\u00e9dica.<\/p>\n","protected":false},"excerpt":{"rendered":"<p>Los minerales participan en la producci\u00f3n de energ\u00eda, la contracci\u00f3n muscular y el transporte de ox\u00edgeno. Cuando aparece fatiga de forma frecuente, dos nombres destacan por encima del resto, magnesio y hierro. No cumplen la misma funci\u00f3n, as\u00ed que el mineral ideal depende del origen del cansancio, de la dieta y de si existe una [&hellip;]<\/p>\n","protected":false},"author":15,"featured_media":20670,"comment_status":"open","ping_status":"open","sticky":false,"template":"","format":"standard","meta":{"jnews-multi-image_gallery":[],"jnews_single_post":{"format":"standard"},"jnews_primary_category":[],"jnews_social_meta":[],"jnews_override_counter":[],"footnotes":""},"categories":[8766],"tags":[17867,17549,18000,17608,17406],"class_list":["post-20671","post","type-post","status-publish","format-standard","has-post-thumbnail","hentry","category-nutricion","tag-fatiga","tag-hierro","tag-magnesio-2","tag-minerales","tag-nutricion"],"yoast_head":"<!-- This site is optimized with the Yoast SEO plugin v28.3 - https:\/\/yoast.com\/product\/yoast-seo-wordpress\/ -->\n<title>Cu\u00e1l es el mineral ideal para reducir la fatiga y mantener la energ\u00eda a lo largo del d\u00eda - Tua Saude<\/title>\n<meta name=\"description\" content=\"La relaci\u00f3n entre minerales y fatiga va m\u00e1s all\u00e1 de lo que parece: un detalle sobre magnesio e hierro cambia c\u00f3mo sostener la energ\u00eda diaria.\" \/>\n<meta name=\"robots\" content=\"index, follow, max-snippet:-1, max-image-preview:large, max-video-preview:-1\" \/>\n<link rel=\"canonical\" href=\"https:\/\/www.tuasaude.com\/es\/news\/2026\/09\/05\/cual-es-el-mineral-ideal-para-reducir-la-fatiga-y-mantener-la-energia-a-lo-largo-del-dia\/\" \/>\n<meta property=\"og:locale\" content=\"es_ES\" \/>\n<meta property=\"og:type\" content=\"article\" \/>\n<meta property=\"og:title\" content=\"Cu\u00e1l es el mineral ideal para reducir la fatiga y mantener la energ\u00eda a lo largo del d\u00eda - Tua Saude\" \/>\n<meta property=\"og:description\" content=\"La relaci\u00f3n entre minerales y fatiga va m\u00e1s all\u00e1 de lo que parece: un detalle sobre magnesio e hierro cambia c\u00f3mo sostener la energ\u00eda diaria.\" \/>\n<meta property=\"og:url\" content=\"https:\/\/www.tuasaude.com\/es\/news\/2026\/09\/05\/cual-es-el-mineral-ideal-para-reducir-la-fatiga-y-mantener-la-energia-a-lo-largo-del-dia\/\" \/>\n<meta property=\"og:site_name\" content=\"Tua Saude\" \/>\n<meta property=\"article:published_time\" content=\"2026-09-05T22:28:00+00:00\" \/>\n<meta property=\"og:image\" content=\"https:\/\/www.tuasaude.com\/es\/news\/wp-content\/uploads\/2026\/09\/cual-es-el-mineral-ideal-para-reducir-la-fatiga-y-mante.jpg\" \/>\n\t<meta property=\"og:image:width\" content=\"1279\" \/>\n\t<meta property=\"og:image:height\" content=\"720\" \/>\n\t<meta property=\"og:image:type\" content=\"image\/jpeg\" \/>\n<meta name=\"author\" content=\"Gabriel Leme\" \/>\n<meta name=\"twitter:card\" content=\"summary_large_image\" \/>\n<meta name=\"twitter:label1\" content=\"Escrito por\" \/>\n\t<meta name=\"twitter:data1\" content=\"Gabriel Leme\" \/>\n\t<meta name=\"twitter:label2\" content=\"Tiempo de lectura\" \/>\n\t<meta name=\"twitter:data2\" content=\"5 minutos\" \/>\n<!-- \/ Yoast SEO plugin. -->","yoast_head_json":{"title":"Cu\u00e1l es el mineral ideal para reducir la fatiga y mantener la energ\u00eda a lo largo del d\u00eda - Tua Saude","description":"La relaci\u00f3n entre minerales y fatiga va m\u00e1s all\u00e1 de lo que parece: un detalle sobre magnesio e hierro cambia c\u00f3mo sostener la energ\u00eda diaria.","robots":{"index":"index","follow":"follow","max-snippet":"max-snippet:-1","max-image-preview":"max-image-preview:large","max-video-preview":"max-video-preview:-1"},"canonical":"https:\/\/www.tuasaude.com\/es\/news\/2026\/09\/05\/cual-es-el-mineral-ideal-para-reducir-la-fatiga-y-mantener-la-energia-a-lo-largo-del-dia\/","og_locale":"es_ES","og_type":"article","og_title":"Cu\u00e1l es el mineral ideal para reducir la fatiga y mantener la energ\u00eda a lo largo del d\u00eda - Tua Saude","og_description":"La relaci\u00f3n entre minerales y fatiga va m\u00e1s all\u00e1 de lo que parece: un detalle sobre magnesio e hierro cambia c\u00f3mo sostener la energ\u00eda diaria.","og_url":"https:\/\/www.tuasaude.com\/es\/news\/2026\/09\/05\/cual-es-el-mineral-ideal-para-reducir-la-fatiga-y-mantener-la-energia-a-lo-largo-del-dia\/","og_site_name":"Tua Saude","article_published_time":"2026-09-05T22:28:00+00:00","og_image":[{"width":1279,"height":720,"url":"https:\/\/www.tuasaude.com\/es\/news\/wp-content\/uploads\/2026\/09\/cual-es-el-mineral-ideal-para-reducir-la-fatiga-y-mante.jpg","type":"image\/jpeg"}],"author":"Gabriel Leme","twitter_card":"summary_large_image","twitter_misc":{"Escrito por":"Gabriel Leme","Tiempo de lectura":"5 minutos"},"schema":{"@context":"https:\/\/schema.org","@graph":[{"@type":"Article","@id":"https:\/\/www.tuasaude.com\/es\/news\/2026\/09\/05\/cual-es-el-mineral-ideal-para-reducir-la-fatiga-y-mantener-la-energia-a-lo-largo-del-dia\/#article","isPartOf":{"@id":"https:\/\/www.tuasaude.com\/es\/news\/2026\/09\/05\/cual-es-el-mineral-ideal-para-reducir-la-fatiga-y-mantener-la-energia-a-lo-largo-del-dia\/"},"author":{"name":"Gabriel Leme","@id":"https:\/\/www.tuasaude.com\/es\/news\/#\/schema\/person\/d330332b43c07afaeaafcb8f33614666"},"headline":"Cu\u00e1l es el mineral ideal para reducir la fatiga y mantener la energ\u00eda a lo largo del d\u00eda","datePublished":"2026-09-05T22:28:00+00:00","mainEntityOfPage":{"@id":"https:\/\/www.tuasaude.com\/es\/news\/2026\/09\/05\/cual-es-el-mineral-ideal-para-reducir-la-fatiga-y-mantener-la-energia-a-lo-largo-del-dia\/"},"wordCount":983,"commentCount":0,"image":{"@id":"https:\/\/www.tuasaude.com\/es\/news\/2026\/09\/05\/cual-es-el-mineral-ideal-para-reducir-la-fatiga-y-mantener-la-energia-a-lo-largo-del-dia\/#primaryimage"},"thumbnailUrl":"https:\/\/www.tuasaude.com\/es\/news\/wp-content\/uploads\/2026\/09\/cual-es-el-mineral-ideal-para-reducir-la-fatiga-y-mante.jpg","keywords":["fatiga","hierro","magnesio","minerales","nutrici\u00f3n"],"articleSection":["Nutrici\u00f3n"],"inLanguage":"es","potentialAction":[{"@type":"CommentAction","name":"Comment","target":["https:\/\/www.tuasaude.com\/es\/news\/2026\/09\/05\/cual-es-el-mineral-ideal-para-reducir-la-fatiga-y-mantener-la-energia-a-lo-largo-del-dia\/#respond"]}]},{"@type":"WebPage","@id":"https:\/\/www.tuasaude.com\/es\/news\/2026\/09\/05\/cual-es-el-mineral-ideal-para-reducir-la-fatiga-y-mantener-la-energia-a-lo-largo-del-dia\/","url":"https:\/\/www.tuasaude.com\/es\/news\/2026\/09\/05\/cual-es-el-mineral-ideal-para-reducir-la-fatiga-y-mantener-la-energia-a-lo-largo-del-dia\/","name":"Cu\u00e1l es el mineral ideal para reducir la fatiga y mantener la energ\u00eda a lo largo del d\u00eda - Tua Saude","isPartOf":{"@id":"https:\/\/www.tuasaude.com\/es\/news\/#website"},"primaryImageOfPage":{"@id":"https:\/\/www.tuasaude.com\/es\/news\/2026\/09\/05\/cual-es-el-mineral-ideal-para-reducir-la-fatiga-y-mantener-la-energia-a-lo-largo-del-dia\/#primaryimage"},"image":{"@id":"https:\/\/www.tuasaude.com\/es\/news\/2026\/09\/05\/cual-es-el-mineral-ideal-para-reducir-la-fatiga-y-mantener-la-energia-a-lo-largo-del-dia\/#primaryimage"},"thumbnailUrl":"https:\/\/www.tuasaude.com\/es\/news\/wp-content\/uploads\/2026\/09\/cual-es-el-mineral-ideal-para-reducir-la-fatiga-y-mante.jpg","datePublished":"2026-09-05T22:28:00+00:00","author":{"@id":"https:\/\/www.tuasaude.com\/es\/news\/#\/schema\/person\/d330332b43c07afaeaafcb8f33614666"},"description":"La relaci\u00f3n entre minerales y fatiga va m\u00e1s all\u00e1 de lo que parece: un detalle sobre magnesio e hierro cambia c\u00f3mo sostener la energ\u00eda diaria.","breadcrumb":{"@id":"https:\/\/www.tuasaude.com\/es\/news\/2026\/09\/05\/cual-es-el-mineral-ideal-para-reducir-la-fatiga-y-mantener-la-energia-a-lo-largo-del-dia\/#breadcrumb"},"inLanguage":"es","potentialAction":[{"@type":"ReadAction","target":["https:\/\/www.tuasaude.com\/es\/news\/2026\/09\/05\/cual-es-el-mineral-ideal-para-reducir-la-fatiga-y-mantener-la-energia-a-lo-largo-del-dia\/"]}]},{"@type":"ImageObject","inLanguage":"es","@id":"https:\/\/www.tuasaude.com\/es\/news\/2026\/09\/05\/cual-es-el-mineral-ideal-para-reducir-la-fatiga-y-mantener-la-energia-a-lo-largo-del-dia\/#primaryimage","url":"https:\/\/www.tuasaude.com\/es\/news\/wp-content\/uploads\/2026\/09\/cual-es-el-mineral-ideal-para-reducir-la-fatiga-y-mante.jpg","contentUrl":"https:\/\/www.tuasaude.com\/es\/news\/wp-content\/uploads\/2026\/09\/cual-es-el-mineral-ideal-para-reducir-la-fatiga-y-mante.jpg","width":1279,"height":720,"caption":"El magnesio destaca como apoyo vers\u00e1til frente al cansancio diario persistente."},{"@type":"BreadcrumbList","@id":"https:\/\/www.tuasaude.com\/es\/news\/2026\/09\/05\/cual-es-el-mineral-ideal-para-reducir-la-fatiga-y-mantener-la-energia-a-lo-largo-del-dia\/#breadcrumb","itemListElement":[{"@type":"ListItem","position":1,"name":"Portada","item":"https:\/\/www.tuasaude.com\/es\/news\/"},{"@type":"ListItem","position":2,"name":"Cu\u00e1l es el mineral ideal para reducir la fatiga y mantener la energ\u00eda a lo largo del d\u00eda"}]},{"@type":"WebSite","@id":"https:\/\/www.tuasaude.com\/es\/news\/#website","url":"https:\/\/www.tuasaude.com\/es\/news\/","name":"Tua Saude","description":"Tu sitio web de salud","potentialAction":[{"@type":"SearchAction","target":{"@type":"EntryPoint","urlTemplate":"https:\/\/www.tuasaude.com\/es\/news\/?s={search_term_string}"},"query-input":{"@type":"PropertyValueSpecification","valueRequired":true,"valueName":"search_term_string"}}],"inLanguage":"es"},{"@type":"Person","@id":"https:\/\/www.tuasaude.com\/es\/news\/#\/schema\/person\/d330332b43c07afaeaafcb8f33614666","name":"Gabriel Leme","image":{"@type":"ImageObject","inLanguage":"es","@id":"https:\/\/secure.gravatar.com\/avatar\/a12badc2d08e73d59b38f178ebe822eca26c0445823b05fefedea89fb346439c?s=96&d=mm&r=g","url":"https:\/\/secure.gravatar.com\/avatar\/a12badc2d08e73d59b38f178ebe822eca26c0445823b05fefedea89fb346439c?s=96&d=mm&r=g","contentUrl":"https:\/\/secure.gravatar.com\/avatar\/a12badc2d08e73d59b38f178ebe822eca26c0445823b05fefedea89fb346439c?s=96&d=mm&r=g","caption":"Gabriel Leme"},"sameAs":["https:\/\/www.tuasaude.com\/es\/news"],"url":"https:\/\/www.tuasaude.com\/es\/news\/author\/gabrielleme\/"}]}},"_links":{"self":[{"href":"https:\/\/www.tuasaude.com\/es\/news\/wp-json\/wp\/v2\/posts\/20671","targetHints":{"allow":["GET"]}}],"collection":[{"href":"https:\/\/www.tuasaude.com\/es\/news\/wp-json\/wp\/v2\/posts"}],"about":[{"href":"https:\/\/www.tuasaude.com\/es\/news\/wp-json\/wp\/v2\/types\/post"}],"author":[{"embeddable":true,"href":"https:\/\/www.tuasaude.com\/es\/news\/wp-json\/wp\/v2\/users\/15"}],"replies":[{"embeddable":true,"href":"https:\/\/www.tuasaude.com\/es\/news\/wp-json\/wp\/v2\/comments?post=20671"}],"version-history":[{"count":1,"href":"https:\/\/www.tuasaude.com\/es\/news\/wp-json\/wp\/v2\/posts\/20671\/revisions"}],"predecessor-version":[{"id":20691,"href":"https:\/\/www.tuasaude.com\/es\/news\/wp-json\/wp\/v2\/posts\/20671\/revisions\/20691"}],"wp:featuredmedia":[{"embeddable":true,"href":"https:\/\/www.tuasaude.com\/es\/news\/wp-json\/wp\/v2\/media\/20670"}],"wp:attachment":[{"href":"https:\/\/www.tuasaude.com\/es\/news\/wp-json\/wp\/v2\/media?parent=20671"}],"wp:term":[{"taxonomy":"category","embeddable":true,"href":"https:\/\/www.tuasaude.com\/es\/news\/wp-json\/wp\/v2\/categories?post=20671"},{"taxonomy":"post_tag","embeddable":true,"href":"https:\/\/www.tuasaude.com\/es\/news\/wp-json\/wp\/v2\/tags?post=20671"}],"curies":[{"name":"wp","href":"https:\/\/api.w.org\/{rel}","templated":true}]}}