{"id":20665,"date":"2026-09-05T22:18:00","date_gmt":"2026-09-05T21:18:00","guid":{"rendered":"https:\/\/www.tuasaude.com\/es\/news\/?p=20665"},"modified":"2026-09-05T10:47:32","modified_gmt":"2026-09-05T09:47:32","slug":"las-manos-y-los-pies-frios-no-se-deben-solo-al-frio-del-invierno-sino-en-muchos-casos-a-una-circulacion-lenta-y-a-una-tiroides-poco-activa","status":"publish","type":"post","link":"https:\/\/www.tuasaude.com\/es\/news\/2026\/09\/05\/las-manos-y-los-pies-frios-no-se-deben-solo-al-frio-del-invierno-sino-en-muchos-casos-a-una-circulacion-lenta-y-a-una-tiroides-poco-activa\/","title":{"rendered":"Las manos y los pies fr\u00edos no se deben solo al fr\u00edo del invierno, sino, en muchos casos, a una circulaci\u00f3n lenta y a una tiroides poco activa"},"content":{"rendered":"\n<p class=\"wp-block-paragraph\"><strong>Las manos y pies fr\u00edos<\/strong> no siempre aparecen por la temperatura exterior. A veces reflejan una <strong>circulaci\u00f3n sangu\u00ednea<\/strong> m\u00e1s lenta, una vasoconstricci\u00f3n mantenida o una <strong>tiroides<\/strong> que trabaja por debajo de lo esperado. Cuando esa sensaci\u00f3n se repite incluso en interiores, conviene mirar m\u00e1s all\u00e1 del invierno y valorar el contexto cl\u00ednico.<\/p>\n\n\n\n<h2 class=\"wp-block-heading\">\u00bfPor qu\u00e9 se enfr\u00edan tanto las extremidades?<\/h2>\n\n\n\n<p class=\"wp-block-paragraph\">Las manos y pies fr\u00edos suelen aparecer cuando el organismo reduce el flujo hacia la periferia para conservar calor en \u00f3rganos vitales. En ese proceso influyen la microcirculaci\u00f3n, el tono vascular, la presi\u00f3n arterial, el metabolismo basal y la capacidad de termorregulaci\u00f3n. Si alguno de estos mecanismos falla, la piel de dedos y plantas puede mantenerse fr\u00eda durante horas.<\/p>\n\n\n\n<p class=\"wp-block-paragraph\">La <strong>circulaci\u00f3n sangu\u00ednea<\/strong> perif\u00e9rica tambi\u00e9n cambia con el estr\u00e9s, el tabaco, el sedentarismo, algunos f\u00e1rmacos o la anemia. Cuando adem\u00e1s hay cansancio, piel seca, estre\u00f1imiento o aumento de peso, la <strong>tiroides<\/strong> entra en la lista de causas probables, sobre todo si existe <strong>hipotiroidismo<\/strong> conocido o antecedentes familiares.<\/p>\n\n\n\n<h2 class=\"wp-block-heading\">\u00bfQu\u00e9 relaci\u00f3n encontr\u00f3 la investigaci\u00f3n con la tiroides?<\/h2>\n\n\n\n<p class=\"wp-block-paragraph\">La <strong>tiroides<\/strong> regula una parte importante del gasto energ\u00e9tico y de la respuesta al fr\u00edo. Una investigaci\u00f3n publicada en 2026 evalu\u00f3 el flujo sangu\u00edneo cut\u00e1neo durante fases de enfriamiento y calentamiento, y observ\u00f3 <a href=\"https:\/\/pubmed.ncbi.nlm.nih.gov\/42183658\/\" target=\"_blank\" rel=\"noopener noreferrer\">menor variabilidad microvascular y respuesta reducida al calentamiento en hipotiroidismo<\/a>. En la pr\u00e1ctica, esto ayuda a explicar por qu\u00e9 algunas personas notan las manos y pies fr\u00edos incluso sin una exposici\u00f3n intensa al fr\u00edo.<\/p>\n\n\n\n<p class=\"wp-block-paragraph\">Ese hallazgo apunta a una alteraci\u00f3n de la microcirculaci\u00f3n perif\u00e9rica. No significa que toda sensaci\u00f3n de fr\u00edo en manos o pies se deba al <strong>hipotiroidismo<\/strong>, pero s\u00ed refuerza una asociaci\u00f3n cl\u00ednica conocida. Otra investigaci\u00f3n de 2023 fue en la misma l\u00ednea y observ\u00f3 una temperatura palmar m\u00e1s baja incluso en personas con hipotiroidismo primario controlado.<\/p>\n\n\n<div class=\"wp-block-image wp-block-image aligncenter size-large\">\n<figure ><img decoding=\"async\" width=\"1270\" height=\"725\" src=\"https:\/\/www.tuasaude.com\/es\/news\/wp-content\/uploads\/2026\/09\/las-manos-y-los-pies-frios-no-se-deben-solo-al-frio-del-corpo.jpg\" alt=\"Circulaci\u00f3n, tiroides, movimiento y se\u00f1ales clave explican el fr\u00edo persistente.\" class=\"wp-image-20664\" srcset=\"https:\/\/www.tuasaude.com\/es\/news\/wp-content\/uploads\/2026\/09\/las-manos-y-los-pies-frios-no-se-deben-solo-al-frio-del-corpo.jpg 1270w, https:\/\/www.tuasaude.com\/es\/news\/wp-content\/uploads\/2026\/09\/las-manos-y-los-pies-frios-no-se-deben-solo-al-frio-del-corpo-300x171.jpg 300w, https:\/\/www.tuasaude.com\/es\/news\/wp-content\/uploads\/2026\/09\/las-manos-y-los-pies-frios-no-se-deben-solo-al-frio-del-corpo-1024x585.jpg 1024w, https:\/\/www.tuasaude.com\/es\/news\/wp-content\/uploads\/2026\/09\/las-manos-y-los-pies-frios-no-se-deben-solo-al-frio-del-corpo-768x438.jpg 768w, https:\/\/www.tuasaude.com\/es\/news\/wp-content\/uploads\/2026\/09\/las-manos-y-los-pies-frios-no-se-deben-solo-al-frio-del-corpo-750x428.jpg 750w, https:\/\/www.tuasaude.com\/es\/news\/wp-content\/uploads\/2026\/09\/las-manos-y-los-pies-frios-no-se-deben-solo-al-frio-del-corpo-1140x651.jpg 1140w\" sizes=\"(max-width: 1270px) 100vw, 1270px\" \/><figcaption class=\"wp-element-caption\">Circulaci\u00f3n, tiroides, movimiento y se\u00f1ales clave explican el fr\u00edo persistente.<\/figcaption><\/figure>\n<\/div>\n\n\n<h2 class=\"wp-block-heading\">\u00bfCu\u00e1ndo puede indicar una circulaci\u00f3n lenta?<\/h2>\n\n\n\n<p class=\"wp-block-paragraph\">La <strong>circulaci\u00f3n sangu\u00ednea<\/strong> lenta suele notarse con frialdad persistente, palidez, hormigueo o recuperaci\u00f3n lenta del color tras presionar la piel. Tambi\u00e9n puede coexistir con calambres, pesadez en piernas o manos que tardan en calentarse despu\u00e9s de entrar en casa. Si el flujo perif\u00e9rico baja, los tejidos reciben menos ox\u00edgeno y menos calor.<\/p>\n\n\n\n<p class=\"wp-block-paragraph\">Hay varias pistas que orientan hacia este problema:<\/p>\n\n\n\n<ul class=\"wp-block-list\">\n<li>frialdad sim\u00e9trica en ambas manos o ambos pies<\/li>\n\n\n\n<li>empeoramiento al estar quieto mucho tiempo<\/li>\n\n\n\n<li>mejora parcial con movimiento o masaje<\/li>\n\n\n\n<li>dedos p\u00e1lidos o algo azulados<\/li>\n\n\n\n<li>antecedentes de tabaquismo, colesterol alto o diabetes<\/li>\n<\/ul>\n\n\n\n<p class=\"wp-block-paragraph\">Si quieres revisar <a href=\"https:\/\/www.tuasaude.com\/es\/manos-y-pies-frios\/\" target=\"_blank\" rel=\"noopener noreferrer\">las causas del fr\u00edo en extremidades<\/a>, ese contenido re\u00fane se\u00f1ales frecuentes y medidas iniciales que ayudan a orientarse antes de la consulta.<\/p>\n\n\n\n<h2 class=\"wp-block-heading\">\u00bfQu\u00e9 signos hacen pensar en hipotiroidismo?<\/h2>\n\n\n\n<p class=\"wp-block-paragraph\">El <strong>hipotiroidismo<\/strong> no se limita a sentir fr\u00edo. Suele acompa\u00f1arse de fatiga, somnolencia, piel \u00e1spera, ca\u00edda de cabello, hinchaz\u00f3n, pulso m\u00e1s lento y dificultad para concentrarse. Cuando la producci\u00f3n hormonal baja, el metabolismo desciende y el cuerpo genera menos calor, por eso la intolerancia al fr\u00edo puede hacerse muy marcada.<\/p>\n\n\n\n<p class=\"wp-block-paragraph\">Conviene prestar atenci\u00f3n a esta combinaci\u00f3n de s\u00edntomas:<\/p>\n\n\n\n<ul class=\"wp-block-list\">\n<li>manos y pies fr\u00edos casi a diario<\/li>\n\n\n\n<li>cansancio que no mejora con descanso<\/li>\n\n\n\n<li>estre\u00f1imiento persistente<\/li>\n\n\n\n<li>aumento de peso sin cambios claros en la dieta<\/li>\n\n\n\n<li>piel seca y voz m\u00e1s ronca<\/li>\n<\/ul>\n\n\n\n<p class=\"wp-block-paragraph\">La <strong>tiroides<\/strong> puede evaluarse con an\u00e1lisis como TSH y T4 libre, siempre dentro de una valoraci\u00f3n m\u00e9dica completa. Esa revisi\u00f3n es especialmente \u00fatil si la sensaci\u00f3n de fr\u00edo se mantiene durante semanas o aparece junto a cambios generales del organismo.<\/p>\n\n\n\n<h2 class=\"wp-block-heading\">\u00bfQu\u00e9 hacer si las manos y pies fr\u00edos se repiten?<\/h2>\n\n\n\n<p class=\"wp-block-paragraph\">Las manos y pies fr\u00edos requieren observar el patr\u00f3n. Si aparecen solo al salir a la calle y mejoran r\u00e1pido, suele bastar con abrigo, movimiento y buena hidrataci\u00f3n. Si persisten en reposo, se acompa\u00f1an de dolor, adormecimiento o cambios de color, conviene buscar la causa de fondo y no quedarse solo con la idea del invierno.<\/p>\n\n\n\n<p class=\"wp-block-paragraph\">Cuando la frialdad es constante, revisar el pulso, la presi\u00f3n arterial, los an\u00e1lisis de sangre y la funci\u00f3n tiroidea puede aclarar si el problema est\u00e1 en la microcirculaci\u00f3n, en un trastorno endocrino o en otra alteraci\u00f3n metab\u00f3lica. La combinaci\u00f3n entre temperatura corporal baja, vasorreactividad reducida y s\u00edntomas compatibles orienta m\u00e1s que un episodio aislado.<\/p>\n\n\n\n<p class=\"wp-block-paragraph\">Este contenido es exclusivamente informativo y <strong>no sustituye la evaluaci\u00f3n<\/strong>, el diagn\u00f3stico ni el seguimiento de un profesional sanitario. Si presentas s\u00edntomas persistentes o dudas sobre tu estado general, busca atenci\u00f3n m\u00e9dica.<\/p>\n","protected":false},"excerpt":{"rendered":"<p>Las manos y pies fr\u00edos no siempre aparecen por la temperatura exterior. A veces reflejan una circulaci\u00f3n sangu\u00ednea m\u00e1s lenta, una vasoconstricci\u00f3n mantenida o una tiroides que trabaja por debajo de lo esperado. Cuando esa sensaci\u00f3n se repite incluso en interiores, conviene mirar m\u00e1s all\u00e1 del invierno y valorar el contexto cl\u00ednico. \u00bfPor qu\u00e9 se [&hellip;]<\/p>\n","protected":false},"author":15,"featured_media":20663,"comment_status":"open","ping_status":"open","sticky":false,"template":"","format":"standard","meta":{"jnews-multi-image_gallery":[],"jnews_single_post":{"format":"standard"},"jnews_primary_category":[],"jnews_social_meta":[],"jnews_override_counter":[],"footnotes":""},"categories":[8767],"tags":[18982,17591,18668,17396,17645],"class_list":["post-20665","post","type-post","status-publish","format-standard","has-post-thumbnail","hentry","category-salud","tag-circulacion-sanguinea","tag-hipotiroidismo","tag-manos-y-pies-frios","tag-salud","tag-tiroides"],"yoast_head":"<!-- This site is optimized with the Yoast SEO plugin v28.3 - https:\/\/yoast.com\/product\/yoast-seo-wordpress\/ -->\n<title>Las manos y los pies fr\u00edos no se deben solo al fr\u00edo del invierno, sino, en muchos casos, a una circulaci\u00f3n lenta y a una tiroides poco activa - Tua Saude<\/title>\n<meta name=\"description\" content=\"Las manos y pies fr\u00edos pueden se\u00f1alar algo m\u00e1s que invierno. La relaci\u00f3n con la circulaci\u00f3n sangu\u00ednea y la tiroides cambia la forma de interpretarlos.\" \/>\n<meta name=\"robots\" content=\"index, follow, max-snippet:-1, max-image-preview:large, max-video-preview:-1\" \/>\n<link rel=\"canonical\" href=\"https:\/\/www.tuasaude.com\/es\/news\/2026\/09\/05\/las-manos-y-los-pies-frios-no-se-deben-solo-al-frio-del-invierno-sino-en-muchos-casos-a-una-circulacion-lenta-y-a-una-tiroides-poco-activa\/\" \/>\n<meta property=\"og:locale\" content=\"es_ES\" \/>\n<meta property=\"og:type\" content=\"article\" \/>\n<meta property=\"og:title\" content=\"Las manos y los pies fr\u00edos no se deben solo al fr\u00edo del invierno, sino, en muchos casos, a una circulaci\u00f3n lenta y a una tiroides poco activa - Tua Saude\" \/>\n<meta property=\"og:description\" content=\"Las manos y pies fr\u00edos pueden se\u00f1alar algo m\u00e1s que invierno. La relaci\u00f3n con la circulaci\u00f3n sangu\u00ednea y la tiroides cambia la forma de interpretarlos.\" \/>\n<meta property=\"og:url\" content=\"https:\/\/www.tuasaude.com\/es\/news\/2026\/09\/05\/las-manos-y-los-pies-frios-no-se-deben-solo-al-frio-del-invierno-sino-en-muchos-casos-a-una-circulacion-lenta-y-a-una-tiroides-poco-activa\/\" \/>\n<meta property=\"og:site_name\" content=\"Tua Saude\" \/>\n<meta property=\"article:published_time\" content=\"2026-09-05T21:18:00+00:00\" \/>\n<meta property=\"og:image\" content=\"https:\/\/www.tuasaude.com\/es\/news\/wp-content\/uploads\/2026\/09\/las-manos-y-los-pies-frios-no-se-deben-solo-al-frio-del.jpg\" \/>\n\t<meta property=\"og:image:width\" content=\"1279\" \/>\n\t<meta property=\"og:image:height\" content=\"720\" \/>\n\t<meta property=\"og:image:type\" content=\"image\/jpeg\" \/>\n<meta name=\"author\" content=\"Gabriel Leme\" \/>\n<meta name=\"twitter:card\" content=\"summary_large_image\" \/>\n<meta name=\"twitter:label1\" content=\"Escrito por\" \/>\n\t<meta name=\"twitter:data1\" content=\"Gabriel Leme\" \/>\n\t<meta name=\"twitter:label2\" content=\"Tiempo de lectura\" \/>\n\t<meta name=\"twitter:data2\" content=\"4 minutos\" \/>\n<!-- \/ Yoast SEO plugin. -->","yoast_head_json":{"title":"Las manos y los pies fr\u00edos no se deben solo al fr\u00edo del invierno, sino, en muchos casos, a una circulaci\u00f3n lenta y a una tiroides poco activa - Tua Saude","description":"Las manos y pies fr\u00edos pueden se\u00f1alar algo m\u00e1s que invierno. La relaci\u00f3n con la circulaci\u00f3n sangu\u00ednea y la tiroides cambia la forma de interpretarlos.","robots":{"index":"index","follow":"follow","max-snippet":"max-snippet:-1","max-image-preview":"max-image-preview:large","max-video-preview":"max-video-preview:-1"},"canonical":"https:\/\/www.tuasaude.com\/es\/news\/2026\/09\/05\/las-manos-y-los-pies-frios-no-se-deben-solo-al-frio-del-invierno-sino-en-muchos-casos-a-una-circulacion-lenta-y-a-una-tiroides-poco-activa\/","og_locale":"es_ES","og_type":"article","og_title":"Las manos y los pies fr\u00edos no se deben solo al fr\u00edo del invierno, sino, en muchos casos, a una circulaci\u00f3n lenta y a una tiroides poco activa - Tua Saude","og_description":"Las manos y pies fr\u00edos pueden se\u00f1alar algo m\u00e1s que invierno. La relaci\u00f3n con la circulaci\u00f3n sangu\u00ednea y la tiroides cambia la forma de interpretarlos.","og_url":"https:\/\/www.tuasaude.com\/es\/news\/2026\/09\/05\/las-manos-y-los-pies-frios-no-se-deben-solo-al-frio-del-invierno-sino-en-muchos-casos-a-una-circulacion-lenta-y-a-una-tiroides-poco-activa\/","og_site_name":"Tua Saude","article_published_time":"2026-09-05T21:18:00+00:00","og_image":[{"width":1279,"height":720,"url":"https:\/\/www.tuasaude.com\/es\/news\/wp-content\/uploads\/2026\/09\/las-manos-y-los-pies-frios-no-se-deben-solo-al-frio-del.jpg","type":"image\/jpeg"}],"author":"Gabriel Leme","twitter_card":"summary_large_image","twitter_misc":{"Escrito por":"Gabriel Leme","Tiempo de lectura":"4 minutos"},"schema":{"@context":"https:\/\/schema.org","@graph":[{"@type":"Article","@id":"https:\/\/www.tuasaude.com\/es\/news\/2026\/09\/05\/las-manos-y-los-pies-frios-no-se-deben-solo-al-frio-del-invierno-sino-en-muchos-casos-a-una-circulacion-lenta-y-a-una-tiroides-poco-activa\/#article","isPartOf":{"@id":"https:\/\/www.tuasaude.com\/es\/news\/2026\/09\/05\/las-manos-y-los-pies-frios-no-se-deben-solo-al-frio-del-invierno-sino-en-muchos-casos-a-una-circulacion-lenta-y-a-una-tiroides-poco-activa\/"},"author":{"name":"Gabriel Leme","@id":"https:\/\/www.tuasaude.com\/es\/news\/#\/schema\/person\/d330332b43c07afaeaafcb8f33614666"},"headline":"Las manos y los pies fr\u00edos no se deben solo al fr\u00edo del invierno, sino, en muchos casos, a una circulaci\u00f3n lenta y a una tiroides poco activa","datePublished":"2026-09-05T21:18:00+00:00","mainEntityOfPage":{"@id":"https:\/\/www.tuasaude.com\/es\/news\/2026\/09\/05\/las-manos-y-los-pies-frios-no-se-deben-solo-al-frio-del-invierno-sino-en-muchos-casos-a-una-circulacion-lenta-y-a-una-tiroides-poco-activa\/"},"wordCount":842,"commentCount":0,"image":{"@id":"https:\/\/www.tuasaude.com\/es\/news\/2026\/09\/05\/las-manos-y-los-pies-frios-no-se-deben-solo-al-frio-del-invierno-sino-en-muchos-casos-a-una-circulacion-lenta-y-a-una-tiroides-poco-activa\/#primaryimage"},"thumbnailUrl":"https:\/\/www.tuasaude.com\/es\/news\/wp-content\/uploads\/2026\/09\/las-manos-y-los-pies-frios-no-se-deben-solo-al-frio-del.jpg","keywords":["circulaci\u00f3n sangu\u00ednea","Hipotiroidismo","manos y pies fr\u00edos","salud","tiroides"],"articleSection":["Salud"],"inLanguage":"es","potentialAction":[{"@type":"CommentAction","name":"Comment","target":["https:\/\/www.tuasaude.com\/es\/news\/2026\/09\/05\/las-manos-y-los-pies-frios-no-se-deben-solo-al-frio-del-invierno-sino-en-muchos-casos-a-una-circulacion-lenta-y-a-una-tiroides-poco-activa\/#respond"]}]},{"@type":"WebPage","@id":"https:\/\/www.tuasaude.com\/es\/news\/2026\/09\/05\/las-manos-y-los-pies-frios-no-se-deben-solo-al-frio-del-invierno-sino-en-muchos-casos-a-una-circulacion-lenta-y-a-una-tiroides-poco-activa\/","url":"https:\/\/www.tuasaude.com\/es\/news\/2026\/09\/05\/las-manos-y-los-pies-frios-no-se-deben-solo-al-frio-del-invierno-sino-en-muchos-casos-a-una-circulacion-lenta-y-a-una-tiroides-poco-activa\/","name":"Las manos y los pies fr\u00edos no se deben solo al fr\u00edo del invierno, sino, en muchos casos, a una circulaci\u00f3n lenta y a una tiroides poco activa - Tua Saude","isPartOf":{"@id":"https:\/\/www.tuasaude.com\/es\/news\/#website"},"primaryImageOfPage":{"@id":"https:\/\/www.tuasaude.com\/es\/news\/2026\/09\/05\/las-manos-y-los-pies-frios-no-se-deben-solo-al-frio-del-invierno-sino-en-muchos-casos-a-una-circulacion-lenta-y-a-una-tiroides-poco-activa\/#primaryimage"},"image":{"@id":"https:\/\/www.tuasaude.com\/es\/news\/2026\/09\/05\/las-manos-y-los-pies-frios-no-se-deben-solo-al-frio-del-invierno-sino-en-muchos-casos-a-una-circulacion-lenta-y-a-una-tiroides-poco-activa\/#primaryimage"},"thumbnailUrl":"https:\/\/www.tuasaude.com\/es\/news\/wp-content\/uploads\/2026\/09\/las-manos-y-los-pies-frios-no-se-deben-solo-al-frio-del.jpg","datePublished":"2026-09-05T21:18:00+00:00","author":{"@id":"https:\/\/www.tuasaude.com\/es\/news\/#\/schema\/person\/d330332b43c07afaeaafcb8f33614666"},"description":"Las manos y pies fr\u00edos pueden se\u00f1alar algo m\u00e1s que invierno. La relaci\u00f3n con la circulaci\u00f3n sangu\u00ednea y la tiroides cambia la forma de interpretarlos.","breadcrumb":{"@id":"https:\/\/www.tuasaude.com\/es\/news\/2026\/09\/05\/las-manos-y-los-pies-frios-no-se-deben-solo-al-frio-del-invierno-sino-en-muchos-casos-a-una-circulacion-lenta-y-a-una-tiroides-poco-activa\/#breadcrumb"},"inLanguage":"es","potentialAction":[{"@type":"ReadAction","target":["https:\/\/www.tuasaude.com\/es\/news\/2026\/09\/05\/las-manos-y-los-pies-frios-no-se-deben-solo-al-frio-del-invierno-sino-en-muchos-casos-a-una-circulacion-lenta-y-a-una-tiroides-poco-activa\/"]}]},{"@type":"ImageObject","inLanguage":"es","@id":"https:\/\/www.tuasaude.com\/es\/news\/2026\/09\/05\/las-manos-y-los-pies-frios-no-se-deben-solo-al-frio-del-invierno-sino-en-muchos-casos-a-una-circulacion-lenta-y-a-una-tiroides-poco-activa\/#primaryimage","url":"https:\/\/www.tuasaude.com\/es\/news\/wp-content\/uploads\/2026\/09\/las-manos-y-los-pies-frios-no-se-deben-solo-al-frio-del.jpg","contentUrl":"https:\/\/www.tuasaude.com\/es\/news\/wp-content\/uploads\/2026\/09\/las-manos-y-los-pies-frios-no-se-deben-solo-al-frio-del.jpg","width":1279,"height":720,"caption":"Las extremidades fr\u00edas pueden relacionarse con circulaci\u00f3n lenta o hipotiroidismo."},{"@type":"BreadcrumbList","@id":"https:\/\/www.tuasaude.com\/es\/news\/2026\/09\/05\/las-manos-y-los-pies-frios-no-se-deben-solo-al-frio-del-invierno-sino-en-muchos-casos-a-una-circulacion-lenta-y-a-una-tiroides-poco-activa\/#breadcrumb","itemListElement":[{"@type":"ListItem","position":1,"name":"Portada","item":"https:\/\/www.tuasaude.com\/es\/news\/"},{"@type":"ListItem","position":2,"name":"Las manos y los pies fr\u00edos no se deben solo al fr\u00edo del invierno, sino, en muchos casos, a una circulaci\u00f3n lenta y a una tiroides poco activa"}]},{"@type":"WebSite","@id":"https:\/\/www.tuasaude.com\/es\/news\/#website","url":"https:\/\/www.tuasaude.com\/es\/news\/","name":"Tua Saude","description":"Tu sitio web de salud","potentialAction":[{"@type":"SearchAction","target":{"@type":"EntryPoint","urlTemplate":"https:\/\/www.tuasaude.com\/es\/news\/?s={search_term_string}"},"query-input":{"@type":"PropertyValueSpecification","valueRequired":true,"valueName":"search_term_string"}}],"inLanguage":"es"},{"@type":"Person","@id":"https:\/\/www.tuasaude.com\/es\/news\/#\/schema\/person\/d330332b43c07afaeaafcb8f33614666","name":"Gabriel Leme","image":{"@type":"ImageObject","inLanguage":"es","@id":"https:\/\/secure.gravatar.com\/avatar\/a12badc2d08e73d59b38f178ebe822eca26c0445823b05fefedea89fb346439c?s=96&d=mm&r=g","url":"https:\/\/secure.gravatar.com\/avatar\/a12badc2d08e73d59b38f178ebe822eca26c0445823b05fefedea89fb346439c?s=96&d=mm&r=g","contentUrl":"https:\/\/secure.gravatar.com\/avatar\/a12badc2d08e73d59b38f178ebe822eca26c0445823b05fefedea89fb346439c?s=96&d=mm&r=g","caption":"Gabriel Leme"},"sameAs":["https:\/\/www.tuasaude.com\/es\/news"],"url":"https:\/\/www.tuasaude.com\/es\/news\/author\/gabrielleme\/"}]}},"_links":{"self":[{"href":"https:\/\/www.tuasaude.com\/es\/news\/wp-json\/wp\/v2\/posts\/20665","targetHints":{"allow":["GET"]}}],"collection":[{"href":"https:\/\/www.tuasaude.com\/es\/news\/wp-json\/wp\/v2\/posts"}],"about":[{"href":"https:\/\/www.tuasaude.com\/es\/news\/wp-json\/wp\/v2\/types\/post"}],"author":[{"embeddable":true,"href":"https:\/\/www.tuasaude.com\/es\/news\/wp-json\/wp\/v2\/users\/15"}],"replies":[{"embeddable":true,"href":"https:\/\/www.tuasaude.com\/es\/news\/wp-json\/wp\/v2\/comments?post=20665"}],"version-history":[{"count":1,"href":"https:\/\/www.tuasaude.com\/es\/news\/wp-json\/wp\/v2\/posts\/20665\/revisions"}],"predecessor-version":[{"id":20689,"href":"https:\/\/www.tuasaude.com\/es\/news\/wp-json\/wp\/v2\/posts\/20665\/revisions\/20689"}],"wp:featuredmedia":[{"embeddable":true,"href":"https:\/\/www.tuasaude.com\/es\/news\/wp-json\/wp\/v2\/media\/20663"}],"wp:attachment":[{"href":"https:\/\/www.tuasaude.com\/es\/news\/wp-json\/wp\/v2\/media?parent=20665"}],"wp:term":[{"taxonomy":"category","embeddable":true,"href":"https:\/\/www.tuasaude.com\/es\/news\/wp-json\/wp\/v2\/categories?post=20665"},{"taxonomy":"post_tag","embeddable":true,"href":"https:\/\/www.tuasaude.com\/es\/news\/wp-json\/wp\/v2\/tags?post=20665"}],"curies":[{"name":"wp","href":"https:\/\/api.w.org\/{rel}","templated":true}]}}