{"id":20637,"date":"2026-09-05T14:48:00","date_gmt":"2026-09-05T13:48:00","guid":{"rendered":"https:\/\/www.tuasaude.com\/es\/news\/?p=20637"},"modified":"2026-09-05T10:45:33","modified_gmt":"2026-09-05T09:45:33","slug":"la-caida-del-cabello-en-otono-no-se-debe-solo-al-cambio-de-estacion-sino-en-muchos-casos-a-la-ferritina-baja-y-a-una-dieta-pobre-en-proteinas","status":"publish","type":"post","link":"https:\/\/www.tuasaude.com\/es\/news\/2026\/09\/05\/la-caida-del-cabello-en-otono-no-se-debe-solo-al-cambio-de-estacion-sino-en-muchos-casos-a-la-ferritina-baja-y-a-una-dieta-pobre-en-proteinas\/","title":{"rendered":"La ca\u00edda del cabello en oto\u00f1o no se debe solo al cambio de estaci\u00f3n, sino, en muchos casos, a la ferritina baja y a una dieta pobre en prote\u00ednas"},"content":{"rendered":"\n<p class=\"wp-block-paragraph\"><strong>La ca\u00edda del cabello<\/strong> en oto\u00f1o suele atribuirse al recambio estacional, pero no siempre termina ah\u00ed. Cuando la p\u00e9rdida es m\u00e1s intensa, dura varias semanas o se acompa\u00f1a de menor densidad, conviene revisar factores como la <strong>ferritina<\/strong>, la ingesta de <strong>prote\u00ednas<\/strong> y el estado del <strong>cuero cabelludo<\/strong>, ya que el fol\u00edculo necesita hierro, amino\u00e1cidos y buen riego para sostener el ciclo capilar.<\/p>\n\n\n\n<h2 class=\"wp-block-heading\">\u00bfPor qu\u00e9 el pelo puede caerse m\u00e1s en oto\u00f1o?<\/h2>\n\n\n\n<p class=\"wp-block-paragraph\">El recambio capilar existe y puede hacerse m\u00e1s visible tras el verano. Aun as\u00ed, no explica todos los casos. Si el cabello se afina, quedan m\u00e1s pelos en la ducha o la raya se ensancha, puede haber un efluvio tel\u00f3geno, una alteraci\u00f3n del ciclo de crecimiento en la que m\u00e1s fol\u00edculos pasan a fase de ca\u00edda al mismo tiempo.<\/p>\n\n\n\n<p class=\"wp-block-paragraph\">El <strong>cuero cabelludo<\/strong> tambi\u00e9n da pistas. Picor, descamaci\u00f3n, grasa excesiva o inflamaci\u00f3n pueden empeorar la situaci\u00f3n. A eso se suman dietas restrictivas, p\u00e9rdidas menstruales abundantes, estr\u00e9s f\u00edsico, fiebre reciente o una recuperaci\u00f3n insuficiente tras periodos de cansancio mantenido.<\/p>\n\n\n\n<h2 class=\"wp-block-heading\">\u00bfQu\u00e9 papel tiene la ferritina cuando la p\u00e9rdida es difusa?<\/h2>\n\n\n\n<p class=\"wp-block-paragraph\"><strong>Ferritina<\/strong> no es lo mismo que hierro en sangre. Es la prote\u00edna que refleja las reservas de hierro, un punto clave para tejidos con alta renovaci\u00f3n como la ra\u00edz capilar. Cuando esas reservas bajan, el fol\u00edculo puede entrar antes en fase de reposo y la ca\u00edda del cabello se vuelve m\u00e1s llamativa, aunque la hemoglobina a\u00fan est\u00e9 dentro de rango.<\/p>\n\n\n\n<p class=\"wp-block-paragraph\">Una investigaci\u00f3n publicada en 2026 observ\u00f3 que el efluvio tel\u00f3geno se asociaba con niveles s\u00e9ricos m\u00e1s bajos de ferritina, lo que refuerza la necesidad de valorar d\u00e9ficits nutricionales en la ca\u00edda difusa del <a href=\"https:\/\/pubmed.ncbi.nlm.nih.gov\/42077991\/\" target=\"_blank\" rel=\"noopener noreferrer\">cuero cabelludo con ferritina m\u00e1s baja<\/a>. Este dato no significa que toda p\u00e9rdida de pelo se deba al hierro, pero s\u00ed que las reservas bajas merecen una revisi\u00f3n cl\u00ednica cuando el cepillo empieza a llenarse m\u00e1s de lo habitual.<\/p>\n\n\n<div class=\"wp-block-image wp-block-image aligncenter size-large\">\n<figure ><img decoding=\"async\" width=\"1279\" height=\"720\" src=\"https:\/\/www.tuasaude.com\/es\/news\/wp-content\/uploads\/2026\/09\/la-caida-del-cabello-en-otono-no-se-debe-solo-al-cambio-corpo.jpg\" alt=\"Ferritina, prote\u00ednas, cuero cabelludo y dieta sostienen la recuperaci\u00f3n del cabello.\" class=\"wp-image-20634\" srcset=\"https:\/\/www.tuasaude.com\/es\/news\/wp-content\/uploads\/2026\/09\/la-caida-del-cabello-en-otono-no-se-debe-solo-al-cambio-corpo.jpg 1279w, https:\/\/www.tuasaude.com\/es\/news\/wp-content\/uploads\/2026\/09\/la-caida-del-cabello-en-otono-no-se-debe-solo-al-cambio-corpo-300x169.jpg 300w, https:\/\/www.tuasaude.com\/es\/news\/wp-content\/uploads\/2026\/09\/la-caida-del-cabello-en-otono-no-se-debe-solo-al-cambio-corpo-1024x576.jpg 1024w, https:\/\/www.tuasaude.com\/es\/news\/wp-content\/uploads\/2026\/09\/la-caida-del-cabello-en-otono-no-se-debe-solo-al-cambio-corpo-768x432.jpg 768w, https:\/\/www.tuasaude.com\/es\/news\/wp-content\/uploads\/2026\/09\/la-caida-del-cabello-en-otono-no-se-debe-solo-al-cambio-corpo-750x422.jpg 750w, https:\/\/www.tuasaude.com\/es\/news\/wp-content\/uploads\/2026\/09\/la-caida-del-cabello-en-otono-no-se-debe-solo-al-cambio-corpo-1140x642.jpg 1140w\" sizes=\"(max-width: 1279px) 100vw, 1279px\" \/><figcaption class=\"wp-element-caption\">Ferritina, prote\u00ednas, cuero cabelludo y dieta sostienen la recuperaci\u00f3n del cabello.<\/figcaption><\/figure>\n<\/div>\n\n\n<h2 class=\"wp-block-heading\">\u00bfLas prote\u00ednas influyen tanto como el hierro?<\/h2>\n\n\n\n<p class=\"wp-block-paragraph\"><strong>Prote\u00ednas<\/strong> y hierro suelen ir de la mano en este problema. El cabello est\u00e1 formado sobre todo por queratina, una prote\u00edna que depende de un aporte suficiente de amino\u00e1cidos en la dieta. Si la ingesta es escasa durante semanas, el organismo prioriza funciones vitales y deja en segundo plano estructuras como la fibra capilar.<\/p>\n\n\n\n<p class=\"wp-block-paragraph\">Se\u00f1ales que orientan a una ingesta proteica insuficiente o mal distribuida durante el d\u00eda:<\/p>\n\n\n\n<ul class=\"wp-block-list\">\n<li>desayunos y cenas basados casi solo en pan, fruta o galletas<\/li>\n\n\n\n<li>poca presencia de huevos, l\u00e1cteos, legumbres, pescado o carne<\/li>\n\n\n\n<li>dietas muy hipocal\u00f3ricas mantenidas<\/li>\n\n\n\n<li>ca\u00edda del cabello tras una p\u00e9rdida r\u00e1pida de peso<\/li>\n\n\n\n<li>u\u00f1as fr\u00e1giles y sensaci\u00f3n de menor masa muscular<\/li>\n<\/ul>\n\n\n\n<p class=\"wp-block-paragraph\">Si adem\u00e1s quieres revisar <a href=\"https:\/\/www.tuasaude.com\/es\/por-que-se-cae-el-cabello\/\" target=\"_blank\" rel=\"noopener noreferrer\">las causas de la ca\u00edda capilar<\/a>, ese contenido ayuda a situar otras posibilidades que tambi\u00e9n deben descartarse.<\/p>\n\n\n\n<h2 class=\"wp-block-heading\">\u00bfQu\u00e9 s\u00edntomas sugieren que no es solo un cambio de estaci\u00f3n?<\/h2>\n\n\n\n<p class=\"wp-block-paragraph\"><strong>La ca\u00edda del cabello<\/strong> relacionada con ferritina baja o con pocas prote\u00ednas rara vez aparece sola. Muchas personas notan fatiga, palidez, menor tolerancia al ejercicio, u\u00f1as quebradizas o sensaci\u00f3n de pelo m\u00e1s fino en la coleta. En otros casos, el volumen disminuye sin dejar zonas totalmente vac\u00edas, algo t\u00edpico de la ca\u00edda difusa.<\/p>\n\n\n\n<p class=\"wp-block-paragraph\">Conviene pedir valoraci\u00f3n si aparecen estas se\u00f1ales:<\/p>\n\n\n\n<ul class=\"wp-block-list\">\n<li>p\u00e9rdida abundante durante m\u00e1s de <strong>6 a 8 semanas<\/strong><\/li>\n\n\n\n<li>ensanchamiento de la raya central<\/li>\n\n\n\n<li>cabello que se rompe con facilidad<\/li>\n\n\n\n<li>reglas abundantes o antecedentes de anemia<\/li>\n\n\n\n<li>prurito, rojeces o descamaci\u00f3n en el cuero cabelludo<\/li>\n<\/ul>\n\n\n\n<h2 class=\"wp-block-heading\">\u00bfQu\u00e9 se puede revisar y c\u00f3mo apoyar la recuperaci\u00f3n?<\/h2>\n\n\n\n<p class=\"wp-block-paragraph\"><strong>Cuero cabelludo<\/strong> y fol\u00edculo responden mejor cuando se corrige la causa. Por eso no basta con cambiar de champ\u00fa. Si hay sospecha de ferritina baja, el profesional puede valorar anal\u00edtica y contexto cl\u00ednico. Si el problema es una dieta pobre en prote\u00ednas, toca revisar cantidad total, calidad y reparto a lo largo del d\u00eda.<\/p>\n\n\n\n<p class=\"wp-block-paragraph\">En la pr\u00e1ctica, suelen ayudar medidas concretas: incluir una fuente proteica en cada comida, asegurar legumbres, huevos, pescado, yogur o carne seg\u00fan preferencias, evitar restricciones prolongadas sin supervisi\u00f3n y tratar la inflamaci\u00f3n local si existe. La recuperaci\u00f3n del ciclo capilar es lenta. El pelo necesita varios meses para normalizar densidad y grosor, incluso cuando la <strong>ferritina<\/strong> y la alimentaci\u00f3n ya se han corregido.<\/p>\n\n\n\n<p class=\"wp-block-paragraph\">Este contenido tiene car\u00e1cter exclusivamente informativo y <strong>no sustituye la evaluaci\u00f3n<\/strong>, el diagn\u00f3stico ni el seguimiento de un profesional sanitario. Si presentas s\u00edntomas o dudas sobre tu estado de salud, busca atenci\u00f3n m\u00e9dica.<\/p>\n","protected":false},"excerpt":{"rendered":"<p>La ca\u00edda del cabello en oto\u00f1o suele atribuirse al recambio estacional, pero no siempre termina ah\u00ed. Cuando la p\u00e9rdida es m\u00e1s intensa, dura varias semanas o se acompa\u00f1a de menor densidad, conviene revisar factores como la ferritina, la ingesta de prote\u00ednas y el estado del cuero cabelludo, ya que el fol\u00edculo necesita hierro, amino\u00e1cidos y [&hellip;]<\/p>\n","protected":false},"author":15,"featured_media":20633,"comment_status":"open","ping_status":"open","sticky":false,"template":"","format":"standard","meta":{"jnews-multi-image_gallery":[],"jnews_single_post":{"format":"standard"},"jnews_primary_category":[],"jnews_social_meta":[],"jnews_override_counter":[],"footnotes":""},"categories":[8767],"tags":[17669,17664,12483,15362,17396],"class_list":["post-20637","post","type-post","status-publish","format-standard","has-post-thumbnail","hentry","category-salud","tag-caida-del-cabello","tag-cuero-cabelludo","tag-ferritina","tag-proteinas-2","tag-salud"],"yoast_head":"<!-- This site is optimized with the Yoast SEO plugin v28.3 - https:\/\/yoast.com\/product\/yoast-seo-wordpress\/ -->\n<title>La ca\u00edda del cabello en oto\u00f1o no se debe solo al cambio de estaci\u00f3n, sino, en muchos casos, a la ferritina baja y a una dieta pobre en prote\u00ednas - Tua Saude<\/title>\n<meta name=\"description\" content=\"La ca\u00edda del cabello en oto\u00f1o puede ocultar algo m\u00e1s que recambio estacional: la ferritina baja y pocas prote\u00ednas cambian el ciclo capilar.\" \/>\n<meta name=\"robots\" content=\"index, follow, max-snippet:-1, max-image-preview:large, max-video-preview:-1\" \/>\n<link rel=\"canonical\" href=\"https:\/\/www.tuasaude.com\/es\/news\/2026\/09\/05\/la-caida-del-cabello-en-otono-no-se-debe-solo-al-cambio-de-estacion-sino-en-muchos-casos-a-la-ferritina-baja-y-a-una-dieta-pobre-en-proteinas\/\" \/>\n<meta property=\"og:locale\" content=\"es_ES\" \/>\n<meta property=\"og:type\" content=\"article\" \/>\n<meta property=\"og:title\" content=\"La ca\u00edda del cabello en oto\u00f1o no se debe solo al cambio de estaci\u00f3n, sino, en muchos casos, a la ferritina baja y a una dieta pobre en prote\u00ednas - Tua Saude\" \/>\n<meta property=\"og:description\" content=\"La ca\u00edda del cabello en oto\u00f1o puede ocultar algo m\u00e1s que recambio estacional: la ferritina baja y pocas prote\u00ednas cambian el ciclo capilar.\" \/>\n<meta property=\"og:url\" content=\"https:\/\/www.tuasaude.com\/es\/news\/2026\/09\/05\/la-caida-del-cabello-en-otono-no-se-debe-solo-al-cambio-de-estacion-sino-en-muchos-casos-a-la-ferritina-baja-y-a-una-dieta-pobre-en-proteinas\/\" \/>\n<meta property=\"og:site_name\" content=\"Tua Saude\" \/>\n<meta property=\"article:published_time\" content=\"2026-09-05T13:48:00+00:00\" \/>\n<meta property=\"og:image\" content=\"https:\/\/www.tuasaude.com\/es\/news\/wp-content\/uploads\/2026\/09\/la-caida-del-cabello-en-otono-no-se-debe-solo-al-cambio.jpg\" \/>\n\t<meta property=\"og:image:width\" content=\"1280\" \/>\n\t<meta property=\"og:image:height\" content=\"720\" \/>\n\t<meta property=\"og:image:type\" content=\"image\/jpeg\" \/>\n<meta name=\"author\" content=\"Gabriel Leme\" \/>\n<meta name=\"twitter:card\" content=\"summary_large_image\" \/>\n<meta name=\"twitter:label1\" content=\"Escrito por\" \/>\n\t<meta name=\"twitter:data1\" content=\"Gabriel Leme\" \/>\n\t<meta name=\"twitter:label2\" content=\"Tiempo de lectura\" \/>\n\t<meta name=\"twitter:data2\" content=\"4 minutos\" \/>\n<!-- \/ Yoast SEO plugin. -->","yoast_head_json":{"title":"La ca\u00edda del cabello en oto\u00f1o no se debe solo al cambio de estaci\u00f3n, sino, en muchos casos, a la ferritina baja y a una dieta pobre en prote\u00ednas - Tua Saude","description":"La ca\u00edda del cabello en oto\u00f1o puede ocultar algo m\u00e1s que recambio estacional: la ferritina baja y pocas prote\u00ednas cambian el ciclo capilar.","robots":{"index":"index","follow":"follow","max-snippet":"max-snippet:-1","max-image-preview":"max-image-preview:large","max-video-preview":"max-video-preview:-1"},"canonical":"https:\/\/www.tuasaude.com\/es\/news\/2026\/09\/05\/la-caida-del-cabello-en-otono-no-se-debe-solo-al-cambio-de-estacion-sino-en-muchos-casos-a-la-ferritina-baja-y-a-una-dieta-pobre-en-proteinas\/","og_locale":"es_ES","og_type":"article","og_title":"La ca\u00edda del cabello en oto\u00f1o no se debe solo al cambio de estaci\u00f3n, sino, en muchos casos, a la ferritina baja y a una dieta pobre en prote\u00ednas - Tua Saude","og_description":"La ca\u00edda del cabello en oto\u00f1o puede ocultar algo m\u00e1s que recambio estacional: la ferritina baja y pocas prote\u00ednas cambian el ciclo capilar.","og_url":"https:\/\/www.tuasaude.com\/es\/news\/2026\/09\/05\/la-caida-del-cabello-en-otono-no-se-debe-solo-al-cambio-de-estacion-sino-en-muchos-casos-a-la-ferritina-baja-y-a-una-dieta-pobre-en-proteinas\/","og_site_name":"Tua Saude","article_published_time":"2026-09-05T13:48:00+00:00","og_image":[{"width":1280,"height":720,"url":"https:\/\/www.tuasaude.com\/es\/news\/wp-content\/uploads\/2026\/09\/la-caida-del-cabello-en-otono-no-se-debe-solo-al-cambio.jpg","type":"image\/jpeg"}],"author":"Gabriel Leme","twitter_card":"summary_large_image","twitter_misc":{"Escrito por":"Gabriel Leme","Tiempo de lectura":"4 minutos"},"schema":{"@context":"https:\/\/schema.org","@graph":[{"@type":"Article","@id":"https:\/\/www.tuasaude.com\/es\/news\/2026\/09\/05\/la-caida-del-cabello-en-otono-no-se-debe-solo-al-cambio-de-estacion-sino-en-muchos-casos-a-la-ferritina-baja-y-a-una-dieta-pobre-en-proteinas\/#article","isPartOf":{"@id":"https:\/\/www.tuasaude.com\/es\/news\/2026\/09\/05\/la-caida-del-cabello-en-otono-no-se-debe-solo-al-cambio-de-estacion-sino-en-muchos-casos-a-la-ferritina-baja-y-a-una-dieta-pobre-en-proteinas\/"},"author":{"name":"Gabriel Leme","@id":"https:\/\/www.tuasaude.com\/es\/news\/#\/schema\/person\/d330332b43c07afaeaafcb8f33614666"},"headline":"La ca\u00edda del cabello en oto\u00f1o no se debe solo al cambio de estaci\u00f3n, sino, en muchos casos, a la ferritina baja y a una dieta pobre en prote\u00ednas","datePublished":"2026-09-05T13:48:00+00:00","mainEntityOfPage":{"@id":"https:\/\/www.tuasaude.com\/es\/news\/2026\/09\/05\/la-caida-del-cabello-en-otono-no-se-debe-solo-al-cambio-de-estacion-sino-en-muchos-casos-a-la-ferritina-baja-y-a-una-dieta-pobre-en-proteinas\/"},"wordCount":849,"commentCount":0,"image":{"@id":"https:\/\/www.tuasaude.com\/es\/news\/2026\/09\/05\/la-caida-del-cabello-en-otono-no-se-debe-solo-al-cambio-de-estacion-sino-en-muchos-casos-a-la-ferritina-baja-y-a-una-dieta-pobre-en-proteinas\/#primaryimage"},"thumbnailUrl":"https:\/\/www.tuasaude.com\/es\/news\/wp-content\/uploads\/2026\/09\/la-caida-del-cabello-en-otono-no-se-debe-solo-al-cambio.jpg","keywords":["ca\u00edda del cabello","cuero cabelludo","ferritina","proteinas","salud"],"articleSection":["Salud"],"inLanguage":"es","potentialAction":[{"@type":"CommentAction","name":"Comment","target":["https:\/\/www.tuasaude.com\/es\/news\/2026\/09\/05\/la-caida-del-cabello-en-otono-no-se-debe-solo-al-cambio-de-estacion-sino-en-muchos-casos-a-la-ferritina-baja-y-a-una-dieta-pobre-en-proteinas\/#respond"]}]},{"@type":"WebPage","@id":"https:\/\/www.tuasaude.com\/es\/news\/2026\/09\/05\/la-caida-del-cabello-en-otono-no-se-debe-solo-al-cambio-de-estacion-sino-en-muchos-casos-a-la-ferritina-baja-y-a-una-dieta-pobre-en-proteinas\/","url":"https:\/\/www.tuasaude.com\/es\/news\/2026\/09\/05\/la-caida-del-cabello-en-otono-no-se-debe-solo-al-cambio-de-estacion-sino-en-muchos-casos-a-la-ferritina-baja-y-a-una-dieta-pobre-en-proteinas\/","name":"La ca\u00edda del cabello en oto\u00f1o no se debe solo al cambio de estaci\u00f3n, sino, en muchos casos, a la ferritina baja y a una dieta pobre en prote\u00ednas - Tua Saude","isPartOf":{"@id":"https:\/\/www.tuasaude.com\/es\/news\/#website"},"primaryImageOfPage":{"@id":"https:\/\/www.tuasaude.com\/es\/news\/2026\/09\/05\/la-caida-del-cabello-en-otono-no-se-debe-solo-al-cambio-de-estacion-sino-en-muchos-casos-a-la-ferritina-baja-y-a-una-dieta-pobre-en-proteinas\/#primaryimage"},"image":{"@id":"https:\/\/www.tuasaude.com\/es\/news\/2026\/09\/05\/la-caida-del-cabello-en-otono-no-se-debe-solo-al-cambio-de-estacion-sino-en-muchos-casos-a-la-ferritina-baja-y-a-una-dieta-pobre-en-proteinas\/#primaryimage"},"thumbnailUrl":"https:\/\/www.tuasaude.com\/es\/news\/wp-content\/uploads\/2026\/09\/la-caida-del-cabello-en-otono-no-se-debe-solo-al-cambio.jpg","datePublished":"2026-09-05T13:48:00+00:00","author":{"@id":"https:\/\/www.tuasaude.com\/es\/news\/#\/schema\/person\/d330332b43c07afaeaafcb8f33614666"},"description":"La ca\u00edda del cabello en oto\u00f1o puede ocultar algo m\u00e1s que recambio estacional: la ferritina baja y pocas prote\u00ednas cambian el ciclo capilar.","breadcrumb":{"@id":"https:\/\/www.tuasaude.com\/es\/news\/2026\/09\/05\/la-caida-del-cabello-en-otono-no-se-debe-solo-al-cambio-de-estacion-sino-en-muchos-casos-a-la-ferritina-baja-y-a-una-dieta-pobre-en-proteinas\/#breadcrumb"},"inLanguage":"es","potentialAction":[{"@type":"ReadAction","target":["https:\/\/www.tuasaude.com\/es\/news\/2026\/09\/05\/la-caida-del-cabello-en-otono-no-se-debe-solo-al-cambio-de-estacion-sino-en-muchos-casos-a-la-ferritina-baja-y-a-una-dieta-pobre-en-proteinas\/"]}]},{"@type":"ImageObject","inLanguage":"es","@id":"https:\/\/www.tuasaude.com\/es\/news\/2026\/09\/05\/la-caida-del-cabello-en-otono-no-se-debe-solo-al-cambio-de-estacion-sino-en-muchos-casos-a-la-ferritina-baja-y-a-una-dieta-pobre-en-proteinas\/#primaryimage","url":"https:\/\/www.tuasaude.com\/es\/news\/wp-content\/uploads\/2026\/09\/la-caida-del-cabello-en-otono-no-se-debe-solo-al-cambio.jpg","contentUrl":"https:\/\/www.tuasaude.com\/es\/news\/wp-content\/uploads\/2026\/09\/la-caida-del-cabello-en-otono-no-se-debe-solo-al-cambio.jpg","width":1280,"height":720,"caption":"La ca\u00edda capilar oto\u00f1al puede relacionarse con ferritina baja y dieta insuficiente."},{"@type":"BreadcrumbList","@id":"https:\/\/www.tuasaude.com\/es\/news\/2026\/09\/05\/la-caida-del-cabello-en-otono-no-se-debe-solo-al-cambio-de-estacion-sino-en-muchos-casos-a-la-ferritina-baja-y-a-una-dieta-pobre-en-proteinas\/#breadcrumb","itemListElement":[{"@type":"ListItem","position":1,"name":"Portada","item":"https:\/\/www.tuasaude.com\/es\/news\/"},{"@type":"ListItem","position":2,"name":"La ca\u00edda del cabello en oto\u00f1o no se debe solo al cambio de estaci\u00f3n, sino, en muchos casos, a la ferritina baja y a una dieta pobre en prote\u00ednas"}]},{"@type":"WebSite","@id":"https:\/\/www.tuasaude.com\/es\/news\/#website","url":"https:\/\/www.tuasaude.com\/es\/news\/","name":"Tua Saude","description":"Tu sitio web de salud","potentialAction":[{"@type":"SearchAction","target":{"@type":"EntryPoint","urlTemplate":"https:\/\/www.tuasaude.com\/es\/news\/?s={search_term_string}"},"query-input":{"@type":"PropertyValueSpecification","valueRequired":true,"valueName":"search_term_string"}}],"inLanguage":"es"},{"@type":"Person","@id":"https:\/\/www.tuasaude.com\/es\/news\/#\/schema\/person\/d330332b43c07afaeaafcb8f33614666","name":"Gabriel Leme","image":{"@type":"ImageObject","inLanguage":"es","@id":"https:\/\/secure.gravatar.com\/avatar\/a12badc2d08e73d59b38f178ebe822eca26c0445823b05fefedea89fb346439c?s=96&d=mm&r=g","url":"https:\/\/secure.gravatar.com\/avatar\/a12badc2d08e73d59b38f178ebe822eca26c0445823b05fefedea89fb346439c?s=96&d=mm&r=g","contentUrl":"https:\/\/secure.gravatar.com\/avatar\/a12badc2d08e73d59b38f178ebe822eca26c0445823b05fefedea89fb346439c?s=96&d=mm&r=g","caption":"Gabriel Leme"},"sameAs":["https:\/\/www.tuasaude.com\/es\/news"],"url":"https:\/\/www.tuasaude.com\/es\/news\/author\/gabrielleme\/"}]}},"_links":{"self":[{"href":"https:\/\/www.tuasaude.com\/es\/news\/wp-json\/wp\/v2\/posts\/20637","targetHints":{"allow":["GET"]}}],"collection":[{"href":"https:\/\/www.tuasaude.com\/es\/news\/wp-json\/wp\/v2\/posts"}],"about":[{"href":"https:\/\/www.tuasaude.com\/es\/news\/wp-json\/wp\/v2\/types\/post"}],"author":[{"embeddable":true,"href":"https:\/\/www.tuasaude.com\/es\/news\/wp-json\/wp\/v2\/users\/15"}],"replies":[{"embeddable":true,"href":"https:\/\/www.tuasaude.com\/es\/news\/wp-json\/wp\/v2\/comments?post=20637"}],"version-history":[{"count":1,"href":"https:\/\/www.tuasaude.com\/es\/news\/wp-json\/wp\/v2\/posts\/20637\/revisions"}],"predecessor-version":[{"id":20679,"href":"https:\/\/www.tuasaude.com\/es\/news\/wp-json\/wp\/v2\/posts\/20637\/revisions\/20679"}],"wp:featuredmedia":[{"embeddable":true,"href":"https:\/\/www.tuasaude.com\/es\/news\/wp-json\/wp\/v2\/media\/20633"}],"wp:attachment":[{"href":"https:\/\/www.tuasaude.com\/es\/news\/wp-json\/wp\/v2\/media?parent=20637"}],"wp:term":[{"taxonomy":"category","embeddable":true,"href":"https:\/\/www.tuasaude.com\/es\/news\/wp-json\/wp\/v2\/categories?post=20637"},{"taxonomy":"post_tag","embeddable":true,"href":"https:\/\/www.tuasaude.com\/es\/news\/wp-json\/wp\/v2\/tags?post=20637"}],"curies":[{"name":"wp","href":"https:\/\/api.w.org\/{rel}","templated":true}]}}