{"id":20628,"date":"2026-09-05T11:18:00","date_gmt":"2026-09-05T10:18:00","guid":{"rendered":"https:\/\/www.tuasaude.com\/es\/news\/?p=20628"},"modified":"2026-09-05T10:44:48","modified_gmt":"2026-09-05T09:44:48","slug":"los-mareos-al-levantarse-rapido-de-la-cama-no-se-deben-solo-a-la-tension-baja-sino-a-la-deshidratacion-y-a-un-deficit-de-hierro-no-diagnosticado","status":"publish","type":"post","link":"https:\/\/www.tuasaude.com\/es\/news\/2026\/09\/05\/los-mareos-al-levantarse-rapido-de-la-cama-no-se-deben-solo-a-la-tension-baja-sino-a-la-deshidratacion-y-a-un-deficit-de-hierro-no-diagnosticado\/","title":{"rendered":"Los mareos al levantarse r\u00e1pido de la cama no se deben solo a la tensi\u00f3n baja, sino a la deshidrataci\u00f3n y a un d\u00e9ficit de hierro no diagnosticado"},"content":{"rendered":"\n<p class=\"wp-block-paragraph\"><strong>Los mareos<\/strong> al ponerse de pie de forma brusca suelen relacionarse con la tensi\u00f3n baja, pero ese reflejo se queda corto. La <strong>hipotensi\u00f3n ortost\u00e1tica<\/strong> tambi\u00e9n puede aparecer cuando falta volumen circulante por <strong>deshidrataci\u00f3n<\/strong> o cuando un d\u00e9ficit de <strong>hierro<\/strong> reduce la oxigenaci\u00f3n y agrava la sensaci\u00f3n de inestabilidad, visi\u00f3n borrosa o pres\u00edncope.<\/p>\n\n\n\n<h2 class=\"wp-block-heading\">\u00bfPor qu\u00e9 aparecen mareos al levantarse de golpe?<\/h2>\n\n\n\n<p class=\"wp-block-paragraph\"><strong>Los mareos<\/strong> al incorporarse ocurren cuando el organismo no ajusta con suficiente rapidez la presi\u00f3n arterial y el flujo de sangre hacia el cerebro. Al pasar de tumbado a de pie, parte de la sangre se acumula en las piernas y el abdomen. Si la respuesta cardiovascular es lenta, pueden aparecer aturdimiento, zumbidos, debilidad o incluso ganas de desmayarse.<\/p>\n\n\n\n<p class=\"wp-block-paragraph\">La <strong>hipotensi\u00f3n ortost\u00e1tica<\/strong> es una de las causas m\u00e1s conocidas, pero no act\u00faa sola. Influyen la p\u00e9rdida de l\u00edquidos, el calor, el ayuno prolongado, algunos f\u00e1rmacos, una recuperaci\u00f3n insuficiente tras ejercicio y problemas como la anemia ferrop\u00e9nica. Por eso, si los episodios se repiten, conviene mirar m\u00e1s all\u00e1 de una cifra aislada de tensi\u00f3n.<\/p>\n\n\n\n<h2 class=\"wp-block-heading\">\u00bfQu\u00e9 papel tiene la hidrataci\u00f3n en la hipotensi\u00f3n ortost\u00e1tica?<\/h2>\n\n\n\n<p class=\"wp-block-paragraph\">La <strong>deshidrataci\u00f3n<\/strong> reduce el volumen intravascular y dificulta mantener una perfusi\u00f3n estable al cambiar de postura. Un estudio publicado en 2023 evalu\u00f3 el efecto de beber agua con rapidez en personas con hipotensi\u00f3n ortost\u00e1tica y observ\u00f3 <a href=\"https:\/\/pubmed.ncbi.nlm.nih.gov\/37929748\/\" target=\"_blank\" rel=\"noopener noreferrer\">aumentos cl\u00ednicamente relevantes de la presi\u00f3n arterial tras la ingesta de agua<\/a>. Ese dato encaja con lo que se ve en consulta cuando hay poca ingesta de l\u00edquidos, sudoraci\u00f3n intensa o v\u00f3mitos.<\/p>\n\n\n\n<p class=\"wp-block-paragraph\">La hidrataci\u00f3n no corrige todas las causas, pero s\u00ed explica muchos episodios cotidianos. Dormir varias horas sin beber, levantarse deprisa, haber cenado poco o tomar diur\u00e9ticos puede dejar al cuerpo con menos margen de adaptaci\u00f3n hemodin\u00e1mica al inicio del d\u00eda.<\/p>\n\n\n<div class=\"wp-block-image wp-block-image aligncenter size-large\">\n<figure ><img decoding=\"async\" width=\"1279\" height=\"720\" src=\"https:\/\/www.tuasaude.com\/es\/news\/wp-content\/uploads\/2026\/09\/los-mareos-al-levantarse-rapido-de-la-cama-no-se-deben-corpo.jpg\" alt=\"Hidrataci\u00f3n, hierro, postura y comidas regulares ayudan a reducir episodios.\" class=\"wp-image-20624\" srcset=\"https:\/\/www.tuasaude.com\/es\/news\/wp-content\/uploads\/2026\/09\/los-mareos-al-levantarse-rapido-de-la-cama-no-se-deben-corpo.jpg 1279w, https:\/\/www.tuasaude.com\/es\/news\/wp-content\/uploads\/2026\/09\/los-mareos-al-levantarse-rapido-de-la-cama-no-se-deben-corpo-300x169.jpg 300w, https:\/\/www.tuasaude.com\/es\/news\/wp-content\/uploads\/2026\/09\/los-mareos-al-levantarse-rapido-de-la-cama-no-se-deben-corpo-1024x576.jpg 1024w, https:\/\/www.tuasaude.com\/es\/news\/wp-content\/uploads\/2026\/09\/los-mareos-al-levantarse-rapido-de-la-cama-no-se-deben-corpo-768x432.jpg 768w, https:\/\/www.tuasaude.com\/es\/news\/wp-content\/uploads\/2026\/09\/los-mareos-al-levantarse-rapido-de-la-cama-no-se-deben-corpo-750x422.jpg 750w, https:\/\/www.tuasaude.com\/es\/news\/wp-content\/uploads\/2026\/09\/los-mareos-al-levantarse-rapido-de-la-cama-no-se-deben-corpo-1140x642.jpg 1140w\" sizes=\"(max-width: 1279px) 100vw, 1279px\" \/><figcaption class=\"wp-element-caption\">Hidrataci\u00f3n, hierro, postura y comidas regulares ayudan a reducir episodios.<\/figcaption><\/figure>\n<\/div>\n\n\n<h2 class=\"wp-block-heading\">\u00bfCu\u00e1ndo el hierro puede estar detr\u00e1s del mareo?<\/h2>\n\n\n\n<p class=\"wp-block-paragraph\">El <strong>hierro<\/strong> interviene en la formaci\u00f3n de hemoglobina, clave para transportar ox\u00edgeno. Si existe ferropenia o anemia ferrop\u00e9nica, el cerebro puede notar antes los cambios de flujo al ponerse de pie.<\/p>\n\n\n\n<p class=\"wp-block-paragraph\">Seg\u00fan el art\u00edculo de revisi\u00f3n <a href=\"https:\/\/www.cmaj.ca\/content\/196\/39\/E1341\" target=\"_blank\" rel=\"noopener noreferrer\">Orthostatic hypotension and anemia<\/a>, publicado en <strong>CMAJ<\/strong>, la anemia puede contribuir a la hipotensi\u00f3n ortost\u00e1tica al reducir la capacidad de transporte de ox\u00edgeno y empeorar s\u00edntomas como mareo o pres\u00edncope al incorporarse. Esta relaci\u00f3n ayuda a contextualizar por qu\u00e9, en algunas personas, el d\u00e9ficit de hierro puede formar parte del problema cuando los episodios son repetidos.<\/p>\n\n\n\n<p class=\"wp-block-paragraph\">El problema es que el d\u00e9ficit de hierro no siempre da se\u00f1ales llamativas al principio. Puede presentarse con cansancio, palidez, dificultad para concentrarse, palpitaciones, ca\u00edda de cabello o falta de aire con esfuerzos habituales. Si adem\u00e1s hay menstruaciones abundantes, dieta restrictiva, sangrado digestivo o embarazo, la sospecha gana peso.<\/p>\n\n\n\n<h2 class=\"wp-block-heading\">\u00bfQu\u00e9 se\u00f1ales orientan a deshidrataci\u00f3n o a ferropenia?<\/h2>\n\n\n\n<p class=\"wp-block-paragraph\"><strong>Deshidrataci\u00f3n<\/strong> y ferropenia comparten el mareo, pero suelen dejar pistas distintas. En los episodios leves, observar el contexto ayuda bastante. Si quieres ampliar las causas frecuentes y las medidas iniciales, puede ser \u00fatil revisar <a href=\"https:\/\/www.tuasaude.com\/es\/mareos-al-levantarse\/\" target=\"_blank\" rel=\"noopener noreferrer\">las causas del mareo al levantarse<\/a>.<\/p>\n\n\n\n<ul class=\"wp-block-list\">\n<li>Deshidrataci\u00f3n: sed intensa, boca seca, orina escasa u oscura, dolor de cabeza, calambres, fatiga tras calor o ejercicio.<\/li>\n\n\n\n<li>Ferropenia: cansancio persistente, palidez, u\u00f1as fr\u00e1giles, ca\u00edda de cabello, menor tolerancia al esfuerzo, sensaci\u00f3n de falta de aire.<\/li>\n\n\n\n<li>Hipotensi\u00f3n ortost\u00e1tica: visi\u00f3n borrosa al erguirse, debilidad repentina, inestabilidad de segundos o pocos minutos.<\/li>\n<\/ul>\n\n\n\n<p class=\"wp-block-paragraph\">Cuando el cuadro se repite varias veces por semana, ya no conviene atribuirlo solo a levantarse r\u00e1pido. La frecuencia, la duraci\u00f3n y los s\u00edntomas asociados orientan mucho mejor que una explicaci\u00f3n autom\u00e1tica.<\/p>\n\n\n\n<h2 class=\"wp-block-heading\">\u00bfQu\u00e9 hacer para reducir los episodios desde casa?<\/h2>\n\n\n\n<p class=\"wp-block-paragraph\"><strong>Los mareos<\/strong> al salir de la cama pueden mejorar con medidas simples cuando el origen est\u00e1 en el volumen circulante o en h\u00e1bitos diarios. Estas acciones ayudan mientras se valora la causa concreta:<\/p>\n\n\n\n<ul class=\"wp-block-list\">\n<li>Sentarse en la cama unos segundos antes de ponerse de pie.<\/li>\n\n\n\n<li>Beber agua a lo largo del d\u00eda y reforzar la ingesta si hace calor o se suda mucho.<\/li>\n\n\n\n<li>Evitar levantarse de golpe tras muchas horas tumbado.<\/li>\n\n\n\n<li>No saltarse comidas, sobre todo si los s\u00edntomas aparecen por la ma\u00f1ana.<\/li>\n\n\n\n<li>Revisar con un profesional los f\u00e1rmacos que puedan bajar la presi\u00f3n arterial.<\/li>\n\n\n\n<li>Consultar si hay reglas muy abundantes, dieta baja en hierro o sospecha de sangrado.<\/li>\n<\/ul>\n\n\n\n<p class=\"wp-block-paragraph\">Si los episodios se acompa\u00f1an de desmayo, dolor en el pecho, falta de aire, latidos irregulares, heces negras, debilidad marcada o s\u00edntomas neurol\u00f3gicos, hace falta valoraci\u00f3n m\u00e9dica sin demora. En esos casos, el problema puede ir m\u00e1s all\u00e1 de la hidrataci\u00f3n o del hierro.<\/p>\n\n\n\n<h2 class=\"wp-block-heading\">\u00bfCu\u00e1ndo conviene estudiar estos mareos con an\u00e1lisis y toma de tensi\u00f3n?<\/h2>\n\n\n\n<p class=\"wp-block-paragraph\">La <strong>hipotensi\u00f3n ortost\u00e1tica<\/strong> se confirma midiendo la tensi\u00f3n arterial y la frecuencia cardiaca tumbado y de pie, pero el estudio no deber\u00eda terminar ah\u00ed si hay recurrencia. Anal\u00edticas con hemograma, ferritina y otros par\u00e1metros pueden destapar un d\u00e9ficit de hierro no diagnosticado. Tambi\u00e9n importa revisar hidrataci\u00f3n, p\u00e9rdidas digestivas, menstruaci\u00f3n, medicaci\u00f3n y enfermedades que alteran el sistema nervioso aut\u00f3nomo.<\/p>\n\n\n\n<p class=\"wp-block-paragraph\">Mirar el cuadro completo cambia mucho el enfoque. Un mareo breve al levantarse puede nacer de una ca\u00edda transitoria de presi\u00f3n, de falta de l\u00edquidos, de reservas bajas de hierro o de varias de estas situaciones a la vez. Diferenciarlo permite corregir volumen, oxigenaci\u00f3n y perfusi\u00f3n cerebral con m\u00e1s precisi\u00f3n.<\/p>\n\n\n\n<p class=\"wp-block-paragraph\">Este contenido tiene car\u00e1cter exclusivamente informativo y <strong>no sustituye la evaluaci\u00f3n, el diagn\u00f3stico ni el seguimiento de un profesional sanitario<\/strong>. Si presentas s\u00edntomas o tienes dudas sobre tu estado de salud, busca atenci\u00f3n m\u00e9dica.<\/p>\n","protected":false},"excerpt":{"rendered":"<p>Los mareos al ponerse de pie de forma brusca suelen relacionarse con la tensi\u00f3n baja, pero ese reflejo se queda corto. La hipotensi\u00f3n ortost\u00e1tica tambi\u00e9n puede aparecer cuando falta volumen circulante por deshidrataci\u00f3n o cuando un d\u00e9ficit de hierro reduce la oxigenaci\u00f3n y agrava la sensaci\u00f3n de inestabilidad, visi\u00f3n borrosa o pres\u00edncope. \u00bfPor qu\u00e9 aparecen [&hellip;]<\/p>\n","protected":false},"author":15,"featured_media":20623,"comment_status":"open","ping_status":"open","sticky":false,"template":"","format":"standard","meta":{"jnews-multi-image_gallery":[],"jnews_single_post":{"format":"standard"},"jnews_primary_category":[],"jnews_social_meta":[],"jnews_override_counter":[],"footnotes":""},"categories":[8767],"tags":[17651,17549,19844,17604,17396],"class_list":["post-20628","post","type-post","status-publish","format-standard","has-post-thumbnail","hentry","category-salud","tag-deshidratacion","tag-hierro","tag-hipotension-ortostatica","tag-mareos","tag-salud"],"yoast_head":"<!-- This site is optimized with the Yoast SEO plugin v28.3 - https:\/\/yoast.com\/product\/yoast-seo-wordpress\/ -->\n<title>Los mareos al levantarse r\u00e1pido de la cama no se deben solo a la tensi\u00f3n baja, sino a la deshidrataci\u00f3n y a un d\u00e9ficit de hierro no diagnosticado - Tua Saude<\/title>\n<meta name=\"description\" content=\"Los mareos al levantarse no siempre apuntan solo a tensi\u00f3n baja. Un detalle sobre deshidrataci\u00f3n y hierro cambia la forma de valorar estos episodios.\" \/>\n<meta name=\"robots\" content=\"index, follow, max-snippet:-1, max-image-preview:large, max-video-preview:-1\" \/>\n<link rel=\"canonical\" href=\"https:\/\/www.tuasaude.com\/es\/news\/2026\/09\/05\/los-mareos-al-levantarse-rapido-de-la-cama-no-se-deben-solo-a-la-tension-baja-sino-a-la-deshidratacion-y-a-un-deficit-de-hierro-no-diagnosticado\/\" \/>\n<meta property=\"og:locale\" content=\"es_ES\" \/>\n<meta property=\"og:type\" content=\"article\" \/>\n<meta property=\"og:title\" content=\"Los mareos al levantarse r\u00e1pido de la cama no se deben solo a la tensi\u00f3n baja, sino a la deshidrataci\u00f3n y a un d\u00e9ficit de hierro no diagnosticado - Tua Saude\" \/>\n<meta property=\"og:description\" content=\"Los mareos al levantarse no siempre apuntan solo a tensi\u00f3n baja. Un detalle sobre deshidrataci\u00f3n y hierro cambia la forma de valorar estos episodios.\" \/>\n<meta property=\"og:url\" content=\"https:\/\/www.tuasaude.com\/es\/news\/2026\/09\/05\/los-mareos-al-levantarse-rapido-de-la-cama-no-se-deben-solo-a-la-tension-baja-sino-a-la-deshidratacion-y-a-un-deficit-de-hierro-no-diagnosticado\/\" \/>\n<meta property=\"og:site_name\" content=\"Tua Saude\" \/>\n<meta property=\"article:published_time\" content=\"2026-09-05T10:18:00+00:00\" \/>\n<meta property=\"og:image\" content=\"https:\/\/www.tuasaude.com\/es\/news\/wp-content\/uploads\/2026\/09\/los-mareos-al-levantarse-rapido-de-la-cama-no-se-deben-.jpg\" \/>\n\t<meta property=\"og:image:width\" content=\"1279\" \/>\n\t<meta property=\"og:image:height\" content=\"720\" \/>\n\t<meta property=\"og:image:type\" content=\"image\/jpeg\" \/>\n<meta name=\"author\" content=\"Gabriel Leme\" \/>\n<meta name=\"twitter:card\" content=\"summary_large_image\" \/>\n<meta name=\"twitter:label1\" content=\"Escrito por\" \/>\n\t<meta name=\"twitter:data1\" content=\"Gabriel Leme\" \/>\n\t<meta name=\"twitter:label2\" content=\"Tiempo de lectura\" \/>\n\t<meta name=\"twitter:data2\" content=\"5 minutos\" \/>\n<!-- \/ Yoast SEO plugin. -->","yoast_head_json":{"title":"Los mareos al levantarse r\u00e1pido de la cama no se deben solo a la tensi\u00f3n baja, sino a la deshidrataci\u00f3n y a un d\u00e9ficit de hierro no diagnosticado - Tua Saude","description":"Los mareos al levantarse no siempre apuntan solo a tensi\u00f3n baja. Un detalle sobre deshidrataci\u00f3n y hierro cambia la forma de valorar estos episodios.","robots":{"index":"index","follow":"follow","max-snippet":"max-snippet:-1","max-image-preview":"max-image-preview:large","max-video-preview":"max-video-preview:-1"},"canonical":"https:\/\/www.tuasaude.com\/es\/news\/2026\/09\/05\/los-mareos-al-levantarse-rapido-de-la-cama-no-se-deben-solo-a-la-tension-baja-sino-a-la-deshidratacion-y-a-un-deficit-de-hierro-no-diagnosticado\/","og_locale":"es_ES","og_type":"article","og_title":"Los mareos al levantarse r\u00e1pido de la cama no se deben solo a la tensi\u00f3n baja, sino a la deshidrataci\u00f3n y a un d\u00e9ficit de hierro no diagnosticado - Tua Saude","og_description":"Los mareos al levantarse no siempre apuntan solo a tensi\u00f3n baja. Un detalle sobre deshidrataci\u00f3n y hierro cambia la forma de valorar estos episodios.","og_url":"https:\/\/www.tuasaude.com\/es\/news\/2026\/09\/05\/los-mareos-al-levantarse-rapido-de-la-cama-no-se-deben-solo-a-la-tension-baja-sino-a-la-deshidratacion-y-a-un-deficit-de-hierro-no-diagnosticado\/","og_site_name":"Tua Saude","article_published_time":"2026-09-05T10:18:00+00:00","og_image":[{"width":1279,"height":720,"url":"https:\/\/www.tuasaude.com\/es\/news\/wp-content\/uploads\/2026\/09\/los-mareos-al-levantarse-rapido-de-la-cama-no-se-deben-.jpg","type":"image\/jpeg"}],"author":"Gabriel Leme","twitter_card":"summary_large_image","twitter_misc":{"Escrito por":"Gabriel Leme","Tiempo de lectura":"5 minutos"},"schema":{"@context":"https:\/\/schema.org","@graph":[{"@type":"Article","@id":"https:\/\/www.tuasaude.com\/es\/news\/2026\/09\/05\/los-mareos-al-levantarse-rapido-de-la-cama-no-se-deben-solo-a-la-tension-baja-sino-a-la-deshidratacion-y-a-un-deficit-de-hierro-no-diagnosticado\/#article","isPartOf":{"@id":"https:\/\/www.tuasaude.com\/es\/news\/2026\/09\/05\/los-mareos-al-levantarse-rapido-de-la-cama-no-se-deben-solo-a-la-tension-baja-sino-a-la-deshidratacion-y-a-un-deficit-de-hierro-no-diagnosticado\/"},"author":{"name":"Gabriel Leme","@id":"https:\/\/www.tuasaude.com\/es\/news\/#\/schema\/person\/d330332b43c07afaeaafcb8f33614666"},"headline":"Los mareos al levantarse r\u00e1pido de la cama no se deben solo a la tensi\u00f3n baja, sino a la deshidrataci\u00f3n y a un d\u00e9ficit de hierro no diagnosticado","datePublished":"2026-09-05T10:18:00+00:00","mainEntityOfPage":{"@id":"https:\/\/www.tuasaude.com\/es\/news\/2026\/09\/05\/los-mareos-al-levantarse-rapido-de-la-cama-no-se-deben-solo-a-la-tension-baja-sino-a-la-deshidratacion-y-a-un-deficit-de-hierro-no-diagnosticado\/"},"wordCount":1040,"commentCount":0,"image":{"@id":"https:\/\/www.tuasaude.com\/es\/news\/2026\/09\/05\/los-mareos-al-levantarse-rapido-de-la-cama-no-se-deben-solo-a-la-tension-baja-sino-a-la-deshidratacion-y-a-un-deficit-de-hierro-no-diagnosticado\/#primaryimage"},"thumbnailUrl":"https:\/\/www.tuasaude.com\/es\/news\/wp-content\/uploads\/2026\/09\/los-mareos-al-levantarse-rapido-de-la-cama-no-se-deben-.jpg","keywords":["deshidrataci\u00f3n","hierro","hipotensi\u00f3n ortost\u00e1tica","mareos","salud"],"articleSection":["Salud"],"inLanguage":"es","potentialAction":[{"@type":"CommentAction","name":"Comment","target":["https:\/\/www.tuasaude.com\/es\/news\/2026\/09\/05\/los-mareos-al-levantarse-rapido-de-la-cama-no-se-deben-solo-a-la-tension-baja-sino-a-la-deshidratacion-y-a-un-deficit-de-hierro-no-diagnosticado\/#respond"]}]},{"@type":"WebPage","@id":"https:\/\/www.tuasaude.com\/es\/news\/2026\/09\/05\/los-mareos-al-levantarse-rapido-de-la-cama-no-se-deben-solo-a-la-tension-baja-sino-a-la-deshidratacion-y-a-un-deficit-de-hierro-no-diagnosticado\/","url":"https:\/\/www.tuasaude.com\/es\/news\/2026\/09\/05\/los-mareos-al-levantarse-rapido-de-la-cama-no-se-deben-solo-a-la-tension-baja-sino-a-la-deshidratacion-y-a-un-deficit-de-hierro-no-diagnosticado\/","name":"Los mareos al levantarse r\u00e1pido de la cama no se deben solo a la tensi\u00f3n baja, sino a la deshidrataci\u00f3n y a un d\u00e9ficit de hierro no diagnosticado - Tua Saude","isPartOf":{"@id":"https:\/\/www.tuasaude.com\/es\/news\/#website"},"primaryImageOfPage":{"@id":"https:\/\/www.tuasaude.com\/es\/news\/2026\/09\/05\/los-mareos-al-levantarse-rapido-de-la-cama-no-se-deben-solo-a-la-tension-baja-sino-a-la-deshidratacion-y-a-un-deficit-de-hierro-no-diagnosticado\/#primaryimage"},"image":{"@id":"https:\/\/www.tuasaude.com\/es\/news\/2026\/09\/05\/los-mareos-al-levantarse-rapido-de-la-cama-no-se-deben-solo-a-la-tension-baja-sino-a-la-deshidratacion-y-a-un-deficit-de-hierro-no-diagnosticado\/#primaryimage"},"thumbnailUrl":"https:\/\/www.tuasaude.com\/es\/news\/wp-content\/uploads\/2026\/09\/los-mareos-al-levantarse-rapido-de-la-cama-no-se-deben-.jpg","datePublished":"2026-09-05T10:18:00+00:00","author":{"@id":"https:\/\/www.tuasaude.com\/es\/news\/#\/schema\/person\/d330332b43c07afaeaafcb8f33614666"},"description":"Los mareos al levantarse no siempre apuntan solo a tensi\u00f3n baja. Un detalle sobre deshidrataci\u00f3n y hierro cambia la forma de valorar estos episodios.","breadcrumb":{"@id":"https:\/\/www.tuasaude.com\/es\/news\/2026\/09\/05\/los-mareos-al-levantarse-rapido-de-la-cama-no-se-deben-solo-a-la-tension-baja-sino-a-la-deshidratacion-y-a-un-deficit-de-hierro-no-diagnosticado\/#breadcrumb"},"inLanguage":"es","potentialAction":[{"@type":"ReadAction","target":["https:\/\/www.tuasaude.com\/es\/news\/2026\/09\/05\/los-mareos-al-levantarse-rapido-de-la-cama-no-se-deben-solo-a-la-tension-baja-sino-a-la-deshidratacion-y-a-un-deficit-de-hierro-no-diagnosticado\/"]}]},{"@type":"ImageObject","inLanguage":"es","@id":"https:\/\/www.tuasaude.com\/es\/news\/2026\/09\/05\/los-mareos-al-levantarse-rapido-de-la-cama-no-se-deben-solo-a-la-tension-baja-sino-a-la-deshidratacion-y-a-un-deficit-de-hierro-no-diagnosticado\/#primaryimage","url":"https:\/\/www.tuasaude.com\/es\/news\/wp-content\/uploads\/2026\/09\/los-mareos-al-levantarse-rapido-de-la-cama-no-se-deben-.jpg","contentUrl":"https:\/\/www.tuasaude.com\/es\/news\/wp-content\/uploads\/2026\/09\/los-mareos-al-levantarse-rapido-de-la-cama-no-se-deben-.jpg","width":1279,"height":720,"caption":"Los mareos matutinos pueden relacionarse con deshidrataci\u00f3n, hierro bajo y cambios posturales."},{"@type":"BreadcrumbList","@id":"https:\/\/www.tuasaude.com\/es\/news\/2026\/09\/05\/los-mareos-al-levantarse-rapido-de-la-cama-no-se-deben-solo-a-la-tension-baja-sino-a-la-deshidratacion-y-a-un-deficit-de-hierro-no-diagnosticado\/#breadcrumb","itemListElement":[{"@type":"ListItem","position":1,"name":"Portada","item":"https:\/\/www.tuasaude.com\/es\/news\/"},{"@type":"ListItem","position":2,"name":"Los mareos al levantarse r\u00e1pido de la cama no se deben solo a la tensi\u00f3n baja, sino a la deshidrataci\u00f3n y a un d\u00e9ficit de hierro no diagnosticado"}]},{"@type":"WebSite","@id":"https:\/\/www.tuasaude.com\/es\/news\/#website","url":"https:\/\/www.tuasaude.com\/es\/news\/","name":"Tua Saude","description":"Tu sitio web de salud","potentialAction":[{"@type":"SearchAction","target":{"@type":"EntryPoint","urlTemplate":"https:\/\/www.tuasaude.com\/es\/news\/?s={search_term_string}"},"query-input":{"@type":"PropertyValueSpecification","valueRequired":true,"valueName":"search_term_string"}}],"inLanguage":"es"},{"@type":"Person","@id":"https:\/\/www.tuasaude.com\/es\/news\/#\/schema\/person\/d330332b43c07afaeaafcb8f33614666","name":"Gabriel Leme","image":{"@type":"ImageObject","inLanguage":"es","@id":"https:\/\/secure.gravatar.com\/avatar\/a12badc2d08e73d59b38f178ebe822eca26c0445823b05fefedea89fb346439c?s=96&d=mm&r=g","url":"https:\/\/secure.gravatar.com\/avatar\/a12badc2d08e73d59b38f178ebe822eca26c0445823b05fefedea89fb346439c?s=96&d=mm&r=g","contentUrl":"https:\/\/secure.gravatar.com\/avatar\/a12badc2d08e73d59b38f178ebe822eca26c0445823b05fefedea89fb346439c?s=96&d=mm&r=g","caption":"Gabriel Leme"},"sameAs":["https:\/\/www.tuasaude.com\/es\/news"],"url":"https:\/\/www.tuasaude.com\/es\/news\/author\/gabrielleme\/"}]}},"_links":{"self":[{"href":"https:\/\/www.tuasaude.com\/es\/news\/wp-json\/wp\/v2\/posts\/20628","targetHints":{"allow":["GET"]}}],"collection":[{"href":"https:\/\/www.tuasaude.com\/es\/news\/wp-json\/wp\/v2\/posts"}],"about":[{"href":"https:\/\/www.tuasaude.com\/es\/news\/wp-json\/wp\/v2\/types\/post"}],"author":[{"embeddable":true,"href":"https:\/\/www.tuasaude.com\/es\/news\/wp-json\/wp\/v2\/users\/15"}],"replies":[{"embeddable":true,"href":"https:\/\/www.tuasaude.com\/es\/news\/wp-json\/wp\/v2\/comments?post=20628"}],"version-history":[{"count":1,"href":"https:\/\/www.tuasaude.com\/es\/news\/wp-json\/wp\/v2\/posts\/20628\/revisions"}],"predecessor-version":[{"id":20675,"href":"https:\/\/www.tuasaude.com\/es\/news\/wp-json\/wp\/v2\/posts\/20628\/revisions\/20675"}],"wp:featuredmedia":[{"embeddable":true,"href":"https:\/\/www.tuasaude.com\/es\/news\/wp-json\/wp\/v2\/media\/20623"}],"wp:attachment":[{"href":"https:\/\/www.tuasaude.com\/es\/news\/wp-json\/wp\/v2\/media?parent=20628"}],"wp:term":[{"taxonomy":"category","embeddable":true,"href":"https:\/\/www.tuasaude.com\/es\/news\/wp-json\/wp\/v2\/categories?post=20628"},{"taxonomy":"post_tag","embeddable":true,"href":"https:\/\/www.tuasaude.com\/es\/news\/wp-json\/wp\/v2\/tags?post=20628"}],"curies":[{"name":"wp","href":"https:\/\/api.w.org\/{rel}","templated":true}]}}