{"id":20527,"date":"2026-09-05T15:50:00","date_gmt":"2026-09-05T14:50:00","guid":{"rendered":"https:\/\/www.tuasaude.com\/es\/news\/?p=20527"},"modified":"2026-09-05T05:18:20","modified_gmt":"2026-09-05T04:18:20","slug":"el-aislamiento-social-se-asocia-a-mas-mortalidad-no-esta-probada-la-causa","status":"publish","type":"post","link":"https:\/\/www.tuasaude.com\/es\/news\/2026\/09\/05\/el-aislamiento-social-se-asocia-a-mas-mortalidad-no-esta-probada-la-causa\/","title":{"rendered":"El aislamiento social se asocia a m\u00e1s mortalidad: no est\u00e1 probada la causa"},"content":{"rendered":"\n<!-- ===== TS-COMPONENTE-1-AISLAMIENTO-SOCIAL-INICIO ===== -->\n<div id=\"ts-aislamiento-social-teaser\">\n  <style>\n    #ts-aislamiento-social-teaser * {\n      box-sizing: border-box;\n    }\n\n    #ts-aislamiento-social-teaser {\n      font-family: -apple-system, 'Segoe UI', Roboto, Arial, sans-serif;\n      background: #ffffff;\n      border: 1px solid #e3edf3;\n      border-radius: 14px;\n      padding: 22px;\n      max-width: 640px;\n      margin: 24px auto;\n      box-shadow: 0 2px 14px rgba(26,58,74,0.07);\n    }\n\n    #ts-aislamiento-social-teaser .ts-head {\n      display: flex;\n      align-items: center;\n      gap: 10px;\n      margin-bottom: 18px;\n    }\n\n    #ts-aislamiento-social-teaser .ts-badge {\n      display: inline-flex;\n      align-items: center;\n      background: #1c86c4;\n      color: #ffffff;\n      font-size: 12.5px;\n      font-weight: 700;\n      letter-spacing: 0.04em;\n      text-transform: uppercase;\n      padding: 6px 12px;\n      border-radius: 999px;\n    }\n\n    #ts-aislamiento-social-teaser .ts-item {\n      display: flex;\n      align-items: flex-start;\n      gap: 12px;\n      min-width: 0;\n      background: #f5f9fc;\n      border-left: 4px solid #1a3a4a;\n      border-radius: 0 10px 10px 0;\n      padding: 12px 14px;\n      margin-bottom: 10px;\n    }\n\n    #ts-aislamiento-social-teaser .ts-item:last-child {\n      margin-bottom: 0;\n    }\n\n    #ts-aislamiento-social-teaser .ts-mark {\n      display: inline-flex;\n      align-items: center;\n      justify-content: center;\n      flex: 0 0 26px;\n      width: 26px;\n      height: 26px;\n      background: #1c86c4;\n      color: #ffffff;\n      border-radius: 50%;\n      font-size: 13px;\n      line-height: 1;\n      font-weight: 800;\n      margin-top: 1px;\n    }\n\n    #ts-aislamiento-social-teaser .ts-item-text {\n      display: block;\n      min-width: 0;\n      color: #1a3a4a;\n      font-size: 15px;\n      line-height: 1.45;\n      font-weight: 500;\n      overflow-wrap: anywhere;\n    }\n\n    @media (max-width: 480px) {\n      #ts-aislamiento-social-teaser {\n        padding: 18px 16px;\n      }\n\n      #ts-aislamiento-social-teaser .ts-item {\n        gap: 10px;\n        padding: 11px 12px;\n      }\n\n      #ts-aislamiento-social-teaser .ts-mark {\n        flex-basis: 24px;\n        width: 24px;\n        height: 24px;\n        font-size: 12.5px;\n      }\n\n      #ts-aislamiento-social-teaser .ts-item-text {\n        font-size: 14.5px;\n      }\n    }\n  <\/style>\n\n  <div class=\"ts-head\">\n    <svg width=\"30\" height=\"30\" viewBox=\"0 0 30 30\" xmlns=\"http:\/\/www.w3.org\/2000\/svg\" aria-hidden=\"true\">\n      <circle cx=\"15\" cy=\"15\" r=\"14\" fill=\"#1c86c4\"\/>\n      <rect x=\"12.5\" y=\"6\" width=\"5\" height=\"18\" rx=\"1.5\" fill=\"#ffffff\"\/>\n      <rect x=\"6\" y=\"12.5\" width=\"18\" height=\"5\" rx=\"1.5\" fill=\"#ffffff\"\/>\n    <\/svg>\n    <span class=\"ts-badge\">Resumen<\/span>\n  <\/div>\n\n  <div class=\"ts-item\">\n    <span class=\"ts-mark\" aria-hidden=\"true\">1<\/span>\n    <span class=\"ts-item-text\">El aislamiento social objetivo y la soledad subjetiva se asocian a un mayor riesgo de mortalidad, pero los estudios son observacionales y no prueban causa directa.<\/span>\n  <\/div>\n\n  <div class=\"ts-item\">\n    <span class=\"ts-mark\" aria-hidden=\"true\">2<\/span>\n    <span class=\"ts-item-text\">Seg\u00fan una gran s\u00edntesis cient\u00edfica, el riesgo estad\u00edstico ajustado es notablemente mayor en personas menores de 65 a\u00f1os (OR de 1,57).<\/span>\n  <\/div>\n\n  <div class=\"ts-item\">\n    <span class=\"ts-mark\" aria-hidden=\"true\">3<\/span>\n    <span class=\"ts-item-text\">Vivir solo, carecer de redes y sentirse solo son dimensiones distintas que no siempre van de la mano ni se resuelven con interacciones superficiales.<\/span>\n  <\/div>\n\n  <div class=\"ts-item\">\n    <span class=\"ts-mark\" aria-hidden=\"true\">4<\/span>\n    <span class=\"ts-item-text\">El NHS recomienda consultar al m\u00e9dico de cabecera y explorar opciones como la prescripci\u00f3n social o la participaci\u00f3n en grupos comunitarios.<\/span>\n  <\/div>\n<\/div>\n<!-- ===== TS-COMPONENTE-1-AISLAMIENTO-SOCIAL-FIM ===== -->\n\n\n\n<p class=\"wp-block-paragraph\">Observacional. Odds 1,29 no es un porcentaje de muertes. Habla con el m\u00e9dico de cabecera.<\/p>\n\n\n\n<p class=\"wp-block-paragraph\">El&nbsp;<strong>aislamiento social<\/strong>&nbsp;objetivo (pocas relaciones, vivir solo) se asocia a m\u00e1s&nbsp;<strong>mortalidad<\/strong>. La soledad sentida no es lo mismo. El&nbsp;<a href=\"https:\/\/www.nhs.uk\/mental-health\/feelings-symptoms-behaviours\/feelings-and-symptoms\/loneliness-in-older-people\/\" target=\"_blank\" rel=\"noopener\">NHS: cabecera, prescripci\u00f3n social y grupos; no uses el alcohol para tapar la soledad<\/a>. Holt-Lunstad 2010, otra s\u00edntesis, dice que las relaciones predicen mortalidad; no se aleatoriza el aislamiento; no prueba que hacer amigos arregle. Consulta, no urgencias.<\/p>\n\n\n\n<p class=\"wp-block-paragraph\">El&nbsp;<a href=\"https:\/\/www.tuasaude.com\/es\/sedentarismo\/\" target=\"_blank\" rel=\"noopener\">sedentarismo<\/a>&nbsp;no es soledad. El&nbsp;<a href=\"https:\/\/www.tuasaude.com\/es\/infarto-fulminante\/\" target=\"_blank\" rel=\"noopener\">infarto fulminante<\/a>&nbsp;no se titula aqu\u00ed como efecto del aislamiento. La&nbsp;<a href=\"https:\/\/www.tuasaude.com\/es\/frecuencia-cardiaca\/\" target=\"_blank\" rel=\"noopener\">frecuencia cardiaca<\/a>&nbsp;tampoco cierra un vac\u00edo de red.<\/p>\n\n\n\n<h2 class=\"wp-block-heading\">\u00bfEl aislamiento mata?<\/h2>\n\n\n<div class=\"wp-block-image\">\n<figure class=\"aligncenter size-large is-resized\"><img decoding=\"async\" width=\"1024\" height=\"573\" src=\"https:\/\/www.tuasaude.com\/es\/news\/wp-content\/uploads\/2026\/09\/magnific_section-1-title-aislamien_SyRRSVjUb8-1024x573.png\" alt=\"Qual vitamina do complexo B reduz o formigamento nas m\u00e3os e melhora a circula\u00e7\u00e3o, e em quais alimentos encontr\u00e1-la\" class=\"wp-image-20545\" style=\"aspect-ratio:1.7870739023725115;width:1170px;height:auto\" srcset=\"https:\/\/www.tuasaude.com\/es\/news\/wp-content\/uploads\/2026\/09\/magnific_section-1-title-aislamien_SyRRSVjUb8-1024x573.png 1024w, https:\/\/www.tuasaude.com\/es\/news\/wp-content\/uploads\/2026\/09\/magnific_section-1-title-aislamien_SyRRSVjUb8-300x168.png 300w, https:\/\/www.tuasaude.com\/es\/news\/wp-content\/uploads\/2026\/09\/magnific_section-1-title-aislamien_SyRRSVjUb8-767x429.png 767w, https:\/\/www.tuasaude.com\/es\/news\/wp-content\/uploads\/2026\/09\/magnific_section-1-title-aislamien_SyRRSVjUb8-750x419.png 750w, https:\/\/www.tuasaude.com\/es\/news\/wp-content\/uploads\/2026\/09\/magnific_section-1-title-aislamien_SyRRSVjUb8-1140x637.png 1140w, https:\/\/www.tuasaude.com\/es\/news\/wp-content\/uploads\/2026\/09\/magnific_section-1-title-aislamien_SyRRSVjUb8.png 1344w\" sizes=\"(max-width: 1024px) 100vw, 1024px\" \/><figcaption class=\"wp-element-caption\">El aislamiento social se asocia con peores resultados de salud, aunque no demuestra una causa directa; mantener v\u00ednculos con familiares, vecinos o grupos puede favorecer el bienestar.<\/figcaption><\/figure>\n<\/div>\n\n\n<p class=\"wp-block-paragraph\">No como causa demostrada. El 1,29 es un odds ajustado, no un porcentaje de muertes. Los autores no confirman causalidad. No hay umbral. Lo no ajustado infla el n\u00famero. La heterogeneidad es extrema (97,8%): los estudios no cantan el mismo verso. Setenta papers no son un ensayo de hacer amigos.<\/p>\n\n\n\n<h2 class=\"wp-block-heading\">\u00bfQu\u00e9 encontr\u00f3 Holt-Lunstad en 2015?<\/h2>\n\n\n\n<!-- ===== TS-COMPONENTE-2-AISLAMIENTO-EDAD-INICIO ===== -->\n<div id=\"ts-aislamiento-edad-widget\">\n  <style>\n    #ts-aislamiento-edad-widget * {\n      box-sizing: border-box;\n    }\n\n    #ts-aislamiento-edad-widget {\n      font-family: -apple-system, 'Segoe UI', Roboto, Arial, sans-serif;\n      background: #ffffff;\n      border: 1px solid #dce9f1;\n      border-radius: 14px;\n      padding: 24px;\n      max-width: 640px;\n      margin: 32px auto;\n      box-shadow: 0 4px 16px rgba(26,58,74,0.06);\n    }\n\n    #ts-aislamiento-edad-widget .ts-widget-head {\n      margin-bottom: 12px;\n    }\n\n    #ts-aislamiento-edad-widget .ts-widget-title {\n      color: #1a3a4a;\n      font-size: 20px;\n      font-weight: 700;\n      line-height: 1.3;\n    }\n\n    #ts-aislamiento-edad-widget .ts-widget-intro {\n      color: #55707e;\n      font-size: 15px;\n      line-height: 1.5;\n      margin-bottom: 20px;\n    }\n\n    #ts-aislamiento-edad-widget .ts-widget-main {\n      background: #f5f9fc;\n      border-radius: 10px;\n      padding: 20px;\n      margin-bottom: 20px;\n    }\n\n    #ts-aislamiento-edad-widget .ts-stats-grid {\n      display: grid;\n      grid-template-columns: repeat(3, 1fr);\n      gap: 12px;\n    }\n\n    #ts-aislamiento-edad-widget .ts-stat-card {\n      background: #ffffff;\n      border: 1px solid #dce9f1;\n      border-radius: 8px;\n      padding: 16px 12px;\n      text-align: center;\n      display: flex;\n      flex-direction: column;\n      justify-content: center;\n    }\n\n    #ts-aislamiento-edad-widget .ts-stat-number {\n      font-size: 22px;\n      font-weight: 800;\n      color: #1c86c4;\n      margin-bottom: 6px;\n      line-height: 1;\n    }\n\n    #ts-aislamiento-edad-widget .ts-stat-label {\n      font-size: 13px;\n      font-weight: 600;\n      color: #1a3a4a;\n    }\n\n    #ts-aislamiento-edad-widget .ts-widget-result {\n      font-size: 15px;\n      font-weight: 500;\n      color: #1a3a4a;\n      line-height: 1.5;\n    }\n\n    #ts-aislamiento-edad-widget .ts-widget-footer {\n      font-size: 13px;\n      color: #55707e;\n      border-top: 1px solid #dce9f1;\n      padding-top: 12px;\n      margin-top: 20px;\n    }\n\n    @media (max-width: 480px) {\n      #ts-aislamiento-edad-widget {\n        padding: 20px 16px;\n      }\n      #ts-aislamiento-edad-widget .ts-stats-grid {\n        grid-template-columns: 1fr;\n        gap: 10px;\n      }\n      #ts-aislamiento-edad-widget .ts-stat-card {\n        padding: 14px;\n        text-align: left;\n        flex-direction: row;\n        justify-content: space-between;\n        align-items: center;\n      }\n      #ts-aislamiento-edad-widget .ts-stat-number {\n        margin-bottom: 0;\n        font-size: 20px;\n      }\n    }\n  <\/style>\n\n  <div class=\"ts-widget-head\">\n    <div class=\"ts-widget-title\">Impacto del aislamiento seg\u00fan la edad<\/div>\n  <\/div>\n\n  <div class=\"ts-widget-intro\">\n    La revisi\u00f3n de Holt-Lunstad (2015) analiz\u00f3 c\u00f3mo var\u00eda el riesgo estad\u00edstico de mortalidad ajustado seg\u00fan los diferentes grupos de edad.\n  <\/div>\n\n  <div class=\"ts-widget-main\">\n    <div class=\"ts-stats-grid\">\n      <div class=\"ts-stat-card\">\n        <span class=\"ts-stat-number\">1,57<\/span>\n        <span class=\"ts-stat-label\">Menores de 65 a\u00f1os<\/span>\n      <\/div>\n      <div class=\"ts-stat-card\">\n        <span class=\"ts-stat-number\">1,25<\/span>\n        <span class=\"ts-stat-label\">Entre 65 y 75 a\u00f1os<\/span>\n      <\/div>\n      <div class=\"ts-stat-card\">\n        <span class=\"ts-stat-number\">1,14<\/span>\n        <span class=\"ts-stat-label\">Mayores de 75 a\u00f1os<\/span>\n      <\/div>\n    <\/div>\n  <\/div>\n\n  <div class=\"ts-widget-result\" aria-live=\"polite\">\n    <strong>Dato clave:<\/strong> Aunque la media de edad de los estudios fue de 66 a\u00f1os, el peso estad\u00edstico del aislamiento sobre el riesgo de mortalidad se muestra sorprendentemente <strong>m\u00e1s pronunciado en los adultos m\u00e1s j\u00f3venes<\/strong>.\n  <\/div>\n\n  <div class=\"ts-widget-footer\">\n    Gu\u00eda orientativa \u00b7 Fuente: Metaan\u00e1lisis de Holt-Lunstad et al. (2015) (Valores de Odds Ratio ajustados).\n  <\/div>\n<\/div>\n<!-- ===== TS-COMPONENTE-2-AISLAMIENTO-EDAD-FIM ===== -->\n\n\n\n<p class=\"wp-block-paragraph\">Holt-Lunstad, Smith, Baker, Harris y Stephenson publicaron en Perspectives on Psychological Science. 70 estudios; 3.407.134 personas; seguimiento 7,1 a\u00f1os; edad media 66. Es el trabajo que&nbsp;<a href=\"https:\/\/pubmed.ncbi.nlm.nih.gov\/25910392\/\" target=\"_blank\" rel=\"noopener\">vio, ya ajustado, un odds de mortalidad de 1,29 para aislamiento, 1,26 para soledad y 1,32 para vivir solo<\/a>. Objetivo y subjetivo, parecidos en ese ajuste (p mayor de 0,20), pero no intercambiables en la consulta. Por edad, ya ajustado: menores de 65, 1,57; 65 a 75, 1,25; mayores de 75, 1,14. Predice m\u00e1s en los m\u00e1s j\u00f3venes. Siete a\u00f1os de media de seguimiento no son un ensayo. No se inventan celdas de una tabla no extra\u00edda. No copies el 1,50 de 2010 encima de este 1,29. Tres millones de personas no convierten la asociaci\u00f3n en causa. La edad media 66 no borra el 1,57 de los menores de 65.<\/p>\n\n\n\n<h2 class=\"wp-block-heading\">\u00bfEs lo mismo soledad que vivir solo?<\/h2>\n\n\n<div class=\"wp-block-image\">\n<figure class=\"aligncenter size-large is-resized\"><img decoding=\"async\" width=\"1024\" height=\"573\" src=\"https:\/\/www.tuasaude.com\/es\/news\/wp-content\/uploads\/2026\/09\/magnific_a-hispanic-man-in-his-lat_gO33gcESXO-2-1024x573.png\" alt=\"\" class=\"wp-image-20549\" style=\"aspect-ratio:1.7871557131169893;width:1170px;height:auto\" srcset=\"https:\/\/www.tuasaude.com\/es\/news\/wp-content\/uploads\/2026\/09\/magnific_a-hispanic-man-in-his-lat_gO33gcESXO-2-1024x573.png 1024w, https:\/\/www.tuasaude.com\/es\/news\/wp-content\/uploads\/2026\/09\/magnific_a-hispanic-man-in-his-lat_gO33gcESXO-2-300x168.png 300w, https:\/\/www.tuasaude.com\/es\/news\/wp-content\/uploads\/2026\/09\/magnific_a-hispanic-man-in-his-lat_gO33gcESXO-2-767x429.png 767w, https:\/\/www.tuasaude.com\/es\/news\/wp-content\/uploads\/2026\/09\/magnific_a-hispanic-man-in-his-lat_gO33gcESXO-2-750x419.png 750w, https:\/\/www.tuasaude.com\/es\/news\/wp-content\/uploads\/2026\/09\/magnific_a-hispanic-man-in-his-lat_gO33gcESXO-2-1140x637.png 1140w, https:\/\/www.tuasaude.com\/es\/news\/wp-content\/uploads\/2026\/09\/magnific_a-hispanic-man-in-his-lat_gO33gcESXO-2.png 1344w\" sizes=\"(max-width: 1024px) 100vw, 1024px\" \/><figcaption class=\"wp-element-caption\">Pasar largos periodos con poco contacto social puede aumentar la sensaci\u00f3n de aislamiento; recuperar v\u00ednculos y pedir apoyo profesional si el problema persiste puede ser \u00fatil.<\/figcaption><\/figure>\n<\/div>\n\n\n<p class=\"wp-block-paragraph\">No. Aislamiento es objetivo; soledad, subjetiva. En 2015 los odds se parecen, pero no son el mismo constructo. Steptoe 2013 (ELSA, 6.500 de 52 a\u00f1os o m\u00e1s): aislamiento, HR 1,26 tras ajustar salud; soledad tras salud, 0,92, no significativo. La correlaci\u00f3n entre ambos, 0,10 (<a href=\"https:\/\/pmc.ncbi.nlm.nih.gov\/articles\/PMC3625264\/\" target=\"_blank\" rel=\"noopener\">Steptoe 2013: aislamiento y soledad apenas van juntos; tras la salud, la soledad no predice<\/a>). Vivir solo es otra pata (1,32), no un sin\u00f3nimo de sentirse solo. Puedes vivir acompa\u00f1ado y sentirte solo, o vivir solo y no.<\/p>\n\n\n\n<h2 class=\"wp-block-heading\">\u00bfEl metan\u00e1lisis de 2010 es el mismo?<\/h2>\n\n\n\n<p class=\"wp-block-paragraph\">No.&nbsp;<a href=\"https:\/\/pmc.ncbi.nlm.nih.gov\/articles\/PMC2910600\/\" target=\"_blank\" rel=\"noopener\">Holt-Lunstad 2010: 148 estudios, 308.849 personas, odds de supervivencia 1,50 (1,42 a 1,59)<\/a>. Otro N, otro constructo (sobrevivir, no el OR de muerte de 2015). 308.849 no son 3,4 millones. 1,50 no es 1,29. No se aleatoriza el aislamiento: nadie asigna soledad como se asigna un comprimido. No prueba que \u00abhacer amigos\u00bb cierre la mortalidad. La s\u00edntesis de 2010 sirve para distinguir, no para sumar N.<\/p>\n\n\n\n<h2 class=\"wp-block-heading\">\u00bfHablar con extra\u00f1os basta?<\/h2>\n\n\n\n<p class=\"wp-block-paragraph\">No. Los autores de 2015: no sustituyas redes naturales por apoyo de desconocidos. Las redes que ya tienes (familia, vecinos, un grupo que se ve) pesan m\u00e1s que un desconocido de una tarde. El metan\u00e1lisis no da un n\u00famero de amigos que \u00absalve\u00bb. No hay umbral de horas ni de visitas. El NHS apunta a cabecera, prescripci\u00f3n social y grupos, no a un chat de pasillo. La nevera llena no arregla una agenda vac\u00eda. Sedentarismo y pulso se miran aparte. Un grupo del barrio cuenta m\u00e1s que un desconocido del lineal. La prescripci\u00f3n social es cita y grupo, no un mostrador de desconocidos. Diez minutos de charla en la cola del lineal no sustituyen a quien ya te conoce de hace a\u00f1os en casa o en el barrio.<\/p>\n\n\n\n<h2 class=\"wp-block-heading\">\u00bfCu\u00e1ndo ver al m\u00e9dico de cabecera?<\/h2>\n\n\n\n<p class=\"wp-block-paragraph\">Coge cita si te sientes solo meses, si vives solo y la salud baja, o si quieres grupos. La soledad no es urgencias m\u00e9dicas. Un odds de 1,29 no se trata como un infarto. El farmac\u00e9utico no sustituye al cabecera. Alcohol para tapar, no. Si hace meses que no ves a nadie, cita. Un grupo del centro de salud puede valer m\u00e1s que un titular de tres millones.<\/p>\n\n\n\n<p class=\"wp-block-paragraph\">Asociaci\u00f3n. 1,29 no es 1,50. Aislamiento no es soledad. Sin causalidad. Cabecera y grupos.<\/p>\n\n\n\n<ul class=\"wp-block-list\">\n<li>Holt-Lunstad 2015: 70 estudios, 3.407.134, 7,1 a\u00f1os, 66 a\u00f1os. Ajustado: aislamiento 1,29; soledad 1,26; vivir solo 1,32. Heterogeneidad 97,8%. Sin causalidad. Sin umbral.<\/li>\n\n\n\n<li>Menores de 65: 1,57; 65 a 75: 1,25; mayores de 75: 1,14. Lo no ajustado infla. No celdas inventadas. No un porcentaje de muertes.<\/li>\n\n\n\n<li>2010: 148 estudios, 308.849, supervivencia 1,50. Steptoe: aislamiento 1,26; soledad 0,92, no significativo; correlaci\u00f3n 0,10. NHS: cabecera, grupos, prescripci\u00f3n social.<\/li>\n\n\n\n<li>Infarto y pulso: ancla de coraz\u00f3n, no causa del t\u00edtulo. M\u00e9dico de cabecera. Nevera y agenda, redes que ya tienes, no un extra\u00f1o.<\/li>\n<\/ul>\n\n\n\n<p class=\"wp-block-paragraph\">El aislamiento social se pregunta en cabecera, no se compra como dieta de amigos. El m\u00e9dico mira red, soledad y si el seguimiento de salud sigue.<\/p>\n","protected":false},"excerpt":{"rendered":"<p>Resumen 1 El aislamiento social objetivo y la soledad subjetiva se asocian a un mayor riesgo de mortalidad, pero los estudios son observacionales y no prueban causa directa. 2 Seg\u00fan una gran s\u00edntesis cient\u00edfica, el riesgo estad\u00edstico ajustado es notablemente mayor en personas menores de 65 a\u00f1os (OR de 1,57). 3 Vivir solo, carecer de [&hellip;]<\/p>\n","protected":false},"author":14,"featured_media":20550,"comment_status":"open","ping_status":"open","sticky":false,"template":"","format":"standard","meta":{"jnews-multi-image_gallery":[],"jnews_single_post":{"format":"standard"},"jnews_primary_category":[],"jnews_social_meta":[],"jnews_override_counter":[],"footnotes":""},"categories":[1],"tags":[20771,17541,20714,18606,20773,17396,20772],"class_list":["post-20527","post","type-post","status-publish","format-standard","has-post-thumbnail","hentry","category-bienestar","tag-aislamiento-social","tag-envejecimiento","tag-medico-de-cabecera","tag-mortalidad","tag-relaciones-sociales","tag-salud","tag-soledad"],"yoast_head":"<!-- This site is optimized with the Yoast SEO plugin v28.3 - https:\/\/yoast.com\/product\/yoast-seo-wordpress\/ -->\n<title>El aislamiento social se asocia a m\u00e1s mortalidad: no est\u00e1 probada la causa - Tua Saude<\/title>\n<meta name=\"description\" content=\"El aislamiento social se asocia a m\u00e1s mortalidad, pero no est\u00e1 demostrado que sea la causa. Habla con el m\u00e9dico de cabecera.\" \/>\n<meta name=\"robots\" content=\"index, follow, max-snippet:-1, max-image-preview:large, max-video-preview:-1\" \/>\n<link rel=\"canonical\" href=\"https:\/\/www.tuasaude.com\/es\/news\/2026\/09\/05\/el-aislamiento-social-se-asocia-a-mas-mortalidad-no-esta-probada-la-causa\/\" \/>\n<meta property=\"og:locale\" content=\"es_ES\" \/>\n<meta property=\"og:type\" content=\"article\" \/>\n<meta property=\"og:title\" content=\"El aislamiento social se asocia a m\u00e1s mortalidad: no est\u00e1 probada la causa - Tua Saude\" \/>\n<meta property=\"og:description\" content=\"El aislamiento social se asocia a m\u00e1s mortalidad, pero no est\u00e1 demostrado que sea la causa. Habla con el m\u00e9dico de cabecera.\" \/>\n<meta property=\"og:url\" content=\"https:\/\/www.tuasaude.com\/es\/news\/2026\/09\/05\/el-aislamiento-social-se-asocia-a-mas-mortalidad-no-esta-probada-la-causa\/\" \/>\n<meta property=\"og:site_name\" content=\"Tua Saude\" \/>\n<meta property=\"article:published_time\" content=\"2026-09-05T14:50:00+00:00\" \/>\n<meta property=\"og:image\" content=\"https:\/\/www.tuasaude.com\/es\/news\/wp-content\/uploads\/2026\/09\/magnific_a-clean-twostate-editoria_vQ11v76a47-1.png\" \/>\n\t<meta property=\"og:image:width\" content=\"1344\" \/>\n\t<meta property=\"og:image:height\" content=\"752\" \/>\n\t<meta property=\"og:image:type\" content=\"image\/png\" \/>\n<meta name=\"author\" content=\"Jo\u00e3o Victor\" \/>\n<meta name=\"twitter:card\" content=\"summary_large_image\" \/>\n<meta name=\"twitter:label1\" content=\"Escrito por\" \/>\n\t<meta name=\"twitter:data1\" content=\"Jo\u00e3o Victor\" \/>\n\t<meta name=\"twitter:label2\" content=\"Tiempo de lectura\" \/>\n\t<meta name=\"twitter:data2\" content=\"6 minutos\" \/>\n<!-- \/ Yoast SEO plugin. -->","yoast_head_json":{"title":"El aislamiento social se asocia a m\u00e1s mortalidad: no est\u00e1 probada la causa - Tua Saude","description":"El aislamiento social se asocia a m\u00e1s mortalidad, pero no est\u00e1 demostrado que sea la causa. Habla con el m\u00e9dico de cabecera.","robots":{"index":"index","follow":"follow","max-snippet":"max-snippet:-1","max-image-preview":"max-image-preview:large","max-video-preview":"max-video-preview:-1"},"canonical":"https:\/\/www.tuasaude.com\/es\/news\/2026\/09\/05\/el-aislamiento-social-se-asocia-a-mas-mortalidad-no-esta-probada-la-causa\/","og_locale":"es_ES","og_type":"article","og_title":"El aislamiento social se asocia a m\u00e1s mortalidad: no est\u00e1 probada la causa - Tua Saude","og_description":"El aislamiento social se asocia a m\u00e1s mortalidad, pero no est\u00e1 demostrado que sea la causa. Habla con el m\u00e9dico de cabecera.","og_url":"https:\/\/www.tuasaude.com\/es\/news\/2026\/09\/05\/el-aislamiento-social-se-asocia-a-mas-mortalidad-no-esta-probada-la-causa\/","og_site_name":"Tua Saude","article_published_time":"2026-09-05T14:50:00+00:00","og_image":[{"width":1344,"height":752,"url":"https:\/\/www.tuasaude.com\/es\/news\/wp-content\/uploads\/2026\/09\/magnific_a-clean-twostate-editoria_vQ11v76a47-1.png","type":"image\/png"}],"author":"Jo\u00e3o Victor","twitter_card":"summary_large_image","twitter_misc":{"Escrito por":"Jo\u00e3o Victor","Tiempo de lectura":"6 minutos"},"schema":{"@context":"https:\/\/schema.org","@graph":[{"@type":"Article","@id":"https:\/\/www.tuasaude.com\/es\/news\/2026\/09\/05\/el-aislamiento-social-se-asocia-a-mas-mortalidad-no-esta-probada-la-causa\/#article","isPartOf":{"@id":"https:\/\/www.tuasaude.com\/es\/news\/2026\/09\/05\/el-aislamiento-social-se-asocia-a-mas-mortalidad-no-esta-probada-la-causa\/"},"author":{"name":"Jo\u00e3o Victor","@id":"https:\/\/www.tuasaude.com\/es\/news\/#\/schema\/person\/16a4d193b08b5d0f589edf44bf2a7fab"},"headline":"El aislamiento social se asocia a m\u00e1s mortalidad: no est\u00e1 probada la causa","datePublished":"2026-09-05T14:50:00+00:00","mainEntityOfPage":{"@id":"https:\/\/www.tuasaude.com\/es\/news\/2026\/09\/05\/el-aislamiento-social-se-asocia-a-mas-mortalidad-no-esta-probada-la-causa\/"},"wordCount":1038,"commentCount":0,"image":{"@id":"https:\/\/www.tuasaude.com\/es\/news\/2026\/09\/05\/el-aislamiento-social-se-asocia-a-mas-mortalidad-no-esta-probada-la-causa\/#primaryimage"},"thumbnailUrl":"https:\/\/www.tuasaude.com\/es\/news\/wp-content\/uploads\/2026\/09\/magnific_a-clean-twostate-editoria_vQ11v76a47-1.png","keywords":["aislamiento social","envejecimiento","m\u00e9dico de cabecera","mortalidad","relaciones sociales","salud","soledad"],"articleSection":["Bienestar"],"inLanguage":"es","potentialAction":[{"@type":"CommentAction","name":"Comment","target":["https:\/\/www.tuasaude.com\/es\/news\/2026\/09\/05\/el-aislamiento-social-se-asocia-a-mas-mortalidad-no-esta-probada-la-causa\/#respond"]}]},{"@type":"WebPage","@id":"https:\/\/www.tuasaude.com\/es\/news\/2026\/09\/05\/el-aislamiento-social-se-asocia-a-mas-mortalidad-no-esta-probada-la-causa\/","url":"https:\/\/www.tuasaude.com\/es\/news\/2026\/09\/05\/el-aislamiento-social-se-asocia-a-mas-mortalidad-no-esta-probada-la-causa\/","name":"El aislamiento social se asocia a m\u00e1s mortalidad: no est\u00e1 probada la causa - Tua Saude","isPartOf":{"@id":"https:\/\/www.tuasaude.com\/es\/news\/#website"},"primaryImageOfPage":{"@id":"https:\/\/www.tuasaude.com\/es\/news\/2026\/09\/05\/el-aislamiento-social-se-asocia-a-mas-mortalidad-no-esta-probada-la-causa\/#primaryimage"},"image":{"@id":"https:\/\/www.tuasaude.com\/es\/news\/2026\/09\/05\/el-aislamiento-social-se-asocia-a-mas-mortalidad-no-esta-probada-la-causa\/#primaryimage"},"thumbnailUrl":"https:\/\/www.tuasaude.com\/es\/news\/wp-content\/uploads\/2026\/09\/magnific_a-clean-twostate-editoria_vQ11v76a47-1.png","datePublished":"2026-09-05T14:50:00+00:00","author":{"@id":"https:\/\/www.tuasaude.com\/es\/news\/#\/schema\/person\/16a4d193b08b5d0f589edf44bf2a7fab"},"description":"El aislamiento social se asocia a m\u00e1s mortalidad, pero no est\u00e1 demostrado que sea la causa. Habla con el m\u00e9dico de cabecera.","breadcrumb":{"@id":"https:\/\/www.tuasaude.com\/es\/news\/2026\/09\/05\/el-aislamiento-social-se-asocia-a-mas-mortalidad-no-esta-probada-la-causa\/#breadcrumb"},"inLanguage":"es","potentialAction":[{"@type":"ReadAction","target":["https:\/\/www.tuasaude.com\/es\/news\/2026\/09\/05\/el-aislamiento-social-se-asocia-a-mas-mortalidad-no-esta-probada-la-causa\/"]}]},{"@type":"ImageObject","inLanguage":"es","@id":"https:\/\/www.tuasaude.com\/es\/news\/2026\/09\/05\/el-aislamiento-social-se-asocia-a-mas-mortalidad-no-esta-probada-la-causa\/#primaryimage","url":"https:\/\/www.tuasaude.com\/es\/news\/wp-content\/uploads\/2026\/09\/magnific_a-clean-twostate-editoria_vQ11v76a47-1.png","contentUrl":"https:\/\/www.tuasaude.com\/es\/news\/wp-content\/uploads\/2026\/09\/magnific_a-clean-twostate-editoria_vQ11v76a47-1.png","width":1344,"height":752,"caption":"La escena contrasta un momento de soledad en casa con una situaci\u00f3n social en la que una persona permanece apartada del grupo. Imagen generada por IA."},{"@type":"BreadcrumbList","@id":"https:\/\/www.tuasaude.com\/es\/news\/2026\/09\/05\/el-aislamiento-social-se-asocia-a-mas-mortalidad-no-esta-probada-la-causa\/#breadcrumb","itemListElement":[{"@type":"ListItem","position":1,"name":"Portada","item":"https:\/\/www.tuasaude.com\/es\/news\/"},{"@type":"ListItem","position":2,"name":"El aislamiento social se asocia a m\u00e1s mortalidad: no est\u00e1 probada la causa"}]},{"@type":"WebSite","@id":"https:\/\/www.tuasaude.com\/es\/news\/#website","url":"https:\/\/www.tuasaude.com\/es\/news\/","name":"Tua Saude","description":"Tu sitio web de salud","potentialAction":[{"@type":"SearchAction","target":{"@type":"EntryPoint","urlTemplate":"https:\/\/www.tuasaude.com\/es\/news\/?s={search_term_string}"},"query-input":{"@type":"PropertyValueSpecification","valueRequired":true,"valueName":"search_term_string"}}],"inLanguage":"es"},{"@type":"Person","@id":"https:\/\/www.tuasaude.com\/es\/news\/#\/schema\/person\/16a4d193b08b5d0f589edf44bf2a7fab","name":"Jo\u00e3o Victor","image":{"@type":"ImageObject","inLanguage":"es","@id":"https:\/\/secure.gravatar.com\/avatar\/bafb23913f410c1931def6caa7c109c29a2ae52e8b28ea5b93784ed42e035da9?s=96&d=mm&r=g","url":"https:\/\/secure.gravatar.com\/avatar\/bafb23913f410c1931def6caa7c109c29a2ae52e8b28ea5b93784ed42e035da9?s=96&d=mm&r=g","contentUrl":"https:\/\/secure.gravatar.com\/avatar\/bafb23913f410c1931def6caa7c109c29a2ae52e8b28ea5b93784ed42e035da9?s=96&d=mm&r=g","caption":"Jo\u00e3o Victor"},"url":"https:\/\/www.tuasaude.com\/es\/news\/author\/joaomyth\/"}]}},"_links":{"self":[{"href":"https:\/\/www.tuasaude.com\/es\/news\/wp-json\/wp\/v2\/posts\/20527","targetHints":{"allow":["GET"]}}],"collection":[{"href":"https:\/\/www.tuasaude.com\/es\/news\/wp-json\/wp\/v2\/posts"}],"about":[{"href":"https:\/\/www.tuasaude.com\/es\/news\/wp-json\/wp\/v2\/types\/post"}],"author":[{"embeddable":true,"href":"https:\/\/www.tuasaude.com\/es\/news\/wp-json\/wp\/v2\/users\/14"}],"replies":[{"embeddable":true,"href":"https:\/\/www.tuasaude.com\/es\/news\/wp-json\/wp\/v2\/comments?post=20527"}],"version-history":[{"count":1,"href":"https:\/\/www.tuasaude.com\/es\/news\/wp-json\/wp\/v2\/posts\/20527\/revisions"}],"predecessor-version":[{"id":20551,"href":"https:\/\/www.tuasaude.com\/es\/news\/wp-json\/wp\/v2\/posts\/20527\/revisions\/20551"}],"wp:featuredmedia":[{"embeddable":true,"href":"https:\/\/www.tuasaude.com\/es\/news\/wp-json\/wp\/v2\/media\/20550"}],"wp:attachment":[{"href":"https:\/\/www.tuasaude.com\/es\/news\/wp-json\/wp\/v2\/media?parent=20527"}],"wp:term":[{"taxonomy":"category","embeddable":true,"href":"https:\/\/www.tuasaude.com\/es\/news\/wp-json\/wp\/v2\/categories?post=20527"},{"taxonomy":"post_tag","embeddable":true,"href":"https:\/\/www.tuasaude.com\/es\/news\/wp-json\/wp\/v2\/tags?post=20527"}],"curies":[{"name":"wp","href":"https:\/\/api.w.org\/{rel}","templated":true}]}}