{"id":20526,"date":"2026-09-05T15:10:00","date_gmt":"2026-09-05T14:10:00","guid":{"rendered":"https:\/\/www.tuasaude.com\/es\/news\/?p=20526"},"modified":"2026-09-05T05:05:54","modified_gmt":"2026-09-05T04:05:54","slug":"el-ruido-nocturno-del-trafico-se-asocia-a-peor-sueno-no-es-insomnio-clinico","status":"publish","type":"post","link":"https:\/\/www.tuasaude.com\/es\/news\/2026\/09\/05\/el-ruido-nocturno-del-trafico-se-asocia-a-peor-sueno-no-es-insomnio-clinico\/","title":{"rendered":"El ruido nocturno del tr\u00e1fico se asocia a peor sue\u00f1o: no es insomnio cl\u00ednico"},"content":{"rendered":"\n<!-- ===== TS-COMPONENTE-1-RUIDO-TRAFICO-INICIO ===== -->\n<div id=\"ts-ruido-trafico-teaser\">\n  <style>\n    #ts-ruido-trafico-teaser * {\n      box-sizing: border-box;\n    }\n\n    #ts-ruido-trafico-teaser {\n      font-family: -apple-system, 'Segoe UI', Roboto, Arial, sans-serif;\n      background: #ffffff;\n      border: 1px solid #e3edf3;\n      border-radius: 14px;\n      padding: 22px;\n      max-width: 640px;\n      margin: 24px auto;\n      box-shadow: 0 2px 14px rgba(26,58,74,0.07);\n    }\n\n    #ts-ruido-trafico-teaser .ts-head {\n      display: flex;\n      align-items: center;\n      gap: 10px;\n      margin-bottom: 18px;\n    }\n\n    #ts-ruido-trafico-teaser .ts-badge {\n      display: inline-flex;\n      align-items: center;\n      background: #1c86c4;\n      color: #ffffff;\n      font-size: 12.5px;\n      font-weight: 700;\n      letter-spacing: 0.04em;\n      text-transform: uppercase;\n      padding: 6px 12px;\n      border-radius: 999px;\n    }\n\n    #ts-ruido-trafico-teaser .ts-item {\n      display: flex;\n      align-items: flex-start;\n      gap: 12px;\n      min-width: 0;\n      background: #f5f9fc;\n      border-left: 4px solid #1a3a4a;\n      border-radius: 0 10px 10px 0;\n      padding: 12px 14px;\n      margin-bottom: 10px;\n    }\n\n    #ts-ruido-trafico-teaser .ts-item:last-child {\n      margin-bottom: 0;\n    }\n\n    #ts-ruido-trafico-teaser .ts-mark {\n      display: inline-flex;\n      align-items: center;\n      justify-content: center;\n      flex: 0 0 26px;\n      width: 26px;\n      height: 26px;\n      background: #1c86c4;\n      color: #ffffff;\n      border-radius: 50%;\n      font-size: 13px;\n      line-height: 1;\n      font-weight: 800;\n      margin-top: 1px;\n    }\n\n    #ts-ruido-trafico-teaser .ts-item-text {\n      display: block;\n      min-width: 0;\n      color: #1a3a4a;\n      font-size: 15px;\n      line-height: 1.45;\n      font-weight: 500;\n      overflow-wrap: anywhere;\n    }\n\n    @media (max-width: 480px) {\n      #ts-ruido-trafico-teaser {\n        padding: 18px 16px;\n      }\n\n      #ts-ruido-trafico-teaser .ts-item {\n        gap: 10px;\n        padding: 11px 12px;\n      }\n\n      #ts-ruido-trafico-teaser .ts-mark {\n        flex-basis: 24px;\n        width: 24px;\n        height: 24px;\n        font-size: 12.5px;\n      }\n\n      #ts-ruido-trafico-teaser .ts-item-text {\n        font-size: 14.5px;\n      }\n    }\n  <\/style>\n\n  <div class=\"ts-head\">\n    <svg width=\"30\" height=\"30\" viewBox=\"0 0 30 30\" xmlns=\"http:\/\/www.w3.org\/2000\/svg\" aria-hidden=\"true\">\n      <circle cx=\"15\" cy=\"15\" r=\"14\" fill=\"#1c86c4\"\/>\n      <rect x=\"12.5\" y=\"6\" width=\"5\" height=\"18\" rx=\"1.5\" fill=\"#ffffff\"\/>\n      <rect x=\"6\" y=\"12.5\" width=\"18\" height=\"5\" rx=\"1.5\" fill=\"#ffffff\"\/>\n    <\/svg>\n    <span class=\"ts-badge\">Resumen<\/span>\n  <\/div>\n\n  <div class=\"ts-item\">\n    <span class=\"ts-mark\" aria-hidden=\"true\">1<\/span>\n    <span class=\"ts-item-text\">El ruido del tr\u00e1fico nocturno se asocia a un peor descanso, pero no constituye por s\u00ed solo un diagn\u00f3stico cl\u00ednico de insomnio.<\/span>\n  <\/div>\n\n  <div class=\"ts-item\">\n    <span class=\"ts-mark\" aria-hidden=\"true\">2<\/span>\n    <span class=\"ts-item-text\">La OMS recomienda que el nivel sonoro dentro del dormitorio se mantenga por debajo de los 30 dB(A) para proteger el sue\u00f1o.<\/span>\n  <\/div>\n\n  <div class=\"ts-item\">\n    <span class=\"ts-mark\" aria-hidden=\"true\">3<\/span>\n    <span class=\"ts-item-text\">El uso de tapones para los o\u00eddos y antifaz puede mitigar el impacto, ayudando a crear un ambiente oscuro y silencioso.<\/span>\n  <\/div>\n\n  <div class=\"ts-item\">\n    <span class=\"ts-mark\" aria-hidden=\"true\">4<\/span>\n    <span class=\"ts-item-text\">Debes consultar a tu m\u00e9dico de cabecera si los problemas para dormir persisten durante meses a pesar de adaptar el entorno.<\/span>\n  <\/div>\n<\/div>\n<!-- ===== TS-COMPONENTE-1-RUIDO-TRAFICO-FIM ===== -->\n\n\n\n<p class=\"wp-block-paragraph\">Observacional. Habitaci\u00f3n oscura y silenciosa. Cabecera si el insomnio sigue meses.<\/p>\n\n\n\n<p class=\"wp-block-paragraph\">El&nbsp;<strong>ruido nocturno<\/strong>&nbsp;de avi\u00f3n, carretera o tren se asocia a peor&nbsp;<strong>sue\u00f1o<\/strong>&nbsp;cuando la encuesta nombra el ruido. El&nbsp;<a href=\"https:\/\/www.who.int\/europe\/news-room\/fact-sheets\/item\/noise\" target=\"_blank\" rel=\"noopener\">OMS Europa 2011: el cuarto, por debajo de 30 dB(A); el Lnight anual, por debajo de 40 dB(A) fuera de los dormitorios<\/a>. El&nbsp;<a href=\"https:\/\/www.nhs.uk\/conditions\/insomnia\/\" target=\"_blank\" rel=\"noopener\">NHS: adultos 7 a 9 horas; el ruido puede estorbar; cuarto oscuro y silencioso; tapones u antifaz; cabecera si dura meses<\/a>. Otras causas de esa ficha no se desarrollan aqu\u00ed. Consulta, no urgencias.<\/p>\n\n\n\n<p class=\"wp-block-paragraph\">Los&nbsp;<a href=\"https:\/\/www.tuasaude.com\/es\/tes-para-dormir\/\" target=\"_blank\" rel=\"noopener\">t\u00e9s para dormir<\/a>&nbsp;no apagan un avi\u00f3n.&nbsp;<a href=\"https:\/\/www.tuasaude.com\/es\/por-que-me-da-mucho-sueno\/\" target=\"_blank\" rel=\"noopener\">Por qu\u00e9 me da mucho sue\u00f1o<\/a>&nbsp;no es el mismo eje que el tr\u00e1fico.&nbsp;<a href=\"https:\/\/www.tuasaude.com\/es\/como-quitar-el-sueno\/\" target=\"_blank\" rel=\"noopener\">C\u00f3mo quitar el sue\u00f1o<\/a>&nbsp;de d\u00eda tampoco mide Lnight.<\/p>\n\n\n\n<h2 class=\"wp-block-heading\">\u00bfEl ruido de la calle causa insomnio?<\/h2>\n\n\n<div class=\"wp-block-image\">\n<figure class=\"aligncenter size-large is-resized\"><img decoding=\"async\" width=\"1024\" height=\"573\" src=\"https:\/\/www.tuasaude.com\/es\/news\/wp-content\/uploads\/2026\/09\/magnific_section-1-title-ruido-noc_0emmcC6TfW-1024x573.png\" alt=\"\" class=\"wp-image-20532\" style=\"aspect-ratio:1.7871557131169893;width:1170px;height:auto\" srcset=\"https:\/\/www.tuasaude.com\/es\/news\/wp-content\/uploads\/2026\/09\/magnific_section-1-title-ruido-noc_0emmcC6TfW-1024x573.png 1024w, https:\/\/www.tuasaude.com\/es\/news\/wp-content\/uploads\/2026\/09\/magnific_section-1-title-ruido-noc_0emmcC6TfW-300x168.png 300w, https:\/\/www.tuasaude.com\/es\/news\/wp-content\/uploads\/2026\/09\/magnific_section-1-title-ruido-noc_0emmcC6TfW-767x429.png 767w, https:\/\/www.tuasaude.com\/es\/news\/wp-content\/uploads\/2026\/09\/magnific_section-1-title-ruido-noc_0emmcC6TfW-750x419.png 750w, https:\/\/www.tuasaude.com\/es\/news\/wp-content\/uploads\/2026\/09\/magnific_section-1-title-ruido-noc_0emmcC6TfW-1140x637.png 1140w, https:\/\/www.tuasaude.com\/es\/news\/wp-content\/uploads\/2026\/09\/magnific_section-1-title-ruido-noc_0emmcC6TfW.png 1344w\" sizes=\"(max-width: 1024px) 100vw, 1024px\" \/><figcaption class=\"wp-element-caption\">El ruido nocturno del tr\u00e1fico, los aviones o los trenes puede fragmentar el descanso; reducir el sonido y mantener un dormitorio oscuro y c\u00f3modo favorece un sue\u00f1o m\u00e1s reparador.<\/figcaption><\/figure>\n<\/div>\n\n\n<p class=\"wp-block-paragraph\">No como diagn\u00f3stico cl\u00ednico. Basner es observacional: se asocia a peor sue\u00f1o, sobre todo si la pregunta nombra el ruido. No es un ensayo de laboratorio. El insomnio de meses es cabecera, no urgencias m\u00e9dicas. Un avi\u00f3n a las tres no se trata con un t\u00e9.<\/p>\n\n\n\n<h2 class=\"wp-block-heading\">\u00bfQu\u00e9 encontr\u00f3 Basner en 2018?<\/h2>\n\n\n\n<p class=\"wp-block-paragraph\">Basner y McGuire publicaron en International Journal of Environmental Research and Public Health una revisi\u00f3n para la OMS. No es laboratorio: son encuestas y un bloque de polisomnograf\u00eda. 74 estudios. El metan\u00e1lisis de encuestas: 30 estudios; Lnight entre 40 y 65 dBA. La molestia alta de sue\u00f1o es el extremo de la escala. Es el trabajo que&nbsp;<a href=\"https:\/\/pmc.ncbi.nlm.nih.gov\/articles\/PMC5877064\/\" target=\"_blank\" rel=\"noopener\">vio, cuando la pregunta nombra el ruido, un odds por cada 10 dB de Lnight de 1,94 en avi\u00f3n (6 estudios; heterogeneidad 84%), 2,13 en carretera (12; 84%) y 3,06 en tren (5; 88%)<\/a>.<\/p>\n\n\n\n<p class=\"wp-block-paragraph\">Polisomnograf\u00eda: 94 adultos sanos en Alemania (64 y 33). Odds de despertar o paso a fase 1 por cada 10 dBA de m\u00e1ximo interior: carretera 1,36; avi\u00f3n 1,35; tren 1,35; juntos 1,35 (1,25 a 1,45). Son sanos, no pacientes de insomnio de consulta. Umbral adicional, 33 a 38 dBA dentro. Certeza moderada para despertares y para el autorrelato anclado al ruido. No se copian cifras de un paper de 2009 cerrado.<\/p>\n\n\n\n<h2 class=\"wp-block-heading\">\u00bfCambia el n\u00famero si no nombras el ruido?<\/h2>\n\n\n\n<p class=\"wp-block-paragraph\">S\u00ed. Sin nombrar el ruido, el autorrelato no fue significativo: carretera 1,09; avi\u00f3n 1,17; tren 1,27. El salto grande aparece cuando la pregunta ancla el ruido. No fundas 2,13 con 1,09. El tren 3,06 tampoco se lee como la carretera. Seis estudios de avi\u00f3n no son doce de calle ni cinco de tren juntos. La heterogeneidad de los que s\u00ed nombran ronda el 84 a 88%. Treinta encuestas no son un laboratorio de sue\u00f1o.<\/p>\n\n\n\n<!-- ===== TS-COMPONENTE-2-RUIDO-ENCUESTAS-INICIO ===== -->\n<div id=\"ts-ruido-encuestas-widget\">\n  <style>\n    #ts-ruido-encuestas-widget * {\n      box-sizing: border-box;\n    }\n\n    #ts-ruido-encuestas-widget {\n      font-family: -apple-system, 'Segoe UI', Roboto, Arial, sans-serif;\n      background: #ffffff;\n      border: 1px solid #dce9f1;\n      border-radius: 14px;\n      padding: 24px;\n      max-width: 640px;\n      margin: 32px auto;\n      box-shadow: 0 4px 16px rgba(26,58,74,0.06);\n    }\n\n    #ts-ruido-encuestas-widget .ts-widget-head {\n      margin-bottom: 12px;\n    }\n\n    #ts-ruido-encuestas-widget .ts-widget-title {\n      color: #1a3a4a;\n      font-size: 20px;\n      font-weight: 700;\n      line-height: 1.3;\n    }\n\n    #ts-ruido-encuestas-widget .ts-widget-intro {\n      color: #55707e;\n      font-size: 15px;\n      line-height: 1.5;\n      margin-bottom: 24px;\n    }\n\n    #ts-ruido-encuestas-widget .ts-widget-main {\n      background: #f5f9fc;\n      border-radius: 10px;\n      padding: 20px;\n      margin-bottom: 20px;\n    }\n\n    #ts-ruido-encuestas-widget .ts-toggle-container {\n      display: flex;\n      background: #e3edf3;\n      border-radius: 8px;\n      padding: 4px;\n      margin-bottom: 24px;\n      position: relative;\n    }\n\n    #ts-ruido-encuestas-widget .ts-toggle-btn {\n      flex: 1;\n      background: transparent;\n      border: none;\n      border-radius: 6px;\n      padding: 10px 14px;\n      font-size: 14px;\n      font-weight: 600;\n      color: #55707e;\n      cursor: pointer;\n      transition: all 0.2s ease;\n      text-align: center;\n    }\n\n    #ts-ruido-encuestas-widget .ts-toggle-btn[aria-pressed=\"true\"] {\n      background: #ffffff;\n      color: #1a3a4a;\n      box-shadow: 0 2px 6px rgba(0,0,0,0.05);\n    }\n\n    #ts-ruido-encuestas-widget .ts-chart {\n      display: flex;\n      flex-direction: column;\n      gap: 16px;\n    }\n\n    #ts-ruido-encuestas-widget .ts-bar-row {\n      display: flex;\n      flex-direction: column;\n      gap: 6px;\n    }\n\n    #ts-ruido-encuestas-widget .ts-bar-label-group {\n      display: flex;\n      justify-content: space-between;\n      align-items: flex-end;\n    }\n\n    #ts-ruido-encuestas-widget .ts-bar-label {\n      font-size: 14px;\n      font-weight: 600;\n      color: #1a3a4a;\n    }\n\n    #ts-ruido-encuestas-widget .ts-bar-value {\n      font-size: 14px;\n      font-weight: 700;\n      color: #1c86c4;\n    }\n\n    #ts-ruido-encuestas-widget .ts-bar-track {\n      width: 100%;\n      height: 12px;\n      background: #e3edf3;\n      border-radius: 999px;\n      overflow: hidden;\n    }\n\n    #ts-ruido-encuestas-widget .ts-bar-fill {\n      height: 100%;\n      background: #1c86c4;\n      border-radius: 999px;\n      transition: width 0.6s cubic-bezier(0.4, 0, 0.2, 1);\n      width: 0%; \/* Default inicial *\/\n    }\n\n    #ts-ruido-encuestas-widget .ts-widget-result {\n      font-size: 15px;\n      font-weight: 500;\n      color: #1a3a4a;\n      background: #fdfaf3;\n      border-left: 4px solid #f3c343;\n      padding: 14px;\n      border-radius: 0 8px 8px 0;\n      margin-bottom: 16px;\n      line-height: 1.5;\n    }\n\n    #ts-ruido-encuestas-widget .ts-widget-footer {\n      font-size: 13px;\n      color: #55707e;\n      border-top: 1px solid #dce9f1;\n      padding-top: 12px;\n    }\n\n    @media (prefers-reduced-motion: reduce) {\n      #ts-ruido-encuestas-widget .ts-bar-fill {\n        transition: none;\n      }\n    }\n\n    @media (max-width: 480px) {\n      #ts-ruido-encuestas-widget {\n        padding: 20px 16px;\n      }\n      #ts-ruido-encuestas-widget .ts-toggle-btn {\n        font-size: 13px;\n        padding: 8px 6px;\n      }\n    }\n  <\/style>\n\n  <div class=\"ts-widget-head\">\n    <div class=\"ts-widget-title\">El poder de la sugesti\u00f3n en el descanso<\/div>\n  <\/div>\n\n  <div class=\"ts-widget-intro\">\n    La percepci\u00f3n de que el tr\u00e1fico arruina el sue\u00f1o cambia dr\u00e1sticamente dependiendo de c\u00f3mo se formule la pregunta. Selecciona el tipo de encuesta para comparar el riesgo reportado.\n  <\/div>\n\n  <div class=\"ts-widget-main\">\n    <div class=\"ts-toggle-container\">\n      <button type=\"button\" class=\"ts-toggle-btn\" aria-pressed=\"true\" id=\"ts-btn-nombrado\">\n        <span>Preguntan por el &#8220;ruido&#8221;<\/span>\n      <\/button>\n      <button type=\"button\" class=\"ts-toggle-btn\" aria-pressed=\"false\" id=\"ts-btn-no-nombrado\">\n        <span>Solo preguntan por el &#8220;sue\u00f1o&#8221;<\/span>\n      <\/button>\n    <\/div>\n\n    <div class=\"ts-chart\" aria-hidden=\"true\">\n      <div class=\"ts-bar-row\">\n        <div class=\"ts-bar-label-group\">\n          <span class=\"ts-bar-label\">Trenes<\/span>\n          <span class=\"ts-bar-value\" id=\"ts-val-tren\">3.06x<\/span>\n        <\/div>\n        <div class=\"ts-bar-track\">\n          <div class=\"ts-bar-fill\" id=\"ts-bar-tren\" style=\"width: 87%;\"><\/div>\n        <\/div>\n      <\/div>\n\n      <div class=\"ts-bar-row\">\n        <div class=\"ts-bar-label-group\">\n          <span class=\"ts-bar-label\">Carretera<\/span>\n          <span class=\"ts-bar-value\" id=\"ts-val-carretera\">2.13x<\/span>\n        <\/div>\n        <div class=\"ts-bar-track\">\n          <div class=\"ts-bar-fill\" id=\"ts-bar-carretera\" style=\"width: 60%;\"><\/div>\n        <\/div>\n      <\/div>\n\n      <div class=\"ts-bar-row\">\n        <div class=\"ts-bar-label-group\">\n          <span class=\"ts-bar-label\">Aviones<\/span>\n          <span class=\"ts-bar-value\" id=\"ts-val-avion\">1.94x<\/span>\n        <\/div>\n        <div class=\"ts-bar-track\">\n          <div class=\"ts-bar-fill\" id=\"ts-bar-avion\" style=\"width: 55%;\"><\/div>\n        <\/div>\n      <\/div>\n    <\/div>\n  <\/div>\n\n  <div class=\"ts-widget-result\" aria-live=\"polite\" id=\"ts-contingencia-texto\">\n    <strong>Asociaci\u00f3n alta:<\/strong> Cuando la encuesta menciona el ruido, las personas reportan un nivel de molestia hasta 3 veces mayor (resultados estad\u00edsticamente significativos).\n  <\/div>\n\n  <div class=\"ts-widget-footer\">\n    Gu\u00eda ilustrativa \u00b7 Fuente: Metaan\u00e1lisis de Basner y McGuire (2018) para la OMS. (Aumento de probabilidad por cada +10 dB).\n  <\/div>\n\n  <script>\n    (function () {\n      const widget = document.getElementById('ts-ruido-encuestas-widget');\n      if (!widget) return;\n\n      const btnNombrado = document.getElementById('ts-btn-nombrado');\n      const btnNoNombrado = document.getElementById('ts-btn-no-nombrado');\n      \n      const barTren = document.getElementById('ts-bar-tren');\n      const valTren = document.getElementById('ts-val-tren');\n      const barCarretera = document.getElementById('ts-bar-carretera');\n      const valCarretera = document.getElementById('ts-val-carretera');\n      const barAvion = document.getElementById('ts-bar-avion');\n      const valAvion = document.getElementById('ts-val-avion');\n      \n      const textoConclusao = document.getElementById('ts-contingencia-texto');\n\n      \/\/ Escala usada para a largura (max 3.5 = 100%)\n      const data = {\n        nombrado: {\n          tren: { val: \"3.06x\", width: \"87%\" },\n          carretera: { val: \"2.13x\", width: \"60%\" },\n          avion: { val: \"1.94x\", width: \"55%\" },\n          texto: \"<strong>Asociaci\u00f3n alta:<\/strong> Cuando la encuesta menciona el ruido, las personas reportan un nivel de molestia hasta 3 veces mayor (resultados estad\u00edsticamente significativos).\"\n        },\n        noNombrado: {\n          tren: { val: \"1.27x\", width: \"36%\" },\n          carretera: { val: \"1.09x\", width: \"31%\" },\n          avion: { val: \"1.17x\", width: \"33%\" },\n          texto: \"<strong>Asociaci\u00f3n no significativa:<\/strong> Si el cuestionario solo pregunta por el sue\u00f1o sin referirse al ruido ambiental, el impacto estad\u00edstico pr\u00e1cticamente desaparece.\"\n        }\n      };\n\n      function updateChart(state) {\n        const info = data[state];\n        \n        \/\/ Atualiza barras e valores\n        barTren.style.width = info.tren.width;\n        valTren.innerHTML = info.tren.val;\n        \n        barCarretera.style.width = info.carretera.width;\n        valCarretera.innerHTML = info.carretera.val;\n        \n        barAvion.style.width = info.avion.width;\n        valAvion.innerHTML = info.avion.val;\n        \n        \/\/ Atualiza texto e live region\n        textoConclusao.innerHTML = info.texto;\n      }\n\n      btnNombrado.addEventListener('click', function() {\n        btnNombrado.setAttribute('aria-pressed', 'true');\n        btnNoNombrado.setAttribute('aria-pressed', 'false');\n        updateChart('nombrado');\n      });\n\n      btnNoNombrado.addEventListener('click', function() {\n        btnNoNombrado.setAttribute('aria-pressed', 'true');\n        btnNombrado.setAttribute('aria-pressed', 'false');\n        updateChart('noNombrado');\n      });\n    })();\n  <\/script>\n<\/div>\n<!-- ===== TS-COMPONENTE-2-RUIDO-ENCUESTAS-FIM ===== -->\n\n\n\n<h2 class=\"wp-block-heading\">\u00bfCu\u00e1ntos decibelios pide la OMS en el cuarto?<\/h2>\n\n\n<div class=\"wp-block-image\">\n<figure class=\"aligncenter size-large is-resized\"><img decoding=\"async\" width=\"1024\" height=\"573\" src=\"https:\/\/www.tuasaude.com\/es\/news\/wp-content\/uploads\/2026\/09\/magnific_a-close-contextual-view-o_JNGG7WYOq4-1024x573.png\" alt=\"\" class=\"wp-image-20533\" style=\"aspect-ratio:1.7871557131169893;width:1170px;height:auto\" srcset=\"https:\/\/www.tuasaude.com\/es\/news\/wp-content\/uploads\/2026\/09\/magnific_a-close-contextual-view-o_JNGG7WYOq4-1024x573.png 1024w, https:\/\/www.tuasaude.com\/es\/news\/wp-content\/uploads\/2026\/09\/magnific_a-close-contextual-view-o_JNGG7WYOq4-300x168.png 300w, https:\/\/www.tuasaude.com\/es\/news\/wp-content\/uploads\/2026\/09\/magnific_a-close-contextual-view-o_JNGG7WYOq4-767x429.png 767w, https:\/\/www.tuasaude.com\/es\/news\/wp-content\/uploads\/2026\/09\/magnific_a-close-contextual-view-o_JNGG7WYOq4-750x419.png 750w, https:\/\/www.tuasaude.com\/es\/news\/wp-content\/uploads\/2026\/09\/magnific_a-close-contextual-view-o_JNGG7WYOq4-1140x637.png 1140w, https:\/\/www.tuasaude.com\/es\/news\/wp-content\/uploads\/2026\/09\/magnific_a-close-contextual-view-o_JNGG7WYOq4.png 1344w\" sizes=\"(max-width: 1024px) 100vw, 1024px\" \/><figcaption class=\"wp-element-caption\">El ruido de la calle puede interferir con el descanso nocturno incluso dentro del dormitorio; cerrar ventanas, usar cortinas y limitar las fuentes de sonido puede ayudar a dormir mejor.<\/figcaption><\/figure>\n<\/div>\n\n\n<p class=\"wp-block-paragraph\">La ficha europea de 2011: menos de 30 dB(A) en el dormitorio; Lnight anual de menos de 40 dB(A) fuera. No uses aqu\u00ed los cortes de una gu\u00eda de 2018 cuyo PDF no est\u00e1 abierto. El 40 a 65 dBA de Basner es el rango de las encuestas, no ese umbral de cuarto. Treinta dB dentro no son cuarenta fuera.<\/p>\n\n\n\n<h2 class=\"wp-block-heading\">\u00bfLos tapones arreglan el insomnio?<\/h2>\n\n\n\n<p class=\"wp-block-paragraph\">No. El NHS los cita junto al antifaz, en un cuarto oscuro y silencioso. Ayudan a bajar el ruido; no cierran un insomnio de meses. 7 a 9 horas siguen siendo el marco. Un t\u00e9 de la nevera no sustituye tapones ni cabecera. El antifaz oscurece; no silencia un tren.<\/p>\n\n\n\n<h2 class=\"wp-block-heading\">\u00bfCu\u00e1ndo ver al m\u00e9dico de cabecera?<\/h2>\n\n\n\n<p class=\"wp-block-paragraph\">Coge cita si duermes mal meses, si el tr\u00e1fico no te deja o si los tapones no bastan. El ruido de la calle no es urgencias m\u00e9dicas. Dormir mal meses se habla en consulta, no con un vecino a las tres. Un insomnio no se corta con un odds de 2,13. Carretera, avi\u00f3n y tren no se funden en un \u00fanico 2. El farmac\u00e9utico mira tapones; el cabecera, las horas. Siete a nueve horas siguen siendo el marco, no un odds de tren.<\/p>\n\n\n\n<p class=\"wp-block-paragraph\">Asociaci\u00f3n, no causa cl\u00ednica. Odds altos si la pregunta nombra el ruido; si no, no significativos. Cuarto &lt;30 dB(A). Lnight &lt;40 fuera. Tapones, no magia. Cabecera si sigue.<\/p>\n\n\n\n<ul class=\"wp-block-list\">\n<li>Basner 2018: 74 estudios; 30 en encuestas, Lnight 40 a 65 dBA. Con ruido nombrado: avi\u00f3n 1,94; carretera 2,13; tren 3,06 por +10 dB. Heterogeneidad alta.<\/li>\n\n\n\n<li>Sin nombrar: 1,09 \/ 1,17 \/ 1,27, no significativos. PSG n=94: 1,35 combinado; umbral 33 a 38 dBA interior. Certeza moderada. Paper de 2009, cerrado.<\/li>\n\n\n\n<li>OMS 2011: cuarto &lt;30; Lnight &lt;40 fuera. No cortes de 2018. NHS: 7 a 9 h, cuarto oscuro y silencioso, tapones, cabecera si meses. Otras causas de la ficha, sin desarrollar.<\/li>\n\n\n\n<li>T\u00e9s y sue\u00f1o de d\u00eda no miden tr\u00e1fico. M\u00e9dico de cabecera. Nevera con tapones, cuarto oscuro, no un bote.<\/li>\n<\/ul>\n\n\n\n<p class=\"wp-block-paragraph\">El ruido nocturno se pregunta en cabecera, no se tapa solo con un t\u00e9. El m\u00e9dico mira horas, calle y si el insomnio sigue meses.<\/p>\n","protected":false},"excerpt":{"rendered":"<p>Resumen 1 El ruido del tr\u00e1fico nocturno se asocia a un peor descanso, pero no constituye por s\u00ed solo un diagn\u00f3stico cl\u00ednico de insomnio. 2 La OMS recomienda que el nivel sonoro dentro del dormitorio se mantenga por debajo de los 30 dB(A) para proteger el sue\u00f1o. 3 El uso de tapones para los o\u00eddos [&hellip;]<\/p>\n","protected":false},"author":14,"featured_media":20534,"comment_status":"open","ping_status":"open","sticky":false,"template":"","format":"standard","meta":{"jnews-multi-image_gallery":[],"jnews_single_post":{"format":"standard"},"jnews_primary_category":[],"jnews_social_meta":[],"jnews_override_counter":[],"footnotes":""},"categories":[1],"tags":[11743,17860,17416,20768,17401,20770,20769],"class_list":["post-20526","post","type-post","status-publish","format-standard","has-post-thumbnail","hentry","category-bienestar","tag-dormir","tag-higiene-del-sueno","tag-insomnio","tag-ruido-nocturno","tag-sueno","tag-tapones","tag-trafico"],"yoast_head":"<!-- This site is optimized with the Yoast SEO plugin v28.3 - https:\/\/yoast.com\/product\/yoast-seo-wordpress\/ -->\n<title>El ruido nocturno del tr\u00e1fico se asocia a peor sue\u00f1o: no es insomnio cl\u00ednico - Tua Saude<\/title>\n<meta name=\"description\" content=\"El ruido nocturno del tr\u00e1fico se asocia a peor sue\u00f1o. Habitaci\u00f3n oscura y silenciosa. Consulta al m\u00e9dico si el insomnio sigue.\" \/>\n<meta name=\"robots\" content=\"index, follow, max-snippet:-1, max-image-preview:large, max-video-preview:-1\" \/>\n<link rel=\"canonical\" href=\"https:\/\/www.tuasaude.com\/es\/news\/2026\/09\/05\/el-ruido-nocturno-del-trafico-se-asocia-a-peor-sueno-no-es-insomnio-clinico\/\" \/>\n<meta property=\"og:locale\" content=\"es_ES\" \/>\n<meta property=\"og:type\" content=\"article\" \/>\n<meta property=\"og:title\" content=\"El ruido nocturno del tr\u00e1fico se asocia a peor sue\u00f1o: no es insomnio cl\u00ednico - Tua Saude\" \/>\n<meta property=\"og:description\" content=\"El ruido nocturno del tr\u00e1fico se asocia a peor sue\u00f1o. Habitaci\u00f3n oscura y silenciosa. Consulta al m\u00e9dico si el insomnio sigue.\" \/>\n<meta property=\"og:url\" content=\"https:\/\/www.tuasaude.com\/es\/news\/2026\/09\/05\/el-ruido-nocturno-del-trafico-se-asocia-a-peor-sueno-no-es-insomnio-clinico\/\" \/>\n<meta property=\"og:site_name\" content=\"Tua Saude\" \/>\n<meta property=\"article:published_time\" content=\"2026-09-05T14:10:00+00:00\" \/>\n<meta property=\"og:image\" content=\"https:\/\/www.tuasaude.com\/es\/news\/wp-content\/uploads\/2026\/09\/magnific_a-hispanic-woman-in-her-l_w422UzZ7EI.png\" \/>\n\t<meta property=\"og:image:width\" content=\"1344\" \/>\n\t<meta property=\"og:image:height\" content=\"752\" \/>\n\t<meta property=\"og:image:type\" content=\"image\/png\" \/>\n<meta name=\"author\" content=\"Jo\u00e3o Victor\" \/>\n<meta name=\"twitter:card\" content=\"summary_large_image\" \/>\n<meta name=\"twitter:label1\" content=\"Escrito por\" \/>\n\t<meta name=\"twitter:data1\" content=\"Jo\u00e3o Victor\" \/>\n\t<meta name=\"twitter:label2\" content=\"Tiempo de lectura\" \/>\n\t<meta name=\"twitter:data2\" content=\"6 minutos\" \/>\n<!-- \/ Yoast SEO plugin. -->","yoast_head_json":{"title":"El ruido nocturno del tr\u00e1fico se asocia a peor sue\u00f1o: no es insomnio cl\u00ednico - Tua Saude","description":"El ruido nocturno del tr\u00e1fico se asocia a peor sue\u00f1o. Habitaci\u00f3n oscura y silenciosa. Consulta al m\u00e9dico si el insomnio sigue.","robots":{"index":"index","follow":"follow","max-snippet":"max-snippet:-1","max-image-preview":"max-image-preview:large","max-video-preview":"max-video-preview:-1"},"canonical":"https:\/\/www.tuasaude.com\/es\/news\/2026\/09\/05\/el-ruido-nocturno-del-trafico-se-asocia-a-peor-sueno-no-es-insomnio-clinico\/","og_locale":"es_ES","og_type":"article","og_title":"El ruido nocturno del tr\u00e1fico se asocia a peor sue\u00f1o: no es insomnio cl\u00ednico - Tua Saude","og_description":"El ruido nocturno del tr\u00e1fico se asocia a peor sue\u00f1o. Habitaci\u00f3n oscura y silenciosa. Consulta al m\u00e9dico si el insomnio sigue.","og_url":"https:\/\/www.tuasaude.com\/es\/news\/2026\/09\/05\/el-ruido-nocturno-del-trafico-se-asocia-a-peor-sueno-no-es-insomnio-clinico\/","og_site_name":"Tua Saude","article_published_time":"2026-09-05T14:10:00+00:00","og_image":[{"width":1344,"height":752,"url":"https:\/\/www.tuasaude.com\/es\/news\/wp-content\/uploads\/2026\/09\/magnific_a-hispanic-woman-in-her-l_w422UzZ7EI.png","type":"image\/png"}],"author":"Jo\u00e3o Victor","twitter_card":"summary_large_image","twitter_misc":{"Escrito por":"Jo\u00e3o Victor","Tiempo de lectura":"6 minutos"},"schema":{"@context":"https:\/\/schema.org","@graph":[{"@type":"Article","@id":"https:\/\/www.tuasaude.com\/es\/news\/2026\/09\/05\/el-ruido-nocturno-del-trafico-se-asocia-a-peor-sueno-no-es-insomnio-clinico\/#article","isPartOf":{"@id":"https:\/\/www.tuasaude.com\/es\/news\/2026\/09\/05\/el-ruido-nocturno-del-trafico-se-asocia-a-peor-sueno-no-es-insomnio-clinico\/"},"author":{"name":"Jo\u00e3o Victor","@id":"https:\/\/www.tuasaude.com\/es\/news\/#\/schema\/person\/16a4d193b08b5d0f589edf44bf2a7fab"},"headline":"El ruido nocturno del tr\u00e1fico se asocia a peor sue\u00f1o: no es insomnio cl\u00ednico","datePublished":"2026-09-05T14:10:00+00:00","mainEntityOfPage":{"@id":"https:\/\/www.tuasaude.com\/es\/news\/2026\/09\/05\/el-ruido-nocturno-del-trafico-se-asocia-a-peor-sueno-no-es-insomnio-clinico\/"},"wordCount":1047,"commentCount":0,"image":{"@id":"https:\/\/www.tuasaude.com\/es\/news\/2026\/09\/05\/el-ruido-nocturno-del-trafico-se-asocia-a-peor-sueno-no-es-insomnio-clinico\/#primaryimage"},"thumbnailUrl":"https:\/\/www.tuasaude.com\/es\/news\/wp-content\/uploads\/2026\/09\/magnific_a-hispanic-woman-in-her-l_w422UzZ7EI.png","keywords":["dormir","higiene del sue\u00f1o","insomnio","ruido nocturno","sue\u00f1o","tapones","tr\u00e1fico"],"articleSection":["Bienestar"],"inLanguage":"es","potentialAction":[{"@type":"CommentAction","name":"Comment","target":["https:\/\/www.tuasaude.com\/es\/news\/2026\/09\/05\/el-ruido-nocturno-del-trafico-se-asocia-a-peor-sueno-no-es-insomnio-clinico\/#respond"]}]},{"@type":"WebPage","@id":"https:\/\/www.tuasaude.com\/es\/news\/2026\/09\/05\/el-ruido-nocturno-del-trafico-se-asocia-a-peor-sueno-no-es-insomnio-clinico\/","url":"https:\/\/www.tuasaude.com\/es\/news\/2026\/09\/05\/el-ruido-nocturno-del-trafico-se-asocia-a-peor-sueno-no-es-insomnio-clinico\/","name":"El ruido nocturno del tr\u00e1fico se asocia a peor sue\u00f1o: no es insomnio cl\u00ednico - Tua Saude","isPartOf":{"@id":"https:\/\/www.tuasaude.com\/es\/news\/#website"},"primaryImageOfPage":{"@id":"https:\/\/www.tuasaude.com\/es\/news\/2026\/09\/05\/el-ruido-nocturno-del-trafico-se-asocia-a-peor-sueno-no-es-insomnio-clinico\/#primaryimage"},"image":{"@id":"https:\/\/www.tuasaude.com\/es\/news\/2026\/09\/05\/el-ruido-nocturno-del-trafico-se-asocia-a-peor-sueno-no-es-insomnio-clinico\/#primaryimage"},"thumbnailUrl":"https:\/\/www.tuasaude.com\/es\/news\/wp-content\/uploads\/2026\/09\/magnific_a-hispanic-woman-in-her-l_w422UzZ7EI.png","datePublished":"2026-09-05T14:10:00+00:00","author":{"@id":"https:\/\/www.tuasaude.com\/es\/news\/#\/schema\/person\/16a4d193b08b5d0f589edf44bf2a7fab"},"description":"El ruido nocturno del tr\u00e1fico se asocia a peor sue\u00f1o. Habitaci\u00f3n oscura y silenciosa. Consulta al m\u00e9dico si el insomnio sigue.","breadcrumb":{"@id":"https:\/\/www.tuasaude.com\/es\/news\/2026\/09\/05\/el-ruido-nocturno-del-trafico-se-asocia-a-peor-sueno-no-es-insomnio-clinico\/#breadcrumb"},"inLanguage":"es","potentialAction":[{"@type":"ReadAction","target":["https:\/\/www.tuasaude.com\/es\/news\/2026\/09\/05\/el-ruido-nocturno-del-trafico-se-asocia-a-peor-sueno-no-es-insomnio-clinico\/"]}]},{"@type":"ImageObject","inLanguage":"es","@id":"https:\/\/www.tuasaude.com\/es\/news\/2026\/09\/05\/el-ruido-nocturno-del-trafico-se-asocia-a-peor-sueno-no-es-insomnio-clinico\/#primaryimage","url":"https:\/\/www.tuasaude.com\/es\/news\/wp-content\/uploads\/2026\/09\/magnific_a-hispanic-woman-in-her-l_w422UzZ7EI.png","contentUrl":"https:\/\/www.tuasaude.com\/es\/news\/wp-content\/uploads\/2026\/09\/magnific_a-hispanic-woman-in-her-l_w422UzZ7EI.png","width":1344,"height":752,"caption":"Una mujer permanece despierta en la cama mientras el tr\u00e1fico nocturno circula frente a su ventana, una escena vinculada a las molestias ambientales durante el descanso. Imagen generada por IA."},{"@type":"BreadcrumbList","@id":"https:\/\/www.tuasaude.com\/es\/news\/2026\/09\/05\/el-ruido-nocturno-del-trafico-se-asocia-a-peor-sueno-no-es-insomnio-clinico\/#breadcrumb","itemListElement":[{"@type":"ListItem","position":1,"name":"Portada","item":"https:\/\/www.tuasaude.com\/es\/news\/"},{"@type":"ListItem","position":2,"name":"El ruido nocturno del tr\u00e1fico se asocia a peor sue\u00f1o: no es insomnio cl\u00ednico"}]},{"@type":"WebSite","@id":"https:\/\/www.tuasaude.com\/es\/news\/#website","url":"https:\/\/www.tuasaude.com\/es\/news\/","name":"Tua Saude","description":"Tu sitio web de salud","potentialAction":[{"@type":"SearchAction","target":{"@type":"EntryPoint","urlTemplate":"https:\/\/www.tuasaude.com\/es\/news\/?s={search_term_string}"},"query-input":{"@type":"PropertyValueSpecification","valueRequired":true,"valueName":"search_term_string"}}],"inLanguage":"es"},{"@type":"Person","@id":"https:\/\/www.tuasaude.com\/es\/news\/#\/schema\/person\/16a4d193b08b5d0f589edf44bf2a7fab","name":"Jo\u00e3o Victor","image":{"@type":"ImageObject","inLanguage":"es","@id":"https:\/\/secure.gravatar.com\/avatar\/bafb23913f410c1931def6caa7c109c29a2ae52e8b28ea5b93784ed42e035da9?s=96&d=mm&r=g","url":"https:\/\/secure.gravatar.com\/avatar\/bafb23913f410c1931def6caa7c109c29a2ae52e8b28ea5b93784ed42e035da9?s=96&d=mm&r=g","contentUrl":"https:\/\/secure.gravatar.com\/avatar\/bafb23913f410c1931def6caa7c109c29a2ae52e8b28ea5b93784ed42e035da9?s=96&d=mm&r=g","caption":"Jo\u00e3o Victor"},"url":"https:\/\/www.tuasaude.com\/es\/news\/author\/joaomyth\/"}]}},"_links":{"self":[{"href":"https:\/\/www.tuasaude.com\/es\/news\/wp-json\/wp\/v2\/posts\/20526","targetHints":{"allow":["GET"]}}],"collection":[{"href":"https:\/\/www.tuasaude.com\/es\/news\/wp-json\/wp\/v2\/posts"}],"about":[{"href":"https:\/\/www.tuasaude.com\/es\/news\/wp-json\/wp\/v2\/types\/post"}],"author":[{"embeddable":true,"href":"https:\/\/www.tuasaude.com\/es\/news\/wp-json\/wp\/v2\/users\/14"}],"replies":[{"embeddable":true,"href":"https:\/\/www.tuasaude.com\/es\/news\/wp-json\/wp\/v2\/comments?post=20526"}],"version-history":[{"count":1,"href":"https:\/\/www.tuasaude.com\/es\/news\/wp-json\/wp\/v2\/posts\/20526\/revisions"}],"predecessor-version":[{"id":20544,"href":"https:\/\/www.tuasaude.com\/es\/news\/wp-json\/wp\/v2\/posts\/20526\/revisions\/20544"}],"wp:featuredmedia":[{"embeddable":true,"href":"https:\/\/www.tuasaude.com\/es\/news\/wp-json\/wp\/v2\/media\/20534"}],"wp:attachment":[{"href":"https:\/\/www.tuasaude.com\/es\/news\/wp-json\/wp\/v2\/media?parent=20526"}],"wp:term":[{"taxonomy":"category","embeddable":true,"href":"https:\/\/www.tuasaude.com\/es\/news\/wp-json\/wp\/v2\/categories?post=20526"},{"taxonomy":"post_tag","embeddable":true,"href":"https:\/\/www.tuasaude.com\/es\/news\/wp-json\/wp\/v2\/tags?post=20526"}],"curies":[{"name":"wp","href":"https:\/\/api.w.org\/{rel}","templated":true}]}}