{"id":20507,"date":"2026-09-05T12:55:00","date_gmt":"2026-09-05T11:55:00","guid":{"rendered":"https:\/\/www.tuasaude.com\/es\/news\/?p=20507"},"modified":"2026-09-05T06:48:58","modified_gmt":"2026-09-05T05:48:58","slug":"los-olvidos-despues-de-los-40-no-siempre-son-senal-de-un-problema-de-memoria","status":"publish","type":"post","link":"https:\/\/www.tuasaude.com\/es\/news\/2026\/09\/05\/los-olvidos-despues-de-los-40-no-siempre-son-senal-de-un-problema-de-memoria\/","title":{"rendered":"Los olvidos despu\u00e9s de los 40 no siempre son se\u00f1al de un problema de memoria"},"content":{"rendered":"\n<p class=\"wp-block-paragraph\">Olvidar el nombre de alguien, no recordar d\u00f3nde se dejaron las llaves o entrar en una habitaci\u00f3n sin saber a qu\u00e9 se ven\u00eda. A partir de los 40 estos <strong>olvidos cotidianos<\/strong> generan mucho miedo, porque enseguida se asocian con problemas serios de memoria. La realidad es que en la mayor\u00eda de los casos tienen que ver con el estr\u00e9s, la sobrecarga mental o la falta de atenci\u00f3n. Entender esto ayuda a rebajar la alarma y tambi\u00e9n a saber cu\u00e1ndo s\u00ed conviene consultar con un profesional.<\/p>\n\n\n\n<h2 class=\"wp-block-heading\">\u00bfQu\u00e9 dice la ciencia sobre las quejas de memoria en la mediana edad?<\/h2>\n\n\n\n<p class=\"wp-block-paragraph\">Las quejas subjetivas de memoria son una de las razones m\u00e1s frecuentes de preocupaci\u00f3n cognitiva a partir de los 40. Seg\u00fan una revisi\u00f3n sistem\u00e1tica publicada en <em>Geriatrics<\/em> en 2022, estas <a href=\"https:\/\/www.mdpi.com\/2308-3417\/7\/2\/30\" target=\"_blank\" rel=\"noopener\">quejas cognitivas en adultos de mediana edad suelen aparecer sin que las pruebas neuropsicol\u00f3gicas detecten ning\u00fan proceso patol\u00f3gico de fondo<\/a>, y con frecuencia se asocian a factores como el estr\u00e9s, la ansiedad o el impacto de los estereotipos negativos sobre la edad.<\/p>\n\n\n\n<p class=\"wp-block-paragraph\">Ese trabajo ayuda a poner las cosas en su sitio. La mayor\u00eda de los olvidos habituales a partir de los 40 no reflejan una enfermedad. Reflejan que el <strong>cerebro<\/strong> est\u00e1 gestionando demasiada informaci\u00f3n a la vez, con poco descanso, mucho ruido digital y una atenci\u00f3n cada vez m\u00e1s dividida.<\/p>\n\n\n\n<h2 class=\"wp-block-heading\">\u00bfPor qu\u00e9 aparecen m\u00e1s olvidos con la edad adulta?<\/h2>\n\n\n\n<p class=\"wp-block-paragraph\">El cerebro cambia con los a\u00f1os, es cierto, pero el ritmo de vida cambia m\u00e1s a\u00fan. A partir de los 40 se acumulan trabajo, familia, gestiones, cuidado de mayores, pantallas, notificaciones y muy poco tiempo para desconectar. Ese exceso de <strong>est\u00edmulos<\/strong> compite por la atenci\u00f3n, y sin atenci\u00f3n no hay recuerdo posible.<\/p>\n\n\n\n<p class=\"wp-block-paragraph\">Algunos factores muy repetidos en esta etapa:<\/p>\n\n\n\n<ul class=\"wp-block-list\">\n<li>Estr\u00e9s sostenido durante meses o a\u00f1os.<\/li>\n\n\n\n<li>Sue\u00f1o insuficiente o de mala calidad.<\/li>\n\n\n\n<li>Cambios hormonales, especialmente en la perimenopausia y menopausia.<\/li>\n\n\n\n<li>Multitarea constante entre trabajo, familia y vida digital.<\/li>\n\n\n\n<li>Ansiedad, \u00e1nimo bajo o duelos recientes.<\/li>\n\n\n\n<li>Consumo elevado de alcohol o cafe\u00edna.<\/li>\n\n\n\n<li>Algunos medicamentos, como ansiol\u00edticos o antihistam\u00ednicos.<\/li>\n<\/ul>\n\n\n\n<p class=\"wp-block-paragraph\">La suma de todos ellos explica muchas de las &#8220;lagunas&#8221; que se experimentan en el d\u00eda a d\u00eda.<\/p>\n\n\n\n<h2 class=\"wp-block-heading\">\u00bfQu\u00e9 tipo de olvidos son normales?<\/h2>\n\n\n\n<p class=\"wp-block-paragraph\">Existen peque\u00f1os fallos de <strong>memoria<\/strong> que se consideran habituales en la vida adulta. No suelen indicar problema neurol\u00f3gico y, en muchos casos, mejoran cuando se cuidan h\u00e1bitos. Ejemplos frecuentes:<\/p>\n\n\n\n<ul class=\"wp-block-list\">\n<li>Olvidar el nombre de un conocido y recordarlo minutos despu\u00e9s.<\/li>\n\n\n\n<li>No saber d\u00f3nde se dejaron las llaves o el m\u00f3vil.<\/li>\n\n\n\n<li>Entrar en una habitaci\u00f3n y no recordar a qu\u00e9 se ven\u00eda.<\/li>\n\n\n\n<li>Olvidar una palabra concreta que &#8220;est\u00e1 en la punta de la lengua&#8221;.<\/li>\n\n\n\n<li>Perder el hilo de una conversaci\u00f3n en la que participan varias personas.<\/li>\n\n\n\n<li>No recordar si se cerr\u00f3 la puerta o se apag\u00f3 el fuego.<\/li>\n<\/ul>\n\n\n\n<p class=\"wp-block-paragraph\">Estos episodios suelen tener m\u00e1s que ver con la <strong>atenci\u00f3n dividida<\/strong> que con un fallo de memoria en s\u00ed. Cuando el cerebro no ha registrado bien la informaci\u00f3n, no puede recuperarla despu\u00e9s.<\/p>\n\n\n<div class=\"wp-block-image\">\n<figure class=\"aligncenter size-large\"><img decoding=\"async\" width=\"1024\" height=\"571\" src=\"https:\/\/www.tuasaude.com\/es\/news\/wp-content\/uploads\/2026\/09\/Cerebro_processando_estimulos_co\u2026_202609042050-1024x571.jpeg\" alt=\"Los olvidos despu\u00e9s de los 40 no siempre son se\u00f1al de un problema de memoria\" class=\"wp-image-20509\" srcset=\"https:\/\/www.tuasaude.com\/es\/news\/wp-content\/uploads\/2026\/09\/Cerebro_processando_estimulos_co\u2026_202609042050-1024x571.jpeg 1024w, https:\/\/www.tuasaude.com\/es\/news\/wp-content\/uploads\/2026\/09\/Cerebro_processando_estimulos_co\u2026_202609042050-300x167.jpeg 300w, https:\/\/www.tuasaude.com\/es\/news\/wp-content\/uploads\/2026\/09\/Cerebro_processando_estimulos_co\u2026_202609042050-768x428.jpeg 768w, https:\/\/www.tuasaude.com\/es\/news\/wp-content\/uploads\/2026\/09\/Cerebro_processando_estimulos_co\u2026_202609042050-750x418.jpeg 750w, https:\/\/www.tuasaude.com\/es\/news\/wp-content\/uploads\/2026\/09\/Cerebro_processando_estimulos_co\u2026_202609042050-1140x636.jpeg 1140w, https:\/\/www.tuasaude.com\/es\/news\/wp-content\/uploads\/2026\/09\/Cerebro_processando_estimulos_co\u2026_202609042050.jpeg 1280w\" sizes=\"(max-width: 1024px) 100vw, 1024px\" \/><figcaption class=\"wp-element-caption\">Dormir mejor y reducir la multitarea puede favorecer la memoria.<\/figcaption><\/figure>\n<\/div>\n\n\n<h2 class=\"wp-block-heading\">\u00bfQu\u00e9 h\u00e1bitos ayudan a mantener el cerebro en buena forma?<\/h2>\n\n\n\n<p class=\"wp-block-paragraph\">El cerebro responde bien a los mismos h\u00e1bitos que cuidan el resto del organismo. Estos son algunos de los que tienen m\u00e1s respaldo cient\u00edfico:<\/p>\n\n\n\n<ul class=\"wp-block-list\">\n<li>Dormir entre 7 y 9 horas con horarios estables.<\/li>\n\n\n\n<li>Practicar actividad f\u00edsica regular, como caminar, nadar o bailar.<\/li>\n\n\n\n<li>Comer variado, con verduras, legumbres, cereales integrales, pescado azul y frutos secos.<\/li>\n\n\n\n<li>Mantener contacto social frecuente con amigos y familia.<\/li>\n\n\n\n<li>Aprender cosas nuevas, desde un idioma hasta un instrumento.<\/li>\n\n\n\n<li>Leer y escribir de forma habitual, aunque sea a nivel personal.<\/li>\n\n\n\n<li>Reducir el consumo de alcohol y no fumar.<\/li>\n\n\n\n<li>Vigilar la tensi\u00f3n arterial, la glucosa y el colesterol.<\/li>\n<\/ul>\n\n\n\n<p class=\"wp-block-paragraph\">Puedes profundizar en la parte alimentaria en esta gu\u00eda sobre <a href=\"https:\/\/www.tuasaude.com\/es\/alimentos-para-la-memoria\/\" target=\"_blank\" rel=\"noopener\">alimentos que apoyan la memoria<\/a> y c\u00f3mo integrarlos en el men\u00fa diario.<\/p>\n\n\n\n<h2 class=\"wp-block-heading\">\u00bfC\u00f3mo influye el estr\u00e9s en los fallos de memoria?<\/h2>\n\n\n\n<p class=\"wp-block-paragraph\">El <strong>estr\u00e9s<\/strong> sostenido es uno de los mayores enemigos silenciosos de la memoria. Mantiene al organismo en estado de alerta durante meses, altera el sue\u00f1o y satura la capacidad de atenci\u00f3n. Con la mente ocupada en preocupaciones de fondo, hay menos recursos para registrar las peque\u00f1as informaciones del d\u00eda.<\/p>\n\n\n\n<p class=\"wp-block-paragraph\">Rebajar el nivel de activaci\u00f3n tiene un efecto directo. Reservar tiempo diario para actividades tranquilas, practicar respiraci\u00f3n consciente, cuidar el contacto social y limitar los est\u00edmulos digitales antes de dormir mejora la concentraci\u00f3n y, en consecuencia, los recuerdos. En algunos casos, el apoyo psicol\u00f3gico puede ser una herramienta muy \u00fatil.<\/p>\n\n\n\n<h2 class=\"wp-block-heading\">\u00bfY el papel de la tecnolog\u00eda y la multitarea?<\/h2>\n\n\n\n<p class=\"wp-block-paragraph\">Vivir pendiente del m\u00f3vil, saltar entre pesta\u00f1as y notificaciones o intentar hacer varias tareas a la vez fragmenta la atenci\u00f3n. El cerebro no consigue codificar bien la informaci\u00f3n cuando cambia constantemente de foco. El resultado son fallos que se interpretan como problemas de memoria y en realidad son problemas de <strong>atenci\u00f3n<\/strong>.<\/p>\n\n\n\n<p class=\"wp-block-paragraph\">Ideas pr\u00e1cticas para reducir esa sobrecarga:<\/p>\n\n\n\n<ul class=\"wp-block-list\">\n<li>Desactivar notificaciones no esenciales del m\u00f3vil.<\/li>\n\n\n\n<li>Reservar momentos del d\u00eda sin pantallas.<\/li>\n\n\n\n<li>Hacer una cosa cada vez, sobre todo en tareas que exijan concentraci\u00f3n.<\/li>\n\n\n\n<li>Anotar recordatorios importantes en agenda o calendario.<\/li>\n\n\n\n<li>Ordenar las gestiones en bloques cortos, con pausas.<\/li>\n<\/ul>\n\n\n\n<p class=\"wp-block-paragraph\">Con menos interferencias, la sensaci\u00f3n de memoria mejora en pocas semanas.<\/p>\n\n\n\n<h2 class=\"wp-block-heading\">\u00bfCu\u00e1ndo s\u00ed conviene consultar con un profesional?<\/h2>\n\n\n\n<p class=\"wp-block-paragraph\">La mayor\u00eda de los olvidos cotidianos mejoran con h\u00e1bitos y con m\u00e1s descanso. Existen situaciones que exigen <strong>valoraci\u00f3n m\u00e9dica<\/strong> sin demora. Motivos claros para consultar:<\/p>\n\n\n\n<ul class=\"wp-block-list\">\n<li>Olvidos que empeoran de forma clara en pocos meses.<\/li>\n\n\n\n<li>Dificultad para hacer tareas cotidianas ya conocidas, como cocinar o manejar el dinero.<\/li>\n\n\n\n<li>Perderse en trayectos habituales.<\/li>\n\n\n\n<li>Repetir la misma pregunta varias veces sin recordar la respuesta.<\/li>\n\n\n\n<li>Olvidar acontecimientos importantes recientes.<\/li>\n\n\n\n<li>Cambios llamativos de personalidad, \u00e1nimo o conducta.<\/li>\n\n\n\n<li>Problemas para encontrar palabras que interfieren con la conversaci\u00f3n.<\/li>\n\n\n\n<li>Preocupaci\u00f3n expl\u00edcita de la familia por los cambios.<\/li>\n\n\n\n<li>Antecedentes familiares de demencia u otras enfermedades neurol\u00f3gicas.<\/li>\n<\/ul>\n\n\n\n<p class=\"wp-block-paragraph\">El m\u00e9dico de familia puede iniciar el estudio con una historia cl\u00ednica cuidadosa, pruebas cognitivas breves, anal\u00edtica y valoraci\u00f3n de posibles causas tratables como d\u00e9ficits vitam\u00ednicos, alteraciones de la tiroides, depresi\u00f3n o efectos de medicamentos.<\/p>\n\n\n\n<h2 class=\"wp-block-heading\">Ideas clave para llevarte a casa<\/h2>\n\n\n\n<p class=\"wp-block-paragraph\">Los olvidos despu\u00e9s de los 40 no equivalen autom\u00e1ticamente a un problema de memoria. En la mayor\u00eda de los casos, detr\u00e1s hay estr\u00e9s, mal descanso, sobrecarga mental o falta de atenci\u00f3n, factores que se pueden modificar. Cuidar el sue\u00f1o, moverse cada d\u00eda, comer variado, mantener vida social y reducir el ruido digital son gestos con impacto real sobre la <strong>agilidad mental<\/strong>. La consulta profesional se reserva para cuando los olvidos empeoran, interfieren con la vida diaria o se acompa\u00f1an de otros cambios llamativos. Con perspectiva y h\u00e1bitos sostenidos, es posible convivir con los peque\u00f1os despistes cotidianos sin miedo y proteger el cerebro a largo plazo.<\/p>\n\n\n\n<p class=\"wp-block-paragraph\">Este contenido tiene car\u00e1cter meramente informativo y <strong>no sustituye la evaluaci\u00f3n m\u00e9dica<\/strong> ni la orientaci\u00f3n de un profesional sanitario. Ante olvidos que empeoran, cambios de conducta u otros s\u00edntomas neurol\u00f3gicos, consulta siempre con un especialista de confianza.<\/p>\n","protected":false},"excerpt":{"rendered":"<p>Olvidar el nombre de alguien, no recordar d\u00f3nde se dejaron las llaves o entrar en una habitaci\u00f3n sin saber a qu\u00e9 se ven\u00eda. A partir de los 40 estos olvidos cotidianos generan mucho miedo, porque enseguida se asocian con problemas serios de memoria. La realidad es que en la mayor\u00eda de los casos tienen que [&hellip;]<\/p>\n","protected":false},"author":17,"featured_media":20516,"comment_status":"open","ping_status":"open","sticky":false,"template":"","format":"standard","meta":{"jnews-multi-image_gallery":[],"jnews_single_post":{"format":"standard"},"jnews_primary_category":[],"jnews_social_meta":[],"jnews_override_counter":[],"footnotes":""},"categories":[8767],"tags":[20373,17396,20228],"class_list":["post-20507","post","type-post","status-publish","format-standard","has-post-thumbnail","hentry","category-salud","tag-olvidos","tag-salud","tag-senal"],"yoast_head":"<!-- This site is optimized with the Yoast SEO plugin v28.3 - https:\/\/yoast.com\/product\/yoast-seo-wordpress\/ -->\n<title>Los olvidos despu\u00e9s de los 40 no siempre son se\u00f1al de un problema de memoria - Tua Saude<\/title>\n<meta name=\"description\" content=\"Olvidar nombres, llaves o palabras despu\u00e9s de los 40 puede relacionarse con estr\u00e9s y falta de atenci\u00f3n. Algunas se\u00f1ales, en cambio, requieren valoraci\u00f3n m\u00e9dica.\" \/>\n<meta name=\"robots\" content=\"index, follow, max-snippet:-1, max-image-preview:large, max-video-preview:-1\" \/>\n<link rel=\"canonical\" href=\"https:\/\/www.tuasaude.com\/es\/news\/2026\/09\/05\/los-olvidos-despues-de-los-40-no-siempre-son-senal-de-un-problema-de-memoria\/\" \/>\n<meta property=\"og:locale\" content=\"es_ES\" \/>\n<meta property=\"og:type\" content=\"article\" \/>\n<meta property=\"og:title\" content=\"Los olvidos despu\u00e9s de los 40 no siempre son se\u00f1al de un problema de memoria - Tua Saude\" \/>\n<meta property=\"og:description\" content=\"Olvidar nombres, llaves o palabras despu\u00e9s de los 40 puede relacionarse con estr\u00e9s y falta de atenci\u00f3n. Algunas se\u00f1ales, en cambio, requieren valoraci\u00f3n m\u00e9dica.\" \/>\n<meta property=\"og:url\" content=\"https:\/\/www.tuasaude.com\/es\/news\/2026\/09\/05\/los-olvidos-despues-de-los-40-no-siempre-son-senal-de-un-problema-de-memoria\/\" \/>\n<meta property=\"og:site_name\" content=\"Tua Saude\" \/>\n<meta property=\"article:published_time\" content=\"2026-09-05T11:55:00+00:00\" \/>\n<meta property=\"og:image\" content=\"https:\/\/www.tuasaude.com\/es\/news\/wp-content\/uploads\/2026\/09\/Woman_trying_to_remember_something_202609042050.jpeg\" \/>\n\t<meta property=\"og:image:width\" content=\"1280\" \/>\n\t<meta property=\"og:image:height\" content=\"714\" \/>\n\t<meta property=\"og:image:type\" content=\"image\/jpeg\" \/>\n<meta name=\"author\" content=\"Carlos Emanoel\" \/>\n<meta name=\"twitter:card\" content=\"summary_large_image\" \/>\n<meta name=\"twitter:label1\" content=\"Escrito por\" \/>\n\t<meta name=\"twitter:data1\" content=\"Carlos Emanoel\" \/>\n\t<meta name=\"twitter:label2\" content=\"Tiempo de lectura\" \/>\n\t<meta name=\"twitter:data2\" content=\"6 minutos\" \/>\n<!-- \/ Yoast SEO plugin. -->","yoast_head_json":{"title":"Los olvidos despu\u00e9s de los 40 no siempre son se\u00f1al de un problema de memoria - Tua Saude","description":"Olvidar nombres, llaves o palabras despu\u00e9s de los 40 puede relacionarse con estr\u00e9s y falta de atenci\u00f3n. Algunas se\u00f1ales, en cambio, requieren valoraci\u00f3n m\u00e9dica.","robots":{"index":"index","follow":"follow","max-snippet":"max-snippet:-1","max-image-preview":"max-image-preview:large","max-video-preview":"max-video-preview:-1"},"canonical":"https:\/\/www.tuasaude.com\/es\/news\/2026\/09\/05\/los-olvidos-despues-de-los-40-no-siempre-son-senal-de-un-problema-de-memoria\/","og_locale":"es_ES","og_type":"article","og_title":"Los olvidos despu\u00e9s de los 40 no siempre son se\u00f1al de un problema de memoria - Tua Saude","og_description":"Olvidar nombres, llaves o palabras despu\u00e9s de los 40 puede relacionarse con estr\u00e9s y falta de atenci\u00f3n. Algunas se\u00f1ales, en cambio, requieren valoraci\u00f3n m\u00e9dica.","og_url":"https:\/\/www.tuasaude.com\/es\/news\/2026\/09\/05\/los-olvidos-despues-de-los-40-no-siempre-son-senal-de-un-problema-de-memoria\/","og_site_name":"Tua Saude","article_published_time":"2026-09-05T11:55:00+00:00","og_image":[{"width":1280,"height":714,"url":"https:\/\/www.tuasaude.com\/es\/news\/wp-content\/uploads\/2026\/09\/Woman_trying_to_remember_something_202609042050.jpeg","type":"image\/jpeg"}],"author":"Carlos Emanoel","twitter_card":"summary_large_image","twitter_misc":{"Escrito por":"Carlos Emanoel","Tiempo de lectura":"6 minutos"},"schema":{"@context":"https:\/\/schema.org","@graph":[{"@type":"Article","@id":"https:\/\/www.tuasaude.com\/es\/news\/2026\/09\/05\/los-olvidos-despues-de-los-40-no-siempre-son-senal-de-un-problema-de-memoria\/#article","isPartOf":{"@id":"https:\/\/www.tuasaude.com\/es\/news\/2026\/09\/05\/los-olvidos-despues-de-los-40-no-siempre-son-senal-de-un-problema-de-memoria\/"},"author":{"name":"Carlos Emanoel","@id":"https:\/\/www.tuasaude.com\/es\/news\/#\/schema\/person\/c281563de1b7ca9a69bbbf367dde4c16"},"headline":"Los olvidos despu\u00e9s de los 40 no siempre son se\u00f1al de un problema de memoria","datePublished":"2026-09-05T11:55:00+00:00","mainEntityOfPage":{"@id":"https:\/\/www.tuasaude.com\/es\/news\/2026\/09\/05\/los-olvidos-despues-de-los-40-no-siempre-son-senal-de-un-problema-de-memoria\/"},"wordCount":1259,"commentCount":0,"image":{"@id":"https:\/\/www.tuasaude.com\/es\/news\/2026\/09\/05\/los-olvidos-despues-de-los-40-no-siempre-son-senal-de-un-problema-de-memoria\/#primaryimage"},"thumbnailUrl":"https:\/\/www.tuasaude.com\/es\/news\/wp-content\/uploads\/2026\/09\/Woman_trying_to_remember_something_202609042050.jpeg","keywords":["olvidos","salud","se\u00f1al"],"articleSection":["Salud"],"inLanguage":"es","potentialAction":[{"@type":"CommentAction","name":"Comment","target":["https:\/\/www.tuasaude.com\/es\/news\/2026\/09\/05\/los-olvidos-despues-de-los-40-no-siempre-son-senal-de-un-problema-de-memoria\/#respond"]}]},{"@type":"WebPage","@id":"https:\/\/www.tuasaude.com\/es\/news\/2026\/09\/05\/los-olvidos-despues-de-los-40-no-siempre-son-senal-de-un-problema-de-memoria\/","url":"https:\/\/www.tuasaude.com\/es\/news\/2026\/09\/05\/los-olvidos-despues-de-los-40-no-siempre-son-senal-de-un-problema-de-memoria\/","name":"Los olvidos despu\u00e9s de los 40 no siempre son se\u00f1al de un problema de memoria - Tua Saude","isPartOf":{"@id":"https:\/\/www.tuasaude.com\/es\/news\/#website"},"primaryImageOfPage":{"@id":"https:\/\/www.tuasaude.com\/es\/news\/2026\/09\/05\/los-olvidos-despues-de-los-40-no-siempre-son-senal-de-un-problema-de-memoria\/#primaryimage"},"image":{"@id":"https:\/\/www.tuasaude.com\/es\/news\/2026\/09\/05\/los-olvidos-despues-de-los-40-no-siempre-son-senal-de-un-problema-de-memoria\/#primaryimage"},"thumbnailUrl":"https:\/\/www.tuasaude.com\/es\/news\/wp-content\/uploads\/2026\/09\/Woman_trying_to_remember_something_202609042050.jpeg","datePublished":"2026-09-05T11:55:00+00:00","author":{"@id":"https:\/\/www.tuasaude.com\/es\/news\/#\/schema\/person\/c281563de1b7ca9a69bbbf367dde4c16"},"description":"Olvidar nombres, llaves o palabras despu\u00e9s de los 40 puede relacionarse con estr\u00e9s y falta de atenci\u00f3n. Algunas se\u00f1ales, en cambio, requieren valoraci\u00f3n m\u00e9dica.","breadcrumb":{"@id":"https:\/\/www.tuasaude.com\/es\/news\/2026\/09\/05\/los-olvidos-despues-de-los-40-no-siempre-son-senal-de-un-problema-de-memoria\/#breadcrumb"},"inLanguage":"es","potentialAction":[{"@type":"ReadAction","target":["https:\/\/www.tuasaude.com\/es\/news\/2026\/09\/05\/los-olvidos-despues-de-los-40-no-siempre-son-senal-de-un-problema-de-memoria\/"]}]},{"@type":"ImageObject","inLanguage":"es","@id":"https:\/\/www.tuasaude.com\/es\/news\/2026\/09\/05\/los-olvidos-despues-de-los-40-no-siempre-son-senal-de-un-problema-de-memoria\/#primaryimage","url":"https:\/\/www.tuasaude.com\/es\/news\/wp-content\/uploads\/2026\/09\/Woman_trying_to_remember_something_202609042050.jpeg","contentUrl":"https:\/\/www.tuasaude.com\/es\/news\/wp-content\/uploads\/2026\/09\/Woman_trying_to_remember_something_202609042050.jpeg","width":1280,"height":714,"caption":"Los olvidos que empeoran o afectan la vida diaria requieren valoraci\u00f3n m\u00e9dica."},{"@type":"BreadcrumbList","@id":"https:\/\/www.tuasaude.com\/es\/news\/2026\/09\/05\/los-olvidos-despues-de-los-40-no-siempre-son-senal-de-un-problema-de-memoria\/#breadcrumb","itemListElement":[{"@type":"ListItem","position":1,"name":"Portada","item":"https:\/\/www.tuasaude.com\/es\/news\/"},{"@type":"ListItem","position":2,"name":"Los olvidos despu\u00e9s de los 40 no siempre son se\u00f1al de un problema de memoria"}]},{"@type":"WebSite","@id":"https:\/\/www.tuasaude.com\/es\/news\/#website","url":"https:\/\/www.tuasaude.com\/es\/news\/","name":"Tua Saude","description":"Tu sitio web de salud","potentialAction":[{"@type":"SearchAction","target":{"@type":"EntryPoint","urlTemplate":"https:\/\/www.tuasaude.com\/es\/news\/?s={search_term_string}"},"query-input":{"@type":"PropertyValueSpecification","valueRequired":true,"valueName":"search_term_string"}}],"inLanguage":"es"},{"@type":"Person","@id":"https:\/\/www.tuasaude.com\/es\/news\/#\/schema\/person\/c281563de1b7ca9a69bbbf367dde4c16","name":"Carlos Emanoel","image":{"@type":"ImageObject","inLanguage":"es","@id":"https:\/\/secure.gravatar.com\/avatar\/30e1f067eeac67dde63039d7e35ed50e59f4d189925ea75d1bc1690d1a9fe491?s=96&d=mm&r=g","url":"https:\/\/secure.gravatar.com\/avatar\/30e1f067eeac67dde63039d7e35ed50e59f4d189925ea75d1bc1690d1a9fe491?s=96&d=mm&r=g","contentUrl":"https:\/\/secure.gravatar.com\/avatar\/30e1f067eeac67dde63039d7e35ed50e59f4d189925ea75d1bc1690d1a9fe491?s=96&d=mm&r=g","caption":"Carlos Emanoel"},"sameAs":["https:\/\/www.tuasaude.com\/es\/news\/"],"url":"https:\/\/www.tuasaude.com\/es\/news\/author\/carlos-emanoel\/"}]}},"_links":{"self":[{"href":"https:\/\/www.tuasaude.com\/es\/news\/wp-json\/wp\/v2\/posts\/20507","targetHints":{"allow":["GET"]}}],"collection":[{"href":"https:\/\/www.tuasaude.com\/es\/news\/wp-json\/wp\/v2\/posts"}],"about":[{"href":"https:\/\/www.tuasaude.com\/es\/news\/wp-json\/wp\/v2\/types\/post"}],"author":[{"embeddable":true,"href":"https:\/\/www.tuasaude.com\/es\/news\/wp-json\/wp\/v2\/users\/17"}],"replies":[{"embeddable":true,"href":"https:\/\/www.tuasaude.com\/es\/news\/wp-json\/wp\/v2\/comments?post=20507"}],"version-history":[{"count":1,"href":"https:\/\/www.tuasaude.com\/es\/news\/wp-json\/wp\/v2\/posts\/20507\/revisions"}],"predecessor-version":[{"id":20522,"href":"https:\/\/www.tuasaude.com\/es\/news\/wp-json\/wp\/v2\/posts\/20507\/revisions\/20522"}],"wp:featuredmedia":[{"embeddable":true,"href":"https:\/\/www.tuasaude.com\/es\/news\/wp-json\/wp\/v2\/media\/20516"}],"wp:attachment":[{"href":"https:\/\/www.tuasaude.com\/es\/news\/wp-json\/wp\/v2\/media?parent=20507"}],"wp:term":[{"taxonomy":"category","embeddable":true,"href":"https:\/\/www.tuasaude.com\/es\/news\/wp-json\/wp\/v2\/categories?post=20507"},{"taxonomy":"post_tag","embeddable":true,"href":"https:\/\/www.tuasaude.com\/es\/news\/wp-json\/wp\/v2\/tags?post=20507"}],"curies":[{"name":"wp","href":"https:\/\/api.w.org\/{rel}","templated":true}]}}