{"id":20374,"date":"2026-09-06T15:55:00","date_gmt":"2026-09-06T14:55:00","guid":{"rendered":"https:\/\/www.tuasaude.com\/es\/news\/?p=20374"},"modified":"2026-09-06T10:30:26","modified_gmt":"2026-09-06T09:30:26","slug":"con-la-edad-se-pierde-la-sensacion-de-sed-por-que-las-personas-mayores-se-deshidratan-sin-notarlo-y-como-evitarlo","status":"publish","type":"post","link":"https:\/\/www.tuasaude.com\/es\/news\/2026\/09\/06\/con-la-edad-se-pierde-la-sensacion-de-sed-por-que-las-personas-mayores-se-deshidratan-sin-notarlo-y-como-evitarlo\/","title":{"rendered":"Con la edad se pierde la sensaci\u00f3n de sed: por qu\u00e9 las personas mayores se deshidratan sin notarlo y c\u00f3mo evitarlo"},"content":{"rendered":"\n<p class=\"wp-block-paragraph\"><strong>La deshidrataci\u00f3n<\/strong> en las <strong>personas mayores<\/strong> no siempre empieza con una sed intensa. Con el paso de los a\u00f1os, el equilibrio de l\u00edquidos cambia, la respuesta del organismo se vuelve menos eficaz y los <strong>ri\u00f1ones<\/strong> concentran peor la orina. Eso hace que la p\u00e9rdida de agua avance de forma silenciosa, incluso en d\u00edas normales y sin ejercicio.<\/p>\n\n\n\n<h2 class=\"wp-block-heading\">\u00bfPor qu\u00e9 la sed cambia con la edad?<\/h2>\n\n\n\n<p class=\"wp-block-paragraph\"><strong>La sed<\/strong> depende de se\u00f1ales que avisan al cerebro cuando falta agua o sube la concentraci\u00f3n de sodio en la sangre. En edades avanzadas, esa respuesta puede ser m\u00e1s d\u00e9bil. La persona bebe menos, tarda m\u00e1s en notar la necesidad de l\u00edquidos y puede mantener una ingesta insuficiente durante horas.<\/p>\n\n\n\n<p class=\"wp-block-paragraph\">Los ri\u00f1ones tambi\u00e9n envejecen. Su capacidad para ahorrar agua y producir una orina m\u00e1s concentrada disminuye, lo que favorece p\u00e9rdidas h\u00eddricas y altera la homeostasis. Si a eso se suman fiebre, calor, diarrea, v\u00f3mitos o f\u00e1rmacos como diur\u00e9ticos, el riesgo de deshidrataci\u00f3n aumenta aunque la boca no est\u00e9 especialmente seca.<\/p>\n\n\n\n<h2 class=\"wp-block-heading\">\u00bfQu\u00e9 se sabe sobre este problema en personas mayores?<\/h2>\n\n\n\n<p class=\"wp-block-paragraph\">Las <strong>personas mayores<\/strong> tienen m\u00e1s riesgo de sufrir deshidrataci\u00f3n por una combinaci\u00f3n de menor sensaci\u00f3n de sed y cambios renales. Una investigaci\u00f3n publicada en 2023 revis\u00f3 c\u00f3mo el envejecimiento altera la regulaci\u00f3n del agua y se\u00f1al\u00f3 <a href=\"https:\/\/pubmed.ncbi.nlm.nih.gov\/36948780\/\" target=\"_blank\" rel=\"noopener noreferrer\">una menor respuesta de sed junto con peor capacidad renal para concentrar la orina<\/a>. Esa combinaci\u00f3n se ha relacionado con desequilibrios de agua y electrolitos, alteraciones neurocognitivas y ca\u00eddas.<\/p>\n\n\n\n<p class=\"wp-block-paragraph\">Otro punto importante es que este problema no afecta solo a personas ingresadas o dependientes. Puede aparecer en casa, con rutinas aparentemente normales, sobre todo si hay insuficiencia renal, infecci\u00f3n, p\u00e9rdida de apetito o dificultad para acceder al agua con frecuencia.<\/p>\n\n\n<div class=\"wp-block-image wp-block-image aligncenter size-large\">\n<figure ><img decoding=\"async\" width=\"1279\" height=\"720\" src=\"https:\/\/www.tuasaude.com\/es\/news\/wp-content\/uploads\/2026\/09\/con-la-edad-se-pierde-la-sensacion-de-sed-por-que-las-p-corpo.jpg\" alt=\"Rutina, acceso, l\u00edquidos y vigilancia ayudan a prevenir la deshidrataci\u00f3n.\" class=\"wp-image-20372\" srcset=\"https:\/\/www.tuasaude.com\/es\/news\/wp-content\/uploads\/2026\/09\/con-la-edad-se-pierde-la-sensacion-de-sed-por-que-las-p-corpo.jpg 1279w, https:\/\/www.tuasaude.com\/es\/news\/wp-content\/uploads\/2026\/09\/con-la-edad-se-pierde-la-sensacion-de-sed-por-que-las-p-corpo-300x169.jpg 300w, https:\/\/www.tuasaude.com\/es\/news\/wp-content\/uploads\/2026\/09\/con-la-edad-se-pierde-la-sensacion-de-sed-por-que-las-p-corpo-1024x576.jpg 1024w, https:\/\/www.tuasaude.com\/es\/news\/wp-content\/uploads\/2026\/09\/con-la-edad-se-pierde-la-sensacion-de-sed-por-que-las-p-corpo-768x432.jpg 768w, https:\/\/www.tuasaude.com\/es\/news\/wp-content\/uploads\/2026\/09\/con-la-edad-se-pierde-la-sensacion-de-sed-por-que-las-p-corpo-750x422.jpg 750w, https:\/\/www.tuasaude.com\/es\/news\/wp-content\/uploads\/2026\/09\/con-la-edad-se-pierde-la-sensacion-de-sed-por-que-las-p-corpo-1140x642.jpg 1140w\" sizes=\"(max-width: 1279px) 100vw, 1279px\" \/><figcaption class=\"wp-element-caption\">Rutina, acceso, l\u00edquidos y vigilancia ayudan a prevenir la deshidrataci\u00f3n.<\/figcaption><\/figure>\n<\/div>\n\n\n<h2 class=\"wp-block-heading\">\u00bfQu\u00e9 se\u00f1ales pueden pasar desapercibidas?<\/h2>\n\n\n\n<p class=\"wp-block-paragraph\">La deshidrataci\u00f3n no siempre da una alerta clara. En vez de sed intensa, puede aparecer con s\u00edntomas menos llamativos. Si adem\u00e1s existe deterioro cognitivo o menor movilidad, estas se\u00f1ales tardan m\u00e1s en identificarse.<\/p>\n\n\n\n<ul class=\"wp-block-list\">\n<li><strong>Orina m\u00e1s oscura<\/strong> y en menor cantidad<\/li>\n\n\n\n<li>Cansancio o somnolencia fuera de lo habitual<\/li>\n\n\n\n<li>Mareo al levantarse<\/li>\n\n\n\n<li>Confusi\u00f3n, irritabilidad o menor atenci\u00f3n<\/li>\n\n\n\n<li>Sequedad de labios y mucosas<\/li>\n\n\n\n<li>Dolor de cabeza o debilidad muscular<\/li>\n<\/ul>\n\n\n\n<p class=\"wp-block-paragraph\">Cuando la p\u00e9rdida de agua progresa, pueden bajar la presi\u00f3n arterial y el volumen circulante. En ese punto aumenta el riesgo de ca\u00eddas, estre\u00f1imiento, empeoramiento de la funci\u00f3n renal y necesidad de valoraci\u00f3n urgente. En <a href=\"https:\/\/www.tuasaude.com\/es\/deshidratacion\/\" target=\"_blank\" rel=\"noopener noreferrer\">los signos de deshidrataci\u00f3n<\/a> se explican con detalle y ayudan a reconocer cu\u00e1ndo hay que actuar pronto.<\/p>\n\n\n\n<h2 class=\"wp-block-heading\">\u00bfPor qu\u00e9 los ri\u00f1ones influyen tanto en el equilibrio de l\u00edquidos?<\/h2>\n\n\n\n<p class=\"wp-block-paragraph\">Los <strong>ri\u00f1ones<\/strong> filtran la sangre y ajustan cu\u00e1nta agua y cu\u00e1nto sodio se eliminan por la orina. Con la edad, ese ajuste pierde precisi\u00f3n. La capacidad para conservar agua baja y el organismo tolera peor periodos de baja ingesta, algo especialmente relevante en verano o durante una infecci\u00f3n.<\/p>\n\n\n\n<p class=\"wp-block-paragraph\">Si hay enfermedad renal, diabetes, uso de laxantes o diur\u00e9ticos, o episodios de v\u00f3mitos y diarrea, el margen de seguridad es menor. Por eso una persona puede estar deshidratada sin notar mucha sed y presentar antes s\u00edntomas como confusi\u00f3n, calambres o hipotensi\u00f3n.<\/p>\n\n\n\n<h2 class=\"wp-block-heading\">\u00bfC\u00f3mo evitar la deshidrataci\u00f3n sin esperar a tener sed?<\/h2>\n\n\n\n<p class=\"wp-block-paragraph\">En las personas mayores, la prevenci\u00f3n funciona mejor cuando beber forma parte de la rutina. Esperar a que aparezca la sed no siempre sirve, porque esa se\u00f1al puede llegar tarde o ser poco intensa.<\/p>\n\n\n\n<ul class=\"wp-block-list\">\n<li>Ofrecer agua varias veces al d\u00eda, aunque no la pidan<\/li>\n\n\n\n<li>Repartir la ingesta en peque\u00f1as cantidades<\/li>\n\n\n\n<li>Usar vasos visibles y de f\u00e1cil acceso<\/li>\n\n\n\n<li>Incluir caldos, leche, infusiones suaves o gelatinas, seg\u00fan tolerancia<\/li>\n\n\n\n<li>Aumentar la vigilancia con calor, fiebre o gastroenteritis<\/li>\n\n\n\n<li>Revisar con el m\u00e9dico f\u00e1rmacos que favorecen la p\u00e9rdida de l\u00edquidos<\/li>\n<\/ul>\n\n\n\n<p class=\"wp-block-paragraph\">Tambi\u00e9n conviene observar h\u00e1bitos concretos, cantidad de orina, color de la orina, peso reciente y estado de \u00e1nimo. Si una persona bebe menos de lo habitual, rechaza l\u00edquidos o presenta desorientaci\u00f3n, no basta con insistir en que tome agua. Ese cambio puede indicar alteraciones del sodio, infecci\u00f3n o empeoramiento renal.<\/p>\n\n\n\n<h2 class=\"wp-block-heading\">Cu\u00e1ndo conviene pedir valoraci\u00f3n m\u00e9dica<\/h2>\n\n\n\n<p class=\"wp-block-paragraph\">La deshidrataci\u00f3n en personas mayores requiere atenci\u00f3n r\u00e1pida si hay v\u00f3mitos persistentes, diarrea intensa, fiebre alta, somnolencia marcada, confusi\u00f3n nueva, desmayo, ausencia de orina o incapacidad para beber. En estos casos, el equilibrio de agua y electrolitos puede deteriorarse en poco tiempo y comprometer la funci\u00f3n de los ri\u00f1ones, la presi\u00f3n arterial y el estado neurol\u00f3gico.<\/p>\n\n\n\n<p class=\"wp-block-paragraph\">Este contenido tiene car\u00e1cter exclusivamente informativo y <strong>no sustituye la evaluaci\u00f3n<\/strong>, el diagn\u00f3stico ni el seguimiento de un profesional sanitario. Si presentas s\u00edntomas o tienes dudas sobre tu estado de salud, busca atenci\u00f3n m\u00e9dica.<\/p>\n","protected":false},"excerpt":{"rendered":"<p>La deshidrataci\u00f3n en las personas mayores no siempre empieza con una sed intensa. Con el paso de los a\u00f1os, el equilibrio de l\u00edquidos cambia, la respuesta del organismo se vuelve menos eficaz y los ri\u00f1ones concentran peor la orina. Eso hace que la p\u00e9rdida de agua avance de forma silenciosa, incluso en d\u00edas normales y [&hellip;]<\/p>\n","protected":false},"author":15,"featured_media":20373,"comment_status":"open","ping_status":"open","sticky":false,"template":"","format":"standard","meta":{"jnews-multi-image_gallery":[],"jnews_single_post":{"format":"standard"},"jnews_primary_category":[],"jnews_social_meta":[],"jnews_override_counter":[],"footnotes":""},"categories":[8767],"tags":[17651,17851,17429,17396,19975],"class_list":["post-20374","post","type-post","status-publish","format-standard","has-post-thumbnail","hentry","category-salud","tag-deshidratacion","tag-personas-mayores","tag-rinones","tag-salud","tag-sed"],"yoast_head":"<!-- This site is optimized with the Yoast SEO plugin v28.3 - https:\/\/yoast.com\/product\/yoast-seo-wordpress\/ -->\n<title>Con la edad se pierde la sensaci\u00f3n de sed: por qu\u00e9 las personas mayores se deshidratan sin notarlo y c\u00f3mo evitarlo - Tua Saude<\/title>\n<meta name=\"description\" content=\"La deshidrataci\u00f3n en personas mayores no siempre provoca sed. Un cambio silencioso en ri\u00f1ones y equilibrio de l\u00edquidos altera las se\u00f1ales de alerta.\" \/>\n<meta name=\"robots\" content=\"index, follow, max-snippet:-1, max-image-preview:large, max-video-preview:-1\" \/>\n<link rel=\"canonical\" href=\"https:\/\/www.tuasaude.com\/es\/news\/2026\/09\/06\/con-la-edad-se-pierde-la-sensacion-de-sed-por-que-las-personas-mayores-se-deshidratan-sin-notarlo-y-como-evitarlo\/\" \/>\n<meta property=\"og:locale\" content=\"es_ES\" \/>\n<meta property=\"og:type\" content=\"article\" \/>\n<meta property=\"og:title\" content=\"Con la edad se pierde la sensaci\u00f3n de sed: por qu\u00e9 las personas mayores se deshidratan sin notarlo y c\u00f3mo evitarlo - Tua Saude\" \/>\n<meta property=\"og:description\" content=\"La deshidrataci\u00f3n en personas mayores no siempre provoca sed. Un cambio silencioso en ri\u00f1ones y equilibrio de l\u00edquidos altera las se\u00f1ales de alerta.\" \/>\n<meta property=\"og:url\" content=\"https:\/\/www.tuasaude.com\/es\/news\/2026\/09\/06\/con-la-edad-se-pierde-la-sensacion-de-sed-por-que-las-personas-mayores-se-deshidratan-sin-notarlo-y-como-evitarlo\/\" \/>\n<meta property=\"og:site_name\" content=\"Tua Saude\" \/>\n<meta property=\"article:published_time\" content=\"2026-09-06T14:55:00+00:00\" \/>\n<meta property=\"og:image\" content=\"https:\/\/www.tuasaude.com\/es\/news\/wp-content\/uploads\/2026\/09\/con-la-edad-se-pierde-la-sensacion-de-sed-por-que-las-p.jpg\" \/>\n\t<meta property=\"og:image:width\" content=\"1279\" \/>\n\t<meta property=\"og:image:height\" content=\"720\" \/>\n\t<meta property=\"og:image:type\" content=\"image\/jpeg\" \/>\n<meta name=\"author\" content=\"Gabriel Leme\" \/>\n<meta name=\"twitter:card\" content=\"summary_large_image\" \/>\n<meta name=\"twitter:label1\" content=\"Escrito por\" \/>\n\t<meta name=\"twitter:data1\" content=\"Gabriel Leme\" \/>\n\t<meta name=\"twitter:label2\" content=\"Tiempo de lectura\" \/>\n\t<meta name=\"twitter:data2\" content=\"4 minutos\" \/>\n<!-- \/ Yoast SEO plugin. -->","yoast_head_json":{"title":"Con la edad se pierde la sensaci\u00f3n de sed: por qu\u00e9 las personas mayores se deshidratan sin notarlo y c\u00f3mo evitarlo - Tua Saude","description":"La deshidrataci\u00f3n en personas mayores no siempre provoca sed. Un cambio silencioso en ri\u00f1ones y equilibrio de l\u00edquidos altera las se\u00f1ales de alerta.","robots":{"index":"index","follow":"follow","max-snippet":"max-snippet:-1","max-image-preview":"max-image-preview:large","max-video-preview":"max-video-preview:-1"},"canonical":"https:\/\/www.tuasaude.com\/es\/news\/2026\/09\/06\/con-la-edad-se-pierde-la-sensacion-de-sed-por-que-las-personas-mayores-se-deshidratan-sin-notarlo-y-como-evitarlo\/","og_locale":"es_ES","og_type":"article","og_title":"Con la edad se pierde la sensaci\u00f3n de sed: por qu\u00e9 las personas mayores se deshidratan sin notarlo y c\u00f3mo evitarlo - Tua Saude","og_description":"La deshidrataci\u00f3n en personas mayores no siempre provoca sed. Un cambio silencioso en ri\u00f1ones y equilibrio de l\u00edquidos altera las se\u00f1ales de alerta.","og_url":"https:\/\/www.tuasaude.com\/es\/news\/2026\/09\/06\/con-la-edad-se-pierde-la-sensacion-de-sed-por-que-las-personas-mayores-se-deshidratan-sin-notarlo-y-como-evitarlo\/","og_site_name":"Tua Saude","article_published_time":"2026-09-06T14:55:00+00:00","og_image":[{"width":1279,"height":720,"url":"https:\/\/www.tuasaude.com\/es\/news\/wp-content\/uploads\/2026\/09\/con-la-edad-se-pierde-la-sensacion-de-sed-por-que-las-p.jpg","type":"image\/jpeg"}],"author":"Gabriel Leme","twitter_card":"summary_large_image","twitter_misc":{"Escrito por":"Gabriel Leme","Tiempo de lectura":"4 minutos"},"schema":{"@context":"https:\/\/schema.org","@graph":[{"@type":"Article","@id":"https:\/\/www.tuasaude.com\/es\/news\/2026\/09\/06\/con-la-edad-se-pierde-la-sensacion-de-sed-por-que-las-personas-mayores-se-deshidratan-sin-notarlo-y-como-evitarlo\/#article","isPartOf":{"@id":"https:\/\/www.tuasaude.com\/es\/news\/2026\/09\/06\/con-la-edad-se-pierde-la-sensacion-de-sed-por-que-las-personas-mayores-se-deshidratan-sin-notarlo-y-como-evitarlo\/"},"author":{"name":"Gabriel Leme","@id":"https:\/\/www.tuasaude.com\/es\/news\/#\/schema\/person\/d330332b43c07afaeaafcb8f33614666"},"headline":"Con la edad se pierde la sensaci\u00f3n de sed: por qu\u00e9 las personas mayores se deshidratan sin notarlo y c\u00f3mo evitarlo","datePublished":"2026-09-06T14:55:00+00:00","mainEntityOfPage":{"@id":"https:\/\/www.tuasaude.com\/es\/news\/2026\/09\/06\/con-la-edad-se-pierde-la-sensacion-de-sed-por-que-las-personas-mayores-se-deshidratan-sin-notarlo-y-como-evitarlo\/"},"wordCount":874,"commentCount":0,"image":{"@id":"https:\/\/www.tuasaude.com\/es\/news\/2026\/09\/06\/con-la-edad-se-pierde-la-sensacion-de-sed-por-que-las-personas-mayores-se-deshidratan-sin-notarlo-y-como-evitarlo\/#primaryimage"},"thumbnailUrl":"https:\/\/www.tuasaude.com\/es\/news\/wp-content\/uploads\/2026\/09\/con-la-edad-se-pierde-la-sensacion-de-sed-por-que-las-p.jpg","keywords":["deshidrataci\u00f3n","personas mayores","ri\u00f1ones","salud","sed"],"articleSection":["Salud"],"inLanguage":"es","potentialAction":[{"@type":"CommentAction","name":"Comment","target":["https:\/\/www.tuasaude.com\/es\/news\/2026\/09\/06\/con-la-edad-se-pierde-la-sensacion-de-sed-por-que-las-personas-mayores-se-deshidratan-sin-notarlo-y-como-evitarlo\/#respond"]}]},{"@type":"WebPage","@id":"https:\/\/www.tuasaude.com\/es\/news\/2026\/09\/06\/con-la-edad-se-pierde-la-sensacion-de-sed-por-que-las-personas-mayores-se-deshidratan-sin-notarlo-y-como-evitarlo\/","url":"https:\/\/www.tuasaude.com\/es\/news\/2026\/09\/06\/con-la-edad-se-pierde-la-sensacion-de-sed-por-que-las-personas-mayores-se-deshidratan-sin-notarlo-y-como-evitarlo\/","name":"Con la edad se pierde la sensaci\u00f3n de sed: por qu\u00e9 las personas mayores se deshidratan sin notarlo y c\u00f3mo evitarlo - Tua Saude","isPartOf":{"@id":"https:\/\/www.tuasaude.com\/es\/news\/#website"},"primaryImageOfPage":{"@id":"https:\/\/www.tuasaude.com\/es\/news\/2026\/09\/06\/con-la-edad-se-pierde-la-sensacion-de-sed-por-que-las-personas-mayores-se-deshidratan-sin-notarlo-y-como-evitarlo\/#primaryimage"},"image":{"@id":"https:\/\/www.tuasaude.com\/es\/news\/2026\/09\/06\/con-la-edad-se-pierde-la-sensacion-de-sed-por-que-las-personas-mayores-se-deshidratan-sin-notarlo-y-como-evitarlo\/#primaryimage"},"thumbnailUrl":"https:\/\/www.tuasaude.com\/es\/news\/wp-content\/uploads\/2026\/09\/con-la-edad-se-pierde-la-sensacion-de-sed-por-que-las-p.jpg","datePublished":"2026-09-06T14:55:00+00:00","author":{"@id":"https:\/\/www.tuasaude.com\/es\/news\/#\/schema\/person\/d330332b43c07afaeaafcb8f33614666"},"description":"La deshidrataci\u00f3n en personas mayores no siempre provoca sed. Un cambio silencioso en ri\u00f1ones y equilibrio de l\u00edquidos altera las se\u00f1ales de alerta.","breadcrumb":{"@id":"https:\/\/www.tuasaude.com\/es\/news\/2026\/09\/06\/con-la-edad-se-pierde-la-sensacion-de-sed-por-que-las-personas-mayores-se-deshidratan-sin-notarlo-y-como-evitarlo\/#breadcrumb"},"inLanguage":"es","potentialAction":[{"@type":"ReadAction","target":["https:\/\/www.tuasaude.com\/es\/news\/2026\/09\/06\/con-la-edad-se-pierde-la-sensacion-de-sed-por-que-las-personas-mayores-se-deshidratan-sin-notarlo-y-como-evitarlo\/"]}]},{"@type":"ImageObject","inLanguage":"es","@id":"https:\/\/www.tuasaude.com\/es\/news\/2026\/09\/06\/con-la-edad-se-pierde-la-sensacion-de-sed-por-que-las-personas-mayores-se-deshidratan-sin-notarlo-y-como-evitarlo\/#primaryimage","url":"https:\/\/www.tuasaude.com\/es\/news\/wp-content\/uploads\/2026\/09\/con-la-edad-se-pierde-la-sensacion-de-sed-por-que-las-p.jpg","contentUrl":"https:\/\/www.tuasaude.com\/es\/news\/wp-content\/uploads\/2026\/09\/con-la-edad-se-pierde-la-sensacion-de-sed-por-que-las-p.jpg","width":1279,"height":720,"caption":"La sed disminuye con la edad y favorece deshidrataci\u00f3n silenciosa."},{"@type":"BreadcrumbList","@id":"https:\/\/www.tuasaude.com\/es\/news\/2026\/09\/06\/con-la-edad-se-pierde-la-sensacion-de-sed-por-que-las-personas-mayores-se-deshidratan-sin-notarlo-y-como-evitarlo\/#breadcrumb","itemListElement":[{"@type":"ListItem","position":1,"name":"Portada","item":"https:\/\/www.tuasaude.com\/es\/news\/"},{"@type":"ListItem","position":2,"name":"Con la edad se pierde la sensaci\u00f3n de sed: por qu\u00e9 las personas mayores se deshidratan sin notarlo y c\u00f3mo evitarlo"}]},{"@type":"WebSite","@id":"https:\/\/www.tuasaude.com\/es\/news\/#website","url":"https:\/\/www.tuasaude.com\/es\/news\/","name":"Tua Saude","description":"Tu sitio web de salud","potentialAction":[{"@type":"SearchAction","target":{"@type":"EntryPoint","urlTemplate":"https:\/\/www.tuasaude.com\/es\/news\/?s={search_term_string}"},"query-input":{"@type":"PropertyValueSpecification","valueRequired":true,"valueName":"search_term_string"}}],"inLanguage":"es"},{"@type":"Person","@id":"https:\/\/www.tuasaude.com\/es\/news\/#\/schema\/person\/d330332b43c07afaeaafcb8f33614666","name":"Gabriel Leme","image":{"@type":"ImageObject","inLanguage":"es","@id":"https:\/\/secure.gravatar.com\/avatar\/a12badc2d08e73d59b38f178ebe822eca26c0445823b05fefedea89fb346439c?s=96&d=mm&r=g","url":"https:\/\/secure.gravatar.com\/avatar\/a12badc2d08e73d59b38f178ebe822eca26c0445823b05fefedea89fb346439c?s=96&d=mm&r=g","contentUrl":"https:\/\/secure.gravatar.com\/avatar\/a12badc2d08e73d59b38f178ebe822eca26c0445823b05fefedea89fb346439c?s=96&d=mm&r=g","caption":"Gabriel Leme"},"sameAs":["https:\/\/www.tuasaude.com\/es\/news"],"url":"https:\/\/www.tuasaude.com\/es\/news\/author\/gabrielleme\/"}]}},"_links":{"self":[{"href":"https:\/\/www.tuasaude.com\/es\/news\/wp-json\/wp\/v2\/posts\/20374","targetHints":{"allow":["GET"]}}],"collection":[{"href":"https:\/\/www.tuasaude.com\/es\/news\/wp-json\/wp\/v2\/posts"}],"about":[{"href":"https:\/\/www.tuasaude.com\/es\/news\/wp-json\/wp\/v2\/types\/post"}],"author":[{"embeddable":true,"href":"https:\/\/www.tuasaude.com\/es\/news\/wp-json\/wp\/v2\/users\/15"}],"replies":[{"embeddable":true,"href":"https:\/\/www.tuasaude.com\/es\/news\/wp-json\/wp\/v2\/comments?post=20374"}],"version-history":[{"count":1,"href":"https:\/\/www.tuasaude.com\/es\/news\/wp-json\/wp\/v2\/posts\/20374\/revisions"}],"predecessor-version":[{"id":20764,"href":"https:\/\/www.tuasaude.com\/es\/news\/wp-json\/wp\/v2\/posts\/20374\/revisions\/20764"}],"wp:featuredmedia":[{"embeddable":true,"href":"https:\/\/www.tuasaude.com\/es\/news\/wp-json\/wp\/v2\/media\/20373"}],"wp:attachment":[{"href":"https:\/\/www.tuasaude.com\/es\/news\/wp-json\/wp\/v2\/media?parent=20374"}],"wp:term":[{"taxonomy":"category","embeddable":true,"href":"https:\/\/www.tuasaude.com\/es\/news\/wp-json\/wp\/v2\/categories?post=20374"},{"taxonomy":"post_tag","embeddable":true,"href":"https:\/\/www.tuasaude.com\/es\/news\/wp-json\/wp\/v2\/tags?post=20374"}],"curies":[{"name":"wp","href":"https:\/\/api.w.org\/{rel}","templated":true}]}}