{"id":20362,"date":"2026-09-06T13:55:00","date_gmt":"2026-09-06T12:55:00","guid":{"rendered":"https:\/\/www.tuasaude.com\/es\/news\/?p=20362"},"modified":"2026-09-06T10:29:42","modified_gmt":"2026-09-06T09:29:42","slug":"la-caida-del-vello-en-el-extremo-de-las-cejas-que-relacion-tiene-con-el-funcionamiento-de-la-tiroides","status":"publish","type":"post","link":"https:\/\/www.tuasaude.com\/es\/news\/2026\/09\/06\/la-caida-del-vello-en-el-extremo-de-las-cejas-que-relacion-tiene-con-el-funcionamiento-de-la-tiroides\/","title":{"rendered":"La ca\u00edda del vello en el extremo de las cejas: qu\u00e9 relaci\u00f3n tiene con el funcionamiento de la tiroides"},"content":{"rendered":"\n<p class=\"wp-block-paragraph\">Las <strong>cejas<\/strong> no solo enmarcan la mirada, tambi\u00e9n pueden reflejar cambios en el pelo, la piel y el equilibrio hormonal. Cuando se afina o desaparece el vello del extremo externo, muchas personas piensan primero en cosm\u00e9tica o estr\u00e9s. Sin embargo, la <strong>tiroides<\/strong> puede estar implicada, sobre todo si aparecen cansancio, sequedad cut\u00e1nea o sensibilidad al fr\u00edo.<\/p>\n\n\n\n<h2 class=\"wp-block-heading\">\u00bfQu\u00e9 significa perder vello en el extremo de las cejas?<\/h2>\n\n\n\n<p class=\"wp-block-paragraph\">Las cejas pueden perder densidad por depilaci\u00f3n repetida, dermatitis, d\u00e9ficit nutricionales, infecciones o cambios hormonales. Cuando la ca\u00edda afecta al tercio lateral, ese patr\u00f3n se considera una de las <strong>se\u00f1ales<\/strong> cl\u00ednicas que el profesional valora dentro de un conjunto m\u00e1s amplio de s\u00edntomas, no como una prueba aislada.<\/p>\n\n\n\n<p class=\"wp-block-paragraph\">La tiroides regula funciones clave del metabolismo. Si su actividad disminuye, el ciclo del fol\u00edculo piloso puede alterarse y el pelo crecer m\u00e1s despacio, volverse seco o romperse con facilidad. En ese contexto, el afinamiento de las cejas puede aparecer junto con cabello fr\u00e1gil, piel \u00e1spera y hinchaz\u00f3n facial leve.<\/p>\n\n\n\n<h2 class=\"wp-block-heading\">\u00bfQu\u00e9 dice la evidencia sobre cejas, tiroides e hipotiroidismo?<\/h2>\n\n\n\n<p class=\"wp-block-paragraph\">Las <strong>cejas<\/strong> y la <strong>tiroides<\/strong> mantienen una relaci\u00f3n cl\u00ednica conocida desde hace a\u00f1os, aunque no exclusiva. Una investigaci\u00f3n publicada en 2022 revis\u00f3 la alopecia de cejas y pesta\u00f1as y se\u00f1al\u00f3 que la p\u00e9rdida del tercio lateral puede aparecer como signo cl\u00e1sico, pero inespec\u00edfico, en el <strong>hipotiroidismo<\/strong>. Puedes leer el hallazgo sobre <a href=\"https:\/\/pubmed.ncbi.nlm.nih.gov\/36183302\/\" target=\"_blank\" rel=\"noopener noreferrer\">la p\u00e9rdida del tercio lateral de la ceja asociada al hipotiroidismo<\/a>.<\/p>\n\n\n\n<p class=\"wp-block-paragraph\">Esto importa por una raz\u00f3n pr\u00e1ctica. Ver menos vello en esa zona no confirma un trastorno tiroideo por s\u00ed solo, pero s\u00ed puede orientar la evaluaci\u00f3n cuando coincide con estre\u00f1imiento, voz m\u00e1s ronca, somnolencia o aumento de peso sin causa clara. El valor real est\u00e1 en interpretar todas esas se\u00f1ales juntas.<\/p>\n\n\n<div class=\"wp-block-image wp-block-image aligncenter size-large\">\n<figure ><img decoding=\"async\" width=\"1280\" height=\"720\" src=\"https:\/\/www.tuasaude.com\/es\/news\/wp-content\/uploads\/2026\/09\/la-caida-del-vello-en-el-extremo-de-las-cejas-que-relac-corpo.jpg\" alt=\"Cejas, piel seca, cansancio y fr\u00edo forman un patr\u00f3n cl\u00ednico orientativo.\" class=\"wp-image-20361\" srcset=\"https:\/\/www.tuasaude.com\/es\/news\/wp-content\/uploads\/2026\/09\/la-caida-del-vello-en-el-extremo-de-las-cejas-que-relac-corpo.jpg 1280w, https:\/\/www.tuasaude.com\/es\/news\/wp-content\/uploads\/2026\/09\/la-caida-del-vello-en-el-extremo-de-las-cejas-que-relac-corpo-300x169.jpg 300w, https:\/\/www.tuasaude.com\/es\/news\/wp-content\/uploads\/2026\/09\/la-caida-del-vello-en-el-extremo-de-las-cejas-que-relac-corpo-1024x576.jpg 1024w, https:\/\/www.tuasaude.com\/es\/news\/wp-content\/uploads\/2026\/09\/la-caida-del-vello-en-el-extremo-de-las-cejas-que-relac-corpo-768x432.jpg 768w, https:\/\/www.tuasaude.com\/es\/news\/wp-content\/uploads\/2026\/09\/la-caida-del-vello-en-el-extremo-de-las-cejas-que-relac-corpo-750x422.jpg 750w, https:\/\/www.tuasaude.com\/es\/news\/wp-content\/uploads\/2026\/09\/la-caida-del-vello-en-el-extremo-de-las-cejas-que-relac-corpo-1140x641.jpg 1140w\" sizes=\"(max-width: 1280px) 100vw, 1280px\" \/><figcaption class=\"wp-element-caption\">Cejas, piel seca, cansancio y fr\u00edo forman un patr\u00f3n cl\u00ednico orientativo.<\/figcaption><\/figure>\n<\/div>\n\n\n<h2 class=\"wp-block-heading\">\u00bfQu\u00e9 otras se\u00f1ales suelen acompa\u00f1ar este cambio?<\/h2>\n\n\n\n<p class=\"wp-block-paragraph\">Las <strong>se\u00f1ales<\/strong> de una funci\u00f3n tiroidea baja rara vez se limitan a las cejas. Lo habitual es notar varios cambios progresivos en semanas o meses.<\/p>\n\n\n\n<ul class=\"wp-block-list\">\n<li><strong>Cansancio<\/strong> persistente, incluso tras dormir bien.<\/li>\n\n\n\n<li>Sensaci\u00f3n de fr\u00edo mayor de lo habitual.<\/li>\n\n\n\n<li>Piel seca, \u00e1spera o con descamaci\u00f3n fina.<\/li>\n\n\n\n<li>Cabello quebradizo o ca\u00edda difusa del pelo.<\/li>\n\n\n\n<li>Estre\u00f1imiento m\u00e1s frecuente.<\/li>\n\n\n\n<li>Hinchaz\u00f3n facial o p\u00e1rpados algo inflamados.<\/li>\n\n\n\n<li>Ritmo mental m\u00e1s lento, dificultad de concentraci\u00f3n.<\/li>\n<\/ul>\n\n\n\n<p class=\"wp-block-paragraph\">Si adem\u00e1s del afinamiento en las cejas aparecen varios de estos s\u00edntomas, conviene revisar <a href=\"https:\/\/www.tuasaude.com\/es\/hipotiroidismo\/\" target=\"_blank\" rel=\"noopener noreferrer\">los s\u00edntomas y tratamiento del hipotiroidismo<\/a>, porque ayuda a entender por qu\u00e9 la alteraci\u00f3n hormonal tambi\u00e9n puede notarse en el pelo y la piel.<\/p>\n\n\n\n<h2 class=\"wp-block-heading\">\u00bfSiempre se debe a hipotiroidismo?<\/h2>\n\n\n\n<p class=\"wp-block-paragraph\">La respuesta es no. El <strong>hipotiroidismo<\/strong> es una posibilidad, pero no la \u00fanica. Otra investigaci\u00f3n de 2023 sobre manifestaciones cut\u00e1neas relacionadas con enfermedad tiroidea tambi\u00e9n recogi\u00f3 la madarosis como una posible manifestaci\u00f3n, lo que refuerza el v\u00ednculo cl\u00ednico, aunque dentro de un diagn\u00f3stico diferencial amplio.<\/p>\n\n\n\n<p class=\"wp-block-paragraph\">Las cejas tambi\u00e9n pueden afinarse por eccema, psoriasis, alopecia areata, infecciones por hongos, anemia, d\u00e9ficit de hierro, d\u00e9ficit de zinc, envejecimiento o fricci\u00f3n repetida. Incluso ciertos cosm\u00e9ticos o el rascado cr\u00f3nico pueden da\u00f1ar el fol\u00edculo. Por eso, mirar solo una se\u00f1al puede llevar a conclusiones err\u00f3neas.<\/p>\n\n\n\n<h2 class=\"wp-block-heading\">\u00bfQu\u00e9 pruebas suelen pedir y cu\u00e1ndo conviene consultar?<\/h2>\n\n\n\n<p class=\"wp-block-paragraph\">La <strong>tiroides<\/strong> se eval\u00faa con la historia cl\u00ednica, la exploraci\u00f3n f\u00edsica y an\u00e1lisis de sangre. En muchos casos se solicitan TSH y T4 libre, y a veces anticuerpos tiroideos si se sospecha una causa autoinmune. Tambi\u00e9n puede ser \u00fatil revisar hierro, ferritina o vitamina B12, seg\u00fan los s\u00edntomas y el aspecto del pelo.<\/p>\n\n\n\n<p class=\"wp-block-paragraph\">Conviene pedir valoraci\u00f3n m\u00e9dica si notas alguno de estos puntos:<\/p>\n\n\n\n<ul class=\"wp-block-list\">\n<li>P\u00e9rdida r\u00e1pida del vello de las cejas.<\/li>\n\n\n\n<li>Ca\u00edda del cabello junto con fatiga marcada.<\/li>\n\n\n\n<li>Cambios en la piel, el peso o el tr\u00e1nsito intestinal.<\/li>\n\n\n\n<li>Antecedentes familiares de trastornos tiroideos.<\/li>\n\n\n\n<li>Persistencia del problema durante varias semanas.<\/li>\n<\/ul>\n\n\n\n<h2 class=\"wp-block-heading\">Qu\u00e9 hacer si notas este cambio en las cejas<\/h2>\n\n\n\n<p class=\"wp-block-paragraph\">Las <strong>cejas<\/strong> pueden actuar como una pista visible de que algo no va bien en el fol\u00edculo, en la piel o en la regulaci\u00f3n hormonal. Si la p\u00e9rdida afecta al extremo externo y se acompa\u00f1a de sequedad, fr\u00edo, cansancio o pelo fr\u00e1gil, merece una revisi\u00f3n cl\u00ednica orientada a la funci\u00f3n tiroidea y a otras causas frecuentes de madarosis.<\/p>\n\n\n\n<p class=\"wp-block-paragraph\">Este contenido tiene car\u00e1cter exclusivamente informativo y <strong>no sustituye la evaluaci\u00f3n<\/strong>, el diagn\u00f3stico ni el seguimiento de un profesional sanitario. Si presentas s\u00edntomas o dudas sobre tu estado de salud, busca atenci\u00f3n m\u00e9dica.<\/p>\n","protected":false},"excerpt":{"rendered":"<p>Las cejas no solo enmarcan la mirada, tambi\u00e9n pueden reflejar cambios en el pelo, la piel y el equilibrio hormonal. Cuando se afina o desaparece el vello del extremo externo, muchas personas piensan primero en cosm\u00e9tica o estr\u00e9s. Sin embargo, la tiroides puede estar implicada, sobre todo si aparecen cansancio, sequedad cut\u00e1nea o sensibilidad al [&hellip;]<\/p>\n","protected":false},"author":15,"featured_media":20360,"comment_status":"open","ping_status":"open","sticky":false,"template":"","format":"standard","meta":{"jnews-multi-image_gallery":[],"jnews_single_post":{"format":"standard"},"jnews_primary_category":[],"jnews_social_meta":[],"jnews_override_counter":[],"footnotes":""},"categories":[8767],"tags":[18722,17591,17396,18770,17645],"class_list":["post-20362","post","type-post","status-publish","format-standard","has-post-thumbnail","hentry","category-salud","tag-cejas","tag-hipotiroidismo","tag-salud","tag-senales","tag-tiroides"],"yoast_head":"<!-- This site is optimized with the Yoast SEO plugin v28.3 - https:\/\/yoast.com\/product\/yoast-seo-wordpress\/ -->\n<title>La ca\u00edda del vello en el extremo de las cejas: qu\u00e9 relaci\u00f3n tiene con el funcionamiento de la tiroides - Tua Saude<\/title>\n<meta name=\"description\" content=\"La ca\u00edda del vello en las cejas puede ser una se\u00f1al sutil de tiroides lenta, pero el detalle clave no est\u00e1 solo en d\u00f3nde falta pelo.\" \/>\n<meta name=\"robots\" content=\"index, follow, max-snippet:-1, max-image-preview:large, max-video-preview:-1\" \/>\n<link rel=\"canonical\" href=\"https:\/\/www.tuasaude.com\/es\/news\/2026\/09\/06\/la-caida-del-vello-en-el-extremo-de-las-cejas-que-relacion-tiene-con-el-funcionamiento-de-la-tiroides\/\" \/>\n<meta property=\"og:locale\" content=\"es_ES\" \/>\n<meta property=\"og:type\" content=\"article\" \/>\n<meta property=\"og:title\" content=\"La ca\u00edda del vello en el extremo de las cejas: qu\u00e9 relaci\u00f3n tiene con el funcionamiento de la tiroides - Tua Saude\" \/>\n<meta property=\"og:description\" content=\"La ca\u00edda del vello en las cejas puede ser una se\u00f1al sutil de tiroides lenta, pero el detalle clave no est\u00e1 solo en d\u00f3nde falta pelo.\" \/>\n<meta property=\"og:url\" content=\"https:\/\/www.tuasaude.com\/es\/news\/2026\/09\/06\/la-caida-del-vello-en-el-extremo-de-las-cejas-que-relacion-tiene-con-el-funcionamiento-de-la-tiroides\/\" \/>\n<meta property=\"og:site_name\" content=\"Tua Saude\" \/>\n<meta property=\"article:published_time\" content=\"2026-09-06T12:55:00+00:00\" \/>\n<meta property=\"og:image\" content=\"https:\/\/www.tuasaude.com\/es\/news\/wp-content\/uploads\/2026\/09\/la-caida-del-vello-en-el-extremo-de-las-cejas-que-relac.jpg\" \/>\n\t<meta property=\"og:image:width\" content=\"1279\" \/>\n\t<meta property=\"og:image:height\" content=\"720\" \/>\n\t<meta property=\"og:image:type\" content=\"image\/jpeg\" \/>\n<meta name=\"author\" content=\"Gabriel Leme\" \/>\n<meta name=\"twitter:card\" content=\"summary_large_image\" \/>\n<meta name=\"twitter:label1\" content=\"Escrito por\" \/>\n\t<meta name=\"twitter:data1\" content=\"Gabriel Leme\" \/>\n\t<meta name=\"twitter:label2\" content=\"Tiempo de lectura\" \/>\n\t<meta name=\"twitter:data2\" content=\"4 minutos\" \/>\n<!-- \/ Yoast SEO plugin. -->","yoast_head_json":{"title":"La ca\u00edda del vello en el extremo de las cejas: qu\u00e9 relaci\u00f3n tiene con el funcionamiento de la tiroides - Tua Saude","description":"La ca\u00edda del vello en las cejas puede ser una se\u00f1al sutil de tiroides lenta, pero el detalle clave no est\u00e1 solo en d\u00f3nde falta pelo.","robots":{"index":"index","follow":"follow","max-snippet":"max-snippet:-1","max-image-preview":"max-image-preview:large","max-video-preview":"max-video-preview:-1"},"canonical":"https:\/\/www.tuasaude.com\/es\/news\/2026\/09\/06\/la-caida-del-vello-en-el-extremo-de-las-cejas-que-relacion-tiene-con-el-funcionamiento-de-la-tiroides\/","og_locale":"es_ES","og_type":"article","og_title":"La ca\u00edda del vello en el extremo de las cejas: qu\u00e9 relaci\u00f3n tiene con el funcionamiento de la tiroides - Tua Saude","og_description":"La ca\u00edda del vello en las cejas puede ser una se\u00f1al sutil de tiroides lenta, pero el detalle clave no est\u00e1 solo en d\u00f3nde falta pelo.","og_url":"https:\/\/www.tuasaude.com\/es\/news\/2026\/09\/06\/la-caida-del-vello-en-el-extremo-de-las-cejas-que-relacion-tiene-con-el-funcionamiento-de-la-tiroides\/","og_site_name":"Tua Saude","article_published_time":"2026-09-06T12:55:00+00:00","og_image":[{"width":1279,"height":720,"url":"https:\/\/www.tuasaude.com\/es\/news\/wp-content\/uploads\/2026\/09\/la-caida-del-vello-en-el-extremo-de-las-cejas-que-relac.jpg","type":"image\/jpeg"}],"author":"Gabriel Leme","twitter_card":"summary_large_image","twitter_misc":{"Escrito por":"Gabriel Leme","Tiempo de lectura":"4 minutos"},"schema":{"@context":"https:\/\/schema.org","@graph":[{"@type":"Article","@id":"https:\/\/www.tuasaude.com\/es\/news\/2026\/09\/06\/la-caida-del-vello-en-el-extremo-de-las-cejas-que-relacion-tiene-con-el-funcionamiento-de-la-tiroides\/#article","isPartOf":{"@id":"https:\/\/www.tuasaude.com\/es\/news\/2026\/09\/06\/la-caida-del-vello-en-el-extremo-de-las-cejas-que-relacion-tiene-con-el-funcionamiento-de-la-tiroides\/"},"author":{"name":"Gabriel Leme","@id":"https:\/\/www.tuasaude.com\/es\/news\/#\/schema\/person\/d330332b43c07afaeaafcb8f33614666"},"headline":"La ca\u00edda del vello en el extremo de las cejas: qu\u00e9 relaci\u00f3n tiene con el funcionamiento de la tiroides","datePublished":"2026-09-06T12:55:00+00:00","mainEntityOfPage":{"@id":"https:\/\/www.tuasaude.com\/es\/news\/2026\/09\/06\/la-caida-del-vello-en-el-extremo-de-las-cejas-que-relacion-tiene-con-el-funcionamiento-de-la-tiroides\/"},"wordCount":833,"commentCount":0,"image":{"@id":"https:\/\/www.tuasaude.com\/es\/news\/2026\/09\/06\/la-caida-del-vello-en-el-extremo-de-las-cejas-que-relacion-tiene-con-el-funcionamiento-de-la-tiroides\/#primaryimage"},"thumbnailUrl":"https:\/\/www.tuasaude.com\/es\/news\/wp-content\/uploads\/2026\/09\/la-caida-del-vello-en-el-extremo-de-las-cejas-que-relac.jpg","keywords":["cejas","Hipotiroidismo","salud","se\u00f1ales","tiroides"],"articleSection":["Salud"],"inLanguage":"es","potentialAction":[{"@type":"CommentAction","name":"Comment","target":["https:\/\/www.tuasaude.com\/es\/news\/2026\/09\/06\/la-caida-del-vello-en-el-extremo-de-las-cejas-que-relacion-tiene-con-el-funcionamiento-de-la-tiroides\/#respond"]}]},{"@type":"WebPage","@id":"https:\/\/www.tuasaude.com\/es\/news\/2026\/09\/06\/la-caida-del-vello-en-el-extremo-de-las-cejas-que-relacion-tiene-con-el-funcionamiento-de-la-tiroides\/","url":"https:\/\/www.tuasaude.com\/es\/news\/2026\/09\/06\/la-caida-del-vello-en-el-extremo-de-las-cejas-que-relacion-tiene-con-el-funcionamiento-de-la-tiroides\/","name":"La ca\u00edda del vello en el extremo de las cejas: qu\u00e9 relaci\u00f3n tiene con el funcionamiento de la tiroides - Tua Saude","isPartOf":{"@id":"https:\/\/www.tuasaude.com\/es\/news\/#website"},"primaryImageOfPage":{"@id":"https:\/\/www.tuasaude.com\/es\/news\/2026\/09\/06\/la-caida-del-vello-en-el-extremo-de-las-cejas-que-relacion-tiene-con-el-funcionamiento-de-la-tiroides\/#primaryimage"},"image":{"@id":"https:\/\/www.tuasaude.com\/es\/news\/2026\/09\/06\/la-caida-del-vello-en-el-extremo-de-las-cejas-que-relacion-tiene-con-el-funcionamiento-de-la-tiroides\/#primaryimage"},"thumbnailUrl":"https:\/\/www.tuasaude.com\/es\/news\/wp-content\/uploads\/2026\/09\/la-caida-del-vello-en-el-extremo-de-las-cejas-que-relac.jpg","datePublished":"2026-09-06T12:55:00+00:00","author":{"@id":"https:\/\/www.tuasaude.com\/es\/news\/#\/schema\/person\/d330332b43c07afaeaafcb8f33614666"},"description":"La ca\u00edda del vello en las cejas puede ser una se\u00f1al sutil de tiroides lenta, pero el detalle clave no est\u00e1 solo en d\u00f3nde falta pelo.","breadcrumb":{"@id":"https:\/\/www.tuasaude.com\/es\/news\/2026\/09\/06\/la-caida-del-vello-en-el-extremo-de-las-cejas-que-relacion-tiene-con-el-funcionamiento-de-la-tiroides\/#breadcrumb"},"inLanguage":"es","potentialAction":[{"@type":"ReadAction","target":["https:\/\/www.tuasaude.com\/es\/news\/2026\/09\/06\/la-caida-del-vello-en-el-extremo-de-las-cejas-que-relacion-tiene-con-el-funcionamiento-de-la-tiroides\/"]}]},{"@type":"ImageObject","inLanguage":"es","@id":"https:\/\/www.tuasaude.com\/es\/news\/2026\/09\/06\/la-caida-del-vello-en-el-extremo-de-las-cejas-que-relacion-tiene-con-el-funcionamiento-de-la-tiroides\/#primaryimage","url":"https:\/\/www.tuasaude.com\/es\/news\/wp-content\/uploads\/2026\/09\/la-caida-del-vello-en-el-extremo-de-las-cejas-que-relac.jpg","contentUrl":"https:\/\/www.tuasaude.com\/es\/news\/wp-content\/uploads\/2026\/09\/la-caida-del-vello-en-el-extremo-de-las-cejas-que-relac.jpg","width":1279,"height":720,"caption":"El afinamiento del extremo de las cejas puede orientar hacia hipotiroidismo."},{"@type":"BreadcrumbList","@id":"https:\/\/www.tuasaude.com\/es\/news\/2026\/09\/06\/la-caida-del-vello-en-el-extremo-de-las-cejas-que-relacion-tiene-con-el-funcionamiento-de-la-tiroides\/#breadcrumb","itemListElement":[{"@type":"ListItem","position":1,"name":"Portada","item":"https:\/\/www.tuasaude.com\/es\/news\/"},{"@type":"ListItem","position":2,"name":"La ca\u00edda del vello en el extremo de las cejas: qu\u00e9 relaci\u00f3n tiene con el funcionamiento de la tiroides"}]},{"@type":"WebSite","@id":"https:\/\/www.tuasaude.com\/es\/news\/#website","url":"https:\/\/www.tuasaude.com\/es\/news\/","name":"Tua Saude","description":"Tu sitio web de salud","potentialAction":[{"@type":"SearchAction","target":{"@type":"EntryPoint","urlTemplate":"https:\/\/www.tuasaude.com\/es\/news\/?s={search_term_string}"},"query-input":{"@type":"PropertyValueSpecification","valueRequired":true,"valueName":"search_term_string"}}],"inLanguage":"es"},{"@type":"Person","@id":"https:\/\/www.tuasaude.com\/es\/news\/#\/schema\/person\/d330332b43c07afaeaafcb8f33614666","name":"Gabriel Leme","image":{"@type":"ImageObject","inLanguage":"es","@id":"https:\/\/secure.gravatar.com\/avatar\/a12badc2d08e73d59b38f178ebe822eca26c0445823b05fefedea89fb346439c?s=96&d=mm&r=g","url":"https:\/\/secure.gravatar.com\/avatar\/a12badc2d08e73d59b38f178ebe822eca26c0445823b05fefedea89fb346439c?s=96&d=mm&r=g","contentUrl":"https:\/\/secure.gravatar.com\/avatar\/a12badc2d08e73d59b38f178ebe822eca26c0445823b05fefedea89fb346439c?s=96&d=mm&r=g","caption":"Gabriel Leme"},"sameAs":["https:\/\/www.tuasaude.com\/es\/news"],"url":"https:\/\/www.tuasaude.com\/es\/news\/author\/gabrielleme\/"}]}},"_links":{"self":[{"href":"https:\/\/www.tuasaude.com\/es\/news\/wp-json\/wp\/v2\/posts\/20362","targetHints":{"allow":["GET"]}}],"collection":[{"href":"https:\/\/www.tuasaude.com\/es\/news\/wp-json\/wp\/v2\/posts"}],"about":[{"href":"https:\/\/www.tuasaude.com\/es\/news\/wp-json\/wp\/v2\/types\/post"}],"author":[{"embeddable":true,"href":"https:\/\/www.tuasaude.com\/es\/news\/wp-json\/wp\/v2\/users\/15"}],"replies":[{"embeddable":true,"href":"https:\/\/www.tuasaude.com\/es\/news\/wp-json\/wp\/v2\/comments?post=20362"}],"version-history":[{"count":1,"href":"https:\/\/www.tuasaude.com\/es\/news\/wp-json\/wp\/v2\/posts\/20362\/revisions"}],"predecessor-version":[{"id":20760,"href":"https:\/\/www.tuasaude.com\/es\/news\/wp-json\/wp\/v2\/posts\/20362\/revisions\/20760"}],"wp:featuredmedia":[{"embeddable":true,"href":"https:\/\/www.tuasaude.com\/es\/news\/wp-json\/wp\/v2\/media\/20360"}],"wp:attachment":[{"href":"https:\/\/www.tuasaude.com\/es\/news\/wp-json\/wp\/v2\/media?parent=20362"}],"wp:term":[{"taxonomy":"category","embeddable":true,"href":"https:\/\/www.tuasaude.com\/es\/news\/wp-json\/wp\/v2\/categories?post=20362"},{"taxonomy":"post_tag","embeddable":true,"href":"https:\/\/www.tuasaude.com\/es\/news\/wp-json\/wp\/v2\/tags?post=20362"}],"curies":[{"name":"wp","href":"https:\/\/api.w.org\/{rel}","templated":true}]}}