{"id":20353,"date":"2026-09-04T19:38:00","date_gmt":"2026-09-04T18:38:00","guid":{"rendered":"https:\/\/www.tuasaude.com\/es\/news\/?p=20353"},"modified":"2026-09-04T14:31:11","modified_gmt":"2026-09-04T13:31:11","slug":"despertarse-con-la-boca-seca-no-se-debe-solo-a-la-calefaccion-sino-en-muchos-casos-a-respirar-por-la-boca-durante-la-noche","status":"publish","type":"post","link":"https:\/\/www.tuasaude.com\/es\/news\/2026\/09\/04\/despertarse-con-la-boca-seca-no-se-debe-solo-a-la-calefaccion-sino-en-muchos-casos-a-respirar-por-la-boca-durante-la-noche\/","title":{"rendered":"Despertarse con la boca seca no se debe solo a la calefacci\u00f3n, sino en muchos casos a respirar por la boca durante la noche"},"content":{"rendered":"\n<p class=\"wp-block-paragraph\"><strong>Boca seca<\/strong> al despertar suele relacionarse con ambiente seco o calefacci\u00f3n, pero muchas veces apunta a <strong>respiraci\u00f3n bucal<\/strong> durante el <strong>sue\u00f1o<\/strong>. Cuando el aire entra por la boca durante horas, la saliva se evapora con m\u00e1s facilidad, la mucosa se reseca y la sensaci\u00f3n al levantarse puede ir desde pastosidad hasta sed intensa, mal aliento o garganta irritada.<\/p>\n\n\n\n<h2 class=\"wp-block-heading\">\u00bfPor qu\u00e9 la respiraci\u00f3n bucal reseca tanto la boca durante la noche?<\/h2>\n\n\n\n<p class=\"wp-block-paragraph\"><strong>Respiraci\u00f3n bucal<\/strong> y boca seca van de la mano por un motivo simple. La saliva protege dientes, enc\u00edas y mucosas, pero durante la noche su producci\u00f3n ya baja de forma natural. Si adem\u00e1s respiras por la boca, el flujo de aire favorece la evaporaci\u00f3n y la boca amanece pegajosa, con sabor extra\u00f1o o dificultad para tragar.<\/p>\n\n\n\n<p class=\"wp-block-paragraph\">El <strong>sue\u00f1o<\/strong> tambi\u00e9n puede verse afectado. Muchas personas alternan entre nariz y boca sin notarlo, sobre todo si hay congesti\u00f3n nasal, ronquidos, tabique desviado, alergia o una postura que dificulta el paso del aire. En ese contexto, la <strong>hidrataci\u00f3n<\/strong> ayuda, pero no corrige por s\u00ed sola el mecanismo que est\u00e1 secando la cavidad oral cada noche.<\/p>\n\n\n\n<h2 class=\"wp-block-heading\">\u00bfQu\u00e9 relaci\u00f3n encontr\u00f3 la investigaci\u00f3n con el sue\u00f1o y la boca seca matutina?<\/h2>\n\n\n\n<p class=\"wp-block-paragraph\">La conexi\u00f3n entre boca seca y respiraci\u00f3n nocturna no es solo una impresi\u00f3n frecuente en consulta. Un estudio publicado en 2021 evalu\u00f3 a pacientes con apnea obstructiva del sue\u00f1o y observ\u00f3 que la <a href=\"https:\/\/pubmed.ncbi.nlm.nih.gov\/33548090\/\" target=\"_blank\" rel=\"noopener noreferrer\">boca seca matutina aumentaba con la gravedad de la apnea<\/a>. Ese hallazgo refuerza que los trastornos respiratorios nocturnos, a menudo acompa\u00f1ados de respiraci\u00f3n por la boca, pueden reducir la humedad oral al despertar.<\/p>\n\n\n\n<p class=\"wp-block-paragraph\">Otra lectura \u00fatil del estudio es que no conviene normalizar este s\u00edntoma cuando aparece de forma repetida. Si la sequedad se acompa\u00f1a de ronquidos intensos, pausas respiratorias, sue\u00f1o poco reparador, cefalea matutina o somnolencia diurna, el problema puede ir m\u00e1s all\u00e1 del dormitorio seco y requerir valoraci\u00f3n cl\u00ednica.<\/p>\n\n\n<div class=\"wp-block-image wp-block-image aligncenter size-large\">\n<figure ><img decoding=\"async\" width=\"1280\" height=\"720\" src=\"https:\/\/www.tuasaude.com\/es\/news\/wp-content\/uploads\/2026\/09\/despertarse-con-la-boca-seca-no-se-debe-solo-a-la-calef-corpo.jpg\" alt=\"Congesti\u00f3n, ronquidos, hidrataci\u00f3n y ambiente seco influyen en la boca seca.\" class=\"wp-image-20351\" srcset=\"https:\/\/www.tuasaude.com\/es\/news\/wp-content\/uploads\/2026\/09\/despertarse-con-la-boca-seca-no-se-debe-solo-a-la-calef-corpo.jpg 1280w, https:\/\/www.tuasaude.com\/es\/news\/wp-content\/uploads\/2026\/09\/despertarse-con-la-boca-seca-no-se-debe-solo-a-la-calef-corpo-300x169.jpg 300w, https:\/\/www.tuasaude.com\/es\/news\/wp-content\/uploads\/2026\/09\/despertarse-con-la-boca-seca-no-se-debe-solo-a-la-calef-corpo-1024x576.jpg 1024w, https:\/\/www.tuasaude.com\/es\/news\/wp-content\/uploads\/2026\/09\/despertarse-con-la-boca-seca-no-se-debe-solo-a-la-calef-corpo-768x432.jpg 768w, https:\/\/www.tuasaude.com\/es\/news\/wp-content\/uploads\/2026\/09\/despertarse-con-la-boca-seca-no-se-debe-solo-a-la-calef-corpo-750x422.jpg 750w, https:\/\/www.tuasaude.com\/es\/news\/wp-content\/uploads\/2026\/09\/despertarse-con-la-boca-seca-no-se-debe-solo-a-la-calef-corpo-1140x641.jpg 1140w\" sizes=\"(max-width: 1280px) 100vw, 1280px\" \/><figcaption class=\"wp-element-caption\">Congesti\u00f3n, ronquidos, hidrataci\u00f3n y ambiente seco influyen en la boca seca.<\/figcaption><\/figure>\n<\/div>\n\n\n<h2 class=\"wp-block-heading\">\u00bfQu\u00e9 se\u00f1ales indican que no es solo falta de agua?<\/h2>\n\n\n\n<p class=\"wp-block-paragraph\"><strong>Boca seca<\/strong> persistente al levantarte suele dar pistas concretas. No siempre aparece por beber poco durante el d\u00eda. A veces se combina con respiraci\u00f3n ruidosa, labios secos, garganta \u00e1spera o necesidad de tener agua en la mesilla todas las noches.<\/p>\n\n\n\n<ul class=\"wp-block-list\">\n<li><strong>Ronquidos<\/strong> frecuentes o sensaci\u00f3n de aire entrando por la boca.<\/li>\n\n\n\n<li>Despertarse varias veces con sed.<\/li>\n\n\n\n<li>Mal aliento al amanecer.<\/li>\n\n\n\n<li>Dificultad para tragar alimentos secos por la ma\u00f1ana.<\/li>\n\n\n\n<li>Garganta irritada o voz ronca al levantarse.<\/li>\n\n\n\n<li>Sensaci\u00f3n de sue\u00f1o no reparador.<\/li>\n<\/ul>\n\n\n\n<p class=\"wp-block-paragraph\">Si adem\u00e1s tomas f\u00e1rmacos con efecto anticolin\u00e9rgico, antihistam\u00ednicos o algunos antidepresivos, la sequedad puede intensificarse. En <a href=\"https:\/\/www.tuasaude.com\/es\/boca-seca\/\" target=\"_blank\" rel=\"noopener noreferrer\">las causas habituales de boca seca<\/a> se explica c\u00f3mo distinguir los desencadenantes m\u00e1s comunes y qu\u00e9 medidas alivian de verdad.<\/p>\n\n\n\n<h2 class=\"wp-block-heading\">\u00bfQu\u00e9 factores favorecen respirar por la boca mientras duermes?<\/h2>\n\n\n\n<p class=\"wp-block-paragraph\"><strong>Respiraci\u00f3n bucal<\/strong> nocturna no siempre significa el mismo problema. Muchas veces aparece porque la nariz no ventila bien y el cuerpo busca una v\u00eda alternativa para mantener el paso de aire durante el descanso.<\/p>\n\n\n\n<ul class=\"wp-block-list\">\n<li>Congesti\u00f3n nasal por resfriado o alergia.<\/li>\n\n\n\n<li>Rinitis persistente o sinusitis.<\/li>\n\n\n\n<li>Tabique nasal desviado.<\/li>\n\n\n\n<li>P\u00f3lipos nasales.<\/li>\n\n\n\n<li>Ronquidos y apnea obstructiva del sue\u00f1o.<\/li>\n\n\n\n<li>Sequedad ambiental con calefacci\u00f3n alta.<\/li>\n<\/ul>\n\n\n\n<p class=\"wp-block-paragraph\">La <strong>hidrataci\u00f3n<\/strong> insuficiente empeora la molestia, pero rara vez es la \u00fanica causa cuando el s\u00edntoma se repite casi cada ma\u00f1ana. Si el aire nasal entra bien durante el d\u00eda pero por la noche terminas con la boca abierta, conviene observar el patr\u00f3n respiratorio, los despertares y la calidad del descanso.<\/p>\n\n\n\n<h2 class=\"wp-block-heading\">\u00bfQu\u00e9 puedes hacer para aliviar la sequedad y cu\u00e1ndo conviene consultar?<\/h2>\n\n\n\n<p class=\"wp-block-paragraph\">Para reducir la <strong>boca seca<\/strong> al despertar, lo primero es revisar el origen. Beber agua de forma regular, evitar alcohol antes de dormir, no fumar y mantener una humedad ambiental moderada pueden ayudar. Tambi\u00e9n puede ser \u00fatil cenar ligero si el reflujo te obliga a dormir con la boca abierta, y tratar la congesti\u00f3n nasal si est\u00e1 detr\u00e1s del problema.<\/p>\n\n\n\n<p class=\"wp-block-paragraph\">Si la sequedad dura semanas, hay caries recurrentes, ardor oral, ronquidos fuertes o pausas respiratorias observadas, conviene pedir valoraci\u00f3n. La combinaci\u00f3n de saliva escasa, respiraci\u00f3n oral y sue\u00f1o fragmentado afecta mucosas, higiene oral y descanso nocturno, y cambia la forma de enfocar el problema desde el primer s\u00edntoma de la ma\u00f1ana.<\/p>\n\n\n\n<p class=\"wp-block-paragraph\">Este contenido es exclusivamente informativo y <strong>no sustituye la evaluaci\u00f3n<\/strong>, el diagn\u00f3stico ni el seguimiento de un profesional sanitario. Si presentas s\u00edntomas o dudas sobre tu estado de salud, busca atenci\u00f3n m\u00e9dica.<\/p>\n","protected":false},"excerpt":{"rendered":"<p>Boca seca al despertar suele relacionarse con ambiente seco o calefacci\u00f3n, pero muchas veces apunta a respiraci\u00f3n bucal durante el sue\u00f1o. Cuando el aire entra por la boca durante horas, la saliva se evapora con m\u00e1s facilidad, la mucosa se reseca y la sensaci\u00f3n al levantarse puede ir desde pastosidad hasta sed intensa, mal aliento [&hellip;]<\/p>\n","protected":false},"author":15,"featured_media":20352,"comment_status":"open","ping_status":"open","sticky":false,"template":"","format":"standard","meta":{"jnews-multi-image_gallery":[],"jnews_single_post":{"format":"standard"},"jnews_primary_category":[],"jnews_social_meta":[],"jnews_override_counter":[],"footnotes":""},"categories":[8767],"tags":[9968,17431,19959,17396,17401],"class_list":["post-20353","post","type-post","status-publish","format-standard","has-post-thumbnail","hentry","category-salud","tag-boca-seca","tag-hidratacion","tag-respiracion-bucal","tag-salud","tag-sueno"],"yoast_head":"<!-- This site is optimized with the Yoast SEO plugin v28.3 - https:\/\/yoast.com\/product\/yoast-seo-wordpress\/ -->\n<title>Despertarse con la boca seca no se debe solo a la calefacci\u00f3n, sino en muchos casos a respirar por la boca durante la noche - Tua Saude<\/title>\n<meta name=\"description\" content=\"La boca seca al despertar no siempre se explica por la calefacci\u00f3n. Un detalle del sue\u00f1o cambia lo que conviene revisar cuando el s\u00edntoma se repite.\" \/>\n<meta name=\"robots\" content=\"index, follow, max-snippet:-1, max-image-preview:large, max-video-preview:-1\" \/>\n<link rel=\"canonical\" href=\"https:\/\/www.tuasaude.com\/es\/news\/2026\/09\/04\/despertarse-con-la-boca-seca-no-se-debe-solo-a-la-calefaccion-sino-en-muchos-casos-a-respirar-por-la-boca-durante-la-noche\/\" \/>\n<meta property=\"og:locale\" content=\"es_ES\" \/>\n<meta property=\"og:type\" content=\"article\" \/>\n<meta property=\"og:title\" content=\"Despertarse con la boca seca no se debe solo a la calefacci\u00f3n, sino en muchos casos a respirar por la boca durante la noche - Tua Saude\" \/>\n<meta property=\"og:description\" content=\"La boca seca al despertar no siempre se explica por la calefacci\u00f3n. Un detalle del sue\u00f1o cambia lo que conviene revisar cuando el s\u00edntoma se repite.\" \/>\n<meta property=\"og:url\" content=\"https:\/\/www.tuasaude.com\/es\/news\/2026\/09\/04\/despertarse-con-la-boca-seca-no-se-debe-solo-a-la-calefaccion-sino-en-muchos-casos-a-respirar-por-la-boca-durante-la-noche\/\" \/>\n<meta property=\"og:site_name\" content=\"Tua Saude\" \/>\n<meta property=\"article:published_time\" content=\"2026-09-04T18:38:00+00:00\" \/>\n<meta property=\"og:image\" content=\"https:\/\/www.tuasaude.com\/es\/news\/wp-content\/uploads\/2026\/09\/despertarse-con-la-boca-seca-no-se-debe-solo-a-la-calef.jpg\" \/>\n\t<meta property=\"og:image:width\" content=\"1279\" \/>\n\t<meta property=\"og:image:height\" content=\"720\" \/>\n\t<meta property=\"og:image:type\" content=\"image\/jpeg\" \/>\n<meta name=\"author\" content=\"Gabriel Leme\" \/>\n<meta name=\"twitter:card\" content=\"summary_large_image\" \/>\n<meta name=\"twitter:label1\" content=\"Escrito por\" \/>\n\t<meta name=\"twitter:data1\" content=\"Gabriel Leme\" \/>\n\t<meta name=\"twitter:label2\" content=\"Tiempo de lectura\" \/>\n\t<meta name=\"twitter:data2\" content=\"4 minutos\" \/>\n<!-- \/ Yoast SEO plugin. -->","yoast_head_json":{"title":"Despertarse con la boca seca no se debe solo a la calefacci\u00f3n, sino en muchos casos a respirar por la boca durante la noche - Tua Saude","description":"La boca seca al despertar no siempre se explica por la calefacci\u00f3n. Un detalle del sue\u00f1o cambia lo que conviene revisar cuando el s\u00edntoma se repite.","robots":{"index":"index","follow":"follow","max-snippet":"max-snippet:-1","max-image-preview":"max-image-preview:large","max-video-preview":"max-video-preview:-1"},"canonical":"https:\/\/www.tuasaude.com\/es\/news\/2026\/09\/04\/despertarse-con-la-boca-seca-no-se-debe-solo-a-la-calefaccion-sino-en-muchos-casos-a-respirar-por-la-boca-durante-la-noche\/","og_locale":"es_ES","og_type":"article","og_title":"Despertarse con la boca seca no se debe solo a la calefacci\u00f3n, sino en muchos casos a respirar por la boca durante la noche - Tua Saude","og_description":"La boca seca al despertar no siempre se explica por la calefacci\u00f3n. Un detalle del sue\u00f1o cambia lo que conviene revisar cuando el s\u00edntoma se repite.","og_url":"https:\/\/www.tuasaude.com\/es\/news\/2026\/09\/04\/despertarse-con-la-boca-seca-no-se-debe-solo-a-la-calefaccion-sino-en-muchos-casos-a-respirar-por-la-boca-durante-la-noche\/","og_site_name":"Tua Saude","article_published_time":"2026-09-04T18:38:00+00:00","og_image":[{"width":1279,"height":720,"url":"https:\/\/www.tuasaude.com\/es\/news\/wp-content\/uploads\/2026\/09\/despertarse-con-la-boca-seca-no-se-debe-solo-a-la-calef.jpg","type":"image\/jpeg"}],"author":"Gabriel Leme","twitter_card":"summary_large_image","twitter_misc":{"Escrito por":"Gabriel Leme","Tiempo de lectura":"4 minutos"},"schema":{"@context":"https:\/\/schema.org","@graph":[{"@type":"Article","@id":"https:\/\/www.tuasaude.com\/es\/news\/2026\/09\/04\/despertarse-con-la-boca-seca-no-se-debe-solo-a-la-calefaccion-sino-en-muchos-casos-a-respirar-por-la-boca-durante-la-noche\/#article","isPartOf":{"@id":"https:\/\/www.tuasaude.com\/es\/news\/2026\/09\/04\/despertarse-con-la-boca-seca-no-se-debe-solo-a-la-calefaccion-sino-en-muchos-casos-a-respirar-por-la-boca-durante-la-noche\/"},"author":{"name":"Gabriel Leme","@id":"https:\/\/www.tuasaude.com\/es\/news\/#\/schema\/person\/d330332b43c07afaeaafcb8f33614666"},"headline":"Despertarse con la boca seca no se debe solo a la calefacci\u00f3n, sino en muchos casos a respirar por la boca durante la noche","datePublished":"2026-09-04T18:38:00+00:00","mainEntityOfPage":{"@id":"https:\/\/www.tuasaude.com\/es\/news\/2026\/09\/04\/despertarse-con-la-boca-seca-no-se-debe-solo-a-la-calefaccion-sino-en-muchos-casos-a-respirar-por-la-boca-durante-la-noche\/"},"wordCount":815,"commentCount":0,"image":{"@id":"https:\/\/www.tuasaude.com\/es\/news\/2026\/09\/04\/despertarse-con-la-boca-seca-no-se-debe-solo-a-la-calefaccion-sino-en-muchos-casos-a-respirar-por-la-boca-durante-la-noche\/#primaryimage"},"thumbnailUrl":"https:\/\/www.tuasaude.com\/es\/news\/wp-content\/uploads\/2026\/09\/despertarse-con-la-boca-seca-no-se-debe-solo-a-la-calef.jpg","keywords":["boca seca","hidrataci\u00f3n","respiracion bucal","salud","sue\u00f1o"],"articleSection":["Salud"],"inLanguage":"es","potentialAction":[{"@type":"CommentAction","name":"Comment","target":["https:\/\/www.tuasaude.com\/es\/news\/2026\/09\/04\/despertarse-con-la-boca-seca-no-se-debe-solo-a-la-calefaccion-sino-en-muchos-casos-a-respirar-por-la-boca-durante-la-noche\/#respond"]}]},{"@type":"WebPage","@id":"https:\/\/www.tuasaude.com\/es\/news\/2026\/09\/04\/despertarse-con-la-boca-seca-no-se-debe-solo-a-la-calefaccion-sino-en-muchos-casos-a-respirar-por-la-boca-durante-la-noche\/","url":"https:\/\/www.tuasaude.com\/es\/news\/2026\/09\/04\/despertarse-con-la-boca-seca-no-se-debe-solo-a-la-calefaccion-sino-en-muchos-casos-a-respirar-por-la-boca-durante-la-noche\/","name":"Despertarse con la boca seca no se debe solo a la calefacci\u00f3n, sino en muchos casos a respirar por la boca durante la noche - Tua Saude","isPartOf":{"@id":"https:\/\/www.tuasaude.com\/es\/news\/#website"},"primaryImageOfPage":{"@id":"https:\/\/www.tuasaude.com\/es\/news\/2026\/09\/04\/despertarse-con-la-boca-seca-no-se-debe-solo-a-la-calefaccion-sino-en-muchos-casos-a-respirar-por-la-boca-durante-la-noche\/#primaryimage"},"image":{"@id":"https:\/\/www.tuasaude.com\/es\/news\/2026\/09\/04\/despertarse-con-la-boca-seca-no-se-debe-solo-a-la-calefaccion-sino-en-muchos-casos-a-respirar-por-la-boca-durante-la-noche\/#primaryimage"},"thumbnailUrl":"https:\/\/www.tuasaude.com\/es\/news\/wp-content\/uploads\/2026\/09\/despertarse-con-la-boca-seca-no-se-debe-solo-a-la-calef.jpg","datePublished":"2026-09-04T18:38:00+00:00","author":{"@id":"https:\/\/www.tuasaude.com\/es\/news\/#\/schema\/person\/d330332b43c07afaeaafcb8f33614666"},"description":"La boca seca al despertar no siempre se explica por la calefacci\u00f3n. Un detalle del sue\u00f1o cambia lo que conviene revisar cuando el s\u00edntoma se repite.","breadcrumb":{"@id":"https:\/\/www.tuasaude.com\/es\/news\/2026\/09\/04\/despertarse-con-la-boca-seca-no-se-debe-solo-a-la-calefaccion-sino-en-muchos-casos-a-respirar-por-la-boca-durante-la-noche\/#breadcrumb"},"inLanguage":"es","potentialAction":[{"@type":"ReadAction","target":["https:\/\/www.tuasaude.com\/es\/news\/2026\/09\/04\/despertarse-con-la-boca-seca-no-se-debe-solo-a-la-calefaccion-sino-en-muchos-casos-a-respirar-por-la-boca-durante-la-noche\/"]}]},{"@type":"ImageObject","inLanguage":"es","@id":"https:\/\/www.tuasaude.com\/es\/news\/2026\/09\/04\/despertarse-con-la-boca-seca-no-se-debe-solo-a-la-calefaccion-sino-en-muchos-casos-a-respirar-por-la-boca-durante-la-noche\/#primaryimage","url":"https:\/\/www.tuasaude.com\/es\/news\/wp-content\/uploads\/2026\/09\/despertarse-con-la-boca-seca-no-se-debe-solo-a-la-calef.jpg","contentUrl":"https:\/\/www.tuasaude.com\/es\/news\/wp-content\/uploads\/2026\/09\/despertarse-con-la-boca-seca-no-se-debe-solo-a-la-calef.jpg","width":1279,"height":720,"caption":"La boca seca matutina puede indicar respiraci\u00f3n bucal durante el sue\u00f1o."},{"@type":"BreadcrumbList","@id":"https:\/\/www.tuasaude.com\/es\/news\/2026\/09\/04\/despertarse-con-la-boca-seca-no-se-debe-solo-a-la-calefaccion-sino-en-muchos-casos-a-respirar-por-la-boca-durante-la-noche\/#breadcrumb","itemListElement":[{"@type":"ListItem","position":1,"name":"Portada","item":"https:\/\/www.tuasaude.com\/es\/news\/"},{"@type":"ListItem","position":2,"name":"Despertarse con la boca seca no se debe solo a la calefacci\u00f3n, sino en muchos casos a respirar por la boca durante la noche"}]},{"@type":"WebSite","@id":"https:\/\/www.tuasaude.com\/es\/news\/#website","url":"https:\/\/www.tuasaude.com\/es\/news\/","name":"Tua Saude","description":"Tu sitio web de salud","potentialAction":[{"@type":"SearchAction","target":{"@type":"EntryPoint","urlTemplate":"https:\/\/www.tuasaude.com\/es\/news\/?s={search_term_string}"},"query-input":{"@type":"PropertyValueSpecification","valueRequired":true,"valueName":"search_term_string"}}],"inLanguage":"es"},{"@type":"Person","@id":"https:\/\/www.tuasaude.com\/es\/news\/#\/schema\/person\/d330332b43c07afaeaafcb8f33614666","name":"Gabriel Leme","image":{"@type":"ImageObject","inLanguage":"es","@id":"https:\/\/secure.gravatar.com\/avatar\/a12badc2d08e73d59b38f178ebe822eca26c0445823b05fefedea89fb346439c?s=96&d=mm&r=g","url":"https:\/\/secure.gravatar.com\/avatar\/a12badc2d08e73d59b38f178ebe822eca26c0445823b05fefedea89fb346439c?s=96&d=mm&r=g","contentUrl":"https:\/\/secure.gravatar.com\/avatar\/a12badc2d08e73d59b38f178ebe822eca26c0445823b05fefedea89fb346439c?s=96&d=mm&r=g","caption":"Gabriel Leme"},"sameAs":["https:\/\/www.tuasaude.com\/es\/news"],"url":"https:\/\/www.tuasaude.com\/es\/news\/author\/gabrielleme\/"}]}},"_links":{"self":[{"href":"https:\/\/www.tuasaude.com\/es\/news\/wp-json\/wp\/v2\/posts\/20353","targetHints":{"allow":["GET"]}}],"collection":[{"href":"https:\/\/www.tuasaude.com\/es\/news\/wp-json\/wp\/v2\/posts"}],"about":[{"href":"https:\/\/www.tuasaude.com\/es\/news\/wp-json\/wp\/v2\/types\/post"}],"author":[{"embeddable":true,"href":"https:\/\/www.tuasaude.com\/es\/news\/wp-json\/wp\/v2\/users\/15"}],"replies":[{"embeddable":true,"href":"https:\/\/www.tuasaude.com\/es\/news\/wp-json\/wp\/v2\/comments?post=20353"}],"version-history":[{"count":1,"href":"https:\/\/www.tuasaude.com\/es\/news\/wp-json\/wp\/v2\/posts\/20353\/revisions"}],"predecessor-version":[{"id":20389,"href":"https:\/\/www.tuasaude.com\/es\/news\/wp-json\/wp\/v2\/posts\/20353\/revisions\/20389"}],"wp:featuredmedia":[{"embeddable":true,"href":"https:\/\/www.tuasaude.com\/es\/news\/wp-json\/wp\/v2\/media\/20352"}],"wp:attachment":[{"href":"https:\/\/www.tuasaude.com\/es\/news\/wp-json\/wp\/v2\/media?parent=20353"}],"wp:term":[{"taxonomy":"category","embeddable":true,"href":"https:\/\/www.tuasaude.com\/es\/news\/wp-json\/wp\/v2\/categories?post=20353"},{"taxonomy":"post_tag","embeddable":true,"href":"https:\/\/www.tuasaude.com\/es\/news\/wp-json\/wp\/v2\/tags?post=20353"}],"curies":[{"name":"wp","href":"https:\/\/api.w.org\/{rel}","templated":true}]}}