{"id":20341,"date":"2026-09-04T18:58:00","date_gmt":"2026-09-04T17:58:00","guid":{"rendered":"https:\/\/www.tuasaude.com\/es\/news\/?p=20341"},"modified":"2026-09-04T14:29:17","modified_gmt":"2026-09-04T13:29:17","slug":"el-ardor-y-el-calor-en-los-pies-por-la-noche-que-significa-y-con-que-problemas-de-salud-se-relaciona","status":"publish","type":"post","link":"https:\/\/www.tuasaude.com\/es\/news\/2026\/09\/04\/el-ardor-y-el-calor-en-los-pies-por-la-noche-que-significa-y-con-que-problemas-de-salud-se-relaciona\/","title":{"rendered":"El ardor y el calor en los pies por la noche: qu\u00e9 significa y con qu\u00e9 problemas de salud se relaciona"},"content":{"rendered":"\n<p class=\"wp-block-paragraph\"><strong>El ardor en los pies<\/strong> por la noche no siempre se debe al cansancio del d\u00eda. A veces aparece junto con hormigueo, pinchazos, cambios en la sensibilidad o sensaci\u00f3n de calor intenso. Cuando este malestar se repite, conviene pensar en causas como alteraciones de la <strong>circulaci\u00f3n<\/strong>, desajustes del <strong>az\u00facar en sangre<\/strong>, compresi\u00f3n nerviosa o d\u00e9ficit de <strong>vitamina B12<\/strong>.<\/p>\n\n\n\n<h2 class=\"wp-block-heading\">\u00bfPor qu\u00e9 el ardor empeora al acostarse?<\/h2>\n\n\n\n<p class=\"wp-block-paragraph\">El calor de los pies suele notarse m\u00e1s al tumbarse porque hay menos distracciones, cambia la percepci\u00f3n del dolor y, en algunas personas, la sensibilidad nerviosa se vuelve m\u00e1s molesta al final del d\u00eda. Si adem\u00e1s hay inflamaci\u00f3n, neuropat\u00eda perif\u00e9rica o retorno venoso deficiente, la quemaz\u00f3n puede hacerse m\u00e1s clara durante la noche.<\/p>\n\n\n\n<p class=\"wp-block-paragraph\"><strong>La circulaci\u00f3n<\/strong> tambi\u00e9n influye. Pasar muchas horas de pie, usar calzado ajustado o tener hinchaz\u00f3n en tobillos y pies puede favorecer pesadez, enrojecimiento y sensaci\u00f3n de temperatura elevada. No obstante, cuando el s\u00edntoma se acompa\u00f1a de adormecimiento o p\u00e9rdida de sensibilidad, el origen nervioso gana peso.<\/p>\n\n\n\n<h2 class=\"wp-block-heading\">\u00bfQu\u00e9 relaci\u00f3n tiene con el az\u00facar en sangre?<\/h2>\n\n\n\n<p class=\"wp-block-paragraph\">El <strong>az\u00facar en sangre<\/strong> mal controlado puede da\u00f1ar progresivamente los nervios perif\u00e9ricos, sobre todo en los pies. Ese da\u00f1o favorece dolor urente, pinchazos, calambres y mayor sensibilidad al contacto de las s\u00e1banas. Una investigaci\u00f3n publicada en 2025 analiz\u00f3 este problema y confirm\u00f3 la frecuencia de la neuropat\u00eda diab\u00e9tica dolorosa, adem\u00e1s de su relaci\u00f3n con factores como m\u00e1s a\u00f1os de diabetes y mayor \u00edndice de masa corporal. En ese contexto, se describen con frecuencia <a href=\"https:\/\/www.sciencedirect.com\/science\/article\/pii\/S0168822725001135\" target=\"_blank\" rel=\"noopener noreferrer\">episodios de quemaz\u00f3n en los pies que empeoran por la noche<\/a>.<\/p>\n\n\n\n<p class=\"wp-block-paragraph\">Si el ardor aparece junto con sed intensa, ganas frecuentes de orinar, visi\u00f3n borrosa o heridas que tardan en cerrar, conviene revisar glucosa y hemoglobina glicosilada. En muchas personas, este tipo de molestias en los pies puede ser una de las pistas de un problema metab\u00f3lico que llevaba tiempo evolucionando.<\/p>\n\n\n<div class=\"wp-block-image wp-block-image aligncenter size-large\">\n<figure ><img decoding=\"async\" width=\"1279\" height=\"720\" src=\"https:\/\/www.tuasaude.com\/es\/news\/wp-content\/uploads\/2026\/09\/el-ardor-y-el-calor-en-los-pies-por-la-noche-que-signif-corpo.jpg\" alt=\"Circulaci\u00f3n, glucosa, vitamina B12 y nervios explican muchas causas del ardor.\" class=\"wp-image-20340\" srcset=\"https:\/\/www.tuasaude.com\/es\/news\/wp-content\/uploads\/2026\/09\/el-ardor-y-el-calor-en-los-pies-por-la-noche-que-signif-corpo.jpg 1279w, https:\/\/www.tuasaude.com\/es\/news\/wp-content\/uploads\/2026\/09\/el-ardor-y-el-calor-en-los-pies-por-la-noche-que-signif-corpo-300x169.jpg 300w, https:\/\/www.tuasaude.com\/es\/news\/wp-content\/uploads\/2026\/09\/el-ardor-y-el-calor-en-los-pies-por-la-noche-que-signif-corpo-1024x576.jpg 1024w, https:\/\/www.tuasaude.com\/es\/news\/wp-content\/uploads\/2026\/09\/el-ardor-y-el-calor-en-los-pies-por-la-noche-que-signif-corpo-768x432.jpg 768w, https:\/\/www.tuasaude.com\/es\/news\/wp-content\/uploads\/2026\/09\/el-ardor-y-el-calor-en-los-pies-por-la-noche-que-signif-corpo-750x422.jpg 750w, https:\/\/www.tuasaude.com\/es\/news\/wp-content\/uploads\/2026\/09\/el-ardor-y-el-calor-en-los-pies-por-la-noche-que-signif-corpo-1140x642.jpg 1140w\" sizes=\"(max-width: 1279px) 100vw, 1279px\" \/><figcaption class=\"wp-element-caption\">Circulaci\u00f3n, glucosa, vitamina B12 y nervios explican muchas causas del ardor.<\/figcaption><\/figure>\n<\/div>\n\n\n<h2 class=\"wp-block-heading\">\u00bfLa circulaci\u00f3n deficiente puede causar calor en los pies?<\/h2>\n\n\n\n<p class=\"wp-block-paragraph\"><strong>La circulaci\u00f3n<\/strong> puede estar implicada, aunque no siempre es la \u00fanica causa. Cuando la sangre retorna peor desde las piernas, pueden aparecer pesadez, edema, cambios de color en la piel, venas visibles y sensaci\u00f3n de pies calientes al final del d\u00eda. Si quieres ampliar este punto, en Tua Sa\u00fade se explican <a href=\"https:\/\/www.tuasaude.com\/es\/ardor-en-los-pies\/\" target=\"_blank\" rel=\"noopener noreferrer\">las causas del ardor en los pies<\/a> y las situaciones que requieren valoraci\u00f3n.<\/p>\n\n\n\n<p class=\"wp-block-paragraph\">Hay se\u00f1ales que orientan m\u00e1s hacia un problema circulatorio que hacia uno nervioso:<\/p>\n\n\n\n<ul class=\"wp-block-list\">\n<li>Hinchaz\u00f3n en tobillos al caer la tarde.<\/li>\n\n\n\n<li>Pesadez o cansancio en las piernas.<\/li>\n\n\n\n<li>Cambios de color, palidez o tono azulado.<\/li>\n\n\n\n<li>Empeoramiento tras muchas horas de pie.<\/li>\n\n\n\n<li>Alivio parcial al elevar las piernas.<\/li>\n<\/ul>\n\n\n\n<h2 class=\"wp-block-heading\">\u00bfQu\u00e9 papel tiene la vitamina B12?<\/h2>\n\n\n\n<p class=\"wp-block-paragraph\">La <strong>vitamina B12<\/strong> es clave para el buen funcionamiento del sistema nervioso. Cuando sus niveles son bajos, pueden aparecer hormigueo, adormecimiento, p\u00e9rdida de sensibilidad, debilidad y sensaci\u00f3n de quemaz\u00f3n en pies y manos. El d\u00e9ficit puede verse en personas con anemia, problemas de absorci\u00f3n digestiva, dietas muy restrictivas o uso prolongado de ciertos f\u00e1rmacos.<\/p>\n\n\n\n<p class=\"wp-block-paragraph\">La sospecha aumenta si el ardor se acompa\u00f1a de:<\/p>\n\n\n\n<ul class=\"wp-block-list\">\n<li>Cansancio marcado o falta de energ\u00eda.<\/li>\n\n\n\n<li>Palidez o mareo.<\/li>\n\n\n\n<li>Hormigueo en ambas piernas.<\/li>\n\n\n\n<li>Dificultad para mantener el equilibrio.<\/li>\n\n\n\n<li>Problemas de memoria o concentraci\u00f3n.<\/li>\n<\/ul>\n\n\n\n<p class=\"wp-block-paragraph\">En estos casos, una anal\u00edtica con hemograma y niveles de B12 puede orientar el diagn\u00f3stico. Corregir el d\u00e9ficit a tiempo ayuda a evitar que la alteraci\u00f3n neurol\u00f3gica progrese durante meses.<\/p>\n\n\n\n<h2 class=\"wp-block-heading\">\u00bfQu\u00e9 otros problemas pueden estar detr\u00e1s?<\/h2>\n\n\n\n<p class=\"wp-block-paragraph\">El <strong>ardor en los pies<\/strong> tambi\u00e9n puede relacionarse con compresi\u00f3n nerviosa lumbar, neuropat\u00eda de fibra peque\u00f1a, consumo elevado de alcohol, insuficiencia renal, hipotiroidismo, infecciones por hongos, dermatitis de contacto o exceso de sudoraci\u00f3n. Otra revisi\u00f3n basada en evidencia, publicada en 2026, se\u00f1al\u00f3 la importancia de buscar causas tratables cuando hay dolor urente y alteraciones sensoriales en los pies, como <a href=\"https:\/\/onlinelibrary.wiley.com\/doi\/full\/10.1002\/mus.70119\" target=\"_blank\" rel=\"noopener noreferrer\">d\u00e9ficits nutricionales y cambios metab\u00f3licos asociados a neuropat\u00eda de fibra peque\u00f1a<\/a>.<\/p>\n\n\n\n<p class=\"wp-block-paragraph\">El patr\u00f3n del s\u00edntoma da pistas \u00fatiles. Si la quemaz\u00f3n afecta a ambos pies y sube poco a poco, suele hacer pensar en afectaci\u00f3n nerviosa. Si predomina el picor con descamaci\u00f3n, encaja mejor con una alteraci\u00f3n cut\u00e1nea. Si aparece dolor en pantorrilla al caminar, conviene valorar el componente vascular.<\/p>\n\n\n\n<h2 class=\"wp-block-heading\">\u00bfCu\u00e1ndo conviene pedir cita m\u00e9dica?<\/h2>\n\n\n\n<p class=\"wp-block-paragraph\"><strong>El ardor en los pies<\/strong> merece valoraci\u00f3n si dura varios d\u00edas, interfiere con el sue\u00f1o o se repite cada noche. Tambi\u00e9n si aparece junto con p\u00e9rdida de sensibilidad, debilidad, calambres frecuentes, heridas, cambio de color en la piel o sensaci\u00f3n de descarga el\u00e9ctrica. La exploraci\u00f3n suele incluir revisi\u00f3n neurol\u00f3gica, pulsos, piel, sensibilidad y, seg\u00fan el caso, an\u00e1lisis de glucosa, funci\u00f3n renal, tiroides y <strong>vitamina B12<\/strong>.<\/p>\n\n\n\n<p class=\"wp-block-paragraph\">Cuando el s\u00edntoma se vuelve persistente, identificar si el problema est\u00e1 en los nervios, en la microcirculaci\u00f3n, en el control del <strong>az\u00facar en sangre<\/strong> o en un d\u00e9ficit nutricional cambia por completo el manejo. Ese matiz es importante porque el tratamiento no es el mismo si la causa es neuropat\u00eda, edema venoso, inflamaci\u00f3n local o una carencia vitam\u00ednica.<\/p>\n\n\n\n<p class=\"wp-block-paragraph\">Este contenido tiene car\u00e1cter exclusivamente informativo y <strong>no sustituye la evaluaci\u00f3n<\/strong>, el diagn\u00f3stico ni el seguimiento de un profesional sanitario. Si presentas s\u00edntomas o tienes dudas sobre tu estado de salud, busca atenci\u00f3n m\u00e9dica.<\/p>\n","protected":false},"excerpt":{"rendered":"<p>El ardor en los pies por la noche no siempre se debe al cansancio del d\u00eda. A veces aparece junto con hormigueo, pinchazos, cambios en la sensibilidad o sensaci\u00f3n de calor intenso. Cuando este malestar se repite, conviene pensar en causas como alteraciones de la circulaci\u00f3n, desajustes del az\u00facar en sangre, compresi\u00f3n nerviosa o d\u00e9ficit [&hellip;]<\/p>\n","protected":false},"author":15,"featured_media":20339,"comment_status":"open","ping_status":"open","sticky":false,"template":"","format":"standard","meta":{"jnews-multi-image_gallery":[],"jnews_single_post":{"format":"standard"},"jnews_primary_category":[],"jnews_social_meta":[],"jnews_override_counter":[],"footnotes":""},"categories":[8767],"tags":[19980,17413,17446,17396,17280],"class_list":["post-20341","post","type-post","status-publish","format-standard","has-post-thumbnail","hentry","category-salud","tag-ardor-en-los-pies","tag-azucar-en-sangre","tag-circulacion","tag-salud","tag-vitamina-b12"],"yoast_head":"<!-- This site is optimized with the Yoast SEO plugin v28.3 - https:\/\/yoast.com\/product\/yoast-seo-wordpress\/ -->\n<title>El ardor y el calor en los pies por la noche: qu\u00e9 significa y con qu\u00e9 problemas de salud se relaciona - Tua Saude<\/title>\n<meta name=\"description\" content=\"El ardor en los pies por la noche puede apuntar a nervios, circulaci\u00f3n o az\u00facar en sangre. Un matiz cambia por completo lo que conviene vigilar.\" \/>\n<meta name=\"robots\" content=\"index, follow, max-snippet:-1, max-image-preview:large, max-video-preview:-1\" \/>\n<link rel=\"canonical\" href=\"https:\/\/www.tuasaude.com\/es\/news\/2026\/09\/04\/el-ardor-y-el-calor-en-los-pies-por-la-noche-que-significa-y-con-que-problemas-de-salud-se-relaciona\/\" \/>\n<meta property=\"og:locale\" content=\"es_ES\" \/>\n<meta property=\"og:type\" content=\"article\" \/>\n<meta property=\"og:title\" content=\"El ardor y el calor en los pies por la noche: qu\u00e9 significa y con qu\u00e9 problemas de salud se relaciona - Tua Saude\" \/>\n<meta property=\"og:description\" content=\"El ardor en los pies por la noche puede apuntar a nervios, circulaci\u00f3n o az\u00facar en sangre. Un matiz cambia por completo lo que conviene vigilar.\" \/>\n<meta property=\"og:url\" content=\"https:\/\/www.tuasaude.com\/es\/news\/2026\/09\/04\/el-ardor-y-el-calor-en-los-pies-por-la-noche-que-significa-y-con-que-problemas-de-salud-se-relaciona\/\" \/>\n<meta property=\"og:site_name\" content=\"Tua Saude\" \/>\n<meta property=\"article:published_time\" content=\"2026-09-04T17:58:00+00:00\" \/>\n<meta property=\"og:image\" content=\"https:\/\/www.tuasaude.com\/es\/news\/wp-content\/uploads\/2026\/09\/el-ardor-y-el-calor-en-los-pies-por-la-noche-que-signif.jpg\" \/>\n\t<meta property=\"og:image:width\" content=\"1279\" \/>\n\t<meta property=\"og:image:height\" content=\"720\" \/>\n\t<meta property=\"og:image:type\" content=\"image\/jpeg\" \/>\n<meta name=\"author\" content=\"Gabriel Leme\" \/>\n<meta name=\"twitter:card\" content=\"summary_large_image\" \/>\n<meta name=\"twitter:label1\" content=\"Escrito por\" \/>\n\t<meta name=\"twitter:data1\" content=\"Gabriel Leme\" \/>\n\t<meta name=\"twitter:label2\" content=\"Tiempo de lectura\" \/>\n\t<meta name=\"twitter:data2\" content=\"5 minutos\" \/>\n<!-- \/ Yoast SEO plugin. -->","yoast_head_json":{"title":"El ardor y el calor en los pies por la noche: qu\u00e9 significa y con qu\u00e9 problemas de salud se relaciona - Tua Saude","description":"El ardor en los pies por la noche puede apuntar a nervios, circulaci\u00f3n o az\u00facar en sangre. Un matiz cambia por completo lo que conviene vigilar.","robots":{"index":"index","follow":"follow","max-snippet":"max-snippet:-1","max-image-preview":"max-image-preview:large","max-video-preview":"max-video-preview:-1"},"canonical":"https:\/\/www.tuasaude.com\/es\/news\/2026\/09\/04\/el-ardor-y-el-calor-en-los-pies-por-la-noche-que-significa-y-con-que-problemas-de-salud-se-relaciona\/","og_locale":"es_ES","og_type":"article","og_title":"El ardor y el calor en los pies por la noche: qu\u00e9 significa y con qu\u00e9 problemas de salud se relaciona - Tua Saude","og_description":"El ardor en los pies por la noche puede apuntar a nervios, circulaci\u00f3n o az\u00facar en sangre. Un matiz cambia por completo lo que conviene vigilar.","og_url":"https:\/\/www.tuasaude.com\/es\/news\/2026\/09\/04\/el-ardor-y-el-calor-en-los-pies-por-la-noche-que-significa-y-con-que-problemas-de-salud-se-relaciona\/","og_site_name":"Tua Saude","article_published_time":"2026-09-04T17:58:00+00:00","og_image":[{"width":1279,"height":720,"url":"https:\/\/www.tuasaude.com\/es\/news\/wp-content\/uploads\/2026\/09\/el-ardor-y-el-calor-en-los-pies-por-la-noche-que-signif.jpg","type":"image\/jpeg"}],"author":"Gabriel Leme","twitter_card":"summary_large_image","twitter_misc":{"Escrito por":"Gabriel Leme","Tiempo de lectura":"5 minutos"},"schema":{"@context":"https:\/\/schema.org","@graph":[{"@type":"Article","@id":"https:\/\/www.tuasaude.com\/es\/news\/2026\/09\/04\/el-ardor-y-el-calor-en-los-pies-por-la-noche-que-significa-y-con-que-problemas-de-salud-se-relaciona\/#article","isPartOf":{"@id":"https:\/\/www.tuasaude.com\/es\/news\/2026\/09\/04\/el-ardor-y-el-calor-en-los-pies-por-la-noche-que-significa-y-con-que-problemas-de-salud-se-relaciona\/"},"author":{"name":"Gabriel Leme","@id":"https:\/\/www.tuasaude.com\/es\/news\/#\/schema\/person\/d330332b43c07afaeaafcb8f33614666"},"headline":"El ardor y el calor en los pies por la noche: qu\u00e9 significa y con qu\u00e9 problemas de salud se relaciona","datePublished":"2026-09-04T17:58:00+00:00","mainEntityOfPage":{"@id":"https:\/\/www.tuasaude.com\/es\/news\/2026\/09\/04\/el-ardor-y-el-calor-en-los-pies-por-la-noche-que-significa-y-con-que-problemas-de-salud-se-relaciona\/"},"wordCount":974,"commentCount":0,"image":{"@id":"https:\/\/www.tuasaude.com\/es\/news\/2026\/09\/04\/el-ardor-y-el-calor-en-los-pies-por-la-noche-que-significa-y-con-que-problemas-de-salud-se-relaciona\/#primaryimage"},"thumbnailUrl":"https:\/\/www.tuasaude.com\/es\/news\/wp-content\/uploads\/2026\/09\/el-ardor-y-el-calor-en-los-pies-por-la-noche-que-signif.jpg","keywords":["ardor en los pies","az\u00facar en sangre","circulaci\u00f3n","salud","vitamina B12"],"articleSection":["Salud"],"inLanguage":"es","potentialAction":[{"@type":"CommentAction","name":"Comment","target":["https:\/\/www.tuasaude.com\/es\/news\/2026\/09\/04\/el-ardor-y-el-calor-en-los-pies-por-la-noche-que-significa-y-con-que-problemas-de-salud-se-relaciona\/#respond"]}]},{"@type":"WebPage","@id":"https:\/\/www.tuasaude.com\/es\/news\/2026\/09\/04\/el-ardor-y-el-calor-en-los-pies-por-la-noche-que-significa-y-con-que-problemas-de-salud-se-relaciona\/","url":"https:\/\/www.tuasaude.com\/es\/news\/2026\/09\/04\/el-ardor-y-el-calor-en-los-pies-por-la-noche-que-significa-y-con-que-problemas-de-salud-se-relaciona\/","name":"El ardor y el calor en los pies por la noche: qu\u00e9 significa y con qu\u00e9 problemas de salud se relaciona - Tua Saude","isPartOf":{"@id":"https:\/\/www.tuasaude.com\/es\/news\/#website"},"primaryImageOfPage":{"@id":"https:\/\/www.tuasaude.com\/es\/news\/2026\/09\/04\/el-ardor-y-el-calor-en-los-pies-por-la-noche-que-significa-y-con-que-problemas-de-salud-se-relaciona\/#primaryimage"},"image":{"@id":"https:\/\/www.tuasaude.com\/es\/news\/2026\/09\/04\/el-ardor-y-el-calor-en-los-pies-por-la-noche-que-significa-y-con-que-problemas-de-salud-se-relaciona\/#primaryimage"},"thumbnailUrl":"https:\/\/www.tuasaude.com\/es\/news\/wp-content\/uploads\/2026\/09\/el-ardor-y-el-calor-en-los-pies-por-la-noche-que-signif.jpg","datePublished":"2026-09-04T17:58:00+00:00","author":{"@id":"https:\/\/www.tuasaude.com\/es\/news\/#\/schema\/person\/d330332b43c07afaeaafcb8f33614666"},"description":"El ardor en los pies por la noche puede apuntar a nervios, circulaci\u00f3n o az\u00facar en sangre. Un matiz cambia por completo lo que conviene vigilar.","breadcrumb":{"@id":"https:\/\/www.tuasaude.com\/es\/news\/2026\/09\/04\/el-ardor-y-el-calor-en-los-pies-por-la-noche-que-significa-y-con-que-problemas-de-salud-se-relaciona\/#breadcrumb"},"inLanguage":"es","potentialAction":[{"@type":"ReadAction","target":["https:\/\/www.tuasaude.com\/es\/news\/2026\/09\/04\/el-ardor-y-el-calor-en-los-pies-por-la-noche-que-significa-y-con-que-problemas-de-salud-se-relaciona\/"]}]},{"@type":"ImageObject","inLanguage":"es","@id":"https:\/\/www.tuasaude.com\/es\/news\/2026\/09\/04\/el-ardor-y-el-calor-en-los-pies-por-la-noche-que-significa-y-con-que-problemas-de-salud-se-relaciona\/#primaryimage","url":"https:\/\/www.tuasaude.com\/es\/news\/wp-content\/uploads\/2026\/09\/el-ardor-y-el-calor-en-los-pies-por-la-noche-que-signif.jpg","contentUrl":"https:\/\/www.tuasaude.com\/es\/news\/wp-content\/uploads\/2026\/09\/el-ardor-y-el-calor-en-los-pies-por-la-noche-que-signif.jpg","width":1279,"height":720,"caption":"El ardor nocturno en los pies puede relacionarse con nervios o circulaci\u00f3n."},{"@type":"BreadcrumbList","@id":"https:\/\/www.tuasaude.com\/es\/news\/2026\/09\/04\/el-ardor-y-el-calor-en-los-pies-por-la-noche-que-significa-y-con-que-problemas-de-salud-se-relaciona\/#breadcrumb","itemListElement":[{"@type":"ListItem","position":1,"name":"Portada","item":"https:\/\/www.tuasaude.com\/es\/news\/"},{"@type":"ListItem","position":2,"name":"El ardor y el calor en los pies por la noche: qu\u00e9 significa y con qu\u00e9 problemas de salud se relaciona"}]},{"@type":"WebSite","@id":"https:\/\/www.tuasaude.com\/es\/news\/#website","url":"https:\/\/www.tuasaude.com\/es\/news\/","name":"Tua Saude","description":"Tu sitio web de salud","potentialAction":[{"@type":"SearchAction","target":{"@type":"EntryPoint","urlTemplate":"https:\/\/www.tuasaude.com\/es\/news\/?s={search_term_string}"},"query-input":{"@type":"PropertyValueSpecification","valueRequired":true,"valueName":"search_term_string"}}],"inLanguage":"es"},{"@type":"Person","@id":"https:\/\/www.tuasaude.com\/es\/news\/#\/schema\/person\/d330332b43c07afaeaafcb8f33614666","name":"Gabriel Leme","image":{"@type":"ImageObject","inLanguage":"es","@id":"https:\/\/secure.gravatar.com\/avatar\/a12badc2d08e73d59b38f178ebe822eca26c0445823b05fefedea89fb346439c?s=96&d=mm&r=g","url":"https:\/\/secure.gravatar.com\/avatar\/a12badc2d08e73d59b38f178ebe822eca26c0445823b05fefedea89fb346439c?s=96&d=mm&r=g","contentUrl":"https:\/\/secure.gravatar.com\/avatar\/a12badc2d08e73d59b38f178ebe822eca26c0445823b05fefedea89fb346439c?s=96&d=mm&r=g","caption":"Gabriel Leme"},"sameAs":["https:\/\/www.tuasaude.com\/es\/news"],"url":"https:\/\/www.tuasaude.com\/es\/news\/author\/gabrielleme\/"}]}},"_links":{"self":[{"href":"https:\/\/www.tuasaude.com\/es\/news\/wp-json\/wp\/v2\/posts\/20341","targetHints":{"allow":["GET"]}}],"collection":[{"href":"https:\/\/www.tuasaude.com\/es\/news\/wp-json\/wp\/v2\/posts"}],"about":[{"href":"https:\/\/www.tuasaude.com\/es\/news\/wp-json\/wp\/v2\/types\/post"}],"author":[{"embeddable":true,"href":"https:\/\/www.tuasaude.com\/es\/news\/wp-json\/wp\/v2\/users\/15"}],"replies":[{"embeddable":true,"href":"https:\/\/www.tuasaude.com\/es\/news\/wp-json\/wp\/v2\/comments?post=20341"}],"version-history":[{"count":1,"href":"https:\/\/www.tuasaude.com\/es\/news\/wp-json\/wp\/v2\/posts\/20341\/revisions"}],"predecessor-version":[{"id":20385,"href":"https:\/\/www.tuasaude.com\/es\/news\/wp-json\/wp\/v2\/posts\/20341\/revisions\/20385"}],"wp:featuredmedia":[{"embeddable":true,"href":"https:\/\/www.tuasaude.com\/es\/news\/wp-json\/wp\/v2\/media\/20339"}],"wp:attachment":[{"href":"https:\/\/www.tuasaude.com\/es\/news\/wp-json\/wp\/v2\/media?parent=20341"}],"wp:term":[{"taxonomy":"category","embeddable":true,"href":"https:\/\/www.tuasaude.com\/es\/news\/wp-json\/wp\/v2\/categories?post=20341"},{"taxonomy":"post_tag","embeddable":true,"href":"https:\/\/www.tuasaude.com\/es\/news\/wp-json\/wp\/v2\/tags?post=20341"}],"curies":[{"name":"wp","href":"https:\/\/api.w.org\/{rel}","templated":true}]}}