{"id":20320,"date":"2026-09-04T14:48:00","date_gmt":"2026-09-04T13:48:00","guid":{"rendered":"https:\/\/www.tuasaude.com\/es\/news\/?p=20320"},"modified":"2026-09-04T14:27:51","modified_gmt":"2026-09-04T13:27:51","slug":"cuanta-proteina-al-dia-se-necesita-a-partir-de-los-60-anos-para-no-perder-masa-muscular","status":"publish","type":"post","link":"https:\/\/www.tuasaude.com\/es\/news\/2026\/09\/04\/cuanta-proteina-al-dia-se-necesita-a-partir-de-los-60-anos-para-no-perder-masa-muscular\/","title":{"rendered":"Cu\u00e1nta prote\u00edna al d\u00eda se necesita a partir de los 60 a\u00f1os para no perder masa muscular"},"content":{"rendered":"\n<p class=\"wp-block-paragraph\"><strong>La prote\u00edna<\/strong> cobra un papel distinto a partir de los <strong>60 a\u00f1os<\/strong>. Con la edad cambia la respuesta del m\u00fasculo al aporte de amino\u00e1cidos, baja la fuerza con m\u00e1s facilidad y mantener la <strong>masa muscular<\/strong> exige cuidar la alimentaci\u00f3n diaria. La duda no suele ser si hace falta tomarla, sino cu\u00e1nta incluir en la <strong>raci\u00f3n diaria<\/strong> para sostener tejido muscular, movilidad y autonom\u00eda.<\/p>\n\n\n\n<h2 class=\"wp-block-heading\">\u00bfCu\u00e1nta prote\u00edna al d\u00eda conviene tomar despu\u00e9s de los 60?<\/h2>\n\n\n\n<p class=\"wp-block-paragraph\">La referencia general para adultos suele quedarse corta en muchas personas mayores. A partir de los 60, numerosos especialistas sit\u00faan una ingesta \u00fatil alrededor de <strong>1 a 1,2 g por kilo de peso al d\u00eda<\/strong>, siempre que no exista una enfermedad renal u otra condici\u00f3n que obligue a ajustar la pauta. En personas con poca fuerza, apetito bajo, convalecencia o ejercicio de fuerza, la cifra puede necesitar una revisi\u00f3n individual.<\/p>\n\n\n\n<p class=\"wp-block-paragraph\">Eso significa que una persona de 70 kilos podr\u00eda moverse en una franja aproximada de 70 a 84 gramos al d\u00eda. M\u00e1s que concentrarlo todo en una sola comida, suele funcionar mejor repartir la raci\u00f3n entre desayuno, comida y cena, porque el m\u00fasculo aprovecha mejor varios est\u00edmulos de amino\u00e1cidos, en especial de <strong>leucina<\/strong>, a lo largo de la jornada.<\/p>\n\n\n\n<h2 class=\"wp-block-heading\">\u00bfQu\u00e9 dice la evidencia cient\u00edfica sobre prote\u00edna y m\u00fasculo en personas mayores?<\/h2>\n\n\n\n<p class=\"wp-block-paragraph\">La relaci\u00f3n entre prote\u00edna y conservaci\u00f3n muscular no se basa solo en teor\u00eda. Un an\u00e1lisis reciente reuni\u00f3 los datos disponibles en adultos mayores que viven en la comunidad y observ\u00f3 que la suplementaci\u00f3n proteica tuvo un efecto positivo, peque\u00f1o pero significativo, sobre la masa muscular. Puedes leer el hallazgo en <a href=\"https:\/\/pubmed.ncbi.nlm.nih.gov\/38830547\/\" target=\"_blank\" rel=\"noopener noreferrer\">la mejora de la masa muscular con suplementaci\u00f3n proteica en adultos mayores<\/a>.<\/p>\n\n\n\n<p class=\"wp-block-paragraph\">Ese resultado encaja con lo que se ve en consulta y en recomendaciones actuales. No siempre hace falta recurrir a suplementos, pero s\u00ed llegar a una cantidad suficiente de prote\u00ednas de buena calidad. Cuando la ingesta habitual se queda corta durante semanas o meses, el m\u00fasculo tiende a perder volumen y tambi\u00e9n rendimiento en tareas tan concretas como levantarse de una silla o caminar con buen ritmo.<\/p>\n\n\n<div class=\"wp-block-image wp-block-image aligncenter size-large\">\n<figure ><img decoding=\"async\" width=\"1280\" height=\"720\" src=\"https:\/\/www.tuasaude.com\/es\/news\/wp-content\/uploads\/2026\/09\/cuanta-proteina-al-dia-se-necesita-a-partir-de-los-60-a-corpo.jpg\" alt=\"Cantidad, reparto, alimentos y fuerza sostienen la masa muscular en mayores.\" class=\"wp-image-20318\" srcset=\"https:\/\/www.tuasaude.com\/es\/news\/wp-content\/uploads\/2026\/09\/cuanta-proteina-al-dia-se-necesita-a-partir-de-los-60-a-corpo.jpg 1280w, https:\/\/www.tuasaude.com\/es\/news\/wp-content\/uploads\/2026\/09\/cuanta-proteina-al-dia-se-necesita-a-partir-de-los-60-a-corpo-300x169.jpg 300w, https:\/\/www.tuasaude.com\/es\/news\/wp-content\/uploads\/2026\/09\/cuanta-proteina-al-dia-se-necesita-a-partir-de-los-60-a-corpo-1024x576.jpg 1024w, https:\/\/www.tuasaude.com\/es\/news\/wp-content\/uploads\/2026\/09\/cuanta-proteina-al-dia-se-necesita-a-partir-de-los-60-a-corpo-768x432.jpg 768w, https:\/\/www.tuasaude.com\/es\/news\/wp-content\/uploads\/2026\/09\/cuanta-proteina-al-dia-se-necesita-a-partir-de-los-60-a-corpo-750x422.jpg 750w, https:\/\/www.tuasaude.com\/es\/news\/wp-content\/uploads\/2026\/09\/cuanta-proteina-al-dia-se-necesita-a-partir-de-los-60-a-corpo-1140x641.jpg 1140w\" sizes=\"(max-width: 1280px) 100vw, 1280px\" \/><figcaption class=\"wp-element-caption\">Cantidad, reparto, alimentos y fuerza sostienen la masa muscular en mayores.<\/figcaption><\/figure>\n<\/div>\n\n\n<h2 class=\"wp-block-heading\">\u00bfC\u00f3mo repartir la raci\u00f3n diaria para proteger mejor la masa muscular?<\/h2>\n\n\n\n<p class=\"wp-block-paragraph\">La <strong>raci\u00f3n diaria<\/strong> importa, pero tambi\u00e9n su distribuci\u00f3n. Muchas personas concentran casi toda la prote\u00edna en la comida y dejan desayuno y cena muy pobres en amino\u00e1cidos. Ese patr\u00f3n no es el m\u00e1s \u00fatil si el objetivo es frenar la p\u00e9rdida de m\u00fasculo. En <a href=\"https:\/\/www.tuasaude.com\/es\/medico-responde\/cuanta-proteina-debo-comer-al-dia\/\" target=\"_blank\" rel=\"noopener noreferrer\">c\u00f3mo calcular la prote\u00edna diaria<\/a> se explica c\u00f3mo ajustar los gramos seg\u00fan el peso y la situaci\u00f3n de cada persona.<\/p>\n\n\n\n<ul class=\"wp-block-list\">\n<li>Desayuno con 20 a 30 gramos, por ejemplo yogur griego, leche, queso fresco o huevos.<\/li>\n\n\n\n<li>Comida con una fuente principal, como pescado, pollo, legumbres o tofu.<\/li>\n\n\n\n<li>Cena con otra toma suficiente, evitando platos casi sin prote\u00edna.<\/li>\n\n\n\n<li>Si hay poco apetito, puede ayudar un tentempi\u00e9 proteico entre horas.<\/li>\n<\/ul>\n\n\n\n<p class=\"wp-block-paragraph\">Repartir mejor las tomas suele ser m\u00e1s realista que intentar compensarlo todo en una sola comida abundante. Adem\u00e1s, mejora la saciedad y ayuda a sostener la recuperaci\u00f3n muscular tras caminar, subir escaleras o hacer ejercicios con resistencia.<\/p>\n\n\n\n<h2 class=\"wp-block-heading\">\u00bfQu\u00e9 alimentos ayudan a llegar a la cantidad necesaria?<\/h2>\n\n\n\n<p class=\"wp-block-paragraph\">La prote\u00edna puede cubrirse con comida habitual, sin necesidad de productos especiales en muchos casos. Lo importante es priorizar alimentos con buena densidad proteica y combinarlos con energ\u00eda suficiente, porque un m\u00fasculo mal alimentado tambi\u00e9n sufre cuando faltan calor\u00edas.<\/p>\n\n\n\n<ul class=\"wp-block-list\">\n<li>Huevos, leche, yogur natural, queso fresco y k\u00e9fir.<\/li>\n\n\n\n<li>Pescado, pollo, pavo, marisco y carnes magras.<\/li>\n\n\n\n<li>Lentejas, garbanzos, alubias y soja.<\/li>\n\n\n\n<li>Frutos secos y semillas, como apoyo, no como fuente principal.<\/li>\n\n\n\n<li>Combinaciones \u00fatiles, como legumbres con cereales, cuando se sigue una pauta vegetariana.<\/li>\n<\/ul>\n\n\n\n<p class=\"wp-block-paragraph\">Otra investigaci\u00f3n en la misma l\u00ednea se\u00f1al\u00f3 que una ingesta insuficiente se asocia con mayor probabilidad de sarcopenia, es decir, p\u00e9rdida de masa y funci\u00f3n muscular con la edad. Puede revisarse en <a href=\"https:\/\/pubmed.ncbi.nlm.nih.gov\/35886571\/\" target=\"_blank\" rel=\"noopener noreferrer\">la asociaci\u00f3n entre baja ingesta de prote\u00edna y sarcopenia<\/a>. No se trata solo de sumar gramos, tambi\u00e9n cuenta la calidad de la dieta completa.<\/p>\n\n\n\n<h2 class=\"wp-block-heading\">\u00bfCu\u00e1ndo conviene revisar la cantidad con un profesional?<\/h2>\n\n\n\n<p class=\"wp-block-paragraph\">Los <strong>60 a\u00f1os<\/strong> no marcan una necesidad id\u00e9ntica para todo el mundo. Conviene revisar la pauta si hay p\u00e9rdida de peso involuntaria, cansancio al subir escaleras, menor fuerza al cargar bolsas, recuperaci\u00f3n lenta tras una enfermedad o dificultad para masticar. Tambi\u00e9n si existe enfermedad renal, hep\u00e1tica o digestiva, porque en esos casos la cantidad y el tipo de prote\u00edna deben ajustarse con m\u00e1s precisi\u00f3n.<\/p>\n\n\n\n<p class=\"wp-block-paragraph\">Si el apetito es bajo, puede ser \u00fatil repartir porciones m\u00e1s peque\u00f1as y frecuentes, usar alimentos blandos o enriquecer platos cotidianos con leche en polvo, queso, yogur o legumbres trituradas. Mantener la <strong>masa muscular<\/strong> no depende de un \u00fanico alimento, sino de una ingesta regular de prote\u00ednas, ejercicio de fuerza y suficiente energ\u00eda para que el tejido muscular no entre en balance negativo.<\/p>\n\n\n\n<p class=\"wp-block-paragraph\">Este contenido tiene car\u00e1cter informativo y <strong>no sustituye la evaluaci\u00f3n<\/strong>, el diagn\u00f3stico ni el seguimiento de un profesional sanitario. Si notas p\u00e9rdida de fuerza, peso o apetito, busca valoraci\u00f3n m\u00e9dica.<\/p>\n","protected":false},"excerpt":{"rendered":"<p>La prote\u00edna cobra un papel distinto a partir de los 60 a\u00f1os. Con la edad cambia la respuesta del m\u00fasculo al aporte de amino\u00e1cidos, baja la fuerza con m\u00e1s facilidad y mantener la masa muscular exige cuidar la alimentaci\u00f3n diaria. La duda no suele ser si hace falta tomarla, sino cu\u00e1nta incluir en la raci\u00f3n [&hellip;]<\/p>\n","protected":false},"author":15,"featured_media":20319,"comment_status":"open","ping_status":"open","sticky":false,"template":"","format":"standard","meta":{"jnews-multi-image_gallery":[],"jnews_single_post":{"format":"standard"},"jnews_primary_category":[],"jnews_social_meta":[],"jnews_override_counter":[],"footnotes":""},"categories":[8766],"tags":[8781,17921,17406,15328,20390],"class_list":["post-20320","post","type-post","status-publish","format-standard","has-post-thumbnail","hentry","category-nutricion","tag-60-anos","tag-masa-muscular","tag-nutricion","tag-proteina","tag-racion-diaria"],"yoast_head":"<!-- This site is optimized with the Yoast SEO plugin v28.3 - https:\/\/yoast.com\/product\/yoast-seo-wordpress\/ -->\n<title>Cu\u00e1nta prote\u00edna al d\u00eda se necesita a partir de los 60 a\u00f1os para no perder masa muscular - Tua Saude<\/title>\n<meta name=\"description\" content=\"La prote\u00edna a partir de los 60 a\u00f1os no se mide solo en gramos. Un ajuste en la raci\u00f3n diaria puede cambiar c\u00f3mo se conserva la masa muscular.\" \/>\n<meta name=\"robots\" content=\"index, follow, max-snippet:-1, max-image-preview:large, max-video-preview:-1\" \/>\n<link rel=\"canonical\" href=\"https:\/\/www.tuasaude.com\/es\/news\/2026\/09\/04\/cuanta-proteina-al-dia-se-necesita-a-partir-de-los-60-anos-para-no-perder-masa-muscular\/\" \/>\n<meta property=\"og:locale\" content=\"es_ES\" \/>\n<meta property=\"og:type\" content=\"article\" \/>\n<meta property=\"og:title\" content=\"Cu\u00e1nta prote\u00edna al d\u00eda se necesita a partir de los 60 a\u00f1os para no perder masa muscular - Tua Saude\" \/>\n<meta property=\"og:description\" content=\"La prote\u00edna a partir de los 60 a\u00f1os no se mide solo en gramos. Un ajuste en la raci\u00f3n diaria puede cambiar c\u00f3mo se conserva la masa muscular.\" \/>\n<meta property=\"og:url\" content=\"https:\/\/www.tuasaude.com\/es\/news\/2026\/09\/04\/cuanta-proteina-al-dia-se-necesita-a-partir-de-los-60-anos-para-no-perder-masa-muscular\/\" \/>\n<meta property=\"og:site_name\" content=\"Tua Saude\" \/>\n<meta property=\"article:published_time\" content=\"2026-09-04T13:48:00+00:00\" \/>\n<meta property=\"og:image\" content=\"https:\/\/www.tuasaude.com\/es\/news\/wp-content\/uploads\/2026\/09\/cuanta-proteina-al-dia-se-necesita-a-partir-de-los-60-a.jpg\" \/>\n\t<meta property=\"og:image:width\" content=\"1279\" \/>\n\t<meta property=\"og:image:height\" content=\"720\" \/>\n\t<meta property=\"og:image:type\" content=\"image\/jpeg\" \/>\n<meta name=\"author\" content=\"Gabriel Leme\" \/>\n<meta name=\"twitter:card\" content=\"summary_large_image\" \/>\n<meta name=\"twitter:label1\" content=\"Escrito por\" \/>\n\t<meta name=\"twitter:data1\" content=\"Gabriel Leme\" \/>\n\t<meta name=\"twitter:label2\" content=\"Tiempo de lectura\" \/>\n\t<meta name=\"twitter:data2\" content=\"5 minutos\" \/>\n<!-- \/ Yoast SEO plugin. -->","yoast_head_json":{"title":"Cu\u00e1nta prote\u00edna al d\u00eda se necesita a partir de los 60 a\u00f1os para no perder masa muscular - Tua Saude","description":"La prote\u00edna a partir de los 60 a\u00f1os no se mide solo en gramos. Un ajuste en la raci\u00f3n diaria puede cambiar c\u00f3mo se conserva la masa muscular.","robots":{"index":"index","follow":"follow","max-snippet":"max-snippet:-1","max-image-preview":"max-image-preview:large","max-video-preview":"max-video-preview:-1"},"canonical":"https:\/\/www.tuasaude.com\/es\/news\/2026\/09\/04\/cuanta-proteina-al-dia-se-necesita-a-partir-de-los-60-anos-para-no-perder-masa-muscular\/","og_locale":"es_ES","og_type":"article","og_title":"Cu\u00e1nta prote\u00edna al d\u00eda se necesita a partir de los 60 a\u00f1os para no perder masa muscular - Tua Saude","og_description":"La prote\u00edna a partir de los 60 a\u00f1os no se mide solo en gramos. Un ajuste en la raci\u00f3n diaria puede cambiar c\u00f3mo se conserva la masa muscular.","og_url":"https:\/\/www.tuasaude.com\/es\/news\/2026\/09\/04\/cuanta-proteina-al-dia-se-necesita-a-partir-de-los-60-anos-para-no-perder-masa-muscular\/","og_site_name":"Tua Saude","article_published_time":"2026-09-04T13:48:00+00:00","og_image":[{"width":1279,"height":720,"url":"https:\/\/www.tuasaude.com\/es\/news\/wp-content\/uploads\/2026\/09\/cuanta-proteina-al-dia-se-necesita-a-partir-de-los-60-a.jpg","type":"image\/jpeg"}],"author":"Gabriel Leme","twitter_card":"summary_large_image","twitter_misc":{"Escrito por":"Gabriel Leme","Tiempo de lectura":"5 minutos"},"schema":{"@context":"https:\/\/schema.org","@graph":[{"@type":"Article","@id":"https:\/\/www.tuasaude.com\/es\/news\/2026\/09\/04\/cuanta-proteina-al-dia-se-necesita-a-partir-de-los-60-anos-para-no-perder-masa-muscular\/#article","isPartOf":{"@id":"https:\/\/www.tuasaude.com\/es\/news\/2026\/09\/04\/cuanta-proteina-al-dia-se-necesita-a-partir-de-los-60-anos-para-no-perder-masa-muscular\/"},"author":{"name":"Gabriel Leme","@id":"https:\/\/www.tuasaude.com\/es\/news\/#\/schema\/person\/d330332b43c07afaeaafcb8f33614666"},"headline":"Cu\u00e1nta prote\u00edna al d\u00eda se necesita a partir de los 60 a\u00f1os para no perder masa muscular","datePublished":"2026-09-04T13:48:00+00:00","mainEntityOfPage":{"@id":"https:\/\/www.tuasaude.com\/es\/news\/2026\/09\/04\/cuanta-proteina-al-dia-se-necesita-a-partir-de-los-60-anos-para-no-perder-masa-muscular\/"},"wordCount":925,"commentCount":0,"image":{"@id":"https:\/\/www.tuasaude.com\/es\/news\/2026\/09\/04\/cuanta-proteina-al-dia-se-necesita-a-partir-de-los-60-anos-para-no-perder-masa-muscular\/#primaryimage"},"thumbnailUrl":"https:\/\/www.tuasaude.com\/es\/news\/wp-content\/uploads\/2026\/09\/cuanta-proteina-al-dia-se-necesita-a-partir-de-los-60-a.jpg","keywords":["60 anos","masa muscular","nutrici\u00f3n","prote\u00edna","raci\u00f3n diaria"],"articleSection":["Nutrici\u00f3n"],"inLanguage":"es","potentialAction":[{"@type":"CommentAction","name":"Comment","target":["https:\/\/www.tuasaude.com\/es\/news\/2026\/09\/04\/cuanta-proteina-al-dia-se-necesita-a-partir-de-los-60-anos-para-no-perder-masa-muscular\/#respond"]}]},{"@type":"WebPage","@id":"https:\/\/www.tuasaude.com\/es\/news\/2026\/09\/04\/cuanta-proteina-al-dia-se-necesita-a-partir-de-los-60-anos-para-no-perder-masa-muscular\/","url":"https:\/\/www.tuasaude.com\/es\/news\/2026\/09\/04\/cuanta-proteina-al-dia-se-necesita-a-partir-de-los-60-anos-para-no-perder-masa-muscular\/","name":"Cu\u00e1nta prote\u00edna al d\u00eda se necesita a partir de los 60 a\u00f1os para no perder masa muscular - Tua Saude","isPartOf":{"@id":"https:\/\/www.tuasaude.com\/es\/news\/#website"},"primaryImageOfPage":{"@id":"https:\/\/www.tuasaude.com\/es\/news\/2026\/09\/04\/cuanta-proteina-al-dia-se-necesita-a-partir-de-los-60-anos-para-no-perder-masa-muscular\/#primaryimage"},"image":{"@id":"https:\/\/www.tuasaude.com\/es\/news\/2026\/09\/04\/cuanta-proteina-al-dia-se-necesita-a-partir-de-los-60-anos-para-no-perder-masa-muscular\/#primaryimage"},"thumbnailUrl":"https:\/\/www.tuasaude.com\/es\/news\/wp-content\/uploads\/2026\/09\/cuanta-proteina-al-dia-se-necesita-a-partir-de-los-60-a.jpg","datePublished":"2026-09-04T13:48:00+00:00","author":{"@id":"https:\/\/www.tuasaude.com\/es\/news\/#\/schema\/person\/d330332b43c07afaeaafcb8f33614666"},"description":"La prote\u00edna a partir de los 60 a\u00f1os no se mide solo en gramos. Un ajuste en la raci\u00f3n diaria puede cambiar c\u00f3mo se conserva la masa muscular.","breadcrumb":{"@id":"https:\/\/www.tuasaude.com\/es\/news\/2026\/09\/04\/cuanta-proteina-al-dia-se-necesita-a-partir-de-los-60-anos-para-no-perder-masa-muscular\/#breadcrumb"},"inLanguage":"es","potentialAction":[{"@type":"ReadAction","target":["https:\/\/www.tuasaude.com\/es\/news\/2026\/09\/04\/cuanta-proteina-al-dia-se-necesita-a-partir-de-los-60-anos-para-no-perder-masa-muscular\/"]}]},{"@type":"ImageObject","inLanguage":"es","@id":"https:\/\/www.tuasaude.com\/es\/news\/2026\/09\/04\/cuanta-proteina-al-dia-se-necesita-a-partir-de-los-60-anos-para-no-perder-masa-muscular\/#primaryimage","url":"https:\/\/www.tuasaude.com\/es\/news\/wp-content\/uploads\/2026\/09\/cuanta-proteina-al-dia-se-necesita-a-partir-de-los-60-a.jpg","contentUrl":"https:\/\/www.tuasaude.com\/es\/news\/wp-content\/uploads\/2026\/09\/cuanta-proteina-al-dia-se-necesita-a-partir-de-los-60-a.jpg","width":1279,"height":720,"caption":"La prote\u00edna diaria ayuda a preservar fuerza y masa muscular despu\u00e9s de los 60."},{"@type":"BreadcrumbList","@id":"https:\/\/www.tuasaude.com\/es\/news\/2026\/09\/04\/cuanta-proteina-al-dia-se-necesita-a-partir-de-los-60-anos-para-no-perder-masa-muscular\/#breadcrumb","itemListElement":[{"@type":"ListItem","position":1,"name":"Portada","item":"https:\/\/www.tuasaude.com\/es\/news\/"},{"@type":"ListItem","position":2,"name":"Cu\u00e1nta prote\u00edna al d\u00eda se necesita a partir de los 60 a\u00f1os para no perder masa muscular"}]},{"@type":"WebSite","@id":"https:\/\/www.tuasaude.com\/es\/news\/#website","url":"https:\/\/www.tuasaude.com\/es\/news\/","name":"Tua Saude","description":"Tu sitio web de salud","potentialAction":[{"@type":"SearchAction","target":{"@type":"EntryPoint","urlTemplate":"https:\/\/www.tuasaude.com\/es\/news\/?s={search_term_string}"},"query-input":{"@type":"PropertyValueSpecification","valueRequired":true,"valueName":"search_term_string"}}],"inLanguage":"es"},{"@type":"Person","@id":"https:\/\/www.tuasaude.com\/es\/news\/#\/schema\/person\/d330332b43c07afaeaafcb8f33614666","name":"Gabriel Leme","image":{"@type":"ImageObject","inLanguage":"es","@id":"https:\/\/secure.gravatar.com\/avatar\/a12badc2d08e73d59b38f178ebe822eca26c0445823b05fefedea89fb346439c?s=96&d=mm&r=g","url":"https:\/\/secure.gravatar.com\/avatar\/a12badc2d08e73d59b38f178ebe822eca26c0445823b05fefedea89fb346439c?s=96&d=mm&r=g","contentUrl":"https:\/\/secure.gravatar.com\/avatar\/a12badc2d08e73d59b38f178ebe822eca26c0445823b05fefedea89fb346439c?s=96&d=mm&r=g","caption":"Gabriel Leme"},"sameAs":["https:\/\/www.tuasaude.com\/es\/news"],"url":"https:\/\/www.tuasaude.com\/es\/news\/author\/gabrielleme\/"}]}},"_links":{"self":[{"href":"https:\/\/www.tuasaude.com\/es\/news\/wp-json\/wp\/v2\/posts\/20320","targetHints":{"allow":["GET"]}}],"collection":[{"href":"https:\/\/www.tuasaude.com\/es\/news\/wp-json\/wp\/v2\/posts"}],"about":[{"href":"https:\/\/www.tuasaude.com\/es\/news\/wp-json\/wp\/v2\/types\/post"}],"author":[{"embeddable":true,"href":"https:\/\/www.tuasaude.com\/es\/news\/wp-json\/wp\/v2\/users\/15"}],"replies":[{"embeddable":true,"href":"https:\/\/www.tuasaude.com\/es\/news\/wp-json\/wp\/v2\/comments?post=20320"}],"version-history":[{"count":1,"href":"https:\/\/www.tuasaude.com\/es\/news\/wp-json\/wp\/v2\/posts\/20320\/revisions"}],"predecessor-version":[{"id":20378,"href":"https:\/\/www.tuasaude.com\/es\/news\/wp-json\/wp\/v2\/posts\/20320\/revisions\/20378"}],"wp:featuredmedia":[{"embeddable":true,"href":"https:\/\/www.tuasaude.com\/es\/news\/wp-json\/wp\/v2\/media\/20319"}],"wp:attachment":[{"href":"https:\/\/www.tuasaude.com\/es\/news\/wp-json\/wp\/v2\/media?parent=20320"}],"wp:term":[{"taxonomy":"category","embeddable":true,"href":"https:\/\/www.tuasaude.com\/es\/news\/wp-json\/wp\/v2\/categories?post=20320"},{"taxonomy":"post_tag","embeddable":true,"href":"https:\/\/www.tuasaude.com\/es\/news\/wp-json\/wp\/v2\/tags?post=20320"}],"curies":[{"name":"wp","href":"https:\/\/api.w.org\/{rel}","templated":true}]}}