{"id":20274,"date":"2026-09-04T15:50:00","date_gmt":"2026-09-04T14:50:00","guid":{"rendered":"https:\/\/www.tuasaude.com\/es\/news\/?p=20274"},"modified":"2026-09-04T08:52:08","modified_gmt":"2026-09-04T07:52:08","slug":"la-terapia-cognitivo-conductual-es-de-primera-linea-para-el-insomnio-cronico","status":"publish","type":"post","link":"https:\/\/www.tuasaude.com\/es\/news\/2026\/09\/04\/la-terapia-cognitivo-conductual-es-de-primera-linea-para-el-insomnio-cronico\/","title":{"rendered":"La terapia cognitivo-conductual es de primera l\u00ednea para el insomnio cr\u00f3nico"},"content":{"rendered":"\n<!-- ===== TS-COMPONENTE-1-TCC-INSOMNIO-INICIO ===== -->\n<div id=\"ts-tcc-insomnio-teaser\">\n  <style>\n    #ts-tcc-insomnio-teaser * {\n      box-sizing: border-box;\n    }\n\n    #ts-tcc-insomnio-teaser {\n      font-family: -apple-system, 'Segoe UI', Roboto, Arial, sans-serif;\n      background: #ffffff;\n      border: 1px solid #e3edf3;\n      border-radius: 14px;\n      padding: 22px;\n      max-width: 640px;\n      margin: 24px auto;\n      box-shadow: 0 2px 14px rgba(26,58,74,0.07);\n    }\n\n    #ts-tcc-insomnio-teaser .ts-head {\n      display: flex;\n      align-items: center;\n      gap: 10px;\n      margin-bottom: 18px;\n    }\n\n    #ts-tcc-insomnio-teaser .ts-badge {\n      display: inline-flex;\n      align-items: center;\n      background: #1c86c4;\n      color: #ffffff;\n      font-size: 12.5px;\n      font-weight: 700;\n      letter-spacing: 0.04em;\n      text-transform: uppercase;\n      padding: 6px 12px;\n      border-radius: 999px;\n    }\n\n    #ts-tcc-insomnio-teaser .ts-item {\n      display: flex;\n      align-items: flex-start;\n      gap: 12px;\n      min-width: 0;\n      background: #f5f9fc;\n      border-left: 4px solid #1a3a4a;\n      border-radius: 0 10px 10px 0;\n      padding: 12px 14px;\n      margin-bottom: 10px;\n    }\n\n    #ts-tcc-insomnio-teaser .ts-item:last-child {\n      margin-bottom: 0;\n    }\n\n    #ts-tcc-insomnio-teaser .ts-mark {\n      display: inline-flex;\n      align-items: center;\n      justify-content: center;\n      flex: 0 0 26px;\n      width: 26px;\n      height: 26px;\n      background: #1c86c4;\n      color: #ffffff;\n      border-radius: 50%;\n      font-size: 13px;\n      line-height: 1;\n      font-weight: 800;\n      margin-top: 1px;\n    }\n\n    #ts-tcc-insomnio-teaser .ts-item-text {\n      display: block;\n      min-width: 0;\n      color: #1a3a4a;\n      font-size: 15px;\n      line-height: 1.45;\n      font-weight: 500;\n      overflow-wrap: anywhere;\n    }\n\n    @media (max-width: 480px) {\n      #ts-tcc-insomnio-teaser {\n        padding: 18px 16px;\n      }\n\n      #ts-tcc-insomnio-teaser .ts-item {\n        gap: 10px;\n        padding: 11px 12px;\n      }\n\n      #ts-tcc-insomnio-teaser .ts-mark {\n        flex-basis: 24px;\n        width: 24px;\n        height: 24px;\n        font-size: 12.5px;\n      }\n\n      #ts-tcc-insomnio-teaser .ts-item-text {\n        font-size: 14.5px;\n      }\n    }\n  <\/style>\n\n  <div class=\"ts-head\">\n    <svg width=\"30\" height=\"30\" viewBox=\"0 0 30 30\" xmlns=\"http:\/\/www.w3.org\/2000\/svg\" aria-hidden=\"true\">\n      <circle cx=\"15\" cy=\"15\" r=\"14\" fill=\"#1c86c4\"\/>\n      <rect x=\"12.5\" y=\"6\" width=\"5\" height=\"18\" rx=\"1.5\" fill=\"#ffffff\"\/>\n      <rect x=\"6\" y=\"12.5\" width=\"18\" height=\"5\" rx=\"1.5\" fill=\"#ffffff\"\/>\n    <\/svg>\n\n    <span class=\"ts-badge\">Resumen<\/span>\n  <\/div>\n\n  <div class=\"ts-item\">\n    <span class=\"ts-mark\" aria-hidden=\"true\">1<\/span>\n    <span class=\"ts-item-text\">La Terapia Cognitivo-Conductual (TCC-I) es el tratamiento de primera l\u00ednea recomendado para el insomnio cr\u00f3nico.<\/span>\n  <\/div>\n\n  <div class=\"ts-item\">\n    <span class=\"ts-mark\" aria-hidden=\"true\">2<\/span>\n    <span class=\"ts-item-text\">Estudios cl\u00ednicos demuestran que reduce el tiempo para conciliar el sue\u00f1o en ~19 minutos y los despertares nocturnos en 26 minutos.<\/span>\n  <\/div>\n\n  <div class=\"ts-item\">\n    <span class=\"ts-mark\" aria-hidden=\"true\">3<\/span>\n    <span class=\"ts-item-text\">La TCC mejora la eficiencia del descanso, pero no aumenta de forma significativa las horas totales de sue\u00f1o dormidas.<\/span>\n  <\/div>\n\n  <div class=\"ts-item\">\n    <span class=\"ts-mark\" aria-hidden=\"true\">4<\/span>\n    <span class=\"ts-item-text\">Los f\u00e1rmacos hipn\u00f3ticos solo se recomiendan a corto plazo si la terapia resulta insuficiente, debido al riesgo de dependencia.<\/span>\n  <\/div>\n<\/div>\n<!-- ===== TS-COMPONENTE-1-TCC-INSOMNIO-FIM ===== -->\n\n\n\n<p class=\"wp-block-paragraph\">Baja unos 19 min la latencia. Las pastillas, si se usan, son de pocos d\u00edas.<\/p>\n\n\n\n<p class=\"wp-block-paragraph\">La&nbsp;<strong>terapia cognitivo-conductual<\/strong>&nbsp;para el&nbsp;<strong>insomnio<\/strong>&nbsp;(TCC) no es un hipn\u00f3tico de nevera. Trauer 2015, 20 ensayos presenciales y 1162 adultos con insomnio cr\u00f3nico, sin otra enfermedad del sue\u00f1o, m\u00e9dica o psiqui\u00e1trica en el mismo paquete: la latencia baj\u00f3 19,03 minutos; el tiempo despierto tras conciliar, 26 minutos; la eficiencia subi\u00f3 9,91 puntos. El tiempo total de sue\u00f1o: 7,61 minutos m\u00e1s, intervalo que cruza el cero, no significativo. No son 8 horas de m\u00e1s. No es una pastilla. El&nbsp;<a href=\"https:\/\/www.nhs.uk\/conditions\/insomnia\/\" target=\"_blank\" rel=\"noopener\">NHS: TCC presencial o un programa en l\u00ednea; las pastillas, raras, pocos d\u00edas o semanas, con riesgo de dependencia; si los h\u00e1bitos no bastan, m\u00e9dico de cabecera<\/a>.<\/p>\n\n\n\n<p class=\"wp-block-paragraph\">La gu\u00eda ACP 2016 (Qaseem): la TCC como tratamiento inicial, recomendaci\u00f3n fuerte, evidencia moderada. El f\u00e1rmaco a corto plazo, solo si la TCC sola no bast\u00f3: recomendaci\u00f3n d\u00e9bil, evidencia baja. Eso no sustituye un f\u00e1rmaco concreto ni cierra el insomnio asociado que Trauer dej\u00f3 fuera.<\/p>\n\n\n\n<h2 class=\"wp-block-heading\">\u00bfLas pastillas son el primer paso?<\/h2>\n\n\n<div class=\"wp-block-image\">\n<figure class=\"aligncenter size-large is-resized\"><img decoding=\"async\" width=\"1024\" height=\"573\" src=\"https:\/\/www.tuasaude.com\/es\/news\/wp-content\/uploads\/2026\/09\/magnific_refaca-as-pessoas-do-card_lJ6xqCRgv9-1024x573.jpeg\" alt=\"\" class=\"wp-image-20291\" style=\"aspect-ratio:1.7871557131169893;width:1170px;height:auto\" srcset=\"https:\/\/www.tuasaude.com\/es\/news\/wp-content\/uploads\/2026\/09\/magnific_refaca-as-pessoas-do-card_lJ6xqCRgv9-1024x573.jpeg 1024w, https:\/\/www.tuasaude.com\/es\/news\/wp-content\/uploads\/2026\/09\/magnific_refaca-as-pessoas-do-card_lJ6xqCRgv9-300x168.jpeg 300w, https:\/\/www.tuasaude.com\/es\/news\/wp-content\/uploads\/2026\/09\/magnific_refaca-as-pessoas-do-card_lJ6xqCRgv9-767x429.jpeg 767w, https:\/\/www.tuasaude.com\/es\/news\/wp-content\/uploads\/2026\/09\/magnific_refaca-as-pessoas-do-card_lJ6xqCRgv9-750x419.jpeg 750w, https:\/\/www.tuasaude.com\/es\/news\/wp-content\/uploads\/2026\/09\/magnific_refaca-as-pessoas-do-card_lJ6xqCRgv9-1140x637.jpeg 1140w, https:\/\/www.tuasaude.com\/es\/news\/wp-content\/uploads\/2026\/09\/magnific_refaca-as-pessoas-do-card_lJ6xqCRgv9.jpeg 1344w\" sizes=\"(max-width: 1024px) 100vw, 1024px\" \/><figcaption class=\"wp-element-caption\">Infograf\u00eda sobre la terapia cognitivo-conductual para el insomnio, destacando su uso como tratamiento inicial y su efecto sobre los despertares y la eficiencia del sue\u00f1o.<\/figcaption><\/figure>\n<\/div>\n\n\n<p class=\"wp-block-paragraph\">No. El&nbsp;<a href=\"https:\/\/cks.nice.org.uk\/topics\/insomnia\/\" target=\"_blank\" rel=\"noopener\">CKS de NICE: la TCC del insomnio como primera l\u00ednea en el corto y en el cr\u00f3nico; los beneficios siguen cuando acaba, a diferencia de la medicaci\u00f3n; hipn\u00f3ticos, evitar<\/a>. No hay dosis de pastilla en esta ficha abierta: no se inventan. El magnesio de lineal no es TCC. El&nbsp;<a href=\"https:\/\/www.tuasaude.com\/es\/magnesio-para-dormir\/\" target=\"_blank\" rel=\"noopener\">magnesio para dormir<\/a>&nbsp;es otro caj\u00f3n. La consulta pide h\u00e1bitos y, si encaja, derivaci\u00f3n a TCC, no un bote de pocos d\u00edas como primer gesto.<\/p>\n\n\n\n<h2 class=\"wp-block-heading\">\u00bfQu\u00e9 encontr\u00f3 Trauer en 2015?<\/h2>\n\n\n\n<p class=\"wp-block-paragraph\">Trauer, Qian, Doyle, Rajaratnam y Cunnington publicaron en Annals of Internal Medicine una revisi\u00f3n sistem\u00e1tica con metan\u00e1lisis de ensayos aleatorizados presenciales, multimodales, frente a comparadores inactivos, en adultos con insomnio cr\u00f3nico. B\u00fasqueda hasta el 31 de marzo de 2015. PROSPERO CRD42012002863. Sin financiaci\u00f3n declarada. 20 estudios; 1162 participantes (64% mujeres; edad media 56 a\u00f1os). TCC: al menos 3 de terapia cognitiva, control de est\u00edmulos, restricci\u00f3n de sue\u00f1o, higiene del sue\u00f1o y relajaci\u00f3n. Excluy\u00f3 insomnio junto a enfermedad m\u00e9dica, del sue\u00f1o o psiqui\u00e1trica: la aplicabilidad se estrecha. El PDF de Annals est\u00e1 cerrado: el resumen abierto no trae cifras de heterogeneidad ni de certeza. Es el trabajo que&nbsp;<a href=\"https:\/\/europepmc.org\/article\/MED\/26054060\" target=\"_blank\" rel=\"noopener\">situ\u00f3, al terminar el tratamiento, 19,03 minutos menos de latencia, 26 minutos menos despierto por la noche y 9,91 puntos m\u00e1s de eficiencia, con un tiempo total de sue\u00f1o que no cruz\u00f3 el umbral<\/a>.<\/p>\n\n\n\n<!-- ===== TS-COMPONENTE-2-TCC-INSOMNIO-INICIO ===== -->\n<div id=\"ts-tcc-insomnio-widget\">\n  <style>\n    #ts-tcc-insomnio-widget * {\n      box-sizing: border-box;\n    }\n\n    #ts-tcc-insomnio-widget {\n      font-family: -apple-system, 'Segoe UI', Roboto, Arial, sans-serif;\n      background: #ffffff;\n      border: 1px solid #dce9f1;\n      border-radius: 16px;\n      padding: 24px;\n      max-width: 660px;\n      margin: 28px auto;\n      box-shadow: 0 4px 18px rgba(26,58,74,0.06);\n    }\n\n    #ts-tcc-insomnio-widget .ts-widget-head {\n      margin-bottom: 6px;\n    }\n\n    #ts-tcc-insomnio-widget .ts-widget-title {\n      color: #1a3a4a;\n      font-size: 20px;\n      font-weight: 700;\n      line-height: 1.3;\n      letter-spacing: -0.01em;\n    }\n\n    #ts-tcc-insomnio-widget .ts-widget-intro {\n      color: #55707e;\n      font-size: 14.5px;\n      line-height: 1.5;\n      margin-bottom: 20px;\n    }\n\n    #ts-tcc-insomnio-widget .ts-form-grid {\n      display: flex;\n      flex-direction: column;\n      gap: 16px;\n      margin-bottom: 20px;\n    }\n\n    #ts-tcc-insomnio-widget .ts-field-group {\n      background: #f5f9fc;\n      border: 1px solid #e3edf3;\n      border-radius: 12px;\n      padding: 14px 16px;\n    }\n\n    #ts-tcc-insomnio-widget .ts-field-label {\n      display: block;\n      color: #1a3a4a;\n      font-size: 14.5px;\n      font-weight: 700;\n      margin-bottom: 8px;\n    }\n\n    #ts-tcc-insomnio-widget .ts-select-input {\n      width: 100%;\n      background: #ffffff;\n      border: 1px solid #dce9f1;\n      border-radius: 8px;\n      padding: 10px 12px;\n      color: #1a3a4a;\n      font-family: inherit;\n      font-size: 14px;\n      font-weight: 500;\n      outline: none;\n      cursor: pointer;\n      transition: border-color 0.2s ease;\n    }\n\n    #ts-tcc-insomnio-widget .ts-select-input:focus {\n      border-color: #1c86c4;\n      box-shadow: 0 0 0 3px rgba(28,134,196,0.15);\n    }\n\n    #ts-tcc-insomnio-widget .ts-metrics-grid {\n      display: flex;\n      gap: 12px;\n      margin-bottom: 16px;\n    }\n\n    #ts-tcc-insomnio-widget .ts-metric-box {\n      flex: 1;\n      background: #f5f9fc;\n      border: 1px solid #e3edf3;\n      border-radius: 12px;\n      padding: 14px;\n      text-align: center;\n    }\n\n    #ts-tcc-insomnio-widget .ts-metric-val {\n      display: block;\n      color: #1c86c4;\n      font-size: 20px;\n      font-weight: 800;\n      line-height: 1.1;\n      margin-bottom: 4px;\n    }\n\n    #ts-tcc-insomnio-widget .ts-metric-title {\n      display: block;\n      color: #1a3a4a;\n      font-size: 13px;\n      font-weight: 700;\n      margin-bottom: 2px;\n    }\n\n    #ts-tcc-insomnio-widget .ts-metric-sub {\n      display: block;\n      color: #55707e;\n      font-size: 11.5px;\n    }\n\n    #ts-tcc-insomnio-widget .ts-action-row {\n      display: flex;\n      justify-content: flex-end;\n      margin-bottom: 16px;\n    }\n\n    #ts-tcc-insomnio-widget .ts-reset-btn {\n      background: transparent;\n      border: 1px solid #dce9f1;\n      color: #55707e;\n      font-family: inherit;\n      font-size: 12.5px;\n      font-weight: 600;\n      padding: 6px 12px;\n      border-radius: 6px;\n      cursor: pointer;\n      transition: all 0.2s ease;\n    }\n\n    #ts-tcc-insomnio-widget .ts-reset-btn:hover {\n      background: #f5f9fc;\n      color: #1a3a4a;\n      border-color: #1c86c4;\n    }\n\n    #ts-tcc-insomnio-widget .ts-reset-btn:focus-visible {\n      outline: 2px solid #1c86c4;\n      outline-offset: 1px;\n    }\n\n    #ts-tcc-insomnio-widget .ts-widget-result {\n      background: #ffffff;\n      border: 1px solid #dce9f1;\n      border-left: 4px solid #1c86c4;\n      border-radius: 10px;\n      padding: 14px;\n      color: #1a3a4a;\n      font-size: 14px;\n      line-height: 1.45;\n    }\n\n    #ts-tcc-insomnio-widget .ts-widget-result.ts-alert-mode {\n      border-left-color: #d9381e;\n      background: #fff8f7;\n    }\n\n    #ts-tcc-insomnio-widget .ts-result-status {\n      display: block;\n      font-weight: 700;\n      color: #1c86c4;\n      margin-bottom: 4px;\n    }\n\n    #ts-tcc-insomnio-widget .ts-widget-result.ts-alert-mode .ts-result-status {\n      color: #d9381e;\n    }\n\n    #ts-tcc-insomnio-widget .ts-result-text {\n      display: block;\n      color: #1a3a4a;\n    }\n\n    #ts-tcc-insomnio-widget .ts-widget-footer {\n      color: #55707e;\n      font-size: 12px;\n      line-height: 1.4;\n      margin-top: 16px;\n      padding-top: 12px;\n      border-top: 1px solid #e3edf3;\n      text-align: center;\n    }\n\n    @media (max-width: 520px) {\n      #ts-tcc-insomnio-widget {\n        padding: 18px 14px;\n      }\n\n      #ts-tcc-insomnio-widget .ts-metrics-grid {\n        flex-direction: column;\n        gap: 8px;\n      }\n\n      #ts-tcc-insomnio-widget .ts-metric-box {\n        padding: 10px;\n      }\n    }\n  <\/style>\n\n  <div class=\"ts-widget-head\">\n    <div class=\"ts-widget-title\">Evaluador de Opciones de Tratamiento para el Insomnio<\/div>\n  <\/div>\n\n  <div class=\"ts-widget-intro\">\n    Seleccione su situaci\u00f3n diagn\u00f3stica y la intervenci\u00f3n considerada para conocer la indicaci\u00f3n cl\u00ednica seg\u00fan las gu\u00edas ACP, NICE y los datos del ensayo de Trauer (2015).\n  <\/div>\n\n  <div class=\"ts-widget-main\">\n    <div class=\"ts-form-grid\">\n      <div class=\"ts-field-group\">\n        <label for=\"ts-select-treatment\" class=\"ts-field-label\">Opci\u00f3n de tratamiento evaluada:<\/label>\n        <select id=\"ts-select-treatment\" class=\"ts-select-input\">\n          <option value=\"cbt\" selected>Terapia Cognitivo-Conductual (TCC-I)<\/option>\n          <option value=\"pills\">Medicamentos Hipn\u00f3ticos \/ Pastillas para dormir<\/option>\n          <option value=\"supplements\">Suplementos \/ Magnesio \/ Infusiones<\/option>\n        <\/select>\n      <\/div>\n\n      <div class=\"ts-field-group\">\n        <label for=\"ts-select-comorbidity\" class=\"ts-field-label\">Condici\u00f3n cl\u00ednica asociada:<\/label>\n        <select id=\"ts-select-comorbidity\" class=\"ts-select-input\">\n          <option value=\"none\" selected>Insomnio cr\u00f3nico aislado (sin otras enfermedades)<\/option>\n          <option value=\"medical\">Insomnio asociado a cuadro m\u00e9dico o psiqui\u00e1trico<\/option>\n          <option value=\"acute\">Insomnio ocasional de pocos d\u00edas<\/option>\n        <\/select>\n      <\/div>\n    <\/div>\n\n    <div class=\"ts-metrics-grid\">\n      <div class=\"ts-metric-box\">\n        <span id=\"ts-metric-line\" class=\"ts-metric-val\">1.\u00aa L\u00ednea<\/span>\n        <span class=\"ts-metric-title\">Nivel de Recomendaci\u00f3n<\/span>\n        <span class=\"ts-metric-sub\">Gu\u00eda ACP \/ NICE CKS<\/span>\n      <\/div>\n\n      <div class=\"ts-metric-box\">\n        <span id=\"ts-metric-sol\" class=\"ts-metric-val\">-19 min<\/span>\n        <span class=\"ts-metric-title\">Latencia al Dormir<\/span>\n        <span class=\"ts-metric-sub\">Metan\u00e1lisis Trauer 2015<\/span>\n      <\/div>\n\n      <div class=\"ts-metric-box\">\n        <span id=\"ts-metric-waso\" class=\"ts-metric-val\">-26 min<\/span>\n        <span class=\"ts-metric-title\">Tiempo Despierto<\/span>\n        <span class=\"ts-metric-sub\">Eficiencia +9.9%<\/span>\n      <\/div>\n    <\/div>\n\n    <div class=\"ts-action-row\">\n      <button type=\"button\" id=\"ts-reset-tcc-btn\" class=\"ts-reset-btn\">Restablecer a TCC-I Insomnio Aislado<\/button>\n    <\/div>\n  <\/div>\n\n  <div id=\"ts-tcc-result-card\" class=\"ts-widget-result\" aria-live=\"polite\">\n    <span id=\"ts-tcc-status-text\" class=\"ts-result-status\">Tratamiento inicial preferente de alta evidencia<\/span>\n    <span id=\"ts-tcc-body-text\" class=\"ts-result-text\">La TCC-I es la intervenci\u00f3n inicial recomendada por la gu\u00eda ACP (2016). En el metan\u00e1lisis de Trauer (2015), logr\u00f3 reducir el tiempo para conciliar el sue\u00f1o en 19 minutos y el tiempo despierto nocturno en 26 minutos de forma sostenida.<\/span>\n  <\/div>\n\n  <div class=\"ts-widget-footer\">\n    Basado en Trauer et al. (Ann Intern Med 2015), la gu\u00eda del ACP (Qaseem 2016) y las recomendaciones del NHS\/NICE CKS.\n  <\/div>\n\n  <script>\n    (function () {\n      const widget = document.getElementById('ts-tcc-insomnio-widget');\n      if (!widget) return;\n\n      const selectTreatment = widget.querySelector('#ts-select-treatment');\n      const selectComorbidity = widget.querySelector('#ts-select-comorbidity');\n\n      const metricLine = widget.querySelector('#ts-metric-line');\n      const metricSol = widget.querySelector('#ts-metric-sol');\n      const metricWaso = widget.querySelector('#ts-metric-waso');\n\n      const resultCard = widget.querySelector('#ts-tcc-result-card');\n      const statusText = widget.querySelector('#ts-tcc-status-text');\n      const bodyText = widget.querySelector('#ts-tcc-body-text');\n      const resetBtn = widget.querySelector('#ts-reset-tcc-btn');\n\n      function updateEvaluator() {\n        if (!selectTreatment || !selectComorbidity) return;\n\n        const treatment = selectTreatment.value;\n        const comorbidity = selectComorbidity.value;\n\n        if (resultCard) resultCard.classList.remove('ts-alert-mode');\n\n        if (treatment === 'cbt') {\n          if (comorbidity === 'none') {\n            if (metricLine) metricLine.textContent = '1.\u00aa L\u00ednea';\n            if (metricSol) metricSol.textContent = '-19 min';\n            if (metricWaso) metricWaso.textContent = '-26 min';\n            if (statusText) statusText.textContent = 'Tratamiento inicial preferente de alta evidencia';\n            if (bodyText) bodyText.textContent = 'La TCC-I es la intervenci\u00f3n inicial recomendada por la gu\u00eda ACP (2016). En el metan\u00e1lisis de Trauer (2015), logr\u00f3 reducir la latencia en 19 minutos y el tiempo despierto nocturno en 26 minutos de forma sostenida.';\n          } else if (comorbidity === 'medical') {\n            if (metricLine) metricLine.textContent = 'Requiere Evaluaci\u00f3n';\n            if (metricSol) metricSol.textContent = 'Variable';\n            if (metricWaso) metricWaso.textContent = 'Variable';\n            if (statusText) statusText.textContent = 'Requiere abordaje de la causa m\u00e9dica o psiqui\u00e1trica de base';\n            if (bodyText) bodyText.textContent = 'Trauer (2015) excluy\u00f3 pacientes con enfermedades m\u00e9dicas o psiqui\u00e1tricas asociadas. Aunque la TCC ayuda, el m\u00e9dico de cabecera debe tratar simult\u00e1neamente la condici\u00f3n primaria (depresi\u00f3n, apnea, etc.).';\n          } else {\n            if (metricLine) metricLine.textContent = 'Opcional';\n            if (metricSol) metricSol.textContent = 'Adaptado';\n            if (metricWaso) metricWaso.textContent = 'Adaptado';\n            if (statusText) statusText.textContent = 'Priorizar pautas de higiene del sue\u00f1o a corto plazo';\n            if (bodyText) bodyText.textContent = 'Para insomnio ocasional de pocos d\u00edas, la educaci\u00f3n en higiene del sue\u00f1o suele ser suficiente antes de iniciar un programa estructurado de TCC de varias semanas.';\n          }\n        } else if (treatment === 'pills') {\n          if (resultCard) resultCard.classList.add('ts-alert-mode');\n          if (metricLine) metricLine.textContent = 'Secundario';\n          if (metricSol) metricSol.textContent = 'Inmediato';\n          if (metricWaso) metricWaso.textContent = 'Temporal';\n          if (statusText) statusText.textContent = 'Uso restringido: solo a corto plazo si la TCC-I no basta';\n          if (bodyText) bodyText.textContent = 'La gu\u00eda ACP (2016) y NICE clasifican los f\u00e1rmacos como recomendaci\u00f3n d\u00e9bil y evidencia baja. Se deben limitar a pocos d\u00edas o semanas debido al riesgo de dependencia, tolerancia y rebote al suspenderlos.';\n        } else {\n          if (metricLine) metricLine.textContent = 'Sin Aval TCC';\n          if (metricSol) metricSol.textContent = 'No probado';\n          if (metricWaso) metricWaso.textContent = 'No probado';\n          if (statusText) statusText.textContent = 'No sustituye el tratamiento m\u00e9dico ni la TCC-I';\n          if (bodyText) bodyText.textContent = 'Los suplementos como magnesio o infusiones no forman parte del protocolo de TCC-I evaluado por Trauer (2015) y no cuentan con evidencia suficiente para el tratamiento del insomnio cr\u00f3nico.';\n        }\n      }\n\n      selectTreatment.addEventListener('change', updateEvaluator);\n      selectComorbidity.addEventListener('change', updateEvaluator);\n\n      if (resetBtn) {\n        resetBtn.addEventListener('click', function () {\n          selectTreatment.value = 'cbt';\n          selectComorbidity.value = 'none';\n          updateEvaluator();\n        });\n      }\n\n      updateEvaluator();\n    })();\n  <\/script>\n<\/div>\n<!-- ===== TS-COMPONENTE-2-TCC-INSOMNIO-FIM ===== -->\n\n\n\n<p class=\"wp-block-paragraph\">Tras el tratamiento (resumen): latencia 19,03 minutos menos (14,12 a 23,93); tiempo despierto 26,00 minutos menos (15,48 a 36,52); tiempo total 7,61 minutos m\u00e1s (-0,51 a 15,74), no significativo; eficiencia 9,91% m\u00e1s (8,09 a 11,73). Los cambios parecen sostenerse m\u00e1s tarde; la precisi\u00f3n posterior \u00abmenos clara\u00bb. No se notificaron desenlaces adversos. Los autores: efectiva y con sentido cl\u00ednico. 19 minutos no cierran el insomnio. 7,61 minutos no son una noche entera.<\/p>\n\n\n\n<h2 class=\"wp-block-heading\">\u00bfGanas 8 horas de sue\u00f1o?<\/h2>\n\n\n<div class=\"wp-block-image\">\n<figure class=\"aligncenter size-large is-resized\"><img decoding=\"async\" width=\"1024\" height=\"573\" src=\"https:\/\/www.tuasaude.com\/es\/news\/wp-content\/uploads\/2026\/09\/magnific_corpo-a-middleaged-adult-_KL7HXvfkqp-1024x573.png\" alt=\"\" class=\"wp-image-20286\" style=\"aspect-ratio:1.7871557131169893;width:1170px;height:auto\" srcset=\"https:\/\/www.tuasaude.com\/es\/news\/wp-content\/uploads\/2026\/09\/magnific_corpo-a-middleaged-adult-_KL7HXvfkqp-1024x573.png 1024w, https:\/\/www.tuasaude.com\/es\/news\/wp-content\/uploads\/2026\/09\/magnific_corpo-a-middleaged-adult-_KL7HXvfkqp-300x168.png 300w, https:\/\/www.tuasaude.com\/es\/news\/wp-content\/uploads\/2026\/09\/magnific_corpo-a-middleaged-adult-_KL7HXvfkqp-767x429.png 767w, https:\/\/www.tuasaude.com\/es\/news\/wp-content\/uploads\/2026\/09\/magnific_corpo-a-middleaged-adult-_KL7HXvfkqp-750x419.png 750w, https:\/\/www.tuasaude.com\/es\/news\/wp-content\/uploads\/2026\/09\/magnific_corpo-a-middleaged-adult-_KL7HXvfkqp-1140x637.png 1140w, https:\/\/www.tuasaude.com\/es\/news\/wp-content\/uploads\/2026\/09\/magnific_corpo-a-middleaged-adult-_KL7HXvfkqp.png 1344w\" sizes=\"(max-width: 1024px) 100vw, 1024px\" \/><figcaption class=\"wp-element-caption\">Hombre despierto durante la noche sentado en el borde de la cama, una escena que representa los despertares asociados al insomnio.<\/figcaption><\/figure>\n<\/div>\n\n\n<p class=\"wp-block-paragraph\">No. El tiempo total no se movi\u00f3 con claridad. Baja el rato hasta dormirte y el rato despierto a media noche. Sube la eficiencia. Eso es el recorte de espera, no un plus de 8 horas.&nbsp;<a href=\"https:\/\/www.tuasaude.com\/es\/como-quitar-el-sueno\/\" target=\"_blank\" rel=\"noopener\">C\u00f3mo quitar el sue\u00f1o<\/a>&nbsp;a media ma\u00f1ana no sustituye esa TCC presencial. El diario de 19 minutos menos de espera se nota; el reloj de 8 horas no lleg\u00f3.<\/p>\n\n\n\n<h2 class=\"wp-block-heading\">\u00bfSirve si hay otra enfermedad?<\/h2>\n\n\n\n<p class=\"wp-block-paragraph\">Trauer no lo prueba. Dej\u00f3 fuera el insomnio pegado a otra enfermedad m\u00e9dica, del sue\u00f1o o psiqui\u00e1trica. Si hay depresi\u00f3n, apnea o un cuadro m\u00e9dico activo, esta cifra de 1162 no te representa. Hay que decirlo en consulta: el metan\u00e1lisis no cubre ese cruce. El m\u00e9dico de cabecera mira eso antes de firmar \u00abTCC como en el metan\u00e1lisis\u00bb. Un programa en l\u00ednea del NHS no es el mismo paquete presencial de Trauer, y no se vende como sin\u00f3nimo.<\/p>\n\n\n\n<h2 class=\"wp-block-heading\">\u00bfQu\u00e9 incluye la TCC del insomnio?<\/h2>\n\n\n\n<p class=\"wp-block-paragraph\">Al menos tres piezas: terapia cognitiva, control de est\u00edmulos, restricci\u00f3n de sue\u00f1o, higiene del sue\u00f1o o relajaci\u00f3n. No es una infusi\u00f3n de lineal ni una pastilla de pocos d\u00edas. Se trabaja en sesi\u00f3n, con horario de cama y con lo que haces cuando no pegas ojo. ACP: primero TCC; f\u00e1rmaco corto solo si esa v\u00eda sola no bast\u00f3, y con evidencia d\u00e9bil.&nbsp;<a href=\"https:\/\/www.tuasaude.com\/es\/por-que-me-da-mucho-sueno\/\" target=\"_blank\" rel=\"noopener\">Por qu\u00e9 te da mucho sue\u00f1o<\/a>&nbsp;de d\u00eda puede ser el insomnio de noche: se habla en consulta, no en el lineal.<\/p>\n\n\n\n<h2 class=\"wp-block-heading\">\u00bfCu\u00e1ndo ver al m\u00e9dico de cabecera?<\/h2>\n\n\n\n<p class=\"wp-block-paragraph\">Coge cita si el insomnio se alarga, si los h\u00e1bitos no bastan, o si hay otra enfermedad de por medio. El farmac\u00e9utico no sustituye la TCC. Esto es consulta, no urgencias. Las pastillas, si el m\u00e9dico las usa, son de pocos d\u00edas o semanas, no de nevera. n = 1162 presenciales, cr\u00f3nico, sin comorbilidad: primera l\u00ednea, no hipn\u00f3tico.<\/p>\n\n\n\n<p class=\"wp-block-paragraph\">19 min menos de latencia. 26 min menos despierto. Tiempo total, no significativo. Pastillas al final, no al principio. Cabecera.<\/p>\n\n\n\n<ul class=\"wp-block-list\">\n<li>Trauer Annals 2015: 20 ensayos, 1162, presencial, cr\u00f3nico. Comparadores inactivos. Sin enfermedad asociada.<\/li>\n\n\n\n<li>Latencia 19,03 min menos. Despierto 26 min menos. Eficiencia 9,91 puntos m\u00e1s. Tiempo total 7,61 min m\u00e1s, no significativo.<\/li>\n\n\n\n<li>ACP 2016: TCC inicial (fuerte, moderada). F\u00e1rmaco corto solo si la TCC sola fall\u00f3 (d\u00e9bil, baja).<\/li>\n\n\n\n<li>NHS y CKS: primera l\u00ednea. M\u00e9dico de cabecera. Consulta, no lineal de pastillas.<\/li>\n<\/ul>\n\n\n\n<p class=\"wp-block-paragraph\">La TCC se pide en cabecera. El insomnio cr\u00f3nico no se cierra con 19 minutos ni con un bote de pocos d\u00edas.<\/p>\n","protected":false},"excerpt":{"rendered":"<p>Resumen 1 La Terapia Cognitivo-Conductual (TCC-I) es el tratamiento de primera l\u00ednea recomendado para el insomnio cr\u00f3nico. 2 Estudios cl\u00ednicos demuestran que reduce el tiempo para conciliar el sue\u00f1o en ~19 minutos y los despertares nocturnos en 26 minutos. 3 La TCC mejora la eficiencia del descanso, pero no aumenta de forma significativa las horas [&hellip;]<\/p>\n","protected":false},"author":14,"featured_media":20287,"comment_status":"open","ping_status":"open","sticky":false,"template":"","format":"standard","meta":{"jnews-multi-image_gallery":[],"jnews_single_post":{"format":"standard"},"jnews_primary_category":[],"jnews_social_meta":[],"jnews_override_counter":[],"footnotes":""},"categories":[1],"tags":[11743,17860,17416,20737,17401,20736,18506],"class_list":["post-20274","post","type-post","status-publish","format-standard","has-post-thumbnail","hentry","category-bienestar","tag-dormir","tag-higiene-del-sueno","tag-insomnio","tag-pastillas-para-dormir","tag-sueno","tag-tcc","tag-terapia-cognitivo-conductual"],"yoast_head":"<!-- This site is optimized with the Yoast SEO plugin v28.3 - https:\/\/yoast.com\/product\/yoast-seo-wordpress\/ -->\n<title>La terapia cognitivo-conductual es de primera l\u00ednea para el insomnio cr\u00f3nico - Tua Saude<\/title>\n<meta name=\"description\" content=\"La terapia cognitivo-conductual es de primera l\u00ednea para el insomnio cr\u00f3nico. Baja unos 19 min la latencia. Las pastillas, si se usan, son de pocos d\u00edas.\" \/>\n<meta name=\"robots\" content=\"index, follow, max-snippet:-1, max-image-preview:large, max-video-preview:-1\" \/>\n<link rel=\"canonical\" href=\"https:\/\/www.tuasaude.com\/es\/news\/2026\/09\/04\/la-terapia-cognitivo-conductual-es-de-primera-linea-para-el-insomnio-cronico\/\" \/>\n<meta property=\"og:locale\" content=\"es_ES\" \/>\n<meta property=\"og:type\" content=\"article\" \/>\n<meta property=\"og:title\" content=\"La terapia cognitivo-conductual es de primera l\u00ednea para el insomnio cr\u00f3nico - Tua Saude\" \/>\n<meta property=\"og:description\" content=\"La terapia cognitivo-conductual es de primera l\u00ednea para el insomnio cr\u00f3nico. Baja unos 19 min la latencia. Las pastillas, si se usan, son de pocos d\u00edas.\" \/>\n<meta property=\"og:url\" content=\"https:\/\/www.tuasaude.com\/es\/news\/2026\/09\/04\/la-terapia-cognitivo-conductual-es-de-primera-linea-para-el-insomnio-cronico\/\" \/>\n<meta property=\"og:site_name\" content=\"Tua Saude\" \/>\n<meta property=\"article:published_time\" content=\"2026-09-04T14:50:00+00:00\" \/>\n<meta property=\"og:image\" content=\"https:\/\/www.tuasaude.com\/es\/news\/wp-content\/uploads\/2026\/09\/magnific_destacada-a-hispanic-man-_gOijaEHSXO.png\" \/>\n\t<meta property=\"og:image:width\" content=\"1344\" \/>\n\t<meta property=\"og:image:height\" content=\"752\" \/>\n\t<meta property=\"og:image:type\" content=\"image\/png\" \/>\n<meta name=\"author\" content=\"Jo\u00e3o Victor\" \/>\n<meta name=\"twitter:card\" content=\"summary_large_image\" \/>\n<meta name=\"twitter:label1\" content=\"Escrito por\" \/>\n\t<meta name=\"twitter:data1\" content=\"Jo\u00e3o Victor\" \/>\n\t<meta name=\"twitter:label2\" content=\"Tiempo de lectura\" \/>\n\t<meta name=\"twitter:data2\" content=\"6 minutos\" \/>\n<!-- \/ Yoast SEO plugin. -->","yoast_head_json":{"title":"La terapia cognitivo-conductual es de primera l\u00ednea para el insomnio cr\u00f3nico - Tua Saude","description":"La terapia cognitivo-conductual es de primera l\u00ednea para el insomnio cr\u00f3nico. Baja unos 19 min la latencia. Las pastillas, si se usan, son de pocos d\u00edas.","robots":{"index":"index","follow":"follow","max-snippet":"max-snippet:-1","max-image-preview":"max-image-preview:large","max-video-preview":"max-video-preview:-1"},"canonical":"https:\/\/www.tuasaude.com\/es\/news\/2026\/09\/04\/la-terapia-cognitivo-conductual-es-de-primera-linea-para-el-insomnio-cronico\/","og_locale":"es_ES","og_type":"article","og_title":"La terapia cognitivo-conductual es de primera l\u00ednea para el insomnio cr\u00f3nico - Tua Saude","og_description":"La terapia cognitivo-conductual es de primera l\u00ednea para el insomnio cr\u00f3nico. Baja unos 19 min la latencia. Las pastillas, si se usan, son de pocos d\u00edas.","og_url":"https:\/\/www.tuasaude.com\/es\/news\/2026\/09\/04\/la-terapia-cognitivo-conductual-es-de-primera-linea-para-el-insomnio-cronico\/","og_site_name":"Tua Saude","article_published_time":"2026-09-04T14:50:00+00:00","og_image":[{"width":1344,"height":752,"url":"https:\/\/www.tuasaude.com\/es\/news\/wp-content\/uploads\/2026\/09\/magnific_destacada-a-hispanic-man-_gOijaEHSXO.png","type":"image\/png"}],"author":"Jo\u00e3o Victor","twitter_card":"summary_large_image","twitter_misc":{"Escrito por":"Jo\u00e3o Victor","Tiempo de lectura":"6 minutos"},"schema":{"@context":"https:\/\/schema.org","@graph":[{"@type":"Article","@id":"https:\/\/www.tuasaude.com\/es\/news\/2026\/09\/04\/la-terapia-cognitivo-conductual-es-de-primera-linea-para-el-insomnio-cronico\/#article","isPartOf":{"@id":"https:\/\/www.tuasaude.com\/es\/news\/2026\/09\/04\/la-terapia-cognitivo-conductual-es-de-primera-linea-para-el-insomnio-cronico\/"},"author":{"name":"Jo\u00e3o Victor","@id":"https:\/\/www.tuasaude.com\/es\/news\/#\/schema\/person\/16a4d193b08b5d0f589edf44bf2a7fab"},"headline":"La terapia cognitivo-conductual es de primera l\u00ednea para el insomnio cr\u00f3nico","datePublished":"2026-09-04T14:50:00+00:00","mainEntityOfPage":{"@id":"https:\/\/www.tuasaude.com\/es\/news\/2026\/09\/04\/la-terapia-cognitivo-conductual-es-de-primera-linea-para-el-insomnio-cronico\/"},"wordCount":1251,"commentCount":0,"image":{"@id":"https:\/\/www.tuasaude.com\/es\/news\/2026\/09\/04\/la-terapia-cognitivo-conductual-es-de-primera-linea-para-el-insomnio-cronico\/#primaryimage"},"thumbnailUrl":"https:\/\/www.tuasaude.com\/es\/news\/wp-content\/uploads\/2026\/09\/magnific_destacada-a-hispanic-man-_gOijaEHSXO.png","keywords":["dormir","higiene del sue\u00f1o","insomnio","pastillas para dormir","sue\u00f1o","TCC","terapia cognitivo-conductual"],"articleSection":["Bienestar"],"inLanguage":"es","potentialAction":[{"@type":"CommentAction","name":"Comment","target":["https:\/\/www.tuasaude.com\/es\/news\/2026\/09\/04\/la-terapia-cognitivo-conductual-es-de-primera-linea-para-el-insomnio-cronico\/#respond"]}]},{"@type":"WebPage","@id":"https:\/\/www.tuasaude.com\/es\/news\/2026\/09\/04\/la-terapia-cognitivo-conductual-es-de-primera-linea-para-el-insomnio-cronico\/","url":"https:\/\/www.tuasaude.com\/es\/news\/2026\/09\/04\/la-terapia-cognitivo-conductual-es-de-primera-linea-para-el-insomnio-cronico\/","name":"La terapia cognitivo-conductual es de primera l\u00ednea para el insomnio cr\u00f3nico - Tua Saude","isPartOf":{"@id":"https:\/\/www.tuasaude.com\/es\/news\/#website"},"primaryImageOfPage":{"@id":"https:\/\/www.tuasaude.com\/es\/news\/2026\/09\/04\/la-terapia-cognitivo-conductual-es-de-primera-linea-para-el-insomnio-cronico\/#primaryimage"},"image":{"@id":"https:\/\/www.tuasaude.com\/es\/news\/2026\/09\/04\/la-terapia-cognitivo-conductual-es-de-primera-linea-para-el-insomnio-cronico\/#primaryimage"},"thumbnailUrl":"https:\/\/www.tuasaude.com\/es\/news\/wp-content\/uploads\/2026\/09\/magnific_destacada-a-hispanic-man-_gOijaEHSXO.png","datePublished":"2026-09-04T14:50:00+00:00","author":{"@id":"https:\/\/www.tuasaude.com\/es\/news\/#\/schema\/person\/16a4d193b08b5d0f589edf44bf2a7fab"},"description":"La terapia cognitivo-conductual es de primera l\u00ednea para el insomnio cr\u00f3nico. Baja unos 19 min la latencia. Las pastillas, si se usan, son de pocos d\u00edas.","breadcrumb":{"@id":"https:\/\/www.tuasaude.com\/es\/news\/2026\/09\/04\/la-terapia-cognitivo-conductual-es-de-primera-linea-para-el-insomnio-cronico\/#breadcrumb"},"inLanguage":"es","potentialAction":[{"@type":"ReadAction","target":["https:\/\/www.tuasaude.com\/es\/news\/2026\/09\/04\/la-terapia-cognitivo-conductual-es-de-primera-linea-para-el-insomnio-cronico\/"]}]},{"@type":"ImageObject","inLanguage":"es","@id":"https:\/\/www.tuasaude.com\/es\/news\/2026\/09\/04\/la-terapia-cognitivo-conductual-es-de-primera-linea-para-el-insomnio-cronico\/#primaryimage","url":"https:\/\/www.tuasaude.com\/es\/news\/wp-content\/uploads\/2026\/09\/magnific_destacada-a-hispanic-man-_gOijaEHSXO.png","contentUrl":"https:\/\/www.tuasaude.com\/es\/news\/wp-content\/uploads\/2026\/09\/magnific_destacada-a-hispanic-man-_gOijaEHSXO.png","width":1344,"height":752,"caption":"Un hombre participa en una consulta estructurada con una profesional mientras revisan registros, en una escena vinculada al abordaje del insomnio cr\u00f3nico. Imagen generada por IA."},{"@type":"BreadcrumbList","@id":"https:\/\/www.tuasaude.com\/es\/news\/2026\/09\/04\/la-terapia-cognitivo-conductual-es-de-primera-linea-para-el-insomnio-cronico\/#breadcrumb","itemListElement":[{"@type":"ListItem","position":1,"name":"Portada","item":"https:\/\/www.tuasaude.com\/es\/news\/"},{"@type":"ListItem","position":2,"name":"La terapia cognitivo-conductual es de primera l\u00ednea para el insomnio cr\u00f3nico"}]},{"@type":"WebSite","@id":"https:\/\/www.tuasaude.com\/es\/news\/#website","url":"https:\/\/www.tuasaude.com\/es\/news\/","name":"Tua Saude","description":"Tu sitio web de salud","potentialAction":[{"@type":"SearchAction","target":{"@type":"EntryPoint","urlTemplate":"https:\/\/www.tuasaude.com\/es\/news\/?s={search_term_string}"},"query-input":{"@type":"PropertyValueSpecification","valueRequired":true,"valueName":"search_term_string"}}],"inLanguage":"es"},{"@type":"Person","@id":"https:\/\/www.tuasaude.com\/es\/news\/#\/schema\/person\/16a4d193b08b5d0f589edf44bf2a7fab","name":"Jo\u00e3o Victor","image":{"@type":"ImageObject","inLanguage":"es","@id":"https:\/\/secure.gravatar.com\/avatar\/bafb23913f410c1931def6caa7c109c29a2ae52e8b28ea5b93784ed42e035da9?s=96&d=mm&r=g","url":"https:\/\/secure.gravatar.com\/avatar\/bafb23913f410c1931def6caa7c109c29a2ae52e8b28ea5b93784ed42e035da9?s=96&d=mm&r=g","contentUrl":"https:\/\/secure.gravatar.com\/avatar\/bafb23913f410c1931def6caa7c109c29a2ae52e8b28ea5b93784ed42e035da9?s=96&d=mm&r=g","caption":"Jo\u00e3o Victor"},"url":"https:\/\/www.tuasaude.com\/es\/news\/author\/joaomyth\/"}]}},"_links":{"self":[{"href":"https:\/\/www.tuasaude.com\/es\/news\/wp-json\/wp\/v2\/posts\/20274","targetHints":{"allow":["GET"]}}],"collection":[{"href":"https:\/\/www.tuasaude.com\/es\/news\/wp-json\/wp\/v2\/posts"}],"about":[{"href":"https:\/\/www.tuasaude.com\/es\/news\/wp-json\/wp\/v2\/types\/post"}],"author":[{"embeddable":true,"href":"https:\/\/www.tuasaude.com\/es\/news\/wp-json\/wp\/v2\/users\/14"}],"replies":[{"embeddable":true,"href":"https:\/\/www.tuasaude.com\/es\/news\/wp-json\/wp\/v2\/comments?post=20274"}],"version-history":[{"count":1,"href":"https:\/\/www.tuasaude.com\/es\/news\/wp-json\/wp\/v2\/posts\/20274\/revisions"}],"predecessor-version":[{"id":20292,"href":"https:\/\/www.tuasaude.com\/es\/news\/wp-json\/wp\/v2\/posts\/20274\/revisions\/20292"}],"wp:featuredmedia":[{"embeddable":true,"href":"https:\/\/www.tuasaude.com\/es\/news\/wp-json\/wp\/v2\/media\/20287"}],"wp:attachment":[{"href":"https:\/\/www.tuasaude.com\/es\/news\/wp-json\/wp\/v2\/media?parent=20274"}],"wp:term":[{"taxonomy":"category","embeddable":true,"href":"https:\/\/www.tuasaude.com\/es\/news\/wp-json\/wp\/v2\/categories?post=20274"},{"taxonomy":"post_tag","embeddable":true,"href":"https:\/\/www.tuasaude.com\/es\/news\/wp-json\/wp\/v2\/tags?post=20274"}],"curies":[{"name":"wp","href":"https:\/\/api.w.org\/{rel}","templated":true}]}}