{"id":20160,"date":"2026-09-03T19:05:00","date_gmt":"2026-09-03T18:05:00","guid":{"rendered":"https:\/\/www.tuasaude.com\/es\/news\/?p=20160"},"modified":"2026-09-03T16:34:53","modified_gmt":"2026-09-03T15:34:53","slug":"las-bebidas-azucaradas-se-asocian-a-mas-diabetes-tipo-2","status":"publish","type":"post","link":"https:\/\/www.tuasaude.com\/es\/news\/2026\/09\/03\/las-bebidas-azucaradas-se-asocian-a-mas-diabetes-tipo-2\/","title":{"rendered":"Las bebidas azucaradas se asocian a m\u00e1s diabetes tipo 2"},"content":{"rendered":"\n<!-- ===== TS-COMPONENTE-1-BEBIDAS-INICIO ===== -->\n<div id=\"ts-bebidas-teaser\">\n  <style>\n    #ts-bebidas-teaser * {\n      box-sizing: border-box;\n    }\n\n    #ts-bebidas-teaser {\n      font-family: -apple-system, 'Segoe UI', Roboto, Arial, sans-serif;\n      background: #ffffff;\n      border: 1px solid #e3edf3;\n      border-radius: 14px;\n      padding: 22px;\n      max-width: 640px;\n      margin: 24px auto;\n      box-shadow: 0 2px 14px rgba(26,58,74,0.07);\n    }\n\n    #ts-bebidas-teaser .ts-head {\n      display: flex;\n      align-items: center;\n      gap: 10px;\n      margin-bottom: 18px;\n    }\n\n    #ts-bebidas-teaser .ts-badge {\n      display: inline-flex;\n      align-items: center;\n      background: #1c86c4;\n      color: #ffffff;\n      font-size: 12.5px;\n      font-weight: 700;\n      letter-spacing: 0.04em;\n      text-transform: uppercase;\n      padding: 6px 12px;\n      border-radius: 999px;\n    }\n\n    #ts-bebidas-teaser .ts-item {\n      display: flex;\n      align-items: flex-start;\n      gap: 12px;\n      min-width: 0;\n      background: #f5f9fc;\n      border-left: 4px solid #1a3a4a;\n      border-radius: 0 10px 10px 0;\n      padding: 12px 14px;\n      margin-bottom: 10px;\n    }\n\n    #ts-bebidas-teaser .ts-item:last-child {\n      margin-bottom: 0;\n    }\n\n    #ts-bebidas-teaser .ts-mark {\n      display: inline-flex;\n      align-items: center;\n      justify-content: center;\n      flex: 0 0 26px;\n      width: 26px;\n      height: 26px;\n      background: #1c86c4;\n      color: #ffffff;\n      border-radius: 50%;\n      font-size: 13px;\n      line-height: 1;\n      font-weight: 800;\n      margin-top: 1px;\n    }\n\n    #ts-bebidas-teaser .ts-item-text {\n      display: block;\n      min-width: 0;\n      color: #1a3a4a;\n      font-size: 15px;\n      line-height: 1.45;\n      font-weight: 500;\n      overflow-wrap: anywhere;\n    }\n\n    @media (max-width: 480px) {\n      #ts-bebidas-teaser {\n        padding: 18px 16px;\n      }\n\n      #ts-bebidas-teaser .ts-item {\n        gap: 10px;\n        padding: 11px 12px;\n      }\n\n      #ts-bebidas-teaser .ts-mark {\n        flex-basis: 24px;\n        width: 24px;\n        height: 24px;\n        font-size: 12.5px;\n      }\n\n      #ts-bebidas-teaser .ts-item-text {\n        font-size: 14.5px;\n      }\n    }\n  <\/style>\n\n  <div class=\"ts-head\">\n    <svg width=\"30\" height=\"30\" viewBox=\"0 0 30 30\" xmlns=\"http:\/\/www.w3.org\/2000\/svg\" aria-hidden=\"true\">\n      <circle cx=\"15\" cy=\"15\" r=\"14\" fill=\"#1c86c4\"\/>\n      <rect x=\"12.5\" y=\"6\" width=\"5\" height=\"18\" rx=\"1.5\" fill=\"#ffffff\"\/>\n      <rect x=\"6\" y=\"12.5\" width=\"18\" height=\"5\" rx=\"1.5\" fill=\"#ffffff\"\/>\n    <\/svg>\n    <span class=\"ts-badge\">Resumen<\/span>\n  <\/div>\n\n  <div class=\"ts-item\">\n    <span class=\"ts-mark\" aria-hidden=\"true\">1<\/span>\n    <span class=\"ts-item-text\">Cada raci\u00f3n diaria de bebida azucarada se asocia a un 18% m\u00e1s de riesgo de diabetes tipo 2, aunque se trata de una asociaci\u00f3n estad\u00edstica y no de una causa directa probada.<\/span>\n  <\/div>\n\n  <div class=\"ts-item\">\n    <span class=\"ts-mark\" aria-hidden=\"true\">2<\/span>\n    <span class=\"ts-item-text\">Las versiones edulcoradas &#8220;light&#8221; y los zumos de frutas no han demostrado ser alternativas plenamente eficaces o seguras para prevenir la diabetes.<\/span>\n  <\/div>\n\n  <div class=\"ts-item\">\n    <span class=\"ts-mark\" aria-hidden=\"true\">3<\/span>\n    <span class=\"ts-item-text\">Una lata est\u00e1ndar de refresco contiene unos 35 g de az\u00facar, sobrepasando los l\u00edmites diarios de az\u00facares libres recomendados por la OMS y el NHS.<\/span>\n  <\/div>\n\n  <div class=\"ts-item\">\n    <span class=\"ts-mark\" aria-hidden=\"true\">4<\/span>\n    <span class=\"ts-item-text\">Eliminar las bebidas azucaradas es un excelente h\u00e1bito saludable, pero no reemplaza el diagn\u00f3stico ni el tratamiento farmacol\u00f3gico pautado por el m\u00e9dico.<\/span>\n  <\/div>\n<\/div>\n<!-- ===== TS-COMPONENTE-1-BEBIDAS-FIM ===== -->\n\n\n\n<p class=\"wp-block-paragraph\">Unas 18% m\u00e1s por raci\u00f3n al d\u00eda. Es asociaci\u00f3n, no causa. No sustituyen el diagn\u00f3stico.<\/p>\n\n\n\n<p class=\"wp-block-paragraph\">Las&nbsp;<strong>bebidas azucaradas<\/strong>&nbsp;se asocian a m\u00e1s diabetes tipo 2 incidente: un 18% m\u00e1s por raci\u00f3n al d\u00eda (mediana 250 ml), calidad moderada, I\u00b2 alta. Asociaci\u00f3n, no causa. Los autores: la causalidad no est\u00e1 establecida. Cortar la lata de cola de la nevera baja az\u00facar libre sin tocar el resto del plato. No diagnostica. No sustituye al f\u00e1rmaco. El zumo y el light no son alternativa comprobada. Cortar refrescos es el gesto; el resto del plato sigue contando.<\/p>\n\n\n\n<p class=\"wp-block-paragraph\">Imamura, BMJ 2015: 17 cohortes, 38.253 casos en 10.126.754 personas-a\u00f1o. No se mezcla con Malik 2010 (26% el grupo que m\u00e1s beb\u00eda frente al que menos, otro recuento). El PAF de EE. UU. y Reino Unido no se copia a Espa\u00f1a.<\/p>\n\n\n\n<h2 class=\"wp-block-heading\">\u00bfLas bebidas azucaradas suben el riesgo de diabetes?<\/h2>\n\n\n<div class=\"wp-block-image\">\n<figure class=\"aligncenter size-large is-resized\"><img decoding=\"async\" width=\"1024\" height=\"573\" src=\"https:\/\/www.tuasaude.com\/es\/news\/wp-content\/uploads\/2026\/09\/magnific_section-1-title-refrescos_dtERzYkXSL-1024x573.png\" alt=\"Rins sobrecarregados e excesso de prote\u00edna em p\u00f3: qual o impacto e por que deve ser monitorado?\" class=\"wp-image-20173\" style=\"aspect-ratio:1.7871557131169893;width:1170px;height:auto\" srcset=\"https:\/\/www.tuasaude.com\/es\/news\/wp-content\/uploads\/2026\/09\/magnific_section-1-title-refrescos_dtERzYkXSL-1024x573.png 1024w, https:\/\/www.tuasaude.com\/es\/news\/wp-content\/uploads\/2026\/09\/magnific_section-1-title-refrescos_dtERzYkXSL-300x168.png 300w, https:\/\/www.tuasaude.com\/es\/news\/wp-content\/uploads\/2026\/09\/magnific_section-1-title-refrescos_dtERzYkXSL-767x429.png 767w, https:\/\/www.tuasaude.com\/es\/news\/wp-content\/uploads\/2026\/09\/magnific_section-1-title-refrescos_dtERzYkXSL-750x419.png 750w, https:\/\/www.tuasaude.com\/es\/news\/wp-content\/uploads\/2026\/09\/magnific_section-1-title-refrescos_dtERzYkXSL-1140x637.png 1140w, https:\/\/www.tuasaude.com\/es\/news\/wp-content\/uploads\/2026\/09\/magnific_section-1-title-refrescos_dtERzYkXSL.png 1344w\" sizes=\"(max-width: 1024px) 100vw, 1024px\" \/><figcaption class=\"wp-element-caption\">Infograf\u00eda sobre el consumo de refrescos y su asociaci\u00f3n con la diabetes tipo 2, con alternativas como agua, menos bebidas azucaradas y una alimentaci\u00f3n completa.<\/figcaption><\/figure>\n<\/div>\n\n\n<p class=\"wp-block-paragraph\">Se asocian. No se afirma que \u00abcausen\u00bb diabetes. Un 18% por raci\u00f3n, antes de ajustar adiposidad; un 13% despu\u00e9s. Heterogeneidad alta. Quien ya bebe m\u00e1s refresco puede tener otro patr\u00f3n, m\u00e1s kilos o menos paseo. El 18% no es un ticket de diabetes por lata. Los&nbsp;<a href=\"https:\/\/www.tuasaude.com\/es\/sintomas-de-azucar-alta-en-la-sangre\/\" target=\"_blank\" rel=\"noopener\">s\u00edntomas de az\u00facar alta en la sangre<\/a>&nbsp;se discuten con el m\u00e9dico de cabecera, no con la lata.<\/p>\n\n\n\n<h2 class=\"wp-block-heading\">\u00bfQu\u00e9 encontr\u00f3 Imamura 2015?<\/h2>\n\n\n\n<p class=\"wp-block-paragraph\">Imamura, O\u2019Connor, Ye y Forouhi metaanalizaron cohortes prospectivas. Es el trabajo que&nbsp;<a href=\"https:\/\/pmc.ncbi.nlm.nih.gov\/articles\/PMC4510779\/\" target=\"_blank\" rel=\"noopener\">asoci\u00f3 un 18% m\u00e1s de diabetes tipo 2 por raci\u00f3n diaria de bebida azucarada, calidad moderada, sin poder afirmar causa<\/a>.<\/p>\n\n\n\n<p class=\"wp-block-paragraph\">Diecisiete cohortes. 38.253 casos \/ 10.126.754 personas-a\u00f1o. Seguimiento medio de al menos dos a\u00f1os. RR por una raci\u00f3n al d\u00eda (mediana 250 ml). Refresco azucarado, 17 estudios: sin ajuste de adiposidad +18% (9% a 28%), I\u00b2 89%, RR 1,18 (1,09 a 1,28). Con ajuste de adiposidad +13% (6% a 21%), I\u00b2 79%, RR 1,13 (1,06 a 1,21). Calidad moderada, seg\u00fan los autores. \u00abAunque la causalidad no se ha establecido\u2026\u00bb. Light, 10 estudios: calidad baja; tras sesgo de publicaci\u00f3n, no significativo. Zumo, 13 estudios: calidad baja. Ni light ni zumo son alternativa saludable comprobada. El PAF de EE. UU. y Reino Unido no se extrapola a Espa\u00f1a.<\/p>\n\n\n\n<h2 class=\"wp-block-heading\">\u00bfEl refresco light o el zumo sirven igual?<\/h2>\n\n\n<div class=\"wp-block-image\">\n<figure class=\"aligncenter size-large is-resized\"><img decoding=\"async\" width=\"1024\" height=\"573\" src=\"https:\/\/www.tuasaude.com\/es\/news\/wp-content\/uploads\/2026\/09\/magnific_destacada-a-hispanic-woma_xSPhE8gjfW-1024x573.png\" alt=\"Press\u00e3o alta e excesso de s\u00f3dio: qual o impacto e por que deve ser controlado?\" class=\"wp-image-20174\" style=\"aspect-ratio:1.7871557131169893;width:1170px;height:auto\" srcset=\"https:\/\/www.tuasaude.com\/es\/news\/wp-content\/uploads\/2026\/09\/magnific_destacada-a-hispanic-woma_xSPhE8gjfW-1024x573.png 1024w, https:\/\/www.tuasaude.com\/es\/news\/wp-content\/uploads\/2026\/09\/magnific_destacada-a-hispanic-woma_xSPhE8gjfW-300x168.png 300w, https:\/\/www.tuasaude.com\/es\/news\/wp-content\/uploads\/2026\/09\/magnific_destacada-a-hispanic-woma_xSPhE8gjfW-767x429.png 767w, https:\/\/www.tuasaude.com\/es\/news\/wp-content\/uploads\/2026\/09\/magnific_destacada-a-hispanic-woma_xSPhE8gjfW-750x419.png 750w, https:\/\/www.tuasaude.com\/es\/news\/wp-content\/uploads\/2026\/09\/magnific_destacada-a-hispanic-woma_xSPhE8gjfW-1140x637.png 1140w, https:\/\/www.tuasaude.com\/es\/news\/wp-content\/uploads\/2026\/09\/magnific_destacada-a-hispanic-woma_xSPhE8gjfW.png 1344w\" sizes=\"(max-width: 1024px) 100vw, 1024px\" \/><figcaption class=\"wp-element-caption\">Mujer sustituyendo una lata de refresco por agua mientras organiza bebidas y alimentos en el refrigerador.<\/figcaption><\/figure>\n<\/div>\n\n\n<p class=\"wp-block-paragraph\">No como plan comprobado. Imamura: sesgo en light; zumo inestable y de baja calidad. Un vaso de zumo no lava la cola ni convierte 35 g de az\u00facar en fruta. El&nbsp;<a href=\"https:\/\/www.nhs.uk\/live-well\/eat-well\/how-to-eat-a-balanced-diet\/how-to-cut-down-on-sugar-in-your-diet\/\" target=\"_blank\" rel=\"noopener\">NHS: zumo y batido, m\u00e1ximo 150 ml al d\u00eda en total<\/a>. La OMS cuenta el zumo como az\u00facar libre. Agua del grifo, no marketing de lata. Un light con pizza no convierte la noche en prevenci\u00f3n.<\/p>\n\n\n\n<h2 class=\"wp-block-heading\">\u00bfCu\u00e1nta az\u00facar hay en una lata?<\/h2>\n\n\n\n<p class=\"wp-block-paragraph\">El NHS: los az\u00facares a\u00f1adidos, como mucho el 5% de la energ\u00eda, unos 30 g al d\u00eda a partir de los 11 a\u00f1os. Casi un cuarto de esos az\u00facares a\u00f1adidos viene de bebidas azucaradas, no del pan. Una lata de cola: 7 cucharaditas, 35 g. La&nbsp;<a href=\"https:\/\/www.who.int\/es\/news-room\/fact-sheets\/detail\/healthy-diet\" target=\"_blank\" rel=\"noopener\">OMS: az\u00facares libres \u226410% (unos 50 g en 2000 kcal); el 5% aporta un extra; incluye zumos; evitar bebidas azucaradas en ni\u00f1os<\/a>. La nevera con cola no es un 5%. Dos latas ya pasan de los 30 g del NHS antes del postre.<\/p>\n\n\n\n<h2 class=\"wp-block-heading\">\u00bfSustituyen al diagn\u00f3stico o al f\u00e1rmaco?<\/h2>\n\n\n\n<p class=\"wp-block-paragraph\">No. Dejar la lata no dice si hay diabetes. Una glucosa de 135 se habla en consulta:&nbsp;<a href=\"https:\/\/www.tuasaude.com\/es\/medico-responde\/si-tengo-135-de-glucosa-soy-diabetico\/\" target=\"_blank\" rel=\"noopener\">si tengo 135 de glucosa, \u00bfsoy diab\u00e9tico?<\/a>&nbsp;Lo que&nbsp;<a href=\"https:\/\/www.tuasaude.com\/es\/que-puede-comer-un-diabetico\/\" target=\"_blank\" rel=\"noopener\">puede comer una persona con diabetes<\/a>&nbsp;lo marca el m\u00e9dico, no un eslogan de cero az\u00facar. Cortar refrescos es h\u00e1bito. No es receta. Si ya hay diabetes, el plan de plato lo arma el m\u00e9dico de cabecera, no un anuncio de cero calor\u00edas.<\/p>\n\n\n\n<h2 class=\"wp-block-heading\">\u00bfCu\u00e1ndo ver al m\u00e9dico?<\/h2>\n\n\n\n<p class=\"wp-block-paragraph\">Coge cita si hay sed rara, mucha orina, cansancio extra\u00f1o o una cifra alta en la anal\u00edtica. El farmac\u00e9utico no diagnostica ni interpreta una glucosa de 135. La diabetes no se discute en urgencias por una cola. El m\u00e9dico de cabecera pide la anal\u00edtica y, si hace falta, te deriva. Un ni\u00f1o no necesita lata: la OMS pide evitar bebidas azucaradas en esa edad. En casa, agua del grifo en la nevera y la cola fuera.<\/p>\n\n\n\n<p class=\"wp-block-paragraph\">Asociaci\u00f3n 18%, no causa. Light y zumo no salvan. Lata fuera, agua dentro, cita si la glucosa se tuerce. El bote de edulcorante de la nevera no es el ensayo de Imamura.<\/p>\n\n\n\n<ul class=\"wp-block-list\">\n<li>Imamura BMJ 2015: 17 cohortes, 38.253 casos. SSB +18% por raci\u00f3n (I\u00b2 89%); +13% con adiposidad. Calidad moderada. Causalidad no establecida.<\/li>\n\n\n\n<li>ASB y zumo: calidad baja. No son alternativa comprobada. PAF EE. UU.\/UK no se copia a Espa\u00f1a.<\/li>\n\n\n\n<li>No fusionar con Malik 2010 (26% entre extremos, otro metaan\u00e1lisis). NHS: 30 g; cola 35 g; zumo 150 ml. OMS: \u226410% \/ 5% extra.<\/li>\n\n\n\n<li>No diagn\u00f3stico ni f\u00e1rmaco. M\u00e9dico de cabecera. Nevera y lata de cola.<\/li>\n<\/ul>\n\n\n\n<p class=\"wp-block-paragraph\">La cola no firma la diabetes. La anal\u00edtica del centro de salud, s\u00ed. El m\u00e9dico de cabecera mira la sangre, no la nevera.<\/p>\n","protected":false},"excerpt":{"rendered":"<p>Resumen 1 Cada raci\u00f3n diaria de bebida azucarada se asocia a un 18% m\u00e1s de riesgo de diabetes tipo 2, aunque se trata de una asociaci\u00f3n estad\u00edstica y no de una causa directa probada. 2 Las versiones edulcoradas &#8220;light&#8221; y los zumos de frutas no han demostrado ser alternativas plenamente eficaces o seguras para prevenir [&hellip;]<\/p>\n","protected":false},"author":14,"featured_media":20175,"comment_status":"open","ping_status":"open","sticky":false,"template":"","format":"standard","meta":{"jnews-multi-image_gallery":[],"jnews_single_post":{"format":"standard"},"jnews_primary_category":[],"jnews_social_meta":[],"jnews_override_counter":[],"footnotes":""},"categories":[1],"tags":[17831,19275,11287,20715,17693,18570,18887],"class_list":["post-20160","post","type-post","status-publish","format-standard","has-post-thumbnail","hentry","category-bienestar","tag-azucar","tag-bebidas-azucaradas","tag-diabetes-tipo-2","tag-edulcorantes","tag-glucosa","tag-refrescos","tag-zumo"],"yoast_head":"<!-- This site is optimized with the Yoast SEO plugin v28.3 - https:\/\/yoast.com\/product\/yoast-seo-wordpress\/ -->\n<title>Las bebidas azucaradas se asocian a m\u00e1s diabetes tipo 2 - Tua Saude<\/title>\n<meta name=\"description\" content=\"Las bebidas azucaradas se asocian a m\u00e1s diabetes tipo 2 (unas 18% m\u00e1s por raci\u00f3n al d\u00eda). Es asociaci\u00f3n, no causa; no sustituyen el diagn\u00f3stico.\" \/>\n<meta name=\"robots\" content=\"index, follow, max-snippet:-1, max-image-preview:large, max-video-preview:-1\" \/>\n<link rel=\"canonical\" href=\"https:\/\/www.tuasaude.com\/es\/news\/2026\/09\/03\/las-bebidas-azucaradas-se-asocian-a-mas-diabetes-tipo-2\/\" \/>\n<meta property=\"og:locale\" content=\"es_ES\" \/>\n<meta property=\"og:type\" content=\"article\" \/>\n<meta property=\"og:title\" content=\"Las bebidas azucaradas se asocian a m\u00e1s diabetes tipo 2 - Tua Saude\" \/>\n<meta property=\"og:description\" content=\"Las bebidas azucaradas se asocian a m\u00e1s diabetes tipo 2 (unas 18% m\u00e1s por raci\u00f3n al d\u00eda). Es asociaci\u00f3n, no causa; no sustituyen el diagn\u00f3stico.\" \/>\n<meta property=\"og:url\" content=\"https:\/\/www.tuasaude.com\/es\/news\/2026\/09\/03\/las-bebidas-azucaradas-se-asocian-a-mas-diabetes-tipo-2\/\" \/>\n<meta property=\"og:site_name\" content=\"Tua Saude\" \/>\n<meta property=\"article:published_time\" content=\"2026-09-03T18:05:00+00:00\" \/>\n<meta property=\"og:image\" content=\"https:\/\/www.tuasaude.com\/es\/news\/wp-content\/uploads\/2026\/09\/magnific_corpo-an-unbranded-opened_Tdm439uVNR.png\" \/>\n\t<meta property=\"og:image:width\" content=\"1344\" \/>\n\t<meta property=\"og:image:height\" content=\"752\" \/>\n\t<meta property=\"og:image:type\" content=\"image\/png\" \/>\n<meta name=\"author\" content=\"Jo\u00e3o Victor\" \/>\n<meta name=\"twitter:card\" content=\"summary_large_image\" \/>\n<meta name=\"twitter:label1\" content=\"Escrito por\" \/>\n\t<meta name=\"twitter:data1\" content=\"Jo\u00e3o Victor\" \/>\n\t<meta name=\"twitter:label2\" content=\"Tiempo de lectura\" \/>\n\t<meta name=\"twitter:data2\" content=\"5 minutos\" \/>\n<!-- \/ Yoast SEO plugin. -->","yoast_head_json":{"title":"Las bebidas azucaradas se asocian a m\u00e1s diabetes tipo 2 - Tua Saude","description":"Las bebidas azucaradas se asocian a m\u00e1s diabetes tipo 2 (unas 18% m\u00e1s por raci\u00f3n al d\u00eda). Es asociaci\u00f3n, no causa; no sustituyen el diagn\u00f3stico.","robots":{"index":"index","follow":"follow","max-snippet":"max-snippet:-1","max-image-preview":"max-image-preview:large","max-video-preview":"max-video-preview:-1"},"canonical":"https:\/\/www.tuasaude.com\/es\/news\/2026\/09\/03\/las-bebidas-azucaradas-se-asocian-a-mas-diabetes-tipo-2\/","og_locale":"es_ES","og_type":"article","og_title":"Las bebidas azucaradas se asocian a m\u00e1s diabetes tipo 2 - Tua Saude","og_description":"Las bebidas azucaradas se asocian a m\u00e1s diabetes tipo 2 (unas 18% m\u00e1s por raci\u00f3n al d\u00eda). Es asociaci\u00f3n, no causa; no sustituyen el diagn\u00f3stico.","og_url":"https:\/\/www.tuasaude.com\/es\/news\/2026\/09\/03\/las-bebidas-azucaradas-se-asocian-a-mas-diabetes-tipo-2\/","og_site_name":"Tua Saude","article_published_time":"2026-09-03T18:05:00+00:00","og_image":[{"width":1344,"height":752,"url":"https:\/\/www.tuasaude.com\/es\/news\/wp-content\/uploads\/2026\/09\/magnific_corpo-an-unbranded-opened_Tdm439uVNR.png","type":"image\/png"}],"author":"Jo\u00e3o Victor","twitter_card":"summary_large_image","twitter_misc":{"Escrito por":"Jo\u00e3o Victor","Tiempo de lectura":"5 minutos"},"schema":{"@context":"https:\/\/schema.org","@graph":[{"@type":"Article","@id":"https:\/\/www.tuasaude.com\/es\/news\/2026\/09\/03\/las-bebidas-azucaradas-se-asocian-a-mas-diabetes-tipo-2\/#article","isPartOf":{"@id":"https:\/\/www.tuasaude.com\/es\/news\/2026\/09\/03\/las-bebidas-azucaradas-se-asocian-a-mas-diabetes-tipo-2\/"},"author":{"name":"Jo\u00e3o Victor","@id":"https:\/\/www.tuasaude.com\/es\/news\/#\/schema\/person\/16a4d193b08b5d0f589edf44bf2a7fab"},"headline":"Las bebidas azucaradas se asocian a m\u00e1s diabetes tipo 2","datePublished":"2026-09-03T18:05:00+00:00","mainEntityOfPage":{"@id":"https:\/\/www.tuasaude.com\/es\/news\/2026\/09\/03\/las-bebidas-azucaradas-se-asocian-a-mas-diabetes-tipo-2\/"},"wordCount":985,"commentCount":0,"image":{"@id":"https:\/\/www.tuasaude.com\/es\/news\/2026\/09\/03\/las-bebidas-azucaradas-se-asocian-a-mas-diabetes-tipo-2\/#primaryimage"},"thumbnailUrl":"https:\/\/www.tuasaude.com\/es\/news\/wp-content\/uploads\/2026\/09\/magnific_corpo-an-unbranded-opened_Tdm439uVNR.png","keywords":["az\u00facar","bebidas azucaradas","diabetes tipo 2","edulcorantes","glucosa","refrescos","zumo"],"articleSection":["Bienestar"],"inLanguage":"es","potentialAction":[{"@type":"CommentAction","name":"Comment","target":["https:\/\/www.tuasaude.com\/es\/news\/2026\/09\/03\/las-bebidas-azucaradas-se-asocian-a-mas-diabetes-tipo-2\/#respond"]}]},{"@type":"WebPage","@id":"https:\/\/www.tuasaude.com\/es\/news\/2026\/09\/03\/las-bebidas-azucaradas-se-asocian-a-mas-diabetes-tipo-2\/","url":"https:\/\/www.tuasaude.com\/es\/news\/2026\/09\/03\/las-bebidas-azucaradas-se-asocian-a-mas-diabetes-tipo-2\/","name":"Las bebidas azucaradas se asocian a m\u00e1s diabetes tipo 2 - Tua Saude","isPartOf":{"@id":"https:\/\/www.tuasaude.com\/es\/news\/#website"},"primaryImageOfPage":{"@id":"https:\/\/www.tuasaude.com\/es\/news\/2026\/09\/03\/las-bebidas-azucaradas-se-asocian-a-mas-diabetes-tipo-2\/#primaryimage"},"image":{"@id":"https:\/\/www.tuasaude.com\/es\/news\/2026\/09\/03\/las-bebidas-azucaradas-se-asocian-a-mas-diabetes-tipo-2\/#primaryimage"},"thumbnailUrl":"https:\/\/www.tuasaude.com\/es\/news\/wp-content\/uploads\/2026\/09\/magnific_corpo-an-unbranded-opened_Tdm439uVNR.png","datePublished":"2026-09-03T18:05:00+00:00","author":{"@id":"https:\/\/www.tuasaude.com\/es\/news\/#\/schema\/person\/16a4d193b08b5d0f589edf44bf2a7fab"},"description":"Las bebidas azucaradas se asocian a m\u00e1s diabetes tipo 2 (unas 18% m\u00e1s por raci\u00f3n al d\u00eda). Es asociaci\u00f3n, no causa; no sustituyen el diagn\u00f3stico.","breadcrumb":{"@id":"https:\/\/www.tuasaude.com\/es\/news\/2026\/09\/03\/las-bebidas-azucaradas-se-asocian-a-mas-diabetes-tipo-2\/#breadcrumb"},"inLanguage":"es","potentialAction":[{"@type":"ReadAction","target":["https:\/\/www.tuasaude.com\/es\/news\/2026\/09\/03\/las-bebidas-azucaradas-se-asocian-a-mas-diabetes-tipo-2\/"]}]},{"@type":"ImageObject","inLanguage":"es","@id":"https:\/\/www.tuasaude.com\/es\/news\/2026\/09\/03\/las-bebidas-azucaradas-se-asocian-a-mas-diabetes-tipo-2\/#primaryimage","url":"https:\/\/www.tuasaude.com\/es\/news\/wp-content\/uploads\/2026\/09\/magnific_corpo-an-unbranded-opened_Tdm439uVNR.png","contentUrl":"https:\/\/www.tuasaude.com\/es\/news\/wp-content\/uploads\/2026\/09\/magnific_corpo-an-unbranded-opened_Tdm439uVNR.png","width":1344,"height":752,"caption":"Una lata de refresco junto a una cantidad visible de az\u00facar representa el aporte de az\u00facares libres presente en muchas bebidas azucaradas. Imagen generada por IA."},{"@type":"BreadcrumbList","@id":"https:\/\/www.tuasaude.com\/es\/news\/2026\/09\/03\/las-bebidas-azucaradas-se-asocian-a-mas-diabetes-tipo-2\/#breadcrumb","itemListElement":[{"@type":"ListItem","position":1,"name":"Portada","item":"https:\/\/www.tuasaude.com\/es\/news\/"},{"@type":"ListItem","position":2,"name":"Las bebidas azucaradas se asocian a m\u00e1s diabetes tipo 2"}]},{"@type":"WebSite","@id":"https:\/\/www.tuasaude.com\/es\/news\/#website","url":"https:\/\/www.tuasaude.com\/es\/news\/","name":"Tua Saude","description":"Tu sitio web de salud","potentialAction":[{"@type":"SearchAction","target":{"@type":"EntryPoint","urlTemplate":"https:\/\/www.tuasaude.com\/es\/news\/?s={search_term_string}"},"query-input":{"@type":"PropertyValueSpecification","valueRequired":true,"valueName":"search_term_string"}}],"inLanguage":"es"},{"@type":"Person","@id":"https:\/\/www.tuasaude.com\/es\/news\/#\/schema\/person\/16a4d193b08b5d0f589edf44bf2a7fab","name":"Jo\u00e3o Victor","image":{"@type":"ImageObject","inLanguage":"es","@id":"https:\/\/secure.gravatar.com\/avatar\/bafb23913f410c1931def6caa7c109c29a2ae52e8b28ea5b93784ed42e035da9?s=96&d=mm&r=g","url":"https:\/\/secure.gravatar.com\/avatar\/bafb23913f410c1931def6caa7c109c29a2ae52e8b28ea5b93784ed42e035da9?s=96&d=mm&r=g","contentUrl":"https:\/\/secure.gravatar.com\/avatar\/bafb23913f410c1931def6caa7c109c29a2ae52e8b28ea5b93784ed42e035da9?s=96&d=mm&r=g","caption":"Jo\u00e3o Victor"},"url":"https:\/\/www.tuasaude.com\/es\/news\/author\/joaomyth\/"}]}},"_links":{"self":[{"href":"https:\/\/www.tuasaude.com\/es\/news\/wp-json\/wp\/v2\/posts\/20160","targetHints":{"allow":["GET"]}}],"collection":[{"href":"https:\/\/www.tuasaude.com\/es\/news\/wp-json\/wp\/v2\/posts"}],"about":[{"href":"https:\/\/www.tuasaude.com\/es\/news\/wp-json\/wp\/v2\/types\/post"}],"author":[{"embeddable":true,"href":"https:\/\/www.tuasaude.com\/es\/news\/wp-json\/wp\/v2\/users\/14"}],"replies":[{"embeddable":true,"href":"https:\/\/www.tuasaude.com\/es\/news\/wp-json\/wp\/v2\/comments?post=20160"}],"version-history":[{"count":1,"href":"https:\/\/www.tuasaude.com\/es\/news\/wp-json\/wp\/v2\/posts\/20160\/revisions"}],"predecessor-version":[{"id":20176,"href":"https:\/\/www.tuasaude.com\/es\/news\/wp-json\/wp\/v2\/posts\/20160\/revisions\/20176"}],"wp:featuredmedia":[{"embeddable":true,"href":"https:\/\/www.tuasaude.com\/es\/news\/wp-json\/wp\/v2\/media\/20175"}],"wp:attachment":[{"href":"https:\/\/www.tuasaude.com\/es\/news\/wp-json\/wp\/v2\/media?parent=20160"}],"wp:term":[{"taxonomy":"category","embeddable":true,"href":"https:\/\/www.tuasaude.com\/es\/news\/wp-json\/wp\/v2\/categories?post=20160"},{"taxonomy":"post_tag","embeddable":true,"href":"https:\/\/www.tuasaude.com\/es\/news\/wp-json\/wp\/v2\/tags?post=20160"}],"curies":[{"name":"wp","href":"https:\/\/api.w.org\/{rel}","templated":true}]}}