{"id":20064,"date":"2026-09-03T12:55:00","date_gmt":"2026-09-03T11:55:00","guid":{"rendered":"https:\/\/www.tuasaude.com\/es\/news\/?p=20064"},"modified":"2026-09-03T01:44:29","modified_gmt":"2026-09-03T00:44:29","slug":"sensibilidad-a-la-luz-que-es-y-que-habitos-ayudan-a-controlarla","status":"publish","type":"post","link":"https:\/\/www.tuasaude.com\/es\/news\/2026\/09\/03\/sensibilidad-a-la-luz-que-es-y-que-habitos-ayudan-a-controlarla\/","title":{"rendered":"Sensibilidad a la luz qu\u00e9 es y qu\u00e9 h\u00e1bitos ayudan a controlarla"},"content":{"rendered":"\n<p class=\"wp-block-paragraph\">La <strong>sensibilidad a la luz<\/strong>, conocida en t\u00e9rminos m\u00e9dicos como fotofobia, es una molestia muy frecuente que aparece cuando los ojos reaccionan de forma exagerada ante la claridad. Puede ir desde un simple deslumbramiento hasta un dolor ocular intenso con la luz del sol, la pantalla del ordenador o incluso una habitaci\u00f3n bien iluminada. No es una enfermedad en s\u00ed, sino un s\u00edntoma con muchas causas, desde el cansancio ocular hasta problemas neurol\u00f3gicos u oftalmol\u00f3gicos que conviene identificar.<\/p>\n\n\n\n<h2 class=\"wp-block-heading\">\u00bfQu\u00e9 es exactamente la sensibilidad a la luz?<\/h2>\n\n\n\n<p class=\"wp-block-paragraph\">La fotofobia se define como una molestia ocular provocada o intensificada por la luz. Puede afectar a un ojo o a los dos y presentarse de forma puntual o mantenerse durante semanas. En muchos casos la persona nota que necesita entornar los ojos, usar gorra o retirar la vista de las <strong>fuentes luminosas<\/strong>, tanto naturales como artificiales.<\/p>\n\n\n\n<p class=\"wp-block-paragraph\">La intensidad var\u00eda mucho. Algunas personas solo se molestan con luz solar directa y otras encuentran inc\u00f3modas incluso las luces suaves de casa. Cuando la molestia se acompa\u00f1a de dolor, es se\u00f1al de que conviene buscar la causa.<\/p>\n\n\n\n<h2 class=\"wp-block-heading\">\u00bfQu\u00e9 dice la ciencia sobre las causas de la fotofobia?<\/h2>\n\n\n\n<p class=\"wp-block-paragraph\">La investigaci\u00f3n ha avanzado mucho en explicar los mecanismos detr\u00e1s de este s\u00edntoma. Seg\u00fan una revisi\u00f3n publicada en el <em>British Journal of Ophthalmology<\/em> en 2021, la fotofobia comparte una base neurol\u00f3gica com\u00fan entre tres cuadros muy frecuentes: <a href=\"https:\/\/pubmed.ncbi.nlm.nih.gov\/32703784\/\" target=\"_blank\" rel=\"noopener\">enfermedad de ojo seco, migra\u00f1a y traumatismo craneoencef\u00e1lico<\/a>, con hipersensibilidad de la v\u00eda trig\u00e9mino-tal\u00e1mica y del neurop\u00e9ptido CGRP.<\/p>\n\n\n\n<p class=\"wp-block-paragraph\">Esa base ayuda a explicar por qu\u00e9 muchas personas con <strong>migra\u00f1a<\/strong> arrastran sensibilidad a la luz incluso fuera de los ataques, y por qu\u00e9 el ojo seco cr\u00f3nico se acompa\u00f1a con tanta frecuencia de molestias con la claridad. Tambi\u00e9n justifica que el abordaje sea distinto seg\u00fan la causa de fondo.<\/p>\n\n\n\n<h2 class=\"wp-block-heading\">\u00bfCu\u00e1les son las causas m\u00e1s habituales?<\/h2>\n\n\n\n<p class=\"wp-block-paragraph\">Las causas de la fotofobia son variadas y se agrupan en tres grandes bloques. Estas son las situaciones m\u00e1s habituales:<\/p>\n\n\n\n<ul class=\"wp-block-list\">\n<li>Problemas oculares como ojo seco, conjuntivitis, uve\u00edtis, queratitis o abrasiones corneales.<\/li>\n\n\n\n<li>Cataratas y otras alteraciones del cristalino que dispersan la luz dentro del ojo.<\/li>\n\n\n\n<li>Migra\u00f1a y cefaleas, donde la sensibilidad a la luz es un s\u00edntoma casi constante.<\/li>\n\n\n\n<li>Fatiga visual por uso prolongado de pantallas.<\/li>\n\n\n\n<li>Traumatismos craneales y algunas infecciones del sistema nervioso.<\/li>\n\n\n\n<li>Efecto secundario de ciertos medicamentos, como algunos antihistam\u00ednicos y diur\u00e9ticos.<\/li>\n\n\n\n<li>Recuperaci\u00f3n de cirug\u00edas oculares como la operaci\u00f3n de cataratas o el LASIK.<\/li>\n\n\n\n<li>Ojos claros y albinismo, con menor pigmento para filtrar la luz.<\/li>\n<\/ul>\n\n\n\n<p class=\"wp-block-paragraph\">Identificar el motivo es clave para aliviar el <strong>malestar ocular<\/strong> con la estrategia adecuada.<\/p>\n\n\n<div class=\"wp-block-image\">\n<figure class=\"aligncenter size-large\"><img decoding=\"async\" width=\"1024\" height=\"571\" src=\"https:\/\/www.tuasaude.com\/es\/news\/wp-content\/uploads\/2026\/09\/Light_entering_human_eye_anatomy_202609021546-1024x571.jpeg\" alt=\"Sensibilidad a la luz qu\u00e9 es y qu\u00e9 h\u00e1bitos ayudan a controlarla\" class=\"wp-image-20087\" srcset=\"https:\/\/www.tuasaude.com\/es\/news\/wp-content\/uploads\/2026\/09\/Light_entering_human_eye_anatomy_202609021546-1024x571.jpeg 1024w, https:\/\/www.tuasaude.com\/es\/news\/wp-content\/uploads\/2026\/09\/Light_entering_human_eye_anatomy_202609021546-300x167.jpeg 300w, https:\/\/www.tuasaude.com\/es\/news\/wp-content\/uploads\/2026\/09\/Light_entering_human_eye_anatomy_202609021546-768x428.jpeg 768w, https:\/\/www.tuasaude.com\/es\/news\/wp-content\/uploads\/2026\/09\/Light_entering_human_eye_anatomy_202609021546-750x418.jpeg 750w, https:\/\/www.tuasaude.com\/es\/news\/wp-content\/uploads\/2026\/09\/Light_entering_human_eye_anatomy_202609021546-1140x636.jpeg 1140w, https:\/\/www.tuasaude.com\/es\/news\/wp-content\/uploads\/2026\/09\/Light_entering_human_eye_anatomy_202609021546.jpeg 1280w\" sizes=\"(max-width: 1024px) 100vw, 1024px\" \/><figcaption class=\"wp-element-caption\">La sensibilidad intensa o con dolor requiere valoraci\u00f3n m\u00e9dica.<\/figcaption><\/figure>\n<\/div>\n\n\n<h2 class=\"wp-block-heading\">\u00bfQu\u00e9 s\u00edntomas acompa\u00f1an a la sensibilidad a la luz?<\/h2>\n\n\n\n<p class=\"wp-block-paragraph\">La fotofobia rara vez se presenta aislada. Suele venir con otras molestias que orientan sobre su origen. Las m\u00e1s frecuentes son:<\/p>\n\n\n\n<ul class=\"wp-block-list\">\n<li>Necesidad de entornar los ojos ante luz intensa.<\/li>\n\n\n\n<li>Lagrimeo reflejo o secreci\u00f3n ocular.<\/li>\n\n\n\n<li>Dolor de cabeza que empeora en ambientes iluminados.<\/li>\n\n\n\n<li>Enrojecimiento y sensaci\u00f3n de arenilla.<\/li>\n\n\n\n<li>Visi\u00f3n borrosa transitoria.<\/li>\n\n\n\n<li>N\u00e1useas o mareo en el contexto de una migra\u00f1a.<\/li>\n\n\n\n<li>Rigidez en el cuello, sobre todo si hay fiebre asociada.<\/li>\n<\/ul>\n\n\n\n<p class=\"wp-block-paragraph\">Cuando aparece fiebre alta, rigidez de nuca o alteraci\u00f3n del estado general, la valoraci\u00f3n m\u00e9dica debe ser inmediata.<\/p>\n\n\n\n<h2 class=\"wp-block-heading\">\u00bfQu\u00e9 h\u00e1bitos ayudan a controlarla?<\/h2>\n\n\n\n<p class=\"wp-block-paragraph\">En la mayor\u00eda de los casos leves, unos <strong>cambios de rutina<\/strong> reducen las molestias de forma clara. Los m\u00e1s \u00fatiles:<\/p>\n\n\n\n<ul class=\"wp-block-list\">\n<li>Usar gafas de sol homologadas con protecci\u00f3n ultravioleta cuando se sale a la calle.<\/li>\n\n\n\n<li>Elegir gafas con protecci\u00f3n lateral si la molestia es intensa.<\/li>\n\n\n\n<li>Ajustar el brillo y el contraste de m\u00f3viles, tablets y ordenadores al ambiente.<\/li>\n\n\n\n<li>Activar el modo oscuro o el filtro de luz c\u00e1lida en pantallas por la noche.<\/li>\n\n\n\n<li>Reducir la exposici\u00f3n a luces fluorescentes intensas y a bombillas LED muy fr\u00edas.<\/li>\n\n\n\n<li>Aplicar la regla 20-20-20 al usar dispositivos, mirando cada 20 minutos a unos 6 metros durante 20 segundos.<\/li>\n\n\n\n<li>Mantener una buena hidrataci\u00f3n y ambientes ventilados sin corrientes directas.<\/li>\n\n\n\n<li>Descansar los ojos con compresas templadas al final del d\u00eda.<\/li>\n<\/ul>\n\n\n\n<p class=\"wp-block-paragraph\">Puedes ampliar la informaci\u00f3n sobre las causas y cuidados relacionados en esta gu\u00eda sobre la <a href=\"https:\/\/www.tuasaude.com\/es\/fotosensibilidad\/\" target=\"_blank\" rel=\"noopener\">fotosensibilidad y c\u00f3mo abordarla<\/a>.<\/p>\n\n\n\n<h2 class=\"wp-block-heading\">\u00bfC\u00f3mo influye el descanso y la alimentaci\u00f3n?<\/h2>\n\n\n\n<p class=\"wp-block-paragraph\">Dormir bien tiene un impacto directo sobre la <strong>tolerancia a la luz<\/strong>. El d\u00e9ficit de sue\u00f1o aumenta la sensibilidad y agrava s\u00edntomas asociados como el dolor de cabeza. Entre 7 y 9 horas de descanso nocturno son una buena referencia para adultos, con horarios estables y sin exposici\u00f3n prolongada a pantallas justo antes de dormir.<\/p>\n\n\n\n<p class=\"wp-block-paragraph\">La alimentaci\u00f3n tambi\u00e9n suma. Una dieta rica en verduras de hoja verde, pescado azul, frutos secos y huevos aporta lute\u00edna, zeaxantina, omega 3 y vitamina A, nutrientes con papel en la salud ocular. Reducir el alcohol y limitar la cafe\u00edna en exceso es \u00fatil sobre todo cuando la fotofobia acompa\u00f1a a episodios de migra\u00f1a.<\/p>\n\n\n\n<h2 class=\"wp-block-heading\">\u00bfCu\u00e1ndo conviene consultar a un profesional?<\/h2>\n\n\n\n<p class=\"wp-block-paragraph\">Los cambios en la sensibilidad a la luz siempre merecen atenci\u00f3n cuando persisten o se acompa\u00f1an de otros s\u00edntomas. La <strong>valoraci\u00f3n m\u00e9dica<\/strong> es imprescindible en estas situaciones:<\/p>\n\n\n\n<ul class=\"wp-block-list\">\n<li>Fotofobia intensa que aparece de forma brusca.<\/li>\n\n\n\n<li>Dolor ocular importante o dolor de cabeza muy fuerte.<\/li>\n\n\n\n<li>Fiebre, rigidez de nuca o alteraci\u00f3n de la consciencia.<\/li>\n\n\n\n<li>Visi\u00f3n borrosa persistente o p\u00e9rdida transitoria de visi\u00f3n.<\/li>\n\n\n\n<li>Enrojecimiento marcado, secreci\u00f3n o visi\u00f3n de halos alrededor de las luces.<\/li>\n\n\n\n<li>Antecedente reciente de traumatismo en la cabeza o cirug\u00eda ocular.<\/li>\n\n\n\n<li>Sensibilidad a la luz que dura m\u00e1s de dos o tres semanas pese a los cuidados.<\/li>\n<\/ul>\n\n\n\n<p class=\"wp-block-paragraph\">El oftalm\u00f3logo o el neur\u00f3logo, seg\u00fan el caso, orientar\u00e1n el estudio y el tratamiento del cuadro de fondo.<\/p>\n\n\n\n<h2 class=\"wp-block-heading\">Puntos clave para llevarte a casa<\/h2>\n\n\n\n<p class=\"wp-block-paragraph\">La sensibilidad a la luz es un s\u00edntoma con muchas caras. Puede aparecer por un simple exceso de pantalla, por ojo seco, por migra\u00f1a o por causas m\u00e1s espec\u00edficas que necesitan diagn\u00f3stico. Adoptar gestos sencillos como usar gafas de sol homologadas, ajustar el brillo de los dispositivos, cuidar la iluminaci\u00f3n y respetar las pausas visuales alivia la mayor\u00eda de las molestias leves. Cuando la fotofobia se vuelve intensa, se acompa\u00f1a de dolor o interfiere con la vida diaria, la <strong>valoraci\u00f3n oftalmol\u00f3gica<\/strong> es la mejor herramienta para llegar al origen y aplicar el tratamiento adecuado, protegiendo as\u00ed la salud ocular a largo plazo.<\/p>\n\n\n\n<p class=\"wp-block-paragraph\">Este contenido tiene car\u00e1cter meramente informativo y <strong>no sustituye la consulta oftalmol\u00f3gica<\/strong> ni la valoraci\u00f3n de un profesional sanitario. Ante sensibilidad intensa a la luz, dolor ocular o cambios en la visi\u00f3n, acude siempre a un especialista de confianza.<\/p>\n","protected":false},"excerpt":{"rendered":"<p>La sensibilidad a la luz, conocida en t\u00e9rminos m\u00e9dicos como fotofobia, es una molestia muy frecuente que aparece cuando los ojos reaccionan de forma exagerada ante la claridad. Puede ir desde un simple deslumbramiento hasta un dolor ocular intenso con la luz del sol, la pantalla del ordenador o incluso una habitaci\u00f3n bien iluminada. No [&hellip;]<\/p>\n","protected":false},"author":17,"featured_media":20081,"comment_status":"open","ping_status":"open","sticky":false,"template":"","format":"standard","meta":{"jnews-multi-image_gallery":[],"jnews_single_post":{"format":"standard"},"jnews_primary_category":[],"jnews_social_meta":[],"jnews_override_counter":[],"footnotes":""},"categories":[8767],"tags":[19510,17396,20705],"class_list":["post-20064","post","type-post","status-publish","format-standard","has-post-thumbnail","hentry","category-salud","tag-habito","tag-salud","tag-sensibilidad-a-la-luz"],"yoast_head":"<!-- This site is optimized with the Yoast SEO plugin v28.3 - https:\/\/yoast.com\/product\/yoast-seo-wordpress\/ -->\n<title>Sensibilidad a la luz qu\u00e9 es y qu\u00e9 h\u00e1bitos ayudan a controlarla - Tua Saude<\/title>\n<meta name=\"description\" content=\"La sensibilidad a la luz puede relacionarse con ojo seco, migra\u00f1a o fatiga visual. Algunos h\u00e1bitos alivian la fotofobia, pero ciertos s\u00edntomas requieren atenci\u00f3n.\" \/>\n<meta name=\"robots\" content=\"index, follow, max-snippet:-1, max-image-preview:large, max-video-preview:-1\" \/>\n<link rel=\"canonical\" href=\"https:\/\/www.tuasaude.com\/es\/news\/2026\/09\/03\/sensibilidad-a-la-luz-que-es-y-que-habitos-ayudan-a-controlarla\/\" \/>\n<meta property=\"og:locale\" content=\"es_ES\" \/>\n<meta property=\"og:type\" content=\"article\" \/>\n<meta property=\"og:title\" content=\"Sensibilidad a la luz qu\u00e9 es y qu\u00e9 h\u00e1bitos ayudan a controlarla - Tua Saude\" \/>\n<meta property=\"og:description\" content=\"La sensibilidad a la luz puede relacionarse con ojo seco, migra\u00f1a o fatiga visual. Algunos h\u00e1bitos alivian la fotofobia, pero ciertos s\u00edntomas requieren atenci\u00f3n.\" \/>\n<meta property=\"og:url\" content=\"https:\/\/www.tuasaude.com\/es\/news\/2026\/09\/03\/sensibilidad-a-la-luz-que-es-y-que-habitos-ayudan-a-controlarla\/\" \/>\n<meta property=\"og:site_name\" content=\"Tua Saude\" \/>\n<meta property=\"article:published_time\" content=\"2026-09-03T11:55:00+00:00\" \/>\n<meta property=\"og:image\" content=\"https:\/\/www.tuasaude.com\/es\/news\/wp-content\/uploads\/2026\/09\/Woman_shielding_eyes_from_light_202609021546.jpeg\" \/>\n\t<meta property=\"og:image:width\" content=\"1280\" \/>\n\t<meta property=\"og:image:height\" content=\"714\" \/>\n\t<meta property=\"og:image:type\" content=\"image\/jpeg\" \/>\n<meta name=\"author\" content=\"Carlos Emanoel\" \/>\n<meta name=\"twitter:card\" content=\"summary_large_image\" \/>\n<meta name=\"twitter:label1\" content=\"Escrito por\" \/>\n\t<meta name=\"twitter:data1\" content=\"Carlos Emanoel\" \/>\n\t<meta name=\"twitter:label2\" content=\"Tiempo de lectura\" \/>\n\t<meta name=\"twitter:data2\" content=\"6 minutos\" \/>\n<!-- \/ Yoast SEO plugin. -->","yoast_head_json":{"title":"Sensibilidad a la luz qu\u00e9 es y qu\u00e9 h\u00e1bitos ayudan a controlarla - Tua Saude","description":"La sensibilidad a la luz puede relacionarse con ojo seco, migra\u00f1a o fatiga visual. Algunos h\u00e1bitos alivian la fotofobia, pero ciertos s\u00edntomas requieren atenci\u00f3n.","robots":{"index":"index","follow":"follow","max-snippet":"max-snippet:-1","max-image-preview":"max-image-preview:large","max-video-preview":"max-video-preview:-1"},"canonical":"https:\/\/www.tuasaude.com\/es\/news\/2026\/09\/03\/sensibilidad-a-la-luz-que-es-y-que-habitos-ayudan-a-controlarla\/","og_locale":"es_ES","og_type":"article","og_title":"Sensibilidad a la luz qu\u00e9 es y qu\u00e9 h\u00e1bitos ayudan a controlarla - Tua Saude","og_description":"La sensibilidad a la luz puede relacionarse con ojo seco, migra\u00f1a o fatiga visual. Algunos h\u00e1bitos alivian la fotofobia, pero ciertos s\u00edntomas requieren atenci\u00f3n.","og_url":"https:\/\/www.tuasaude.com\/es\/news\/2026\/09\/03\/sensibilidad-a-la-luz-que-es-y-que-habitos-ayudan-a-controlarla\/","og_site_name":"Tua Saude","article_published_time":"2026-09-03T11:55:00+00:00","og_image":[{"width":1280,"height":714,"url":"https:\/\/www.tuasaude.com\/es\/news\/wp-content\/uploads\/2026\/09\/Woman_shielding_eyes_from_light_202609021546.jpeg","type":"image\/jpeg"}],"author":"Carlos Emanoel","twitter_card":"summary_large_image","twitter_misc":{"Escrito por":"Carlos Emanoel","Tiempo de lectura":"6 minutos"},"schema":{"@context":"https:\/\/schema.org","@graph":[{"@type":"Article","@id":"https:\/\/www.tuasaude.com\/es\/news\/2026\/09\/03\/sensibilidad-a-la-luz-que-es-y-que-habitos-ayudan-a-controlarla\/#article","isPartOf":{"@id":"https:\/\/www.tuasaude.com\/es\/news\/2026\/09\/03\/sensibilidad-a-la-luz-que-es-y-que-habitos-ayudan-a-controlarla\/"},"author":{"name":"Carlos Emanoel","@id":"https:\/\/www.tuasaude.com\/es\/news\/#\/schema\/person\/c281563de1b7ca9a69bbbf367dde4c16"},"headline":"Sensibilidad a la luz qu\u00e9 es y qu\u00e9 h\u00e1bitos ayudan a controlarla","datePublished":"2026-09-03T11:55:00+00:00","mainEntityOfPage":{"@id":"https:\/\/www.tuasaude.com\/es\/news\/2026\/09\/03\/sensibilidad-a-la-luz-que-es-y-que-habitos-ayudan-a-controlarla\/"},"wordCount":1175,"commentCount":0,"image":{"@id":"https:\/\/www.tuasaude.com\/es\/news\/2026\/09\/03\/sensibilidad-a-la-luz-que-es-y-que-habitos-ayudan-a-controlarla\/#primaryimage"},"thumbnailUrl":"https:\/\/www.tuasaude.com\/es\/news\/wp-content\/uploads\/2026\/09\/Woman_shielding_eyes_from_light_202609021546.jpeg","keywords":["H\u00e1bito","salud","sensibilidad a la luz"],"articleSection":["Salud"],"inLanguage":"es","potentialAction":[{"@type":"CommentAction","name":"Comment","target":["https:\/\/www.tuasaude.com\/es\/news\/2026\/09\/03\/sensibilidad-a-la-luz-que-es-y-que-habitos-ayudan-a-controlarla\/#respond"]}]},{"@type":"WebPage","@id":"https:\/\/www.tuasaude.com\/es\/news\/2026\/09\/03\/sensibilidad-a-la-luz-que-es-y-que-habitos-ayudan-a-controlarla\/","url":"https:\/\/www.tuasaude.com\/es\/news\/2026\/09\/03\/sensibilidad-a-la-luz-que-es-y-que-habitos-ayudan-a-controlarla\/","name":"Sensibilidad a la luz qu\u00e9 es y qu\u00e9 h\u00e1bitos ayudan a controlarla - Tua Saude","isPartOf":{"@id":"https:\/\/www.tuasaude.com\/es\/news\/#website"},"primaryImageOfPage":{"@id":"https:\/\/www.tuasaude.com\/es\/news\/2026\/09\/03\/sensibilidad-a-la-luz-que-es-y-que-habitos-ayudan-a-controlarla\/#primaryimage"},"image":{"@id":"https:\/\/www.tuasaude.com\/es\/news\/2026\/09\/03\/sensibilidad-a-la-luz-que-es-y-que-habitos-ayudan-a-controlarla\/#primaryimage"},"thumbnailUrl":"https:\/\/www.tuasaude.com\/es\/news\/wp-content\/uploads\/2026\/09\/Woman_shielding_eyes_from_light_202609021546.jpeg","datePublished":"2026-09-03T11:55:00+00:00","author":{"@id":"https:\/\/www.tuasaude.com\/es\/news\/#\/schema\/person\/c281563de1b7ca9a69bbbf367dde4c16"},"description":"La sensibilidad a la luz puede relacionarse con ojo seco, migra\u00f1a o fatiga visual. Algunos h\u00e1bitos alivian la fotofobia, pero ciertos s\u00edntomas requieren atenci\u00f3n.","breadcrumb":{"@id":"https:\/\/www.tuasaude.com\/es\/news\/2026\/09\/03\/sensibilidad-a-la-luz-que-es-y-que-habitos-ayudan-a-controlarla\/#breadcrumb"},"inLanguage":"es","potentialAction":[{"@type":"ReadAction","target":["https:\/\/www.tuasaude.com\/es\/news\/2026\/09\/03\/sensibilidad-a-la-luz-que-es-y-que-habitos-ayudan-a-controlarla\/"]}]},{"@type":"ImageObject","inLanguage":"es","@id":"https:\/\/www.tuasaude.com\/es\/news\/2026\/09\/03\/sensibilidad-a-la-luz-que-es-y-que-habitos-ayudan-a-controlarla\/#primaryimage","url":"https:\/\/www.tuasaude.com\/es\/news\/wp-content\/uploads\/2026\/09\/Woman_shielding_eyes_from_light_202609021546.jpeg","contentUrl":"https:\/\/www.tuasaude.com\/es\/news\/wp-content\/uploads\/2026\/09\/Woman_shielding_eyes_from_light_202609021546.jpeg","width":1280,"height":714,"caption":"Ajustar la luz y usar gafas de sol puede reducir las molestias."},{"@type":"BreadcrumbList","@id":"https:\/\/www.tuasaude.com\/es\/news\/2026\/09\/03\/sensibilidad-a-la-luz-que-es-y-que-habitos-ayudan-a-controlarla\/#breadcrumb","itemListElement":[{"@type":"ListItem","position":1,"name":"Portada","item":"https:\/\/www.tuasaude.com\/es\/news\/"},{"@type":"ListItem","position":2,"name":"Sensibilidad a la luz qu\u00e9 es y qu\u00e9 h\u00e1bitos ayudan a controlarla"}]},{"@type":"WebSite","@id":"https:\/\/www.tuasaude.com\/es\/news\/#website","url":"https:\/\/www.tuasaude.com\/es\/news\/","name":"Tua Saude","description":"Tu sitio web de salud","potentialAction":[{"@type":"SearchAction","target":{"@type":"EntryPoint","urlTemplate":"https:\/\/www.tuasaude.com\/es\/news\/?s={search_term_string}"},"query-input":{"@type":"PropertyValueSpecification","valueRequired":true,"valueName":"search_term_string"}}],"inLanguage":"es"},{"@type":"Person","@id":"https:\/\/www.tuasaude.com\/es\/news\/#\/schema\/person\/c281563de1b7ca9a69bbbf367dde4c16","name":"Carlos Emanoel","image":{"@type":"ImageObject","inLanguage":"es","@id":"https:\/\/secure.gravatar.com\/avatar\/30e1f067eeac67dde63039d7e35ed50e59f4d189925ea75d1bc1690d1a9fe491?s=96&d=mm&r=g","url":"https:\/\/secure.gravatar.com\/avatar\/30e1f067eeac67dde63039d7e35ed50e59f4d189925ea75d1bc1690d1a9fe491?s=96&d=mm&r=g","contentUrl":"https:\/\/secure.gravatar.com\/avatar\/30e1f067eeac67dde63039d7e35ed50e59f4d189925ea75d1bc1690d1a9fe491?s=96&d=mm&r=g","caption":"Carlos Emanoel"},"sameAs":["https:\/\/www.tuasaude.com\/es\/news\/"],"url":"https:\/\/www.tuasaude.com\/es\/news\/author\/carlos-emanoel\/"}]}},"_links":{"self":[{"href":"https:\/\/www.tuasaude.com\/es\/news\/wp-json\/wp\/v2\/posts\/20064","targetHints":{"allow":["GET"]}}],"collection":[{"href":"https:\/\/www.tuasaude.com\/es\/news\/wp-json\/wp\/v2\/posts"}],"about":[{"href":"https:\/\/www.tuasaude.com\/es\/news\/wp-json\/wp\/v2\/types\/post"}],"author":[{"embeddable":true,"href":"https:\/\/www.tuasaude.com\/es\/news\/wp-json\/wp\/v2\/users\/17"}],"replies":[{"embeddable":true,"href":"https:\/\/www.tuasaude.com\/es\/news\/wp-json\/wp\/v2\/comments?post=20064"}],"version-history":[{"count":1,"href":"https:\/\/www.tuasaude.com\/es\/news\/wp-json\/wp\/v2\/posts\/20064\/revisions"}],"predecessor-version":[{"id":20092,"href":"https:\/\/www.tuasaude.com\/es\/news\/wp-json\/wp\/v2\/posts\/20064\/revisions\/20092"}],"wp:featuredmedia":[{"embeddable":true,"href":"https:\/\/www.tuasaude.com\/es\/news\/wp-json\/wp\/v2\/media\/20081"}],"wp:attachment":[{"href":"https:\/\/www.tuasaude.com\/es\/news\/wp-json\/wp\/v2\/media?parent=20064"}],"wp:term":[{"taxonomy":"category","embeddable":true,"href":"https:\/\/www.tuasaude.com\/es\/news\/wp-json\/wp\/v2\/categories?post=20064"},{"taxonomy":"post_tag","embeddable":true,"href":"https:\/\/www.tuasaude.com\/es\/news\/wp-json\/wp\/v2\/tags?post=20064"}],"curies":[{"name":"wp","href":"https:\/\/api.w.org\/{rel}","templated":true}]}}