{"id":20047,"date":"2026-09-03T00:20:00","date_gmt":"2026-09-02T23:20:00","guid":{"rendered":"https:\/\/www.tuasaude.com\/es\/news\/?p=20047"},"modified":"2026-09-02T20:35:13","modified_gmt":"2026-09-02T19:35:13","slug":"proteina-en-la-dieta-comer-menos-se-asocia-a-sarcopenia-no-es-un-batido-milagro","status":"publish","type":"post","link":"https:\/\/www.tuasaude.com\/es\/news\/2026\/09\/03\/proteina-en-la-dieta-comer-menos-se-asocia-a-sarcopenia-no-es-un-batido-milagro\/","title":{"rendered":"Prote\u00edna en la dieta: comer menos se asocia a sarcopenia, no es un batido milagro"},"content":{"rendered":"\n<!-- ===== TS-COMPONENTE-1-PROTEINA-DIETA-INICIO ===== -->\n<div id=\"ts-proteina-dieta-teaser\">\n  <style>\n    #ts-proteina-dieta-teaser * {\n      box-sizing: border-box;\n    }\n\n    #ts-proteina-dieta-teaser {\n      font-family: -apple-system, 'Segoe UI', Roboto, Arial, sans-serif;\n      background: #ffffff;\n      border: 1px solid #e3edf3;\n      border-radius: 14px;\n      padding: 22px;\n      max-width: 640px;\n      margin: 24px auto;\n      box-shadow: 0 2px 14px rgba(26,58,74,0.07);\n    }\n\n    #ts-proteina-dieta-teaser .ts-head {\n      display: flex;\n      align-items: center;\n      gap: 10px;\n      margin-bottom: 18px;\n    }\n\n    #ts-proteina-dieta-teaser .ts-badge {\n      display: inline-flex;\n      align-items: center;\n      background: #1c86c4;\n      color: #ffffff;\n      font-size: 12.5px;\n      font-weight: 700;\n      letter-spacing: 0.04em;\n      text-transform: uppercase;\n      padding: 6px 12px;\n      border-radius: 999px;\n    }\n\n    #ts-proteina-dieta-teaser .ts-item {\n      display: flex;\n      align-items: flex-start;\n      gap: 12px;\n      min-width: 0;\n      background: #f5f9fc;\n      border-left: 4px solid #1a3a4a;\n      border-radius: 0 10px 10px 0;\n      padding: 12px 14px;\n      margin-bottom: 10px;\n    }\n\n    #ts-proteina-dieta-teaser .ts-item:last-child {\n      margin-bottom: 0;\n    }\n\n    #ts-proteina-dieta-teaser .ts-mark {\n      display: inline-flex;\n      align-items: center;\n      justify-content: center;\n      flex: 0 0 26px;\n      width: 26px;\n      height: 26px;\n      background: #1c86c4;\n      color: #ffffff;\n      border-radius: 50%;\n      font-size: 13px;\n      line-height: 1;\n      font-weight: 800;\n      margin-top: 1px;\n    }\n\n    #ts-proteina-dieta-teaser .ts-item-text {\n      display: block;\n      min-width: 0;\n      color: #1a3a4a;\n      font-size: 15px;\n      line-height: 1.45;\n      font-weight: 500;\n      overflow-wrap: anywhere;\n    }\n\n    @media (max-width: 480px) {\n      #ts-proteina-dieta-teaser {\n        padding: 18px 16px;\n      }\n\n      #ts-proteina-dieta-teaser .ts-item {\n        gap: 10px;\n        padding: 11px 12px;\n      }\n\n      #ts-proteina-dieta-teaser .ts-mark {\n        flex-basis: 24px;\n        width: 24px;\n        height: 24px;\n        font-size: 12.5px;\n      }\n\n      #ts-proteina-dieta-teaser .ts-item-text {\n        font-size: 14.5px;\n      }\n    }\n  <\/style>\n\n  <div class=\"ts-head\">\n    <svg width=\"30\" height=\"30\" viewBox=\"0 0 30 30\" xmlns=\"http:\/\/www.w3.org\/2000\/svg\" aria-hidden=\"true\">\n      <circle cx=\"15\" cy=\"15\" r=\"14\" fill=\"#1c86c4\"\/>\n      <rect x=\"12.5\" y=\"6\" width=\"5\" height=\"18\" rx=\"1.5\" fill=\"#ffffff\"\/>\n      <rect x=\"6\" y=\"12.5\" width=\"18\" height=\"5\" rx=\"1.5\" fill=\"#ffffff\"\/>\n    <\/svg>\n    <span class=\"ts-badge\">Resumen<\/span>\n  <\/div>\n\n  <div class=\"ts-item\">\n    <span class=\"ts-mark\" aria-hidden=\"true\">1<\/span>\n    <span class=\"ts-item-text\">Menor consumo de prote\u00edna se asocia a sarcopenia en mayores, pero es una correlaci\u00f3n observacional y no una relaci\u00f3n de causa directa.<\/span>\n  <\/div>\n\n  <div class=\"ts-item\">\n    <span class=\"ts-mark\" aria-hidden=\"true\">2<\/span>\n    <span class=\"ts-item-text\">La prote\u00edna debe provenir de alimentos reales (huevo, legumbres, l\u00e1cteos, pescado) y no de polvos o batidos milagro a megadosis.<\/span>\n  <\/div>\n\n  <div class=\"ts-item\">\n    <span class=\"ts-mark\" aria-hidden=\"true\">3<\/span>\n    <span class=\"ts-item-text\">La EFSA fija una ingesta de referencia (PRI) de 0,83 g\/kg al d\u00eda, un nivel que la dieta media habitual ya suele cubrir sin suplementos.<\/span>\n  <\/div>\n\n  <div class=\"ts-item\">\n    <span class=\"ts-mark\" aria-hidden=\"true\">4<\/span>\n    <span class=\"ts-item-text\">Ante disnea o edema grave, llama al 112. Consulta al m\u00e9dico si notas p\u00e9rdida de peso inexplicada, astenia intensa u orina escasa.<\/span>\n  <\/div>\n<\/div>\n<!-- ===== TS-COMPONENTE-1-PROTEINA-DIETA-FIM ===== -->\n\n\n\n<p class=\"wp-block-paragraph\">Comer menos prote\u00edna se asocia a sarcopenia en mayores. No es cura ni batido milagro; no sustituye al m\u00e9dico.<\/p>\n\n\n\n<p class=\"wp-block-paragraph\">La&nbsp;<strong>prote\u00edna en la dieta<\/strong>&nbsp;entra por el plato: huevo, lentejas, l\u00e1cteos, pescado, tofu. El tupper de lentejas cuenta m\u00e1s que el polvo. Asociaci\u00f3n, no causalidad. No sustituye dietista, nefrolog\u00eda ni entrenamiento de fuerza. Ese 0,37 es un efecto modesto, no un 37%.<\/p>\n\n\n\n<p class=\"wp-block-paragraph\">Si hay enfermedad de ri\u00f1\u00f3n, no se sube la prote\u00edna por tu cuenta. P\u00e9rdida de peso inexplicada, edema, orina escasa o astenia intensa: m\u00e9dico de cabecera. Disnea o edema grave: 112.<\/p>\n\n\n\n<h2 class=\"wp-block-heading\">\u00bfM\u00e1s prote\u00edna en el plato evita de verdad la sarcopenia?<\/h2>\n\n\n<div class=\"wp-block-image\">\n<figure class=\"aligncenter size-large is-resized\"><img decoding=\"async\" width=\"1024\" height=\"573\" src=\"https:\/\/www.tuasaude.com\/es\/news\/wp-content\/uploads\/2026\/09\/magnific_section-1-title-proteina-_yizepJ4PW9-1024x573.png\" alt=\"\" class=\"wp-image-20067\" style=\"aspect-ratio:1.7871557131169893;width:1170px;height:auto\" srcset=\"https:\/\/www.tuasaude.com\/es\/news\/wp-content\/uploads\/2026\/09\/magnific_section-1-title-proteina-_yizepJ4PW9-1024x573.png 1024w, https:\/\/www.tuasaude.com\/es\/news\/wp-content\/uploads\/2026\/09\/magnific_section-1-title-proteina-_yizepJ4PW9-300x168.png 300w, https:\/\/www.tuasaude.com\/es\/news\/wp-content\/uploads\/2026\/09\/magnific_section-1-title-proteina-_yizepJ4PW9-767x429.png 767w, https:\/\/www.tuasaude.com\/es\/news\/wp-content\/uploads\/2026\/09\/magnific_section-1-title-proteina-_yizepJ4PW9-750x419.png 750w, https:\/\/www.tuasaude.com\/es\/news\/wp-content\/uploads\/2026\/09\/magnific_section-1-title-proteina-_yizepJ4PW9-1140x637.png 1140w, https:\/\/www.tuasaude.com\/es\/news\/wp-content\/uploads\/2026\/09\/magnific_section-1-title-proteina-_yizepJ4PW9.png 1344w\" sizes=\"(max-width: 1024px) 100vw, 1024px\" \/><figcaption class=\"wp-element-caption\">Una alimentaci\u00f3n con suficiente prote\u00edna, repartida durante el d\u00eda, ayuda a conservar la masa muscular y puede reducir el riesgo de sarcopenia con la edad.<\/figcaption><\/figure>\n<\/div>\n\n\n<p class=\"wp-block-paragraph\">No se puede gritar eso. Quienes ya ten\u00edan sarcopenia com\u00edan menos prote\u00edna. Eso no prueba que el filete prevenga el m\u00fasculo perdido. El \u00fanico seguimiento largo no vio prevenci\u00f3n con un gramo por kilo en el modelo totalmente ajustado.<\/p>\n\n\n\n<p class=\"wp-block-paragraph\">MedlinePlus habla de patr\u00f3n: carnes magras, huevo, l\u00e1cteos, legumbres, soja, frutos secos. No hace falta producto animal. El equilibrio de amino\u00e1cidos a lo largo del d\u00eda cuenta m\u00e1s que un batido a las once.<\/p>\n\n\n\n<p class=\"wp-block-paragraph\">Las&nbsp;<a href=\"https:\/\/www.tuasaude.com\/es\/lentejas\/\" target=\"_blank\" rel=\"noopener\">lentejas<\/a>&nbsp;y un huevo hacen m\u00e1s que un tarro de polvo. Un huevo al desayuno, lentejas al mediod\u00eda, yogur o pescado a la noche: el d\u00eda reparte, no un shaker a las once.<\/p>\n\n\n\n<h2 class=\"wp-block-heading\">\u00bfQu\u00e9 encontr\u00f3 Coelho-J\u00fanior sobre prote\u00edna y sarcopenia?<\/h2>\n\n\n\n<p class=\"wp-block-paragraph\">En 2022, Coelho-J\u00fanior, Calvani, Azzolino y colaboradores publicaron en International Journal of Environmental Research and Public Health una revisi\u00f3n y metaan\u00e1lisis observacional: 5 estudios transversales, 1 longitudinal y 1 de casos y controles; 3353 personas de 60 a\u00f1os o m\u00e1s, edad media de unos 73. No es un ensayo cl\u00ednico.<\/p>\n\n\n\n<p class=\"wp-block-paragraph\">Meta de 4 estudios: con sarcopenia consum\u00edan menos prote\u00edna; SMD 0,37 (IC 95% 0,19 a 0,55; p menor de 0,0001; I\u00b2=18%). Efecto modesto. Asociaci\u00f3n, no causalidad. Granic y colaboradores, 3 a\u00f1os, 757 personas: un consumo de 1 g\/kg al d\u00eda o m\u00e1s no mostr\u00f3 prevenci\u00f3n de sarcopenia incidente en el modelo totalmente ajustado. Es el trabajo que&nbsp;<a href=\"https:\/\/pmc.ncbi.nlm.nih.gov\/articles\/PMC9320473\/\" target=\"_blank\" rel=\"noopener\">asoci\u00f3 menos prote\u00edna en el plato con sarcopenia en mayores, sin probar que un gramo por kilo la prevenga<\/a>.<\/p>\n\n\n\n<p class=\"wp-block-paragraph\">Ese 1 g\/kg no se copia como receta casera.<\/p>\n\n\n\n<h2 class=\"wp-block-heading\">\u00bfHace falta batido o vale el plato?<\/h2>\n\n\n\n<p class=\"wp-block-paragraph\">Vale el plato. Huevo, lentejas, l\u00e1cteos, pescado, tofu. Las&nbsp;<a href=\"https:\/\/www.tuasaude.com\/es\/meriendas-proteicas\/\" target=\"_blank\" rel=\"noopener\">meriendas proteicas<\/a>&nbsp;de comida real cuentan. El polvo a megadosis, no.<\/p>\n\n\n\n<p class=\"wp-block-paragraph\"><a href=\"https:\/\/medlineplus.gov\/spanish\/ency\/article\/002467.htm\" target=\"_blank\" rel=\"noopener\">MedlinePlus sit\u00faa la prote\u00edna en carnes magras, huevo, l\u00e1cteos, legumbres y soja, el 10 al 35% de la energ\u00eda, y el equilibrio de amino\u00e1cidos a lo largo del d\u00eda<\/a>.<\/p>\n\n\n\n<p class=\"wp-block-paragraph\">La EFSA fija un PRI de 0,83 g\/kg al d\u00eda en adultos, tambi\u00e9n mayores, con prote\u00edna mixta animal y vegetal. La media europea ya cubre ese PRI. No hace falta un shaker.<\/p>\n\n\n\n<h2 class=\"wp-block-heading\">\u00bfY si hay enfermedad de ri\u00f1\u00f3n?<\/h2>\n\n\n\n<p class=\"wp-block-paragraph\">No se sube la prote\u00edna por tu cuenta. Nefrolog\u00eda y dietista mandan. La EFSA no pudo fijar un PRI seg\u00fan la funci\u00f3n renal: datos insuficientes. En el ri\u00f1\u00f3n no se improvisan gramos.<\/p>\n\n\n\n<p class=\"wp-block-paragraph\">Edema, orina escasa, astenia: se pregunta. No un batido para el m\u00fasculo si el filtrado anda flojo.<\/p>\n\n\n\n<p class=\"wp-block-paragraph\">Los&nbsp;<a href=\"https:\/\/www.tuasaude.com\/es\/alimentos-para-ganar-masa-muscular\/\" target=\"_blank\" rel=\"noopener\">alimentos para ganar masa muscular<\/a>&nbsp;del plato siguen siendo comida, no un atajo renal.<\/p>\n\n\n\n<h2 class=\"wp-block-heading\">\u00bfSe deja el entrenamiento de fuerza por la prote\u00edna?<\/h2>\n\n\n<div class=\"wp-block-image\">\n<figure class=\"aligncenter size-large is-resized\"><img decoding=\"async\" width=\"1024\" height=\"573\" src=\"https:\/\/www.tuasaude.com\/es\/news\/wp-content\/uploads\/2026\/09\/magnific_corpo-a-hispanic-woman-in_huKUSBLvqL-1024x573.png\" alt=\"\" class=\"wp-image-20068\" style=\"aspect-ratio:1.7871557131169893;width:1170px;height:auto\" srcset=\"https:\/\/www.tuasaude.com\/es\/news\/wp-content\/uploads\/2026\/09\/magnific_corpo-a-hispanic-woman-in_huKUSBLvqL-1024x573.png 1024w, https:\/\/www.tuasaude.com\/es\/news\/wp-content\/uploads\/2026\/09\/magnific_corpo-a-hispanic-woman-in_huKUSBLvqL-300x168.png 300w, https:\/\/www.tuasaude.com\/es\/news\/wp-content\/uploads\/2026\/09\/magnific_corpo-a-hispanic-woman-in_huKUSBLvqL-767x429.png 767w, https:\/\/www.tuasaude.com\/es\/news\/wp-content\/uploads\/2026\/09\/magnific_corpo-a-hispanic-woman-in_huKUSBLvqL-750x419.png 750w, https:\/\/www.tuasaude.com\/es\/news\/wp-content\/uploads\/2026\/09\/magnific_corpo-a-hispanic-woman-in_huKUSBLvqL-1140x637.png 1140w, https:\/\/www.tuasaude.com\/es\/news\/wp-content\/uploads\/2026\/09\/magnific_corpo-a-hispanic-woman-in_huKUSBLvqL.png 1344w\" sizes=\"(max-width: 1024px) 100vw, 1024px\" \/><figcaption class=\"wp-element-caption\">El ejercicio de fuerza con bandas el\u00e1sticas ayuda a estimular los m\u00fasculos de las piernas y complementa el aporte adecuado de prote\u00edna en adultos mayores.<\/figcaption><\/figure>\n<\/div>\n\n\n<p class=\"wp-block-paragraph\">No. La prote\u00edna no cura la sarcopenia sola. Suele ir con ejercicio de fuerza y energ\u00eda suficiente: si comes poco, el m\u00fasculo tampoco aguanta. El plato no sustituye las mancuernas. Tampoco se inventa aqu\u00ed una rutina de gimnasio ni un n\u00famero de series.<\/p>\n\n\n\n<p class=\"wp-block-paragraph\">El dietista mira el men\u00fa. El entrenamiento, quien sepa de mayores. Ni uno ni otro se cancelan por un yogur extra.<\/p>\n\n\n\n<p class=\"wp-block-paragraph\">La&nbsp;<a href=\"https:\/\/www.efsa.europa.eu\/es\/press\/news\/120209\" target=\"_blank\" rel=\"noopener\">EFSA recuerda 0,83 g\/kg al d\u00eda en adultos, datos insuficientes para fijar PRI por masa muscular, y que la ingesta media europea ya cubre esa cifra<\/a>.<\/p>\n\n\n\n<!-- ===== TS-COMPONENTE-2-PROTEINA-DIETA-WIDGET-INICIO ===== -->\n<div id=\"ts-proteina-dieta-widget\">\n  <style>\n    #ts-proteina-dieta-widget * {\n      box-sizing: border-box;\n    }\n    #ts-proteina-dieta-widget {\n      font-family: -apple-system, 'Segoe UI', Roboto, Arial, sans-serif;\n      background: #ffffff;\n      border: 1px solid #dce9f1;\n      border-radius: 14px;\n      padding: 24px;\n      max-width: 640px;\n      margin: 24px auto;\n      box-shadow: 0 4px 16px rgba(26,58,74,0.06);\n    }\n    #ts-proteina-dieta-widget .ts-widget-head {\n      margin-bottom: 12px;\n    }\n    #ts-proteina-dieta-widget .ts-widget-title {\n      display: block;\n      color: #1a3a4a;\n      font-size: 20px;\n      font-weight: 700;\n      line-height: 1.3;\n    }\n    #ts-proteina-dieta-widget .ts-widget-intro {\n      display: block;\n      color: #55707e;\n      font-size: 15px;\n      line-height: 1.5;\n      margin-bottom: 22px;\n    }\n    #ts-proteina-dieta-widget .ts-widget-main {\n      display: grid;\n      grid-template-columns: 1fr 1fr;\n      gap: 16px;\n      margin-bottom: 20px;\n    }\n    #ts-proteina-dieta-widget .ts-column {\n      border-radius: 10px;\n      padding: 16px;\n      border: 1px solid #dce9f1;\n    }\n    #ts-proteina-dieta-widget .ts-column-safe {\n      background: #f5f9fc;\n      border-top: 4px solid #1c86c4;\n    }\n    #ts-proteina-dieta-widget .ts-column-risk {\n      background: #fff5f5;\n      border-top: 4px solid #e63b3b;\n    }\n    #ts-proteina-dieta-widget .ts-col-title {\n      display: flex;\n      align-items: center;\n      gap: 8px;\n      font-weight: 700;\n      font-size: 16px;\n      margin-bottom: 14px;\n    }\n    #ts-proteina-dieta-widget .ts-column-safe .ts-col-title {\n      color: #1a3a4a;\n    }\n    #ts-proteina-dieta-widget .ts-column-risk .ts-col-title {\n      color: #991b1b;\n    }\n    #ts-proteina-dieta-widget .ts-item-row {\n      display: flex;\n      align-items: flex-start;\n      gap: 8px;\n      margin-bottom: 12px;\n      font-size: 14px;\n      line-height: 1.45;\n      color: #334d5c;\n    }\n    #ts-proteina-dieta-widget .ts-item-row:last-child {\n      margin-bottom: 0;\n    }\n    #ts-proteina-dieta-widget .ts-icon {\n      flex: 0 0 20px;\n      width: 20px;\n      height: 20px;\n    }\n    #ts-proteina-dieta-widget .ts-widget-result {\n      background: #f0f7fb;\n      border: 1px solid #bce0f4;\n      padding: 14px 16px;\n      border-radius: 8px;\n      margin-bottom: 16px;\n      text-align: center;\n    }\n    #ts-proteina-dieta-widget .ts-result-text {\n      display: block;\n      color: #1a3a4a;\n      font-size: 14px;\n      line-height: 1.45;\n      font-weight: 600;\n    }\n    #ts-proteina-dieta-widget .ts-widget-footer {\n      display: block;\n      color: #7a92a3;\n      font-size: 12.5px;\n      line-height: 1.4;\n      border-top: 1px solid #dce9f1;\n      padding-top: 14px;\n    }\n\n    @media (max-width: 520px) {\n      #ts-proteina-dieta-widget {\n        padding: 20px 16px;\n      }\n      #ts-proteina-dieta-widget .ts-widget-main {\n        grid-template-columns: 1fr;\n      }\n      #ts-proteina-dieta-widget .ts-widget-result {\n        text-align: left;\n      }\n    }\n  <\/style>\n\n  <div class=\"ts-widget-head\">\n    <span class=\"ts-widget-title\">Prote\u00edna y Salud Muscular<\/span>\n  <\/div>\n\n  <span class=\"ts-widget-intro\">\n    Mantener la masa muscular en la vejez requiere una estrategia integral basada en comida real y ejercicio, evitando atajos comerciales.\n  <\/span>\n\n  <div class=\"ts-widget-main\">\n    <div class=\"ts-column ts-column-safe\">\n      <div class=\"ts-col-title\">\n        <svg class=\"ts-icon\" fill=\"none\" stroke=\"#1c86c4\" stroke-width=\"2.5\" viewBox=\"0 0 24 24\" aria-hidden=\"true\"><path stroke-linecap=\"round\" stroke-linejoin=\"round\" d=\"M9 12l2 2 4-4m6 2a9 9 0 11-18 0 9 9 0 0118 0z\"><\/path><\/svg>\n        La Pauta Adecuada\n      <\/div>\n      <div class=\"ts-item-row\">\n        <span>Aportar prote\u00edna de calidad a lo largo del d\u00eda mediante alimentos reales (huevo, legumbres, pescado).<\/span>\n      <\/div>\n      <div class=\"ts-item-row\">\n        <span>Combinar la nutrici\u00f3n con entrenamiento de fuerza adaptado.<\/span>\n      <\/div>\n      <div class=\"ts-item-row\">\n        <span>Respetar los requerimientos generales (PRI de 0,83 g\/kg\/d\u00eda) pautados por organismos como la EFSA.<\/span>\n      <\/div>\n    <\/div>\n\n    <div class=\"ts-column ts-column-risk\">\n      <div class=\"ts-col-title\">\n        <svg class=\"ts-icon\" fill=\"none\" stroke=\"#e63b3b\" stroke-width=\"2.5\" viewBox=\"0 0 24 24\" aria-hidden=\"true\"><path stroke-linecap=\"round\" stroke-linejoin=\"round\" d=\"M6 18L18 6M6 6l12 12\"><\/path><\/svg>\n        Falsas Creencias\n      <\/div>\n      <div class=\"ts-item-row\">\n        <span>Creer que un batido de prote\u00edna en polvo sustituye al ejercicio y cura la sarcopenia.<\/span>\n      <\/div>\n      <div class=\"ts-item-row\">\n        <span>Aumentar los gramos de prote\u00edna por cuenta propia ante problemas de ri\u00f1\u00f3n.<\/span>\n      <\/div>\n      <div class=\"ts-item-row\">\n        <span>Confundir una asociaci\u00f3n estad\u00edstica observacional con una soluci\u00f3n milagrosa.<\/span>\n      <\/div>\n    <\/div>\n  <\/div>\n\n  <div class=\"ts-widget-result\">\n    <span class=\"ts-result-text\">Aviso: Si existe enfermedad renal, subir la ingesta proteica sin supervisi\u00f3n de nefrolog\u00eda o diet\u00e9tica es peligroso. Los gramos no se improvisan en el ri\u00f1\u00f3n.<\/span>\n  <\/div>\n\n  <span class=\"ts-widget-footer\">\n    Datos orientativos \u00b7 Fuentes: Coelho-J\u00fanior et al. (2022), EFSA y MedlinePlus.\n  <\/span>\n<\/div>\n<!-- ===== TS-COMPONENTE-2-PROTEINA-DIETA-WIDGET-FIM ===== -->\n\n\n\n<h2 class=\"wp-block-heading\">\u00bfCu\u00e1ndo hay que ir al m\u00e9dico o llamar al 112?<\/h2>\n\n\n\n<p class=\"wp-block-paragraph\">Llama al&nbsp;<strong>112<\/strong>&nbsp;o acude a urgencias si hay disnea o un edema grave. Eso no espera a otra lenteja.<\/p>\n\n\n\n<p class=\"wp-block-paragraph\">Coge cita en tu centro de la Seguridad Social o con el m\u00e9dico de cabecera si hay p\u00e9rdida de peso inexplicada, edema, orina escasa o astenia intensa. El dietista entra cuando el ri\u00f1\u00f3n o el m\u00fasculo lo piden. No se retrasa esa cita por un batido.<\/p>\n\n\n\n<p class=\"wp-block-paragraph\">El orden pr\u00e1ctico es este:<\/p>\n\n\n\n<ul class=\"wp-block-list\">\n<li>Plato primero: huevo, lentejas, l\u00e1cteos, pescado, tofu. Sin megadosis de polvo.<\/li>\n\n\n\n<li>Quienes ten\u00edan sarcopenia com\u00edan menos prote\u00edna; eso no prueba prevenci\u00f3n. Granic: 1 g\/kg no previno en el modelo ajustado.<\/li>\n\n\n\n<li>PRI 0,83 g\/kg, no receta de 1 g\/kg. Ri\u00f1\u00f3n: no se sube a ciegas.<\/li>\n\n\n\n<li>Peso que se cae, edema, orina escasa: cita. Disnea o edema grave: 112.<\/li>\n<\/ul>\n\n\n\n<p class=\"wp-block-paragraph\">La prote\u00edna en la dieta se come, no se agita milagro. Se pregunta al dietista, se entrena con tino y, si el cuerpo pide urgencias, se llama. El batido no es nefrolog\u00eda. El filete no es causalidad.<\/p>\n","protected":false},"excerpt":{"rendered":"<p>Resumen 1 Menor consumo de prote\u00edna se asocia a sarcopenia en mayores, pero es una correlaci\u00f3n observacional y no una relaci\u00f3n de causa directa. 2 La prote\u00edna debe provenir de alimentos reales (huevo, legumbres, l\u00e1cteos, pescado) y no de polvos o batidos milagro a megadosis. 3 La EFSA fija una ingesta de referencia (PRI) de [&hellip;]<\/p>\n","protected":false},"author":14,"featured_media":20069,"comment_status":"open","ping_status":"open","sticky":false,"template":"","format":"standard","meta":{"jnews-multi-image_gallery":[],"jnews_single_post":{"format":"standard"},"jnews_primary_category":[],"jnews_social_meta":[],"jnews_override_counter":[],"footnotes":""},"categories":[1],"tags":[17791,20700,19491,17921,15328,16010],"class_list":["post-20047","post","type-post","status-publish","format-standard","has-post-thumbnail","hentry","category-bienestar","tag-adultos-mayores","tag-alimentos-con-proteina","tag-envejecimiento-saludable","tag-masa-muscular","tag-proteina","tag-sarcopenia"],"yoast_head":"<!-- This site is optimized with the Yoast SEO plugin v28.3 - https:\/\/yoast.com\/product\/yoast-seo-wordpress\/ -->\n<title>Prote\u00edna en la dieta: comer menos se asocia a sarcopenia, no es un batido milagro - Tua Saude<\/title>\n<meta name=\"description\" content=\"Comer menos prote\u00edna se asocia con sarcopenia en adultos mayores. Priorizar alimentos ricos en prote\u00edna puede ayudar a cuidar la masa muscular.\" \/>\n<meta name=\"robots\" content=\"index, follow, max-snippet:-1, max-image-preview:large, max-video-preview:-1\" \/>\n<link rel=\"canonical\" href=\"https:\/\/www.tuasaude.com\/es\/news\/2026\/09\/03\/proteina-en-la-dieta-comer-menos-se-asocia-a-sarcopenia-no-es-un-batido-milagro\/\" \/>\n<meta property=\"og:locale\" content=\"es_ES\" \/>\n<meta property=\"og:type\" content=\"article\" \/>\n<meta property=\"og:title\" content=\"Prote\u00edna en la dieta: comer menos se asocia a sarcopenia, no es un batido milagro - Tua Saude\" \/>\n<meta property=\"og:description\" content=\"Comer menos prote\u00edna se asocia con sarcopenia en adultos mayores. Priorizar alimentos ricos en prote\u00edna puede ayudar a cuidar la masa muscular.\" \/>\n<meta property=\"og:url\" content=\"https:\/\/www.tuasaude.com\/es\/news\/2026\/09\/03\/proteina-en-la-dieta-comer-menos-se-asocia-a-sarcopenia-no-es-un-batido-milagro\/\" \/>\n<meta property=\"og:site_name\" content=\"Tua Saude\" \/>\n<meta property=\"article:published_time\" content=\"2026-09-02T23:20:00+00:00\" \/>\n<meta property=\"og:image\" content=\"https:\/\/www.tuasaude.com\/es\/news\/wp-content\/uploads\/2026\/09\/magnific_destacada-a-hispanic-man-_aF17wepfSh.png\" \/>\n\t<meta property=\"og:image:width\" content=\"1344\" \/>\n\t<meta property=\"og:image:height\" content=\"752\" \/>\n\t<meta property=\"og:image:type\" content=\"image\/png\" \/>\n<meta name=\"author\" content=\"Jo\u00e3o Victor\" \/>\n<meta name=\"twitter:card\" content=\"summary_large_image\" \/>\n<meta name=\"twitter:label1\" content=\"Escrito por\" \/>\n\t<meta name=\"twitter:data1\" content=\"Jo\u00e3o Victor\" \/>\n\t<meta name=\"twitter:label2\" content=\"Tiempo de lectura\" \/>\n\t<meta name=\"twitter:data2\" content=\"6 minutos\" \/>\n<!-- \/ Yoast SEO plugin. -->","yoast_head_json":{"title":"Prote\u00edna en la dieta: comer menos se asocia a sarcopenia, no es un batido milagro - Tua Saude","description":"Comer menos prote\u00edna se asocia con sarcopenia en adultos mayores. Priorizar alimentos ricos en prote\u00edna puede ayudar a cuidar la masa muscular.","robots":{"index":"index","follow":"follow","max-snippet":"max-snippet:-1","max-image-preview":"max-image-preview:large","max-video-preview":"max-video-preview:-1"},"canonical":"https:\/\/www.tuasaude.com\/es\/news\/2026\/09\/03\/proteina-en-la-dieta-comer-menos-se-asocia-a-sarcopenia-no-es-un-batido-milagro\/","og_locale":"es_ES","og_type":"article","og_title":"Prote\u00edna en la dieta: comer menos se asocia a sarcopenia, no es un batido milagro - Tua Saude","og_description":"Comer menos prote\u00edna se asocia con sarcopenia en adultos mayores. Priorizar alimentos ricos en prote\u00edna puede ayudar a cuidar la masa muscular.","og_url":"https:\/\/www.tuasaude.com\/es\/news\/2026\/09\/03\/proteina-en-la-dieta-comer-menos-se-asocia-a-sarcopenia-no-es-un-batido-milagro\/","og_site_name":"Tua Saude","article_published_time":"2026-09-02T23:20:00+00:00","og_image":[{"width":1344,"height":752,"url":"https:\/\/www.tuasaude.com\/es\/news\/wp-content\/uploads\/2026\/09\/magnific_destacada-a-hispanic-man-_aF17wepfSh.png","type":"image\/png"}],"author":"Jo\u00e3o Victor","twitter_card":"summary_large_image","twitter_misc":{"Escrito por":"Jo\u00e3o Victor","Tiempo de lectura":"6 minutos"},"schema":{"@context":"https:\/\/schema.org","@graph":[{"@type":"Article","@id":"https:\/\/www.tuasaude.com\/es\/news\/2026\/09\/03\/proteina-en-la-dieta-comer-menos-se-asocia-a-sarcopenia-no-es-un-batido-milagro\/#article","isPartOf":{"@id":"https:\/\/www.tuasaude.com\/es\/news\/2026\/09\/03\/proteina-en-la-dieta-comer-menos-se-asocia-a-sarcopenia-no-es-un-batido-milagro\/"},"author":{"name":"Jo\u00e3o Victor","@id":"https:\/\/www.tuasaude.com\/es\/news\/#\/schema\/person\/16a4d193b08b5d0f589edf44bf2a7fab"},"headline":"Prote\u00edna en la dieta: comer menos se asocia a sarcopenia, no es un batido milagro","datePublished":"2026-09-02T23:20:00+00:00","mainEntityOfPage":{"@id":"https:\/\/www.tuasaude.com\/es\/news\/2026\/09\/03\/proteina-en-la-dieta-comer-menos-se-asocia-a-sarcopenia-no-es-un-batido-milagro\/"},"wordCount":1176,"commentCount":0,"image":{"@id":"https:\/\/www.tuasaude.com\/es\/news\/2026\/09\/03\/proteina-en-la-dieta-comer-menos-se-asocia-a-sarcopenia-no-es-un-batido-milagro\/#primaryimage"},"thumbnailUrl":"https:\/\/www.tuasaude.com\/es\/news\/wp-content\/uploads\/2026\/09\/magnific_destacada-a-hispanic-man-_aF17wepfSh.png","keywords":["adultos mayores","alimentos con prote\u00edna","envejecimiento saludable","masa muscular","prote\u00edna","sarcopenia"],"articleSection":["Bienestar"],"inLanguage":"es","potentialAction":[{"@type":"CommentAction","name":"Comment","target":["https:\/\/www.tuasaude.com\/es\/news\/2026\/09\/03\/proteina-en-la-dieta-comer-menos-se-asocia-a-sarcopenia-no-es-un-batido-milagro\/#respond"]}]},{"@type":"WebPage","@id":"https:\/\/www.tuasaude.com\/es\/news\/2026\/09\/03\/proteina-en-la-dieta-comer-menos-se-asocia-a-sarcopenia-no-es-un-batido-milagro\/","url":"https:\/\/www.tuasaude.com\/es\/news\/2026\/09\/03\/proteina-en-la-dieta-comer-menos-se-asocia-a-sarcopenia-no-es-un-batido-milagro\/","name":"Prote\u00edna en la dieta: comer menos se asocia a sarcopenia, no es un batido milagro - Tua Saude","isPartOf":{"@id":"https:\/\/www.tuasaude.com\/es\/news\/#website"},"primaryImageOfPage":{"@id":"https:\/\/www.tuasaude.com\/es\/news\/2026\/09\/03\/proteina-en-la-dieta-comer-menos-se-asocia-a-sarcopenia-no-es-un-batido-milagro\/#primaryimage"},"image":{"@id":"https:\/\/www.tuasaude.com\/es\/news\/2026\/09\/03\/proteina-en-la-dieta-comer-menos-se-asocia-a-sarcopenia-no-es-un-batido-milagro\/#primaryimage"},"thumbnailUrl":"https:\/\/www.tuasaude.com\/es\/news\/wp-content\/uploads\/2026\/09\/magnific_destacada-a-hispanic-man-_aF17wepfSh.png","datePublished":"2026-09-02T23:20:00+00:00","author":{"@id":"https:\/\/www.tuasaude.com\/es\/news\/#\/schema\/person\/16a4d193b08b5d0f589edf44bf2a7fab"},"description":"Comer menos prote\u00edna se asocia con sarcopenia en adultos mayores. Priorizar alimentos ricos en prote\u00edna puede ayudar a cuidar la masa muscular.","breadcrumb":{"@id":"https:\/\/www.tuasaude.com\/es\/news\/2026\/09\/03\/proteina-en-la-dieta-comer-menos-se-asocia-a-sarcopenia-no-es-un-batido-milagro\/#breadcrumb"},"inLanguage":"es","potentialAction":[{"@type":"ReadAction","target":["https:\/\/www.tuasaude.com\/es\/news\/2026\/09\/03\/proteina-en-la-dieta-comer-menos-se-asocia-a-sarcopenia-no-es-un-batido-milagro\/"]}]},{"@type":"ImageObject","inLanguage":"es","@id":"https:\/\/www.tuasaude.com\/es\/news\/2026\/09\/03\/proteina-en-la-dieta-comer-menos-se-asocia-a-sarcopenia-no-es-un-batido-milagro\/#primaryimage","url":"https:\/\/www.tuasaude.com\/es\/news\/wp-content\/uploads\/2026\/09\/magnific_destacada-a-hispanic-man-_aF17wepfSh.png","contentUrl":"https:\/\/www.tuasaude.com\/es\/news\/wp-content\/uploads\/2026\/09\/magnific_destacada-a-hispanic-man-_aF17wepfSh.png","width":1344,"height":752,"caption":"Legumbres, huevo, pescado y l\u00e1cteos ilustran distintas fuentes de prote\u00edna que pueden formar parte de la alimentaci\u00f3n diaria. Imagen generada por IA."},{"@type":"BreadcrumbList","@id":"https:\/\/www.tuasaude.com\/es\/news\/2026\/09\/03\/proteina-en-la-dieta-comer-menos-se-asocia-a-sarcopenia-no-es-un-batido-milagro\/#breadcrumb","itemListElement":[{"@type":"ListItem","position":1,"name":"Portada","item":"https:\/\/www.tuasaude.com\/es\/news\/"},{"@type":"ListItem","position":2,"name":"Prote\u00edna en la dieta: comer menos se asocia a sarcopenia, no es un batido milagro"}]},{"@type":"WebSite","@id":"https:\/\/www.tuasaude.com\/es\/news\/#website","url":"https:\/\/www.tuasaude.com\/es\/news\/","name":"Tua Saude","description":"Tu sitio web de salud","potentialAction":[{"@type":"SearchAction","target":{"@type":"EntryPoint","urlTemplate":"https:\/\/www.tuasaude.com\/es\/news\/?s={search_term_string}"},"query-input":{"@type":"PropertyValueSpecification","valueRequired":true,"valueName":"search_term_string"}}],"inLanguage":"es"},{"@type":"Person","@id":"https:\/\/www.tuasaude.com\/es\/news\/#\/schema\/person\/16a4d193b08b5d0f589edf44bf2a7fab","name":"Jo\u00e3o Victor","image":{"@type":"ImageObject","inLanguage":"es","@id":"https:\/\/secure.gravatar.com\/avatar\/bafb23913f410c1931def6caa7c109c29a2ae52e8b28ea5b93784ed42e035da9?s=96&d=mm&r=g","url":"https:\/\/secure.gravatar.com\/avatar\/bafb23913f410c1931def6caa7c109c29a2ae52e8b28ea5b93784ed42e035da9?s=96&d=mm&r=g","contentUrl":"https:\/\/secure.gravatar.com\/avatar\/bafb23913f410c1931def6caa7c109c29a2ae52e8b28ea5b93784ed42e035da9?s=96&d=mm&r=g","caption":"Jo\u00e3o Victor"},"url":"https:\/\/www.tuasaude.com\/es\/news\/author\/joaomyth\/"}]}},"_links":{"self":[{"href":"https:\/\/www.tuasaude.com\/es\/news\/wp-json\/wp\/v2\/posts\/20047","targetHints":{"allow":["GET"]}}],"collection":[{"href":"https:\/\/www.tuasaude.com\/es\/news\/wp-json\/wp\/v2\/posts"}],"about":[{"href":"https:\/\/www.tuasaude.com\/es\/news\/wp-json\/wp\/v2\/types\/post"}],"author":[{"embeddable":true,"href":"https:\/\/www.tuasaude.com\/es\/news\/wp-json\/wp\/v2\/users\/14"}],"replies":[{"embeddable":true,"href":"https:\/\/www.tuasaude.com\/es\/news\/wp-json\/wp\/v2\/comments?post=20047"}],"version-history":[{"count":1,"href":"https:\/\/www.tuasaude.com\/es\/news\/wp-json\/wp\/v2\/posts\/20047\/revisions"}],"predecessor-version":[{"id":20070,"href":"https:\/\/www.tuasaude.com\/es\/news\/wp-json\/wp\/v2\/posts\/20047\/revisions\/20070"}],"wp:featuredmedia":[{"embeddable":true,"href":"https:\/\/www.tuasaude.com\/es\/news\/wp-json\/wp\/v2\/media\/20069"}],"wp:attachment":[{"href":"https:\/\/www.tuasaude.com\/es\/news\/wp-json\/wp\/v2\/media?parent=20047"}],"wp:term":[{"taxonomy":"category","embeddable":true,"href":"https:\/\/www.tuasaude.com\/es\/news\/wp-json\/wp\/v2\/categories?post=20047"},{"taxonomy":"post_tag","embeddable":true,"href":"https:\/\/www.tuasaude.com\/es\/news\/wp-json\/wp\/v2\/tags?post=20047"}],"curies":[{"name":"wp","href":"https:\/\/api.w.org\/{rel}","templated":true}]}}