{"id":20042,"date":"2026-09-02T21:32:00","date_gmt":"2026-09-02T20:32:00","guid":{"rendered":"https:\/\/www.tuasaude.com\/es\/news\/?p=20042"},"modified":"2026-09-02T20:24:19","modified_gmt":"2026-09-02T19:24:19","slug":"siesta-la-de-una-hora-se-asocia-a-mas-muerte-y-corazon-no-sustituye-la-noche","status":"publish","type":"post","link":"https:\/\/www.tuasaude.com\/es\/news\/2026\/09\/02\/siesta-la-de-una-hora-se-asocia-a-mas-muerte-y-corazon-no-sustituye-la-noche\/","title":{"rendered":"Siesta: la de una hora se asocia a m\u00e1s muerte y coraz\u00f3n, no sustituye la noche"},"content":{"rendered":"\n<!-- ===== TS-COMPONENTE-1-SIESTA-CORAZON-INICIO ===== -->\n<div id=\"ts-siesta-corazon-teaser\">\n  <style>\n    #ts-siesta-corazon-teaser * {\n      box-sizing: border-box;\n    }\n\n    #ts-siesta-corazon-teaser {\n      font-family: -apple-system, 'Segoe UI', Roboto, Arial, sans-serif;\n      background: #ffffff;\n      border: 1px solid #e3edf3;\n      border-radius: 14px;\n      padding: 22px;\n      max-width: 640px;\n      margin: 24px auto;\n      box-shadow: 0 2px 14px rgba(26,58,74,0.07);\n    }\n\n    #ts-siesta-corazon-teaser .ts-head {\n      display: flex;\n      align-items: center;\n      gap: 10px;\n      margin-bottom: 18px;\n    }\n\n    #ts-siesta-corazon-teaser .ts-badge {\n      display: inline-flex;\n      align-items: center;\n      background: #1c86c4;\n      color: #ffffff;\n      font-size: 12.5px;\n      font-weight: 700;\n      letter-spacing: 0.04em;\n      text-transform: uppercase;\n      padding: 6px 12px;\n      border-radius: 999px;\n    }\n\n    #ts-siesta-corazon-teaser .ts-item {\n      display: flex;\n      align-items: flex-start;\n      gap: 12px;\n      min-width: 0;\n      background: #f5f9fc;\n      border-left: 4px solid #1a3a4a;\n      border-radius: 0 10px 10px 0;\n      padding: 12px 14px;\n      margin-bottom: 10px;\n    }\n\n    #ts-siesta-corazon-teaser .ts-item:last-child {\n      margin-bottom: 0;\n    }\n\n    #ts-siesta-corazon-teaser .ts-mark {\n      display: inline-flex;\n      align-items: center;\n      justify-content: center;\n      flex: 0 0 26px;\n      width: 26px;\n      height: 26px;\n      background: #1c86c4;\n      color: #ffffff;\n      border-radius: 50%;\n      font-size: 13px;\n      line-height: 1;\n      font-weight: 800;\n      margin-top: 1px;\n    }\n\n    #ts-siesta-corazon-teaser .ts-item-text {\n      display: block;\n      min-width: 0;\n      color: #1a3a4a;\n      font-size: 15px;\n      line-height: 1.45;\n      font-weight: 500;\n      overflow-wrap: anywhere;\n    }\n\n    @media (max-width: 480px) {\n      #ts-siesta-corazon-teaser {\n        padding: 18px 16px;\n      }\n\n      #ts-siesta-corazon-teaser .ts-item {\n        gap: 10px;\n        padding: 11px 12px;\n      }\n\n      #ts-siesta-corazon-teaser .ts-mark {\n        flex-basis: 24px;\n        width: 24px;\n        height: 24px;\n        font-size: 12.5px;\n      }\n\n      #ts-siesta-corazon-teaser .ts-item-text {\n        font-size: 14.5px;\n      }\n    }\n  <\/style>\n\n  <div class=\"ts-head\">\n    <svg width=\"30\" height=\"30\" viewBox=\"0 0 30 30\" xmlns=\"http:\/\/www.w3.org\/2000\/svg\" aria-hidden=\"true\">\n      <circle cx=\"15\" cy=\"15\" r=\"14\" fill=\"#1c86c4\"\/>\n      <rect x=\"12.5\" y=\"6\" width=\"5\" height=\"18\" rx=\"1.5\" fill=\"#ffffff\"\/>\n      <rect x=\"6\" y=\"12.5\" width=\"18\" height=\"5\" rx=\"1.5\" fill=\"#ffffff\"\/>\n    <\/svg>\n    <span class=\"ts-badge\">Resumen<\/span>\n  <\/div>\n\n  <div class=\"ts-item\">\n    <span class=\"ts-mark\" aria-hidden=\"true\">1<\/span>\n    <span class=\"ts-item-text\">La siesta de 1 hora o m\u00e1s se asocia a mayor mortalidad y riesgo cardiovascular; las siestas cortas (<1h) no muestran esa se\u00f1al.<\/span>\n  <\/div>\n\n  <div class=\"ts-item\">\n    <span class=\"ts-mark\" aria-hidden=\"true\">2<\/span>\n    <span class=\"ts-item-text\">Esta relaci\u00f3n es observacional: la siesta larga no es necesariamente la causa, sino a menudo un marcador de mala salud o insomnio previo.<\/span>\n  <\/div>\n\n  <div class=\"ts-item\">\n    <span class=\"ts-mark\" aria-hidden=\"true\">3<\/span>\n    <span class=\"ts-item-text\">Dormir de d\u00eda no sustituye las 7 a 9 horas de sue\u00f1o nocturno recomendadas. Evita las siestas pasadas las 15:00 horas.<\/span>\n  <\/div>\n\n  <div class=\"ts-item\">\n    <span class=\"ts-mark\" aria-hidden=\"true\">4<\/span>\n    <span class=\"ts-item-text\">Ante dolor en el pecho, falta de aire o signos de ictus, acude a urgencias o llama al 112. Nunca conduzcas si tienes somnolencia.<\/span>\n  <\/div>\n<\/div>\n<!-- ===== TS-COMPONENTE-1-SIESTA-CORAZON-FIM ===== -->\n\n\n\n<p class=\"wp-block-paragraph\">Asociaci\u00f3n observacional, no causa. Las 7 a 9 horas de la noche no se cambian por el sof\u00e1.<\/p>\n\n\n\n<p class=\"wp-block-paragraph\">La siesta de una hora o m\u00e1s se asocia a m\u00e1s mortalidad y m\u00e1s enfermedad del coraz\u00f3n. La de menos de una hora, no.<\/p>\n\n\n\n<p class=\"wp-block-paragraph\">La&nbsp;<strong>siesta<\/strong>&nbsp;breve no sustituye el sue\u00f1o nocturno. El metaan\u00e1lisis es de cohortes: asociaci\u00f3n, no causalidad. Quien est\u00e1 enfermo puede echarse m\u00e1s. No se vende la siesta mediterr\u00e1nea como protectora del coraz\u00f3n. Ese 1,28 no se vende como un 28% m\u00e1s de muertes.<\/p>\n\n\n\n<p class=\"wp-block-paragraph\">No se conduce con sue\u00f1o. Dolor en el pecho, falta de aire o signos de ictus: 112.<\/p>\n\n\n\n<h2 class=\"wp-block-heading\">\u00bfLa siesta protege de verdad el coraz\u00f3n?<\/h2>\n\n\n<div class=\"wp-block-image\">\n<figure class=\"aligncenter size-large is-resized\"><img decoding=\"async\" width=\"1024\" height=\"573\" src=\"https:\/\/www.tuasaude.com\/es\/news\/wp-content\/uploads\/2026\/09\/magnific_section-1-title-siesta-du_jU4z4ySLD0-1024x573.png\" alt=\"\" class=\"wp-image-20050\" style=\"aspect-ratio:1.7871557131169893;width:1170px;height:auto\" srcset=\"https:\/\/www.tuasaude.com\/es\/news\/wp-content\/uploads\/2026\/09\/magnific_section-1-title-siesta-du_jU4z4ySLD0-1024x573.png 1024w, https:\/\/www.tuasaude.com\/es\/news\/wp-content\/uploads\/2026\/09\/magnific_section-1-title-siesta-du_jU4z4ySLD0-300x168.png 300w, https:\/\/www.tuasaude.com\/es\/news\/wp-content\/uploads\/2026\/09\/magnific_section-1-title-siesta-du_jU4z4ySLD0-767x429.png 767w, https:\/\/www.tuasaude.com\/es\/news\/wp-content\/uploads\/2026\/09\/magnific_section-1-title-siesta-du_jU4z4ySLD0-750x419.png 750w, https:\/\/www.tuasaude.com\/es\/news\/wp-content\/uploads\/2026\/09\/magnific_section-1-title-siesta-du_jU4z4ySLD0-1140x637.png 1140w, https:\/\/www.tuasaude.com\/es\/news\/wp-content\/uploads\/2026\/09\/magnific_section-1-title-siesta-du_jU4z4ySLD0.png 1344w\" sizes=\"(max-width: 1024px) 100vw, 1024px\" \/><figcaption class=\"wp-element-caption\">La siesta puede formar parte del descanso diario, pero su duraci\u00f3n y el horario en que se realiza influyen en c\u00f3mo encaja dentro de una rutina de sue\u00f1o saludable.<\/figcaption><\/figure>\n<\/div>\n\n\n<p class=\"wp-block-paragraph\">No hay que venderla as\u00ed. Lo que se ve es asociaci\u00f3n: quien se echa una hora o m\u00e1s aparece con m\u00e1s mortalidad y m\u00e1s coraz\u00f3n en las cohortes. Eso no prueba que el sof\u00e1 mate. Puede ser al rev\u00e9s: quien ya est\u00e1 mal duerme de d\u00eda. Quien ronca, quien tiene apnea, quien est\u00e1 de baja.<\/p>\n\n\n\n<p class=\"wp-block-paragraph\">Una siesta corta no sali\u00f3 peor que no echarse ninguna, en esas cifras. Tampoco sali\u00f3 como chaleco salvavidas. El coraz\u00f3n se mira con el m\u00e9dico de cabecera, no con el reloj de la sobremesa.<\/p>\n\n\n\n<p class=\"wp-block-paragraph\">Si te da&nbsp;<a href=\"https:\/\/www.tuasaude.com\/es\/por-que-me-da-mucho-sueno\/\" target=\"_blank\" rel=\"noopener\">mucho sue\u00f1o de d\u00eda<\/a>, se pregunta de d\u00f3nde viene. No se f\u00eda el pecho a la manta.<\/p>\n\n\n\n<h2 class=\"wp-block-heading\">\u00bfQu\u00e9 encontr\u00f3 Wang sobre echarse la siesta?<\/h2>\n\n\n\n<p class=\"wp-block-paragraph\">En 2024, Wang, Xiang, Zhao, Liu, Cao, Guo, Hou y Jiang publicaron en PLoS One un metaan\u00e1lisis de 21 cohortes observacionales (371306 personas). Cualquier siesta frente a ninguna: mortalidad por todas las causas HR 1,28 (IC 95% 1,18\u20131,38); cardiovascular HR 1,18 (1,02\u20131,38). Siesta de menos de una hora: mortalidad HR 1,00, no significativo; coraz\u00f3n HR 1,03, no significativo. Siesta de una hora o m\u00e1s: mortalidad HR 1,22 (1,12\u20131,33); coraz\u00f3n HR 1,37 (1,09\u20131,71).<\/p>\n\n\n\n<p class=\"wp-block-paragraph\">Asociaci\u00f3n. No causa. El intervalo de confianza va con el n\u00famero; no se recorta a un 28% de eslogan. Es el trabajo que&nbsp;<a href=\"https:\/\/pmc.ncbi.nlm.nih.gov\/articles\/PMC11482734\/\" target=\"_blank\" rel=\"noopener\">asoci\u00f3 la siesta de una hora o m\u00e1s a m\u00e1s mortalidad y m\u00e1s coraz\u00f3n, sin diferencia significativa en la de menos de una hora<\/a>.<\/p>\n\n\n\n<p class=\"wp-block-paragraph\">Quien est\u00e1 enfermo puede echarse m\u00e1s la siesta. Eso no se borra con un HR.<\/p>\n\n\n\n<h2 class=\"wp-block-heading\">\u00bfSiesta corta o de una hora?<\/h2>\n\n\n\n<p class=\"wp-block-paragraph\">La se\u00f1al se concentra en la de una hora o m\u00e1s. La de menos de una hora qued\u00f3 sin diferencia significativa frente a no echarse. Nadie traduce eso en receta de minutos. Tampoco en permiso para dormir la sobremesa entera porque es mediterr\u00e1neo.<\/p>\n\n\n\n<p class=\"wp-block-paragraph\">Si te echas, que no robe la noche. MedlinePlus: adultos, 7 a 9 horas de noche; evitar siestas despu\u00e9s de las 15:00. El sof\u00e1 de las cinco no paga lo que falt\u00f3 a las dos de la madrugada.<\/p>\n\n\n\n<p class=\"wp-block-paragraph\">El reloj cuenta. Una hora larga no es la misma que un cabezazo de mesa.<\/p>\n\n\n\n<!-- ===== TS-COMPONENTE-2-SIESTA-CORAZON-WIDGET-INICIO ===== -->\n<div id=\"ts-siesta-corazon-widget\">\n  <style>\n    #ts-siesta-corazon-widget * {\n      box-sizing: border-box;\n    }\n    #ts-siesta-corazon-widget {\n      font-family: -apple-system, 'Segoe UI', Roboto, Arial, sans-serif;\n      background: #ffffff;\n      border: 1px solid #dce9f1;\n      border-radius: 14px;\n      padding: 24px;\n      max-width: 640px;\n      margin: 24px auto;\n      box-shadow: 0 4px 16px rgba(26,58,74,0.06);\n    }\n    #ts-siesta-corazon-widget .ts-widget-head {\n      margin-bottom: 12px;\n    }\n    #ts-siesta-corazon-widget .ts-widget-title {\n      display: block;\n      color: #1a3a4a;\n      font-size: 20px;\n      font-weight: 700;\n      line-height: 1.3;\n    }\n    #ts-siesta-corazon-widget .ts-widget-intro {\n      display: block;\n      color: #55707e;\n      font-size: 15px;\n      line-height: 1.5;\n      margin-bottom: 22px;\n    }\n    #ts-siesta-corazon-widget .ts-widget-main {\n      display: grid;\n      grid-template-columns: 1fr 1fr;\n      gap: 16px;\n      margin-bottom: 20px;\n    }\n    #ts-siesta-corazon-widget .ts-column {\n      border-radius: 10px;\n      padding: 16px;\n      border: 1px solid #dce9f1;\n    }\n    #ts-siesta-corazon-widget .ts-column-safe {\n      background: #f5f9fc;\n      border-top: 4px solid #1c86c4;\n    }\n    #ts-siesta-corazon-widget .ts-column-risk {\n      background: #fff5f5;\n      border-top: 4px solid #e63b3b;\n    }\n    #ts-siesta-corazon-widget .ts-col-title {\n      display: flex;\n      align-items: center;\n      gap: 8px;\n      font-weight: 700;\n      font-size: 16px;\n      margin-bottom: 14px;\n    }\n    #ts-siesta-corazon-widget .ts-column-safe .ts-col-title {\n      color: #1a3a4a;\n    }\n    #ts-siesta-corazon-widget .ts-column-risk .ts-col-title {\n      color: #991b1b;\n    }\n    #ts-siesta-corazon-widget .ts-item-row {\n      display: flex;\n      align-items: flex-start;\n      gap: 8px;\n      margin-bottom: 12px;\n      font-size: 14px;\n      line-height: 1.45;\n      color: #334d5c;\n    }\n    #ts-siesta-corazon-widget .ts-item-row:last-child {\n      margin-bottom: 0;\n    }\n    #ts-siesta-corazon-widget .ts-icon {\n      flex: 0 0 20px;\n      width: 20px;\n      height: 20px;\n    }\n    #ts-siesta-corazon-widget .ts-widget-result {\n      background: #f0f7fb;\n      border: 1px solid #bce0f4;\n      padding: 14px 16px;\n      border-radius: 8px;\n      margin-bottom: 16px;\n      text-align: center;\n    }\n    #ts-siesta-corazon-widget .ts-result-text {\n      display: block;\n      color: #1a3a4a;\n      font-size: 14px;\n      line-height: 1.45;\n      font-weight: 600;\n    }\n    #ts-siesta-corazon-widget .ts-widget-footer {\n      display: block;\n      color: #7a92a3;\n      font-size: 12.5px;\n      line-height: 1.4;\n      border-top: 1px solid #dce9f1;\n      padding-top: 14px;\n    }\n\n    @media (max-width: 520px) {\n      #ts-siesta-corazon-widget {\n        padding: 20px 16px;\n      }\n      #ts-siesta-corazon-widget .ts-widget-main {\n        grid-template-columns: 1fr;\n      }\n      #ts-siesta-corazon-widget .ts-widget-result {\n        text-align: left;\n      }\n    }\n  <\/style>\n\n  <div class=\"ts-widget-head\">\n    <span class=\"ts-widget-title\">Siesta: Duraci\u00f3n y Patr\u00f3n<\/span>\n  <\/div>\n\n  <span class=\"ts-widget-intro\">\n    La evidencia distingue claramente el impacto seg\u00fan el tiempo de descanso y el horario diurno.\n  <\/span>\n\n  <div class=\"ts-widget-main\">\n    <div class=\"ts-column ts-column-safe\">\n      <div class=\"ts-col-title\">\n        <svg class=\"ts-icon\" fill=\"none\" stroke=\"#1c86c4\" stroke-width=\"2.5\" viewBox=\"0 0 24 24\" aria-hidden=\"true\"><path stroke-linecap=\"round\" stroke-linejoin=\"round\" d=\"M9 12l2 2 4-4m6 2a9 9 0 11-18 0 9 9 0 0118 0z\"><\/path><\/svg>\n        Siesta Corta (< 1 Hora)\n      <\/div>\n      <div class=\"ts-item-row\">\n        <span>Sin diferencia significativa de riesgo cardiovascular frente a no echarse.<\/span>\n      <\/div>\n      <div class=\"ts-item-row\">\n        <span>Idealmente breve (20-30 min) y antes de las 15:00 h.<\/span>\n      <\/div>\n      <div class=\"ts-item-row\">\n        <span>\u00datil para despejar la mente sin interferir en el descanso nocturno.<\/span>\n      <\/div>\n    <\/div>\n\n    <div class=\"ts-column ts-column-risk\">\n      <div class=\"ts-col-title\">\n        <svg class=\"ts-icon\" fill=\"none\" stroke=\"#e63b3b\" stroke-width=\"2.5\" viewBox=\"0 0 24 24\" aria-hidden=\"true\"><path stroke-linecap=\"round\" stroke-linejoin=\"round\" d=\"M6 18L18 6M6 6l12 12\"><\/path><\/svg>\n        Siesta Larga (\u2265 1 Hora)\n      <\/div>\n      <div class=\"ts-item-row\">\n        <span>Asociada a un 37% m\u00e1s de riesgo de enfermedad cardiovascular en estudios observacionales.<\/span>\n      <\/div>\n      <div class=\"ts-item-row\">\n        <span>Suele indicar mala calidad de sue\u00f1o nocturno o enfermedad previa.<\/span>\n      <\/div>\n      <div class=\"ts-item-row\">\n        <span>Si se realiza tarde, dificulta conciliar el sue\u00f1o por la noche.<\/span>\n      <\/div>\n    <\/div>\n  <\/div>\n\n  <div class=\"ts-widget-result\">\n    <span class=\"ts-result-text\">Recuerda: El objetivo principal son entre 7 y 9 horas de sue\u00f1o por la noche. Si sientes necesidad constante de dormir de d\u00eda, consulta a tu m\u00e9dico.<\/span>\n  <\/div>\n\n  <span class=\"ts-widget-footer\">\n    Datos orientativos \u00b7 Fuentes: Wang et al. (PLoS ONE, 2024), MedlinePlus y NHS.\n  <\/span>\n<\/div>\n<!-- ===== TS-COMPONENTE-2-SIESTA-CORAZON-WIDGET-FIM ===== -->\n\n\n\n<h2 class=\"wp-block-heading\">\u00bfSe deja el sue\u00f1o de la noche por la siesta?<\/h2>\n\n\n<div class=\"wp-block-image\">\n<figure class=\"aligncenter size-large is-resized\"><img decoding=\"async\" width=\"1024\" height=\"573\" src=\"https:\/\/www.tuasaude.com\/es\/news\/wp-content\/uploads\/2026\/09\/magnific_corpo-a-clean-twostate-ed_792MZw7JAL-1024x573.png\" alt=\"\" class=\"wp-image-20051\" style=\"aspect-ratio:1.7871557131169893;width:1170px;height:auto\" srcset=\"https:\/\/www.tuasaude.com\/es\/news\/wp-content\/uploads\/2026\/09\/magnific_corpo-a-clean-twostate-ed_792MZw7JAL-1024x573.png 1024w, https:\/\/www.tuasaude.com\/es\/news\/wp-content\/uploads\/2026\/09\/magnific_corpo-a-clean-twostate-ed_792MZw7JAL-300x168.png 300w, https:\/\/www.tuasaude.com\/es\/news\/wp-content\/uploads\/2026\/09\/magnific_corpo-a-clean-twostate-ed_792MZw7JAL-767x429.png 767w, https:\/\/www.tuasaude.com\/es\/news\/wp-content\/uploads\/2026\/09\/magnific_corpo-a-clean-twostate-ed_792MZw7JAL-750x419.png 750w, https:\/\/www.tuasaude.com\/es\/news\/wp-content\/uploads\/2026\/09\/magnific_corpo-a-clean-twostate-ed_792MZw7JAL-1140x637.png 1140w, https:\/\/www.tuasaude.com\/es\/news\/wp-content\/uploads\/2026\/09\/magnific_corpo-a-clean-twostate-ed_792MZw7JAL.png 1344w\" sizes=\"(max-width: 1024px) 100vw, 1024px\" \/><figcaption class=\"wp-element-caption\">Dormir durante el d\u00eda y descansar por la noche no tienen el mismo efecto, por lo que conviene mantener horarios regulares y priorizar un buen sue\u00f1o nocturno.<\/figcaption><\/figure>\n<\/div>\n\n\n<p class=\"wp-block-paragraph\">No. La siesta no sustituye las 7 a 9 horas.&nbsp;<a href=\"https:\/\/medlineplus.gov\/spanish\/healthysleep.html\" target=\"_blank\" rel=\"noopener\">MedlinePlus sit\u00faa el sue\u00f1o adulto en 7 a 9 horas de noche y pide no echar siestas despu\u00e9s de las tres de la tarde<\/a>.<\/p>\n\n\n\n<p class=\"wp-block-paragraph\">El&nbsp;<a href=\"https:\/\/www.nhs.uk\/conditions\/insomnia\/\" target=\"_blank\" rel=\"noopener\">NHS, si hay insomnio, pide no echarse de d\u00eda y no conducir con sue\u00f1o<\/a>. Recuperar con la siesta lo que se rompi\u00f3 de noche no es el plan. Se coge cita si el insomnio se alarga.<\/p>\n\n\n\n<p class=\"wp-block-paragraph\">Hora fija de acostarse. Menos cafe\u00edna por la tarde. El sof\u00e1 no firma el parte de la Seguridad Social.<\/p>\n\n\n\n<h2 class=\"wp-block-heading\">\u00bfY si te da sue\u00f1o al volante?<\/h2>\n\n\n\n<p class=\"wp-block-paragraph\">No se conduce. El NHS lo dice claro: no conducir con sue\u00f1o. Un caf\u00e9 en el \u00e1rea de servicio no sustituye el descanso. Si pegas cabezadas, paras. No aguantas hasta casa.<\/p>\n\n\n\n<p class=\"wp-block-paragraph\">Mucho sue\u00f1o de d\u00eda tambi\u00e9n puede ser aviso: apnea, f\u00e1rmacos, depresi\u00f3n. El m\u00e9dico de cabecera. No un segundo sof\u00e1 a las cinco.<\/p>\n\n\n\n<p class=\"wp-block-paragraph\">El volante no perdona el cabeceo. La siesta en el arc\u00e9n, si hace falta parar, no es la de una hora del sal\u00f3n.<\/p>\n\n\n\n<h2 class=\"wp-block-heading\">\u00bfCu\u00e1ndo hay que ir al m\u00e9dico o llamar al 112?<\/h2>\n\n\n\n<p class=\"wp-block-paragraph\">Llama al&nbsp;<strong>112<\/strong>&nbsp;o acude a urgencias si hay dolor en el pecho, falta de aire o signos de ictus. Eso no espera a otra siesta. Un&nbsp;<a href=\"https:\/\/www.tuasaude.com\/es\/infarto-fulminante\/\" target=\"_blank\" rel=\"noopener\">infarto<\/a>&nbsp;no se discute en el sof\u00e1.<\/p>\n\n\n\n<p class=\"wp-block-paragraph\">Coge cita con el m\u00e9dico de cabecera si te duermes sin querer, si el insomnio no cede o si la&nbsp;<a href=\"https:\/\/www.tuasaude.com\/es\/presion-arterial\/\" target=\"_blank\" rel=\"noopener\">tensi\u00f3n arterial<\/a>&nbsp;anda alta y echas siestas largas. No se deja la noche. No se conduce somnoliento.<\/p>\n\n\n\n<p class=\"wp-block-paragraph\">El orden pr\u00e1ctico es este:<\/p>\n\n\n\n<ul class=\"wp-block-list\">\n<li>Noche: 7 a 9 horas. La siesta no las sustituye.<\/li>\n\n\n\n<li>La de una hora o m\u00e1s se asocia a m\u00e1s mortalidad y m\u00e1s coraz\u00f3n; la de menos de una hora, no. Asociaci\u00f3n, no causa.<\/li>\n\n\n\n<li>Insomnio: no se recupera de d\u00eda. No se conduce con sue\u00f1o.<\/li>\n\n\n\n<li>Pecho, aire o ictus: 112.<\/li>\n<\/ul>\n\n\n\n<p class=\"wp-block-paragraph\">La siesta se echa corta, si se echa, y la noche se duerme. El coraz\u00f3n no se f\u00eda de la manta.<\/p>\n","protected":false},"excerpt":{"rendered":"<p>Resumen 1 La siesta de 1 hora o m\u00e1s se asocia a mayor mortalidad y riesgo cardiovascular; las siestas cortas (<\/p>\n","protected":false},"author":14,"featured_media":20052,"comment_status":"open","ping_status":"open","sticky":false,"template":"","format":"standard","meta":{"jnews-multi-image_gallery":[],"jnews_single_post":{"format":"standard"},"jnews_primary_category":[],"jnews_social_meta":[],"jnews_override_counter":[],"footnotes":""},"categories":[1],"tags":[18606,17704,17402,17476,17401,17472],"class_list":["post-20042","post","type-post","status-publish","format-standard","has-post-thumbnail","hentry","category-bienestar","tag-mortalidad","tag-salud-cardiovascular","tag-siesta","tag-somnolencia-diurna","tag-sueno","tag-sueno-nocturno"],"yoast_head":"<!-- This site is optimized with the Yoast SEO plugin v28.3 - https:\/\/yoast.com\/product\/yoast-seo-wordpress\/ -->\n<title>Siesta: la de una hora se asocia a m\u00e1s muerte y coraz\u00f3n, no sustituye la noche - Tua Saude<\/title>\n<meta name=\"description\" content=\"Las siestas de una hora o m\u00e1s se asocian con mayor mortalidad y riesgo cardiovascular, mientras que las siestas m\u00e1s cortas no mostraron esa asociaci\u00f3n.\" \/>\n<meta name=\"robots\" content=\"index, follow, max-snippet:-1, max-image-preview:large, max-video-preview:-1\" \/>\n<link rel=\"canonical\" href=\"https:\/\/www.tuasaude.com\/es\/news\/2026\/09\/02\/siesta-la-de-una-hora-se-asocia-a-mas-muerte-y-corazon-no-sustituye-la-noche\/\" \/>\n<meta property=\"og:locale\" content=\"es_ES\" \/>\n<meta property=\"og:type\" content=\"article\" \/>\n<meta property=\"og:title\" content=\"Siesta: la de una hora se asocia a m\u00e1s muerte y coraz\u00f3n, no sustituye la noche - Tua Saude\" \/>\n<meta property=\"og:description\" content=\"Las siestas de una hora o m\u00e1s se asocian con mayor mortalidad y riesgo cardiovascular, mientras que las siestas m\u00e1s cortas no mostraron esa asociaci\u00f3n.\" \/>\n<meta property=\"og:url\" content=\"https:\/\/www.tuasaude.com\/es\/news\/2026\/09\/02\/siesta-la-de-una-hora-se-asocia-a-mas-muerte-y-corazon-no-sustituye-la-noche\/\" \/>\n<meta property=\"og:site_name\" content=\"Tua Saude\" \/>\n<meta property=\"article:published_time\" content=\"2026-09-02T20:32:00+00:00\" \/>\n<meta property=\"og:image\" content=\"https:\/\/www.tuasaude.com\/es\/news\/wp-content\/uploads\/2026\/09\/magnific_destacada-a-hispanic-woma_8aHsFDeIrU.png\" \/>\n\t<meta property=\"og:image:width\" content=\"1344\" \/>\n\t<meta property=\"og:image:height\" content=\"752\" \/>\n\t<meta property=\"og:image:type\" content=\"image\/png\" \/>\n<meta name=\"author\" content=\"Jo\u00e3o Victor\" \/>\n<meta name=\"twitter:card\" content=\"summary_large_image\" \/>\n<meta name=\"twitter:label1\" content=\"Escrito por\" \/>\n\t<meta name=\"twitter:data1\" content=\"Jo\u00e3o Victor\" \/>\n\t<meta name=\"twitter:label2\" content=\"Tiempo de lectura\" \/>\n\t<meta name=\"twitter:data2\" content=\"6 minutos\" \/>\n<!-- \/ Yoast SEO plugin. -->","yoast_head_json":{"title":"Siesta: la de una hora se asocia a m\u00e1s muerte y coraz\u00f3n, no sustituye la noche - Tua Saude","description":"Las siestas de una hora o m\u00e1s se asocian con mayor mortalidad y riesgo cardiovascular, mientras que las siestas m\u00e1s cortas no mostraron esa asociaci\u00f3n.","robots":{"index":"index","follow":"follow","max-snippet":"max-snippet:-1","max-image-preview":"max-image-preview:large","max-video-preview":"max-video-preview:-1"},"canonical":"https:\/\/www.tuasaude.com\/es\/news\/2026\/09\/02\/siesta-la-de-una-hora-se-asocia-a-mas-muerte-y-corazon-no-sustituye-la-noche\/","og_locale":"es_ES","og_type":"article","og_title":"Siesta: la de una hora se asocia a m\u00e1s muerte y coraz\u00f3n, no sustituye la noche - Tua Saude","og_description":"Las siestas de una hora o m\u00e1s se asocian con mayor mortalidad y riesgo cardiovascular, mientras que las siestas m\u00e1s cortas no mostraron esa asociaci\u00f3n.","og_url":"https:\/\/www.tuasaude.com\/es\/news\/2026\/09\/02\/siesta-la-de-una-hora-se-asocia-a-mas-muerte-y-corazon-no-sustituye-la-noche\/","og_site_name":"Tua Saude","article_published_time":"2026-09-02T20:32:00+00:00","og_image":[{"width":1344,"height":752,"url":"https:\/\/www.tuasaude.com\/es\/news\/wp-content\/uploads\/2026\/09\/magnific_destacada-a-hispanic-woma_8aHsFDeIrU.png","type":"image\/png"}],"author":"Jo\u00e3o Victor","twitter_card":"summary_large_image","twitter_misc":{"Escrito por":"Jo\u00e3o Victor","Tiempo de lectura":"6 minutos"},"schema":{"@context":"https:\/\/schema.org","@graph":[{"@type":"Article","@id":"https:\/\/www.tuasaude.com\/es\/news\/2026\/09\/02\/siesta-la-de-una-hora-se-asocia-a-mas-muerte-y-corazon-no-sustituye-la-noche\/#article","isPartOf":{"@id":"https:\/\/www.tuasaude.com\/es\/news\/2026\/09\/02\/siesta-la-de-una-hora-se-asocia-a-mas-muerte-y-corazon-no-sustituye-la-noche\/"},"author":{"name":"Jo\u00e3o Victor","@id":"https:\/\/www.tuasaude.com\/es\/news\/#\/schema\/person\/16a4d193b08b5d0f589edf44bf2a7fab"},"headline":"Siesta: la de una hora se asocia a m\u00e1s muerte y coraz\u00f3n, no sustituye la noche","datePublished":"2026-09-02T20:32:00+00:00","mainEntityOfPage":{"@id":"https:\/\/www.tuasaude.com\/es\/news\/2026\/09\/02\/siesta-la-de-una-hora-se-asocia-a-mas-muerte-y-corazon-no-sustituye-la-noche\/"},"wordCount":37,"commentCount":0,"image":{"@id":"https:\/\/www.tuasaude.com\/es\/news\/2026\/09\/02\/siesta-la-de-una-hora-se-asocia-a-mas-muerte-y-corazon-no-sustituye-la-noche\/#primaryimage"},"thumbnailUrl":"https:\/\/www.tuasaude.com\/es\/news\/wp-content\/uploads\/2026\/09\/magnific_destacada-a-hispanic-woma_8aHsFDeIrU.png","keywords":["mortalidad","salud cardiovascular","siesta","somnolencia diurna","sue\u00f1o","sue\u00f1o nocturno"],"articleSection":["Bienestar"],"inLanguage":"es","potentialAction":[{"@type":"CommentAction","name":"Comment","target":["https:\/\/www.tuasaude.com\/es\/news\/2026\/09\/02\/siesta-la-de-una-hora-se-asocia-a-mas-muerte-y-corazon-no-sustituye-la-noche\/#respond"]}]},{"@type":"WebPage","@id":"https:\/\/www.tuasaude.com\/es\/news\/2026\/09\/02\/siesta-la-de-una-hora-se-asocia-a-mas-muerte-y-corazon-no-sustituye-la-noche\/","url":"https:\/\/www.tuasaude.com\/es\/news\/2026\/09\/02\/siesta-la-de-una-hora-se-asocia-a-mas-muerte-y-corazon-no-sustituye-la-noche\/","name":"Siesta: la de una hora se asocia a m\u00e1s muerte y coraz\u00f3n, no sustituye la noche - Tua Saude","isPartOf":{"@id":"https:\/\/www.tuasaude.com\/es\/news\/#website"},"primaryImageOfPage":{"@id":"https:\/\/www.tuasaude.com\/es\/news\/2026\/09\/02\/siesta-la-de-una-hora-se-asocia-a-mas-muerte-y-corazon-no-sustituye-la-noche\/#primaryimage"},"image":{"@id":"https:\/\/www.tuasaude.com\/es\/news\/2026\/09\/02\/siesta-la-de-una-hora-se-asocia-a-mas-muerte-y-corazon-no-sustituye-la-noche\/#primaryimage"},"thumbnailUrl":"https:\/\/www.tuasaude.com\/es\/news\/wp-content\/uploads\/2026\/09\/magnific_destacada-a-hispanic-woma_8aHsFDeIrU.png","datePublished":"2026-09-02T20:32:00+00:00","author":{"@id":"https:\/\/www.tuasaude.com\/es\/news\/#\/schema\/person\/16a4d193b08b5d0f589edf44bf2a7fab"},"description":"Las siestas de una hora o m\u00e1s se asocian con mayor mortalidad y riesgo cardiovascular, mientras que las siestas m\u00e1s cortas no mostraron esa asociaci\u00f3n.","breadcrumb":{"@id":"https:\/\/www.tuasaude.com\/es\/news\/2026\/09\/02\/siesta-la-de-una-hora-se-asocia-a-mas-muerte-y-corazon-no-sustituye-la-noche\/#breadcrumb"},"inLanguage":"es","potentialAction":[{"@type":"ReadAction","target":["https:\/\/www.tuasaude.com\/es\/news\/2026\/09\/02\/siesta-la-de-una-hora-se-asocia-a-mas-muerte-y-corazon-no-sustituye-la-noche\/"]}]},{"@type":"ImageObject","inLanguage":"es","@id":"https:\/\/www.tuasaude.com\/es\/news\/2026\/09\/02\/siesta-la-de-una-hora-se-asocia-a-mas-muerte-y-corazon-no-sustituye-la-noche\/#primaryimage","url":"https:\/\/www.tuasaude.com\/es\/news\/wp-content\/uploads\/2026\/09\/magnific_destacada-a-hispanic-woma_8aHsFDeIrU.png","contentUrl":"https:\/\/www.tuasaude.com\/es\/news\/wp-content\/uploads\/2026\/09\/magnific_destacada-a-hispanic-woma_8aHsFDeIrU.png","width":1344,"height":752,"caption":"Una mujer descansa en el sof\u00e1 durante el d\u00eda, una escena cotidiana relacionada con la duraci\u00f3n de la siesta y sus posibles efectos sobre la salud. Imagen generada por IA."},{"@type":"BreadcrumbList","@id":"https:\/\/www.tuasaude.com\/es\/news\/2026\/09\/02\/siesta-la-de-una-hora-se-asocia-a-mas-muerte-y-corazon-no-sustituye-la-noche\/#breadcrumb","itemListElement":[{"@type":"ListItem","position":1,"name":"Portada","item":"https:\/\/www.tuasaude.com\/es\/news\/"},{"@type":"ListItem","position":2,"name":"Siesta: la de una hora se asocia a m\u00e1s muerte y coraz\u00f3n, no sustituye la noche"}]},{"@type":"WebSite","@id":"https:\/\/www.tuasaude.com\/es\/news\/#website","url":"https:\/\/www.tuasaude.com\/es\/news\/","name":"Tua Saude","description":"Tu sitio web de salud","potentialAction":[{"@type":"SearchAction","target":{"@type":"EntryPoint","urlTemplate":"https:\/\/www.tuasaude.com\/es\/news\/?s={search_term_string}"},"query-input":{"@type":"PropertyValueSpecification","valueRequired":true,"valueName":"search_term_string"}}],"inLanguage":"es"},{"@type":"Person","@id":"https:\/\/www.tuasaude.com\/es\/news\/#\/schema\/person\/16a4d193b08b5d0f589edf44bf2a7fab","name":"Jo\u00e3o Victor","image":{"@type":"ImageObject","inLanguage":"es","@id":"https:\/\/secure.gravatar.com\/avatar\/bafb23913f410c1931def6caa7c109c29a2ae52e8b28ea5b93784ed42e035da9?s=96&d=mm&r=g","url":"https:\/\/secure.gravatar.com\/avatar\/bafb23913f410c1931def6caa7c109c29a2ae52e8b28ea5b93784ed42e035da9?s=96&d=mm&r=g","contentUrl":"https:\/\/secure.gravatar.com\/avatar\/bafb23913f410c1931def6caa7c109c29a2ae52e8b28ea5b93784ed42e035da9?s=96&d=mm&r=g","caption":"Jo\u00e3o Victor"},"url":"https:\/\/www.tuasaude.com\/es\/news\/author\/joaomyth\/"}]}},"_links":{"self":[{"href":"https:\/\/www.tuasaude.com\/es\/news\/wp-json\/wp\/v2\/posts\/20042","targetHints":{"allow":["GET"]}}],"collection":[{"href":"https:\/\/www.tuasaude.com\/es\/news\/wp-json\/wp\/v2\/posts"}],"about":[{"href":"https:\/\/www.tuasaude.com\/es\/news\/wp-json\/wp\/v2\/types\/post"}],"author":[{"embeddable":true,"href":"https:\/\/www.tuasaude.com\/es\/news\/wp-json\/wp\/v2\/users\/14"}],"replies":[{"embeddable":true,"href":"https:\/\/www.tuasaude.com\/es\/news\/wp-json\/wp\/v2\/comments?post=20042"}],"version-history":[{"count":1,"href":"https:\/\/www.tuasaude.com\/es\/news\/wp-json\/wp\/v2\/posts\/20042\/revisions"}],"predecessor-version":[{"id":20053,"href":"https:\/\/www.tuasaude.com\/es\/news\/wp-json\/wp\/v2\/posts\/20042\/revisions\/20053"}],"wp:featuredmedia":[{"embeddable":true,"href":"https:\/\/www.tuasaude.com\/es\/news\/wp-json\/wp\/v2\/media\/20052"}],"wp:attachment":[{"href":"https:\/\/www.tuasaude.com\/es\/news\/wp-json\/wp\/v2\/media?parent=20042"}],"wp:term":[{"taxonomy":"category","embeddable":true,"href":"https:\/\/www.tuasaude.com\/es\/news\/wp-json\/wp\/v2\/categories?post=20042"},{"taxonomy":"post_tag","embeddable":true,"href":"https:\/\/www.tuasaude.com\/es\/news\/wp-json\/wp\/v2\/tags?post=20042"}],"curies":[{"name":"wp","href":"https:\/\/api.w.org\/{rel}","templated":true}]}}