{"id":19888,"date":"2026-09-02T10:28:00","date_gmt":"2026-09-02T09:28:00","guid":{"rendered":"https:\/\/www.tuasaude.com\/es\/news\/?p=19888"},"modified":"2026-09-02T10:17:16","modified_gmt":"2026-09-02T09:17:16","slug":"oir-peor-cuando-hay-ruido-de-fondo-no-se-debe-solo-a-la-edad-sino-en-muchos-casos-a-la-exposicion-al-ruido-y-a-la-acumulacion-de-cera","status":"publish","type":"post","link":"https:\/\/www.tuasaude.com\/es\/news\/2026\/09\/02\/oir-peor-cuando-hay-ruido-de-fondo-no-se-debe-solo-a-la-edad-sino-en-muchos-casos-a-la-exposicion-al-ruido-y-a-la-acumulacion-de-cera\/","title":{"rendered":"O\u00edr peor cuando hay ruido de fondo no se debe solo a la edad, sino en muchos casos a la exposici\u00f3n al ruido y a la acumulaci\u00f3n de cera"},"content":{"rendered":"\n<p class=\"wp-block-paragraph\"><strong>La p\u00e9rdida de audici\u00f3n<\/strong> no siempre empieza con un volumen bajo. Muchas personas notan antes otra se\u00f1al, les cuesta seguir una conversaci\u00f3n cuando hay <strong>ruido<\/strong> de fondo, sobre todo en bares, reuniones o transporte p\u00fablico. Ese cambio puede relacionarse con el <strong>envejecimiento<\/strong>, pero tambi\u00e9n con la exposici\u00f3n sonora repetida y con la <strong>cera en el o\u00eddo<\/strong>, que altera la entrada del sonido al canal auditivo.<\/p>\n\n\n\n<h2 class=\"wp-block-heading\">\u00bfPor qu\u00e9 cuesta entender las palabras cuando hay ruido alrededor?<\/h2>\n\n\n\n<p class=\"wp-block-paragraph\">La dificultad no depende solo de o\u00edr m\u00e1s o menos fuerte. El o\u00eddo y el cerebro tienen que separar la voz del resto de sonidos, filtrar frecuencias y mantener la atenci\u00f3n auditiva. Cuando existe una alteraci\u00f3n auditiva inicial, esa discriminaci\u00f3n se vuelve menos precisa, aunque en silencio la conversaci\u00f3n parezca normal.<\/p>\n\n\n\n<p class=\"wp-block-paragraph\">El <strong>ruido de fondo<\/strong> revela problemas que pasan desapercibidos en ambientes tranquilos. Esto ocurre en personas mayores, pero tambi\u00e9n en quienes usan auriculares a volumen alto, trabajan con maquinaria, asisten con frecuencia a conciertos o arrastran un tap\u00f3n de cera que amortigua el paso del sonido.<\/p>\n\n\n\n<h2 class=\"wp-block-heading\">\u00bfQu\u00e9 dice la investigaci\u00f3n sobre ruido y peor audici\u00f3n en ambientes ruidosos?<\/h2>\n\n\n\n<p class=\"wp-block-paragraph\">Seg\u00fan el estudio <strong>The effect of recreational noise exposure on amplitude-modulation detection, hearing sensitivity at frequencies above 8 kHz, and perception of speech in noise<\/strong>, publicado en <strong>Journal of the Acoustical Society of America<\/strong>, las personas con exposici\u00f3n recreativa habitual al ruido necesitaron relaciones se\u00f1al-ruido m\u00e1s altas para comprender frases en entornos ruidosos. El dato es relevante porque sugiere que no todo se explica por el paso de los a\u00f1os, sino tambi\u00e9n por un da\u00f1o auditivo previo relacionado con la sobrecarga ac\u00fastica.<\/p>\n\n\n\n<p class=\"wp-block-paragraph\">En esa l\u00ednea, se ha descrito <a href=\"https:\/\/pubmed.ncbi.nlm.nih.gov\/42466837\/\" target=\"_blank\" rel=\"noopener noreferrer\">peor comprensi\u00f3n del habla con ruido de fondo tras la exposici\u00f3n al ruido<\/a>. Esto encaja con lo que se ve en consulta, personas que oyen tonos en una prueba b\u00e1sica, pero fallan al distinguir palabras cuando compiten varias fuentes sonoras.<\/p>\n\n\n<div class=\"wp-block-image wp-block-image aligncenter size-large\">\n<figure ><img decoding=\"async\" width=\"1279\" height=\"720\" src=\"https:\/\/www.tuasaude.com\/es\/news\/wp-content\/uploads\/2026\/09\/oir-peor-cuando-hay-ruido-de-fondo-no-se-debe-solo-a-la-corpo.jpg\" alt=\"Ruido, cera, se\u00f1ales y cuidado del o\u00eddo explican la audici\u00f3n en ambientes ruidosos.\" class=\"wp-image-19887\" srcset=\"https:\/\/www.tuasaude.com\/es\/news\/wp-content\/uploads\/2026\/09\/oir-peor-cuando-hay-ruido-de-fondo-no-se-debe-solo-a-la-corpo.jpg 1279w, https:\/\/www.tuasaude.com\/es\/news\/wp-content\/uploads\/2026\/09\/oir-peor-cuando-hay-ruido-de-fondo-no-se-debe-solo-a-la-corpo-300x169.jpg 300w, https:\/\/www.tuasaude.com\/es\/news\/wp-content\/uploads\/2026\/09\/oir-peor-cuando-hay-ruido-de-fondo-no-se-debe-solo-a-la-corpo-1024x576.jpg 1024w, https:\/\/www.tuasaude.com\/es\/news\/wp-content\/uploads\/2026\/09\/oir-peor-cuando-hay-ruido-de-fondo-no-se-debe-solo-a-la-corpo-768x432.jpg 768w, https:\/\/www.tuasaude.com\/es\/news\/wp-content\/uploads\/2026\/09\/oir-peor-cuando-hay-ruido-de-fondo-no-se-debe-solo-a-la-corpo-750x422.jpg 750w, https:\/\/www.tuasaude.com\/es\/news\/wp-content\/uploads\/2026\/09\/oir-peor-cuando-hay-ruido-de-fondo-no-se-debe-solo-a-la-corpo-1140x642.jpg 1140w\" sizes=\"(max-width: 1279px) 100vw, 1279px\" \/><figcaption class=\"wp-element-caption\">Ruido, cera, se\u00f1ales y cuidado del o\u00eddo explican la audici\u00f3n en ambientes ruidosos.<\/figcaption><\/figure>\n<\/div>\n\n\n<h2 class=\"wp-block-heading\">\u00bfLa cera en el o\u00eddo puede empeorar la audici\u00f3n m\u00e1s de lo que parece?<\/h2>\n\n\n\n<p class=\"wp-block-paragraph\">La <strong>cera en el o\u00eddo<\/strong> protege el canal auditivo frente al polvo y los microorganismos. El problema aparece cuando se acumula y forma un tap\u00f3n. En ese caso, el sonido entra peor, la voz propia puede resonar y aumenta la sensaci\u00f3n de o\u00eddo taponado, algo que a veces se confunde con una bajada auditiva permanente.<\/p>\n\n\n\n<p class=\"wp-block-paragraph\">Otra investigaci\u00f3n publicada en 2024 encontr\u00f3 una asociaci\u00f3n entre impactaci\u00f3n de cerumen y peor audici\u00f3n, lo que refuerza la importancia de revisar causas corregibles. En concreto, el estudio <strong>Cerumen impaction: Prevalence and associated factors in the United States population<\/strong>, publicado en <strong>Laryngoscope Investigative Otolaryngology<\/strong>, observ\u00f3 que la impactaci\u00f3n completa se asociaba con una elevaci\u00f3n significativa de los umbrales auditivos. Puedes consultar el trabajo aqu\u00ed: <a href=\"https:\/\/pmc.ncbi.nlm.nih.gov\/articles\/PMC10958939\/\" target=\"_blank\" rel=\"noopener noreferrer\">estudio sobre impactaci\u00f3n de cerumen y p\u00e9rdida auditiva<\/a>. Si quieres repasar <a href=\"https:\/\/www.tuasaude.com\/es\/hipoacusia\/\" target=\"_blank\" rel=\"noopener noreferrer\">las causas frecuentes de hipoacusia<\/a>, conviene tener presentes tanto la exposici\u00f3n al ruido como la obstrucci\u00f3n por cera.<\/p>\n\n\n\n<h2 class=\"wp-block-heading\">\u00bfQu\u00e9 se\u00f1ales orientan a un problema m\u00e1s all\u00e1 del envejecimiento?<\/h2>\n\n\n\n<p class=\"wp-block-paragraph\">Cuando la molestia aparece solo en una comida familiar o en una cafeter\u00eda, es f\u00e1cil restarle importancia. Aun as\u00ed, hay s\u00edntomas que justifican una valoraci\u00f3n del o\u00eddo, sobre todo si afectan a la comunicaci\u00f3n diaria.<\/p>\n\n\n\n<ul class=\"wp-block-list\">\n<li>Dificultad para entender voces agudas o r\u00e1pidas.<\/li>\n\n\n\n<li>Necesidad de subir el volumen de la televisi\u00f3n.<\/li>\n\n\n\n<li>Sensaci\u00f3n de o\u00eddo tapado o presi\u00f3n.<\/li>\n\n\n\n<li>Zumbidos, pitidos o tinnitus.<\/li>\n\n\n\n<li>Problemas para seguir conversaciones en grupo.<\/li>\n\n\n\n<li>Mejor audici\u00f3n en silencio que en lugares concurridos.<\/li>\n<\/ul>\n\n\n\n<p class=\"wp-block-paragraph\">El <strong>envejecimiento<\/strong> puede influir, pero no explica por s\u00ed solo todos estos cambios. Cuando hay antecedentes de exposici\u00f3n sonora, uso de bastoncillos, tapones repetidos, infecciones o asimetr\u00eda entre ambos o\u00eddos, conviene descartar una alteraci\u00f3n del canal auditivo, del t\u00edmpano o de las v\u00edas nerviosas.<\/p>\n\n\n\n<h2 class=\"wp-block-heading\">\u00bfQu\u00e9 h\u00e1bitos ayudan a proteger el o\u00eddo y cu\u00e1ndo conviene consultar?<\/h2>\n\n\n\n<p class=\"wp-block-paragraph\">La prevenci\u00f3n pasa por reducir la carga ac\u00fastica y evitar maniobras que empujen la cera hacia dentro. El cuidado diario del o\u00eddo tiene m\u00e1s efecto del que parece cuando ya cuesta entender el habla en espacios con m\u00fasica o tr\u00e1fico.<\/p>\n\n\n\n<ul class=\"wp-block-list\">\n<li>Bajar el volumen de auriculares y altavoces.<\/li>\n\n\n\n<li>Hacer pausas en ambientes muy ruidosos.<\/li>\n\n\n\n<li>Usar protecci\u00f3n auditiva en el trabajo o en conciertos.<\/li>\n\n\n\n<li>No introducir bastoncillos u otros objetos en el o\u00eddo.<\/li>\n\n\n\n<li>Consultar si hay tap\u00f3n recurrente, dolor o secreci\u00f3n.<\/li>\n\n\n\n<li>Pedir una revisi\u00f3n si la dificultad persiste aunque el o\u00eddo est\u00e9 limpio.<\/li>\n<\/ul>\n\n\n\n<p class=\"wp-block-paragraph\">La p\u00e9rdida de audici\u00f3n relacionada con el ruido, la acumulaci\u00f3n de cerumen y los cambios del o\u00eddo asociados a la edad pueden coexistir. Por eso, cuando falla la comprensi\u00f3n del habla, no basta con asumir que es una consecuencia inevitable de cumplir a\u00f1os. Identificar la causa permite plantear limpieza segura, pruebas auditivas y medidas de protecci\u00f3n ajustadas a cada caso.<\/p>\n\n\n\n<p class=\"wp-block-paragraph\">Este contenido tiene car\u00e1cter exclusivamente informativo y <strong>no sustituye la evaluaci\u00f3n<\/strong>, el diagn\u00f3stico ni el seguimiento de un profesional sanitario. Si presentas s\u00edntomas o dudas sobre tu audici\u00f3n, busca atenci\u00f3n m\u00e9dica.<\/p>\n","protected":false},"excerpt":{"rendered":"<p>La p\u00e9rdida de audici\u00f3n no siempre empieza con un volumen bajo. Muchas personas notan antes otra se\u00f1al, les cuesta seguir una conversaci\u00f3n cuando hay ruido de fondo, sobre todo en bares, reuniones o transporte p\u00fablico. Ese cambio puede relacionarse con el envejecimiento, pero tambi\u00e9n con la exposici\u00f3n sonora repetida y con la cera en el [&hellip;]<\/p>\n","protected":false},"author":15,"featured_media":19886,"comment_status":"open","ping_status":"open","sticky":false,"template":"","format":"standard","meta":{"jnews-multi-image_gallery":[],"jnews_single_post":{"format":"standard"},"jnews_primary_category":[],"jnews_social_meta":[],"jnews_override_counter":[],"footnotes":""},"categories":[8767],"tags":[20683,17541,18272,17706,17396],"class_list":["post-19888","post","type-post","status-publish","format-standard","has-post-thumbnail","hentry","category-salud","tag-cera-en-el-oido","tag-envejecimiento","tag-perdida-de-audicion","tag-ruido","tag-salud"],"yoast_head":"<!-- This site is optimized with the Yoast SEO plugin v28.3 - https:\/\/yoast.com\/product\/yoast-seo-wordpress\/ -->\n<title>O\u00edr peor cuando hay ruido de fondo no se debe solo a la edad, sino en muchos casos a la exposici\u00f3n al ruido y a la acumulaci\u00f3n de cera - Tua Saude<\/title>\n<meta name=\"description\" content=\"La p\u00e9rdida de audici\u00f3n en ambientes con ruido de fondo puede relacionarse con cera en el o\u00eddo y exposici\u00f3n sonora, no solo con envejecimiento.\" \/>\n<meta name=\"robots\" content=\"index, follow, max-snippet:-1, max-image-preview:large, max-video-preview:-1\" \/>\n<link rel=\"canonical\" href=\"https:\/\/www.tuasaude.com\/es\/news\/2026\/09\/02\/oir-peor-cuando-hay-ruido-de-fondo-no-se-debe-solo-a-la-edad-sino-en-muchos-casos-a-la-exposicion-al-ruido-y-a-la-acumulacion-de-cera\/\" \/>\n<meta property=\"og:locale\" content=\"es_ES\" \/>\n<meta property=\"og:type\" content=\"article\" \/>\n<meta property=\"og:title\" content=\"O\u00edr peor cuando hay ruido de fondo no se debe solo a la edad, sino en muchos casos a la exposici\u00f3n al ruido y a la acumulaci\u00f3n de cera - Tua Saude\" \/>\n<meta property=\"og:description\" content=\"La p\u00e9rdida de audici\u00f3n en ambientes con ruido de fondo puede relacionarse con cera en el o\u00eddo y exposici\u00f3n sonora, no solo con envejecimiento.\" \/>\n<meta property=\"og:url\" content=\"https:\/\/www.tuasaude.com\/es\/news\/2026\/09\/02\/oir-peor-cuando-hay-ruido-de-fondo-no-se-debe-solo-a-la-edad-sino-en-muchos-casos-a-la-exposicion-al-ruido-y-a-la-acumulacion-de-cera\/\" \/>\n<meta property=\"og:site_name\" content=\"Tua Saude\" \/>\n<meta property=\"article:published_time\" content=\"2026-09-02T09:28:00+00:00\" \/>\n<meta property=\"og:image\" content=\"https:\/\/www.tuasaude.com\/es\/news\/wp-content\/uploads\/2026\/09\/oir-peor-cuando-hay-ruido-de-fondo-no-se-debe-solo-a-la.jpg\" \/>\n\t<meta property=\"og:image:width\" content=\"1279\" \/>\n\t<meta property=\"og:image:height\" content=\"720\" \/>\n\t<meta property=\"og:image:type\" content=\"image\/jpeg\" \/>\n<meta name=\"author\" content=\"Gabriel Leme\" \/>\n<meta name=\"twitter:card\" content=\"summary_large_image\" \/>\n<meta name=\"twitter:label1\" content=\"Escrito por\" \/>\n\t<meta name=\"twitter:data1\" content=\"Gabriel Leme\" \/>\n\t<meta name=\"twitter:label2\" content=\"Tiempo de lectura\" \/>\n\t<meta name=\"twitter:data2\" content=\"5 minutos\" \/>\n<!-- \/ Yoast SEO plugin. -->","yoast_head_json":{"title":"O\u00edr peor cuando hay ruido de fondo no se debe solo a la edad, sino en muchos casos a la exposici\u00f3n al ruido y a la acumulaci\u00f3n de cera - Tua Saude","description":"La p\u00e9rdida de audici\u00f3n en ambientes con ruido de fondo puede relacionarse con cera en el o\u00eddo y exposici\u00f3n sonora, no solo con envejecimiento.","robots":{"index":"index","follow":"follow","max-snippet":"max-snippet:-1","max-image-preview":"max-image-preview:large","max-video-preview":"max-video-preview:-1"},"canonical":"https:\/\/www.tuasaude.com\/es\/news\/2026\/09\/02\/oir-peor-cuando-hay-ruido-de-fondo-no-se-debe-solo-a-la-edad-sino-en-muchos-casos-a-la-exposicion-al-ruido-y-a-la-acumulacion-de-cera\/","og_locale":"es_ES","og_type":"article","og_title":"O\u00edr peor cuando hay ruido de fondo no se debe solo a la edad, sino en muchos casos a la exposici\u00f3n al ruido y a la acumulaci\u00f3n de cera - Tua Saude","og_description":"La p\u00e9rdida de audici\u00f3n en ambientes con ruido de fondo puede relacionarse con cera en el o\u00eddo y exposici\u00f3n sonora, no solo con envejecimiento.","og_url":"https:\/\/www.tuasaude.com\/es\/news\/2026\/09\/02\/oir-peor-cuando-hay-ruido-de-fondo-no-se-debe-solo-a-la-edad-sino-en-muchos-casos-a-la-exposicion-al-ruido-y-a-la-acumulacion-de-cera\/","og_site_name":"Tua Saude","article_published_time":"2026-09-02T09:28:00+00:00","og_image":[{"width":1279,"height":720,"url":"https:\/\/www.tuasaude.com\/es\/news\/wp-content\/uploads\/2026\/09\/oir-peor-cuando-hay-ruido-de-fondo-no-se-debe-solo-a-la.jpg","type":"image\/jpeg"}],"author":"Gabriel Leme","twitter_card":"summary_large_image","twitter_misc":{"Escrito por":"Gabriel Leme","Tiempo de lectura":"5 minutos"},"schema":{"@context":"https:\/\/schema.org","@graph":[{"@type":"Article","@id":"https:\/\/www.tuasaude.com\/es\/news\/2026\/09\/02\/oir-peor-cuando-hay-ruido-de-fondo-no-se-debe-solo-a-la-edad-sino-en-muchos-casos-a-la-exposicion-al-ruido-y-a-la-acumulacion-de-cera\/#article","isPartOf":{"@id":"https:\/\/www.tuasaude.com\/es\/news\/2026\/09\/02\/oir-peor-cuando-hay-ruido-de-fondo-no-se-debe-solo-a-la-edad-sino-en-muchos-casos-a-la-exposicion-al-ruido-y-a-la-acumulacion-de-cera\/"},"author":{"name":"Gabriel Leme","@id":"https:\/\/www.tuasaude.com\/es\/news\/#\/schema\/person\/d330332b43c07afaeaafcb8f33614666"},"headline":"O\u00edr peor cuando hay ruido de fondo no se debe solo a la edad, sino en muchos casos a la exposici\u00f3n al ruido y a la acumulaci\u00f3n de cera","datePublished":"2026-09-02T09:28:00+00:00","mainEntityOfPage":{"@id":"https:\/\/www.tuasaude.com\/es\/news\/2026\/09\/02\/oir-peor-cuando-hay-ruido-de-fondo-no-se-debe-solo-a-la-edad-sino-en-muchos-casos-a-la-exposicion-al-ruido-y-a-la-acumulacion-de-cera\/"},"wordCount":938,"commentCount":0,"image":{"@id":"https:\/\/www.tuasaude.com\/es\/news\/2026\/09\/02\/oir-peor-cuando-hay-ruido-de-fondo-no-se-debe-solo-a-la-edad-sino-en-muchos-casos-a-la-exposicion-al-ruido-y-a-la-acumulacion-de-cera\/#primaryimage"},"thumbnailUrl":"https:\/\/www.tuasaude.com\/es\/news\/wp-content\/uploads\/2026\/09\/oir-peor-cuando-hay-ruido-de-fondo-no-se-debe-solo-a-la.jpg","keywords":["cera en el o\u00eddo","envejecimiento","p\u00e9rdida de audici\u00f3n","ruido","salud"],"articleSection":["Salud"],"inLanguage":"es","potentialAction":[{"@type":"CommentAction","name":"Comment","target":["https:\/\/www.tuasaude.com\/es\/news\/2026\/09\/02\/oir-peor-cuando-hay-ruido-de-fondo-no-se-debe-solo-a-la-edad-sino-en-muchos-casos-a-la-exposicion-al-ruido-y-a-la-acumulacion-de-cera\/#respond"]}]},{"@type":"WebPage","@id":"https:\/\/www.tuasaude.com\/es\/news\/2026\/09\/02\/oir-peor-cuando-hay-ruido-de-fondo-no-se-debe-solo-a-la-edad-sino-en-muchos-casos-a-la-exposicion-al-ruido-y-a-la-acumulacion-de-cera\/","url":"https:\/\/www.tuasaude.com\/es\/news\/2026\/09\/02\/oir-peor-cuando-hay-ruido-de-fondo-no-se-debe-solo-a-la-edad-sino-en-muchos-casos-a-la-exposicion-al-ruido-y-a-la-acumulacion-de-cera\/","name":"O\u00edr peor cuando hay ruido de fondo no se debe solo a la edad, sino en muchos casos a la exposici\u00f3n al ruido y a la acumulaci\u00f3n de cera - Tua Saude","isPartOf":{"@id":"https:\/\/www.tuasaude.com\/es\/news\/#website"},"primaryImageOfPage":{"@id":"https:\/\/www.tuasaude.com\/es\/news\/2026\/09\/02\/oir-peor-cuando-hay-ruido-de-fondo-no-se-debe-solo-a-la-edad-sino-en-muchos-casos-a-la-exposicion-al-ruido-y-a-la-acumulacion-de-cera\/#primaryimage"},"image":{"@id":"https:\/\/www.tuasaude.com\/es\/news\/2026\/09\/02\/oir-peor-cuando-hay-ruido-de-fondo-no-se-debe-solo-a-la-edad-sino-en-muchos-casos-a-la-exposicion-al-ruido-y-a-la-acumulacion-de-cera\/#primaryimage"},"thumbnailUrl":"https:\/\/www.tuasaude.com\/es\/news\/wp-content\/uploads\/2026\/09\/oir-peor-cuando-hay-ruido-de-fondo-no-se-debe-solo-a-la.jpg","datePublished":"2026-09-02T09:28:00+00:00","author":{"@id":"https:\/\/www.tuasaude.com\/es\/news\/#\/schema\/person\/d330332b43c07afaeaafcb8f33614666"},"description":"La p\u00e9rdida de audici\u00f3n en ambientes con ruido de fondo puede relacionarse con cera en el o\u00eddo y exposici\u00f3n sonora, no solo con envejecimiento.","breadcrumb":{"@id":"https:\/\/www.tuasaude.com\/es\/news\/2026\/09\/02\/oir-peor-cuando-hay-ruido-de-fondo-no-se-debe-solo-a-la-edad-sino-en-muchos-casos-a-la-exposicion-al-ruido-y-a-la-acumulacion-de-cera\/#breadcrumb"},"inLanguage":"es","potentialAction":[{"@type":"ReadAction","target":["https:\/\/www.tuasaude.com\/es\/news\/2026\/09\/02\/oir-peor-cuando-hay-ruido-de-fondo-no-se-debe-solo-a-la-edad-sino-en-muchos-casos-a-la-exposicion-al-ruido-y-a-la-acumulacion-de-cera\/"]}]},{"@type":"ImageObject","inLanguage":"es","@id":"https:\/\/www.tuasaude.com\/es\/news\/2026\/09\/02\/oir-peor-cuando-hay-ruido-de-fondo-no-se-debe-solo-a-la-edad-sino-en-muchos-casos-a-la-exposicion-al-ruido-y-a-la-acumulacion-de-cera\/#primaryimage","url":"https:\/\/www.tuasaude.com\/es\/news\/wp-content\/uploads\/2026\/09\/oir-peor-cuando-hay-ruido-de-fondo-no-se-debe-solo-a-la.jpg","contentUrl":"https:\/\/www.tuasaude.com\/es\/news\/wp-content\/uploads\/2026\/09\/oir-peor-cuando-hay-ruido-de-fondo-no-se-debe-solo-a-la.jpg","width":1279,"height":720,"caption":"Entender peor las conversaciones con ruido puede indicar da\u00f1o auditivo o cerumen."},{"@type":"BreadcrumbList","@id":"https:\/\/www.tuasaude.com\/es\/news\/2026\/09\/02\/oir-peor-cuando-hay-ruido-de-fondo-no-se-debe-solo-a-la-edad-sino-en-muchos-casos-a-la-exposicion-al-ruido-y-a-la-acumulacion-de-cera\/#breadcrumb","itemListElement":[{"@type":"ListItem","position":1,"name":"Portada","item":"https:\/\/www.tuasaude.com\/es\/news\/"},{"@type":"ListItem","position":2,"name":"O\u00edr peor cuando hay ruido de fondo no se debe solo a la edad, sino en muchos casos a la exposici\u00f3n al ruido y a la acumulaci\u00f3n de cera"}]},{"@type":"WebSite","@id":"https:\/\/www.tuasaude.com\/es\/news\/#website","url":"https:\/\/www.tuasaude.com\/es\/news\/","name":"Tua Saude","description":"Tu sitio web de salud","potentialAction":[{"@type":"SearchAction","target":{"@type":"EntryPoint","urlTemplate":"https:\/\/www.tuasaude.com\/es\/news\/?s={search_term_string}"},"query-input":{"@type":"PropertyValueSpecification","valueRequired":true,"valueName":"search_term_string"}}],"inLanguage":"es"},{"@type":"Person","@id":"https:\/\/www.tuasaude.com\/es\/news\/#\/schema\/person\/d330332b43c07afaeaafcb8f33614666","name":"Gabriel Leme","image":{"@type":"ImageObject","inLanguage":"es","@id":"https:\/\/secure.gravatar.com\/avatar\/a12badc2d08e73d59b38f178ebe822eca26c0445823b05fefedea89fb346439c?s=96&d=mm&r=g","url":"https:\/\/secure.gravatar.com\/avatar\/a12badc2d08e73d59b38f178ebe822eca26c0445823b05fefedea89fb346439c?s=96&d=mm&r=g","contentUrl":"https:\/\/secure.gravatar.com\/avatar\/a12badc2d08e73d59b38f178ebe822eca26c0445823b05fefedea89fb346439c?s=96&d=mm&r=g","caption":"Gabriel Leme"},"sameAs":["https:\/\/www.tuasaude.com\/es\/news"],"url":"https:\/\/www.tuasaude.com\/es\/news\/author\/gabrielleme\/"}]}},"_links":{"self":[{"href":"https:\/\/www.tuasaude.com\/es\/news\/wp-json\/wp\/v2\/posts\/19888","targetHints":{"allow":["GET"]}}],"collection":[{"href":"https:\/\/www.tuasaude.com\/es\/news\/wp-json\/wp\/v2\/posts"}],"about":[{"href":"https:\/\/www.tuasaude.com\/es\/news\/wp-json\/wp\/v2\/types\/post"}],"author":[{"embeddable":true,"href":"https:\/\/www.tuasaude.com\/es\/news\/wp-json\/wp\/v2\/users\/15"}],"replies":[{"embeddable":true,"href":"https:\/\/www.tuasaude.com\/es\/news\/wp-json\/wp\/v2\/comments?post=19888"}],"version-history":[{"count":1,"href":"https:\/\/www.tuasaude.com\/es\/news\/wp-json\/wp\/v2\/posts\/19888\/revisions"}],"predecessor-version":[{"id":19943,"href":"https:\/\/www.tuasaude.com\/es\/news\/wp-json\/wp\/v2\/posts\/19888\/revisions\/19943"}],"wp:featuredmedia":[{"embeddable":true,"href":"https:\/\/www.tuasaude.com\/es\/news\/wp-json\/wp\/v2\/media\/19886"}],"wp:attachment":[{"href":"https:\/\/www.tuasaude.com\/es\/news\/wp-json\/wp\/v2\/media?parent=19888"}],"wp:term":[{"taxonomy":"category","embeddable":true,"href":"https:\/\/www.tuasaude.com\/es\/news\/wp-json\/wp\/v2\/categories?post=19888"},{"taxonomy":"post_tag","embeddable":true,"href":"https:\/\/www.tuasaude.com\/es\/news\/wp-json\/wp\/v2\/tags?post=19888"}],"curies":[{"name":"wp","href":"https:\/\/api.w.org\/{rel}","templated":true}]}}