{"id":19830,"date":"2026-09-02T16:30:00","date_gmt":"2026-09-02T15:30:00","guid":{"rendered":"https:\/\/www.tuasaude.com\/es\/news\/?p=19830"},"modified":"2026-09-02T05:56:17","modified_gmt":"2026-09-02T04:56:17","slug":"probioticos-despues-de-antibiotico-pueden-bajar-el-riesgo-de-diarrea","status":"publish","type":"post","link":"https:\/\/www.tuasaude.com\/es\/news\/2026\/09\/02\/probioticos-despues-de-antibiotico-pueden-bajar-el-riesgo-de-diarrea\/","title":{"rendered":"Probi\u00f3ticos despu\u00e9s de antibi\u00f3tico pueden bajar el riesgo de diarrea"},"content":{"rendered":"\n<!-- ===== TS-COMPONENTE-1-PROBIOTICOS-INICIO ===== -->\n<div id=\"ts-probioticos-teaser\">\n  <style>\n    #ts-probioticos-teaser * {\n      box-sizing: border-box;\n    }\n\n    #ts-probioticos-teaser {\n      font-family: -apple-system, 'Segoe UI', Roboto, Arial, sans-serif;\n      background: #ffffff;\n      border: 1px solid #e2e8f0;\n      border-radius: 14px;\n      padding: 22px;\n      max-width: 640px;\n      margin: 24px auto;\n      box-shadow: 0 2px 14px rgba(15,23,42,0.06);\n    }\n\n    #ts-probioticos-teaser .ts-head {\n      display: flex;\n      align-items: center;\n      gap: 10px;\n      margin-bottom: 18px;\n    }\n\n    #ts-probioticos-teaser .ts-badge {\n      display: inline-flex;\n      align-items: center;\n      background: #0d9488;\n      color: #ffffff;\n      font-size: 12.5px;\n      font-weight: 700;\n      letter-spacing: 0.04em;\n      text-transform: uppercase;\n      padding: 6px 12px;\n      border-radius: 999px;\n    }\n\n    #ts-probioticos-teaser .ts-item {\n      display: flex;\n      align-items: flex-start;\n      gap: 12px;\n      min-width: 0;\n      background: #f0fdfa;\n      border-left: 4px solid #0d9488;\n      border-radius: 0 10px 10px 0;\n      padding: 12px 14px;\n      margin-bottom: 10px;\n    }\n\n    #ts-probioticos-teaser .ts-item:last-child {\n      margin-bottom: 0;\n    }\n\n    #ts-probioticos-teaser .ts-mark {\n      display: inline-flex;\n      align-items: center;\n      justify-content: center;\n      flex: 0 0 26px;\n      width: 26px;\n      height: 26px;\n      background: #0d9488;\n      color: #ffffff;\n      border-radius: 50%;\n      font-size: 13px;\n      line-height: 1;\n      font-weight: 800;\n      margin-top: 1px;\n    }\n\n    #ts-probioticos-teaser .ts-item-text {\n      display: block;\n      min-width: 0;\n      color: #115e59;\n      font-size: 15px;\n      line-height: 1.45;\n      font-weight: 500;\n      overflow-wrap: anywhere;\n    }\n\n    @media (max-width: 480px) {\n      #ts-probioticos-teaser {\n        padding: 18px 16px;\n      }\n      #ts-probioticos-teaser .ts-item {\n        gap: 10px;\n        padding: 11px 12px;\n      }\n      #ts-probioticos-teaser .ts-mark {\n        flex-basis: 24px;\n        width: 24px;\n        height: 24px;\n        font-size: 12.5px;\n      }\n      #ts-probioticos-teaser .ts-item-text {\n        font-size: 14.5px;\n      }\n    }\n  <\/style>\n\n  <div class=\"ts-head\">\n    <svg width=\"30\" height=\"30\" viewBox=\"0 0 30 30\" xmlns=\"http:\/\/www.w3.org\/2000\/svg\" aria-hidden=\"true\">\n      <circle cx=\"15\" cy=\"15\" r=\"14\" fill=\"#0d9488\"\/>\n      <path d=\"M9 16l4 4 8-9\" stroke=\"#ffffff\" stroke-width=\"3\" stroke-linecap=\"round\" stroke-linejoin=\"round\" fill=\"none\"\/>\n    <\/svg>\n    <span class=\"ts-badge\">Resumen<\/span>\n  <\/div>\n\n  <div class=\"ts-item\">\n    <span class=\"ts-mark\" aria-hidden=\"true\">1<\/span>\n    <span class=\"ts-item-text\">La revisi\u00f3n Cochrane (2019) muestra que en ni\u00f1os los probi\u00f3ticos reducen el riesgo de diarrea por antibi\u00f3tico (8% frente al 19%).<\/span>\n  <\/div>\n\n  <div class=\"ts-item\">\n    <span class=\"ts-mark\" aria-hidden=\"true\">2<\/span>\n    <span class=\"ts-item-text\">Los probi\u00f3ticos y alimentos fermentados (yogur, k\u00e9fir) son un <strong>adjunto<\/strong>; el curso del antibi\u00f3tico debe completarse siempre.<\/span>\n  <\/div>\n\n  <div class=\"ts-item\">\n    <span class=\"ts-mark\" aria-hidden=\"true\">3<\/span>\n    <span class=\"ts-item-text\">Pacientes inmunodeprimidos, con cat\u00e9ter venoso o reci\u00e9n nacidos graves <strong>no deben<\/strong> tomar probi\u00f3ticos vivos a ciegas.<\/span>\n  <\/div>\n\n  <div class=\"ts-item\">\n    <span class=\"ts-mark\" aria-hidden=\"true\">4<\/span>\n    <span class=\"ts-item-text\">Diarrea con sangre, fiebre alta o dolor abdominal intenso exigen asistencia urgente llamando al <strong>112<\/strong>.<\/span>\n  <\/div>\n<\/div>\n<!-- ===== TS-COMPONENTE-1-PROBIOTICOS-FIM ===== -->\n\n\n\n<p class=\"wp-block-paragraph\">Un yogur o un probi\u00f3tico puede bajar el riesgo de diarrea del antibi\u00f3tico. No sustituye el curso ni trata una colitis grave.<\/p>\n\n\n\n<p class=\"wp-block-paragraph\">Los&nbsp;<strong>probi\u00f3ticos despu\u00e9s de antibi\u00f3tico<\/strong>&nbsp;son un adjunto: yogur, k\u00e9fir o algunas cepas vivas pueden acompa\u00f1ar el tratamiento, no cortarlo. Completa la caja. El m\u00e9dico de cabecera indica el f\u00e1rmaco; el frigor\u00edfico no.<\/p>\n\n\n\n<p class=\"wp-block-paragraph\">El ensayo que cuenta aqu\u00ed es en&nbsp;<strong>ni\u00f1os<\/strong>. Ese 8% frente al 19% no se copia a adultos. Y si hay diarrea con sangre, fiebre alta o dolor abdominal intenso, el 112 manda, no otro yogur ni un bote de s\u00faper.<\/p>\n\n\n\n<!-- ===== TS-COMPONENTE-2-PROBIOTICOS-WIDGET-INICIO ===== -->\n<div id=\"ts-probioticos-widget\">\n  <style>\n    #ts-probioticos-widget * {\n      box-sizing: border-box;\n    }\n\n    #ts-probioticos-widget {\n      font-family: -apple-system, 'Segoe UI', Roboto, Arial, sans-serif;\n      background: #ffffff;\n      border: 1px solid #cbd5e1;\n      border-radius: 14px;\n      padding: 24px;\n      max-width: 600px;\n      margin: 24px auto;\n      box-shadow: 0 4px 16px rgba(13,148,136,0.06);\n    }\n\n    #ts-probioticos-widget .ts-widget-head {\n      margin-bottom: 12px;\n    }\n\n    #ts-probioticos-widget .ts-widget-title {\n      color: #115e59;\n      font-size: 20px;\n      font-weight: 700;\n      line-height: 1.3;\n    }\n\n    #ts-probioticos-widget .ts-widget-intro {\n      color: #475569;\n      font-size: 15px;\n      line-height: 1.5;\n      margin-bottom: 24px;\n    }\n\n    #ts-probioticos-widget .ts-tablist {\n      display: flex;\n      gap: 6px;\n      margin-bottom: 16px;\n      background: #f1f5f9;\n      padding: 6px;\n      border-radius: 10px;\n    }\n\n    #ts-probioticos-widget .ts-tab {\n      flex: 1;\n      background: transparent;\n      border: none;\n      color: #475569;\n      font-size: 13px;\n      font-weight: 600;\n      padding: 10px 4px;\n      border-radius: 6px;\n      cursor: pointer;\n      transition: all 0.2s ease;\n      text-align: center;\n    }\n\n    #ts-probioticos-widget .ts-tab:hover {\n      background: #e2e8f0;\n      color: #115e59;\n    }\n\n    #ts-probioticos-widget .ts-tab[aria-selected=\"true\"] {\n      background: #ffffff;\n      color: #0d9488;\n      box-shadow: 0 2px 6px rgba(13,148,136,0.08);\n    }\n\n    #ts-probioticos-widget .ts-panel {\n      display: none;\n      background: #f0fdfa;\n      border-left: 4px solid #0d9488;\n      border-radius: 0 10px 10px 0;\n      padding: 20px;\n      animation: ts-fade-in 0.3s ease;\n    }\n\n    #ts-probioticos-widget .ts-panel.active {\n      display: block;\n    }\n\n    @keyframes ts-fade-in {\n      from { opacity: 0; transform: translateY(4px); }\n      to { opacity: 1; transform: translateY(0); }\n    }\n\n    #ts-probioticos-widget .ts-panel-title {\n      color: #115e59;\n      font-size: 16px;\n      font-weight: 700;\n      margin-bottom: 8px;\n    }\n\n    #ts-probioticos-widget .ts-panel-desc {\n      color: #334155;\n      font-size: 15px;\n      line-height: 1.45;\n      margin-bottom: 12px;\n    }\n\n    #ts-probioticos-widget .ts-panel-action {\n      display: inline-block;\n      background: #ffffff;\n      color: #115e59;\n      font-size: 14px;\n      font-weight: 600;\n      padding: 8px 14px;\n      border-radius: 6px;\n      border: 1px solid #cbd5e1;\n    }\n\n    #ts-probioticos-widget .ts-widget-footer {\n      font-size: 12.5px;\n      color: #64748b;\n      text-align: center;\n      line-height: 1.4;\n      border-top: 1px solid #e2e8f0;\n      padding-top: 14px;\n      margin-top: 20px;\n    }\n\n    @media (max-width: 480px) {\n      #ts-probioticos-widget {\n        padding: 20px 16px;\n      }\n      #ts-probioticos-widget .ts-tablist {\n        flex-direction: column;\n        gap: 4px;\n      }\n      #ts-probioticos-widget .ts-panel {\n        padding: 16px;\n      }\n    }\n  <\/style>\n\n  <div class=\"ts-widget-head\">\n    <div class=\"ts-widget-title\">Gu\u00eda pr\u00e1ctica: Probi\u00f3ticos y Antibi\u00f3ticos<\/div>\n  <\/div>\n\n  <div class=\"ts-widget-intro\">\n    Comprende el papel de los probi\u00f3ticos, los datos de la revisi\u00f3n Cochrane en ni\u00f1os y las precauciones esenciales de seguridad.\n  <\/div>\n\n  <div class=\"ts-tablist\" role=\"tablist\">\n    <button type=\"button\" class=\"ts-tab\" role=\"tab\" aria-selected=\"true\" data-target=\"ts-panel-cochrane\">1. Evidencia en Ni\u00f1os<\/button>\n    <button type=\"button\" class=\"ts-tab\" role=\"tab\" aria-selected=\"false\" data-target=\"ts-panel-use\">2. Uso y Alimentos<\/button>\n    <button type=\"button\" class=\"ts-tab\" role=\"tab\" aria-selected=\"false\" data-target=\"ts-panel-alert\">3. Seguridad y 112<\/button>\n  <\/div>\n\n  <div class=\"ts-panels\">\n    <div id=\"ts-panel-cochrane\" class=\"ts-panel active\" role=\"tabpanel\" aria-live=\"polite\">\n      <div class=\"ts-panel-title\">\u00bfQu\u00e9 dice la Cochrane (Guo et al., 2019)?<\/div>\n      <div class=\"ts-panel-desc\">En una revisi\u00f3n de 33 ensayos con 6.352 ni\u00f1os, la incidencia de diarrea asociada a antibi\u00f3ticos fue del 8% con probi\u00f3ticos frente al 19% en el grupo control (NNTB 9, certeza moderada). Ojo: no es extrapolable directamente a adultos ni trata colitis graves.<\/div>\n      <div class=\"ts-panel-action\">Cepas m\u00e1s evaluadas: Lactobacillus rhamnosus o Saccharomyces boulardii.<\/div>\n    <\/div>\n\n    <div id=\"ts-panel-use\" class=\"ts-panel\" role=\"tabpanel\" aria-live=\"polite\">\n      <div class=\"ts-panel-title\">El yogur y el k\u00e9fir como acompa\u00f1antes<\/div>\n      <div class=\"ts-panel-desc\">Los alimentos fermentados o probi\u00f3ticos son un adjunto durante o despu\u00e9s del tratamiento. El antibi\u00f3tico debe completarse siempre hasta el final; nunca se sustituye un f\u00e1rmaco por un l\u00e1cteo o un bote de supermercado.<\/div>\n      <div class=\"ts-panel-action\">Ayudan a acompa\u00f1ar el equilibrio, no restauran la flora a golpe de reloj.<\/div>\n    <\/div>\n\n    <div id=\"ts-panel-alert\" class=\"ts-panel\" role=\"tabpanel\" aria-live=\"polite\">\n      <div class=\"ts-panel-title\">Precauciones cr\u00edticas y 112<\/div>\n      <div class=\"ts-panel-desc\">Personas inmunodeprimidas, con cat\u00e9ter venoso o reci\u00e9n nacidos graves no deben tomar probi\u00f3ticos vivos sin supervisi\u00f3n m\u00e9dica. Ante diarrea con sangre, fiebre alta o dolor abdominal intenso, contacta de inmediato con el 112.<\/div>\n      <div class=\"ts-panel-action\">No esperes a otro yogur ante signos de alarma o colitis grave.<\/div>\n    <\/div>\n  <\/div>\n\n  <div class=\"ts-widget-footer\">\n    Basado en la revisi\u00f3n Cochrane CD004827 \u00b7 NIH NCCIH \/ MedlinePlus.\n  <\/div>\n\n  <script>\n    (function () {\n      const widget = document.getElementById('ts-probioticos-widget');\n      if (!widget) return;\n\n      const tabs = widget.querySelectorAll('.ts-tab');\n      const panels = widget.querySelectorAll('.ts-panel');\n\n      tabs.forEach(tab => {\n        tab.addEventListener('click', function() {\n          tabs.forEach(t => t.setAttribute('aria-selected', 'false'));\n          panels.forEach(p => p.classList.remove('active'));\n\n          this.setAttribute('aria-selected', 'true');\n          const targetId = this.getAttribute('data-target');\n          const targetPanel = widget.querySelector('#' + targetId);\n          if (targetPanel) {\n            targetPanel.classList.add('active');\n            \n            if (targetId === 'ts-panel-cochrane') {\n              targetPanel.style.borderLeftColor = '#0d9488';\n            } else if (targetId === 'ts-panel-use') {\n              targetPanel.style.borderLeftColor = '#059669'; \/\/ Verde nutrici\u00f3n\n            } else {\n              targetPanel.style.borderLeftColor = '#dc2626'; \/\/ Vermelho alerta\n            }\n          }\n        });\n      });\n      \n      if(tabs.length > 0) {\n        tabs[0].style.borderLeftColor = '#0d9488';\n        if(panels.length > 0) panels[0].style.borderLeftColor = '#0d9488';\n      }\n    })();\n  <\/script>\n<\/div>\n<!-- ===== TS-COMPONENTE-2-PROBIOTICOS-WIDGET-FIM ===== -->\n\n\n\n<h2 class=\"wp-block-heading\">\u00bfEl yogur o un probi\u00f3tico evitan la diarrea del antibi\u00f3tico?<\/h2>\n\n\n<div class=\"wp-block-image\">\n<figure class=\"aligncenter size-large is-resized\"><img decoding=\"async\" width=\"1024\" height=\"573\" src=\"https:\/\/www.tuasaude.com\/es\/news\/wp-content\/uploads\/2026\/09\/magnific_section-1-title-probiotic_gOi7Ik4SXO-1024x573.png\" alt=\"\" class=\"wp-image-19859\" style=\"aspect-ratio:1.7871557131169893;width:1170px;height:auto\" srcset=\"https:\/\/www.tuasaude.com\/es\/news\/wp-content\/uploads\/2026\/09\/magnific_section-1-title-probiotic_gOi7Ik4SXO-1024x573.png 1024w, https:\/\/www.tuasaude.com\/es\/news\/wp-content\/uploads\/2026\/09\/magnific_section-1-title-probiotic_gOi7Ik4SXO-300x168.png 300w, https:\/\/www.tuasaude.com\/es\/news\/wp-content\/uploads\/2026\/09\/magnific_section-1-title-probiotic_gOi7Ik4SXO-767x429.png 767w, https:\/\/www.tuasaude.com\/es\/news\/wp-content\/uploads\/2026\/09\/magnific_section-1-title-probiotic_gOi7Ik4SXO-750x419.png 750w, https:\/\/www.tuasaude.com\/es\/news\/wp-content\/uploads\/2026\/09\/magnific_section-1-title-probiotic_gOi7Ik4SXO-1140x637.png 1140w, https:\/\/www.tuasaude.com\/es\/news\/wp-content\/uploads\/2026\/09\/magnific_section-1-title-probiotic_gOi7Ik4SXO.png 1344w\" sizes=\"(max-width: 1024px) 100vw, 1024px\" \/><figcaption class=\"wp-element-caption\">Los probi\u00f3ticos, presentes en alimentos como el yogur y el k\u00e9fir, pueden ayudar a reducir algunos trastornos intestinales asociados al uso de antibi\u00f3ticos.<\/figcaption><\/figure>\n<\/div>\n\n\n<p class=\"wp-block-paragraph\">Pueden reducir el riesgo, no garantizar el vientre quieto. Los antibi\u00f3ticos desequilibran la flora. MedlinePlus lo dice claro: a veces un tipo de bacteria, Clostridioides difficile, crece de m\u00e1s y da diarrea acuosa grave, a menudo con sangre (colitis). Un yogur o un probi\u00f3tico&nbsp;<a href=\"https:\/\/medlineplus.gov\/spanish\/ency\/article\/000293.htm\" target=\"_blank\" rel=\"noopener\">puede reducir ese riesgo de diarrea del antibi\u00f3tico si se habla con el m\u00e9dico y se sigue unos d\u00edas despu\u00e9s<\/a>.<\/p>\n\n\n\n<p class=\"wp-block-paragraph\">Los&nbsp;<a href=\"https:\/\/www.tuasaude.com\/es\/que-son-los-probioticos\/\" target=\"_blank\" rel=\"noopener\">probi\u00f3ticos<\/a>&nbsp;son microorganismos vivos. En casa, un yogur natural o un&nbsp;<a href=\"https:\/\/www.tuasaude.com\/es\/kefir\/\" target=\"_blank\" rel=\"noopener\">k\u00e9fir<\/a>&nbsp;fresco de nevera encajan mejor que un milagro de tres d\u00edas. No restauran la flora a golpe de reloj.<\/p>\n\n\n\n<p class=\"wp-block-paragraph\">La NIH NCCIH resume que hay evidencia de prevenci\u00f3n de esa diarrea asociada al antibi\u00f3tico, y que tipos y dosis para esa bacteria siguen inciertos. No se retrasa la consulta m\u00e9dica por un envase.<\/p>\n\n\n\n<h2 class=\"wp-block-heading\">\u00bfQu\u00e9 encontr\u00f3 Cochrane en ni\u00f1os?<\/h2>\n\n\n\n<p class=\"wp-block-paragraph\">En 2019, Guo, Goldenberg, Humphrey, El Dib y Johnston publicaron en la Cochrane Database of Systematic Reviews (CD004827) una revisi\u00f3n de&nbsp;<strong>33 ensayos<\/strong>&nbsp;con 6352 ni\u00f1os de 0 a 18 a\u00f1os. Es prevenci\u00f3n de diarrea asociada al antibi\u00f3tico, no tratamiento de colitis.<\/p>\n\n\n\n<p class=\"wp-block-paragraph\">La incidencia de esa diarrea fue del 8% (259 de 3232) con probi\u00f3tico frente al 19% (598 de 3120) en el control. El riesgo relativo fue 0,45 (IC 95% 0,36 a 0,56). El NNTB fue 9 (7 a 13): hay que tratar a unas nueve personas para evitar un caso extra. Certeza moderada. Es el trabajo que&nbsp;<a href=\"https:\/\/www.ncbi.nlm.nih.gov\/pmc\/articles\/PMC6490796\/\" target=\"_blank\" rel=\"noopener\">encontr\u00f3, en ni\u00f1os, menos diarrea asociada al antibi\u00f3tico con probi\u00f3tico que sin \u00e9l<\/a>.<\/p>\n\n\n\n<p class=\"wp-block-paragraph\">En el subgrupo, una dosis de 5 mil millones de UFC al d\u00eda o m\u00e1s result\u00f3 m\u00e1s cre\u00edble. Eso no es una pauta de receta para el s\u00faper. Las cepas m\u00e1s citadas en la revisi\u00f3n fueron Lactobacillus rhamnosus o Saccharomyces boulardii, como hallazgo del paper, no como marca. En los 24 ensayos con eventos adversos, ninguno grave se atribuy\u00f3 al probi\u00f3tico. Estudios observacionales fuera de esta revisi\u00f3n s\u00ed describen infecciones graves en inmunodeprimidos, con cat\u00e9ter venoso o en reci\u00e9n nacidos graves.<\/p>\n\n\n\n<h2 class=\"wp-block-heading\">\u00bfSe termina el antibi\u00f3tico o se cambia por k\u00e9fir?<\/h2>\n\n\n<div class=\"wp-block-image\">\n<figure class=\"aligncenter size-large is-resized\"><img decoding=\"async\" width=\"1024\" height=\"573\" src=\"https:\/\/www.tuasaude.com\/es\/news\/wp-content\/uploads\/2026\/09\/magnific_corpo-a-small-open-refrig_yizNCLDPW9-1024x573.png\" alt=\"\" class=\"wp-image-19860\" style=\"aspect-ratio:1.7871557131169893;width:1170px;height:auto\" srcset=\"https:\/\/www.tuasaude.com\/es\/news\/wp-content\/uploads\/2026\/09\/magnific_corpo-a-small-open-refrig_yizNCLDPW9-1024x573.png 1024w, https:\/\/www.tuasaude.com\/es\/news\/wp-content\/uploads\/2026\/09\/magnific_corpo-a-small-open-refrig_yizNCLDPW9-300x168.png 300w, https:\/\/www.tuasaude.com\/es\/news\/wp-content\/uploads\/2026\/09\/magnific_corpo-a-small-open-refrig_yizNCLDPW9-767x429.png 767w, https:\/\/www.tuasaude.com\/es\/news\/wp-content\/uploads\/2026\/09\/magnific_corpo-a-small-open-refrig_yizNCLDPW9-750x419.png 750w, https:\/\/www.tuasaude.com\/es\/news\/wp-content\/uploads\/2026\/09\/magnific_corpo-a-small-open-refrig_yizNCLDPW9-1140x637.png 1140w, https:\/\/www.tuasaude.com\/es\/news\/wp-content\/uploads\/2026\/09\/magnific_corpo-a-small-open-refrig_yizNCLDPW9.png 1344w\" sizes=\"(max-width: 1024px) 100vw, 1024px\" \/><figcaption class=\"wp-element-caption\">El yogur natural y el k\u00e9fir son alimentos fermentados que pueden incorporarse a la dieta despu\u00e9s de un tratamiento con antibi\u00f3ticos.<\/figcaption><\/figure>\n<\/div>\n\n\n<p class=\"wp-block-paragraph\">Se termina el antibi\u00f3tico. El k\u00e9fir no es un recambio. Cortarlo porque el vientre se suelta deja la infecci\u00f3n a medias y, de paso, favorece resistencias.<\/p>\n\n\n\n<p class=\"wp-block-paragraph\">El yogur o el k\u00e9fir van a la vez, o unos d\u00edas despu\u00e9s, como adjunto. Si el ni\u00f1o (o t\u00fa) no los tolera, se deja el l\u00e1cteo y se sigue el f\u00e1rmaco. Nadie cambia el antibi\u00f3tico por un tarro.<\/p>\n\n\n\n<p class=\"wp-block-paragraph\">Si hace falta un&nbsp;<a href=\"https:\/\/www.tuasaude.com\/es\/medicamentos-para-la-diarrea-en-adultos\/\" target=\"_blank\" rel=\"noopener\">medicamento para la diarrea en adultos<\/a>, lo indica el m\u00e9dico. No es tratamiento de esa colitis ni sustituto del antibi\u00f3tico.<\/p>\n\n\n\n<h2 class=\"wp-block-heading\">\u00bfY si hay sangre, fiebre o dolor fuerte?<\/h2>\n\n\n\n<p class=\"wp-block-paragraph\">Llama al&nbsp;<strong>112<\/strong>&nbsp;o acude a urgencias si hay diarrea con sangre, fiebre alta o dolor abdominal intenso. Eso no se espera a otro yogur. Puede ser una colitis, no un ajuste de flora.<\/p>\n\n\n\n<p class=\"wp-block-paragraph\">Mientras tanto, no se abre un bote de s\u00faper como si fuera el f\u00e1rmaco de la colitis. El m\u00e9dico de cabecera o urgencias deciden. Coge cita en tu centro de la Seguridad Social si la diarrea es persistente, aunque sea sin sangre, o si el ni\u00f1o no bebe, no orina o se ve muy flojo.<\/p>\n\n\n\n<p class=\"wp-block-paragraph\">Hidrataci\u00f3n, dieta blanda si sienta bien, y el antibi\u00f3tico hasta el final, salvo que un profesional lo cambie.<\/p>\n\n\n\n<h2 class=\"wp-block-heading\">\u00bfQui\u00e9n no deber\u00eda tomar probi\u00f3ticos vivos a ciegas?<\/h2>\n\n\n\n<p class=\"wp-block-paragraph\">Quien est\u00e1 inmunodeprimido, lleva un cat\u00e9ter venoso o es un reci\u00e9n nacido grave: no se inician probi\u00f3ticos vivos sin m\u00e9dico. Fuera de la Cochrane pedi\u00e1trica hay infecciones graves descritas en esos grupos.<\/p>\n\n\n\n<p class=\"wp-block-paragraph\">La&nbsp;<a href=\"https:\/\/www.nccih.nih.gov\/health\/probiotics-usefulness-and-safety\" target=\"_blank\" rel=\"noopener\">NIH NCCIH avisa de m\u00e1s riesgo si hay inmunodepresi\u00f3n o enfermedad grave, y de no retrasar la consulta<\/a>. Un envase vivo no es inocuo en un cuerpo que no se defiende bien.<\/p>\n\n\n\n<p class=\"wp-block-paragraph\">Tampoco megadosis. El subgrupo de 5 mil millones de UFC al d\u00eda o m\u00e1s es un hallazgo en ni\u00f1os, no una carrera de ceros en la etiqueta.<\/p>\n\n\n\n<h2 class=\"wp-block-heading\">\u00bfQu\u00e9 hacer en casa mientras dura el tratamiento?<\/h2>\n\n\n\n<p class=\"wp-block-paragraph\">El orden pr\u00e1ctico es este:<\/p>\n\n\n\n<ul class=\"wp-block-list\">\n<li>Termina el antibi\u00f3tico tal como te lo recetaron.<\/li>\n\n\n\n<li>Si te sienta bien, un yogur natural o k\u00e9fir de nevera, o un probi\u00f3tico que te indique el m\u00e9dico, unos d\u00edas m\u00e1s despu\u00e9s del f\u00e1rmaco.<\/li>\n\n\n\n<li>No copies a un adulto el 8% frente al 19% de los ni\u00f1os.<\/li>\n\n\n\n<li>Sangre, fiebre alta o dolor fuerte: 112, no m\u00e1s yogur.<\/li>\n\n\n\n<li>Inmunodeprimidos, cat\u00e9ter o reci\u00e9n nacido grave: nada vivo a ciegas.<\/li>\n<\/ul>\n\n\n\n<p class=\"wp-block-paragraph\">Los probi\u00f3ticos despu\u00e9s de antibi\u00f3tico pueden bajar el riesgo de diarrea. No sustituyen el curso, no restauran la flora en tres d\u00edas y no tratan una colitis. Se pregunta, se termina la caja y, si el cuerpo pide urgencias, se llama.<\/p>\n","protected":false},"excerpt":{"rendered":"<p>Resumen 1 La revisi\u00f3n Cochrane (2019) muestra que en ni\u00f1os los probi\u00f3ticos reducen el riesgo de diarrea por antibi\u00f3tico (8% frente al 19%). 2 Los probi\u00f3ticos y alimentos fermentados (yogur, k\u00e9fir) son un adjunto; el curso del antibi\u00f3tico debe completarse siempre. 3 Pacientes inmunodeprimidos, con cat\u00e9ter venoso o reci\u00e9n nacidos graves no deben tomar probi\u00f3ticos [&hellip;]<\/p>\n","protected":false},"author":14,"featured_media":19861,"comment_status":"open","ping_status":"open","sticky":false,"template":"","format":"standard","meta":{"jnews-multi-image_gallery":[],"jnews_single_post":{"format":"standard"},"jnews_primary_category":[],"jnews_social_meta":[],"jnews_override_counter":[],"footnotes":""},"categories":[1],"tags":[9446,20681,18375,15196,17628,18376],"class_list":["post-19830","post","type-post","status-publish","format-standard","has-post-thumbnail","hentry","category-bienestar","tag-antibioticos","tag-diarrea-asociada-a-antibioticos","tag-kefir-2","tag-probioticos","tag-salud-intestinal","tag-yogur"],"yoast_head":"<!-- This site is optimized with the Yoast SEO plugin v28.3 - https:\/\/yoast.com\/product\/yoast-seo-wordpress\/ -->\n<title>Probi\u00f3ticos despu\u00e9s de antibi\u00f3tico pueden bajar el riesgo de diarrea - Tua Saude<\/title>\n<meta name=\"description\" content=\"Los probi\u00f3ticos despu\u00e9s de antibi\u00f3ticos pueden reducir el riesgo de diarrea, pero no sustituyen el tratamiento ni sirven para tratar una colitis grave.\" \/>\n<meta name=\"robots\" content=\"index, follow, max-snippet:-1, max-image-preview:large, max-video-preview:-1\" \/>\n<link rel=\"canonical\" href=\"https:\/\/www.tuasaude.com\/es\/news\/2026\/09\/02\/probioticos-despues-de-antibiotico-pueden-bajar-el-riesgo-de-diarrea\/\" \/>\n<meta property=\"og:locale\" content=\"es_ES\" \/>\n<meta property=\"og:type\" content=\"article\" \/>\n<meta property=\"og:title\" content=\"Probi\u00f3ticos despu\u00e9s de antibi\u00f3tico pueden bajar el riesgo de diarrea - Tua Saude\" \/>\n<meta property=\"og:description\" content=\"Los probi\u00f3ticos despu\u00e9s de antibi\u00f3ticos pueden reducir el riesgo de diarrea, pero no sustituyen el tratamiento ni sirven para tratar una colitis grave.\" \/>\n<meta property=\"og:url\" content=\"https:\/\/www.tuasaude.com\/es\/news\/2026\/09\/02\/probioticos-despues-de-antibiotico-pueden-bajar-el-riesgo-de-diarrea\/\" \/>\n<meta property=\"og:site_name\" content=\"Tua Saude\" \/>\n<meta property=\"article:published_time\" content=\"2026-09-02T15:30:00+00:00\" \/>\n<meta property=\"og:image\" content=\"https:\/\/www.tuasaude.com\/es\/news\/wp-content\/uploads\/2026\/09\/magnific_destacada-a-hispanic-woma_xSPldEfjfW.png\" \/>\n\t<meta property=\"og:image:width\" content=\"1344\" \/>\n\t<meta property=\"og:image:height\" content=\"752\" \/>\n\t<meta property=\"og:image:type\" content=\"image\/png\" \/>\n<meta name=\"author\" content=\"Jo\u00e3o Victor\" \/>\n<meta name=\"twitter:card\" content=\"summary_large_image\" \/>\n<meta name=\"twitter:label1\" content=\"Escrito por\" \/>\n\t<meta name=\"twitter:data1\" content=\"Jo\u00e3o Victor\" \/>\n\t<meta name=\"twitter:label2\" content=\"Tiempo de lectura\" \/>\n\t<meta name=\"twitter:data2\" content=\"7 minutos\" \/>\n<!-- \/ Yoast SEO plugin. -->","yoast_head_json":{"title":"Probi\u00f3ticos despu\u00e9s de antibi\u00f3tico pueden bajar el riesgo de diarrea - Tua Saude","description":"Los probi\u00f3ticos despu\u00e9s de antibi\u00f3ticos pueden reducir el riesgo de diarrea, pero no sustituyen el tratamiento ni sirven para tratar una colitis grave.","robots":{"index":"index","follow":"follow","max-snippet":"max-snippet:-1","max-image-preview":"max-image-preview:large","max-video-preview":"max-video-preview:-1"},"canonical":"https:\/\/www.tuasaude.com\/es\/news\/2026\/09\/02\/probioticos-despues-de-antibiotico-pueden-bajar-el-riesgo-de-diarrea\/","og_locale":"es_ES","og_type":"article","og_title":"Probi\u00f3ticos despu\u00e9s de antibi\u00f3tico pueden bajar el riesgo de diarrea - Tua Saude","og_description":"Los probi\u00f3ticos despu\u00e9s de antibi\u00f3ticos pueden reducir el riesgo de diarrea, pero no sustituyen el tratamiento ni sirven para tratar una colitis grave.","og_url":"https:\/\/www.tuasaude.com\/es\/news\/2026\/09\/02\/probioticos-despues-de-antibiotico-pueden-bajar-el-riesgo-de-diarrea\/","og_site_name":"Tua Saude","article_published_time":"2026-09-02T15:30:00+00:00","og_image":[{"width":1344,"height":752,"url":"https:\/\/www.tuasaude.com\/es\/news\/wp-content\/uploads\/2026\/09\/magnific_destacada-a-hispanic-woma_xSPldEfjfW.png","type":"image\/png"}],"author":"Jo\u00e3o Victor","twitter_card":"summary_large_image","twitter_misc":{"Escrito por":"Jo\u00e3o Victor","Tiempo de lectura":"7 minutos"},"schema":{"@context":"https:\/\/schema.org","@graph":[{"@type":"Article","@id":"https:\/\/www.tuasaude.com\/es\/news\/2026\/09\/02\/probioticos-despues-de-antibiotico-pueden-bajar-el-riesgo-de-diarrea\/#article","isPartOf":{"@id":"https:\/\/www.tuasaude.com\/es\/news\/2026\/09\/02\/probioticos-despues-de-antibiotico-pueden-bajar-el-riesgo-de-diarrea\/"},"author":{"name":"Jo\u00e3o Victor","@id":"https:\/\/www.tuasaude.com\/es\/news\/#\/schema\/person\/16a4d193b08b5d0f589edf44bf2a7fab"},"headline":"Probi\u00f3ticos despu\u00e9s de antibi\u00f3tico pueden bajar el riesgo de diarrea","datePublished":"2026-09-02T15:30:00+00:00","mainEntityOfPage":{"@id":"https:\/\/www.tuasaude.com\/es\/news\/2026\/09\/02\/probioticos-despues-de-antibiotico-pueden-bajar-el-riesgo-de-diarrea\/"},"wordCount":1315,"commentCount":0,"image":{"@id":"https:\/\/www.tuasaude.com\/es\/news\/2026\/09\/02\/probioticos-despues-de-antibiotico-pueden-bajar-el-riesgo-de-diarrea\/#primaryimage"},"thumbnailUrl":"https:\/\/www.tuasaude.com\/es\/news\/wp-content\/uploads\/2026\/09\/magnific_destacada-a-hispanic-woma_xSPldEfjfW.png","keywords":["antibi\u00f3ticos","diarrea asociada a antibi\u00f3ticos","k\u00e9fir","probi\u00f3ticos","salud intestinal","yogur"],"articleSection":["Bienestar"],"inLanguage":"es","potentialAction":[{"@type":"CommentAction","name":"Comment","target":["https:\/\/www.tuasaude.com\/es\/news\/2026\/09\/02\/probioticos-despues-de-antibiotico-pueden-bajar-el-riesgo-de-diarrea\/#respond"]}]},{"@type":"WebPage","@id":"https:\/\/www.tuasaude.com\/es\/news\/2026\/09\/02\/probioticos-despues-de-antibiotico-pueden-bajar-el-riesgo-de-diarrea\/","url":"https:\/\/www.tuasaude.com\/es\/news\/2026\/09\/02\/probioticos-despues-de-antibiotico-pueden-bajar-el-riesgo-de-diarrea\/","name":"Probi\u00f3ticos despu\u00e9s de antibi\u00f3tico pueden bajar el riesgo de diarrea - Tua Saude","isPartOf":{"@id":"https:\/\/www.tuasaude.com\/es\/news\/#website"},"primaryImageOfPage":{"@id":"https:\/\/www.tuasaude.com\/es\/news\/2026\/09\/02\/probioticos-despues-de-antibiotico-pueden-bajar-el-riesgo-de-diarrea\/#primaryimage"},"image":{"@id":"https:\/\/www.tuasaude.com\/es\/news\/2026\/09\/02\/probioticos-despues-de-antibiotico-pueden-bajar-el-riesgo-de-diarrea\/#primaryimage"},"thumbnailUrl":"https:\/\/www.tuasaude.com\/es\/news\/wp-content\/uploads\/2026\/09\/magnific_destacada-a-hispanic-woma_xSPldEfjfW.png","datePublished":"2026-09-02T15:30:00+00:00","author":{"@id":"https:\/\/www.tuasaude.com\/es\/news\/#\/schema\/person\/16a4d193b08b5d0f589edf44bf2a7fab"},"description":"Los probi\u00f3ticos despu\u00e9s de antibi\u00f3ticos pueden reducir el riesgo de diarrea, pero no sustituyen el tratamiento ni sirven para tratar una colitis grave.","breadcrumb":{"@id":"https:\/\/www.tuasaude.com\/es\/news\/2026\/09\/02\/probioticos-despues-de-antibiotico-pueden-bajar-el-riesgo-de-diarrea\/#breadcrumb"},"inLanguage":"es","potentialAction":[{"@type":"ReadAction","target":["https:\/\/www.tuasaude.com\/es\/news\/2026\/09\/02\/probioticos-despues-de-antibiotico-pueden-bajar-el-riesgo-de-diarrea\/"]}]},{"@type":"ImageObject","inLanguage":"es","@id":"https:\/\/www.tuasaude.com\/es\/news\/2026\/09\/02\/probioticos-despues-de-antibiotico-pueden-bajar-el-riesgo-de-diarrea\/#primaryimage","url":"https:\/\/www.tuasaude.com\/es\/news\/wp-content\/uploads\/2026\/09\/magnific_destacada-a-hispanic-woma_xSPldEfjfW.png","contentUrl":"https:\/\/www.tuasaude.com\/es\/news\/wp-content\/uploads\/2026\/09\/magnific_destacada-a-hispanic-woma_xSPldEfjfW.png","width":1344,"height":752,"caption":"La escena muestra la toma de un comprimido junto con agua y alimentos, en relaci\u00f3n con el uso de probi\u00f3ticos despu\u00e9s de un antibi\u00f3tico. Imagen generada por IA."},{"@type":"BreadcrumbList","@id":"https:\/\/www.tuasaude.com\/es\/news\/2026\/09\/02\/probioticos-despues-de-antibiotico-pueden-bajar-el-riesgo-de-diarrea\/#breadcrumb","itemListElement":[{"@type":"ListItem","position":1,"name":"Portada","item":"https:\/\/www.tuasaude.com\/es\/news\/"},{"@type":"ListItem","position":2,"name":"Probi\u00f3ticos despu\u00e9s de antibi\u00f3tico pueden bajar el riesgo de diarrea"}]},{"@type":"WebSite","@id":"https:\/\/www.tuasaude.com\/es\/news\/#website","url":"https:\/\/www.tuasaude.com\/es\/news\/","name":"Tua Saude","description":"Tu sitio web de salud","potentialAction":[{"@type":"SearchAction","target":{"@type":"EntryPoint","urlTemplate":"https:\/\/www.tuasaude.com\/es\/news\/?s={search_term_string}"},"query-input":{"@type":"PropertyValueSpecification","valueRequired":true,"valueName":"search_term_string"}}],"inLanguage":"es"},{"@type":"Person","@id":"https:\/\/www.tuasaude.com\/es\/news\/#\/schema\/person\/16a4d193b08b5d0f589edf44bf2a7fab","name":"Jo\u00e3o Victor","image":{"@type":"ImageObject","inLanguage":"es","@id":"https:\/\/secure.gravatar.com\/avatar\/bafb23913f410c1931def6caa7c109c29a2ae52e8b28ea5b93784ed42e035da9?s=96&d=mm&r=g","url":"https:\/\/secure.gravatar.com\/avatar\/bafb23913f410c1931def6caa7c109c29a2ae52e8b28ea5b93784ed42e035da9?s=96&d=mm&r=g","contentUrl":"https:\/\/secure.gravatar.com\/avatar\/bafb23913f410c1931def6caa7c109c29a2ae52e8b28ea5b93784ed42e035da9?s=96&d=mm&r=g","caption":"Jo\u00e3o Victor"},"url":"https:\/\/www.tuasaude.com\/es\/news\/author\/joaomyth\/"}]}},"_links":{"self":[{"href":"https:\/\/www.tuasaude.com\/es\/news\/wp-json\/wp\/v2\/posts\/19830","targetHints":{"allow":["GET"]}}],"collection":[{"href":"https:\/\/www.tuasaude.com\/es\/news\/wp-json\/wp\/v2\/posts"}],"about":[{"href":"https:\/\/www.tuasaude.com\/es\/news\/wp-json\/wp\/v2\/types\/post"}],"author":[{"embeddable":true,"href":"https:\/\/www.tuasaude.com\/es\/news\/wp-json\/wp\/v2\/users\/14"}],"replies":[{"embeddable":true,"href":"https:\/\/www.tuasaude.com\/es\/news\/wp-json\/wp\/v2\/comments?post=19830"}],"version-history":[{"count":1,"href":"https:\/\/www.tuasaude.com\/es\/news\/wp-json\/wp\/v2\/posts\/19830\/revisions"}],"predecessor-version":[{"id":19862,"href":"https:\/\/www.tuasaude.com\/es\/news\/wp-json\/wp\/v2\/posts\/19830\/revisions\/19862"}],"wp:featuredmedia":[{"embeddable":true,"href":"https:\/\/www.tuasaude.com\/es\/news\/wp-json\/wp\/v2\/media\/19861"}],"wp:attachment":[{"href":"https:\/\/www.tuasaude.com\/es\/news\/wp-json\/wp\/v2\/media?parent=19830"}],"wp:term":[{"taxonomy":"category","embeddable":true,"href":"https:\/\/www.tuasaude.com\/es\/news\/wp-json\/wp\/v2\/categories?post=19830"},{"taxonomy":"post_tag","embeddable":true,"href":"https:\/\/www.tuasaude.com\/es\/news\/wp-json\/wp\/v2\/tags?post=19830"}],"curies":[{"name":"wp","href":"https:\/\/api.w.org\/{rel}","templated":true}]}}