{"id":19770,"date":"2026-09-02T22:28:00","date_gmt":"2026-09-02T21:28:00","guid":{"rendered":"https:\/\/www.tuasaude.com\/es\/news\/?p=19770"},"modified":"2026-09-02T15:58:01","modified_gmt":"2026-09-02T14:58:01","slug":"vitamina-b12-senales-de-alerta-para-hacerse-el-analisis-de-sangre","status":"publish","type":"post","link":"https:\/\/www.tuasaude.com\/es\/news\/2026\/09\/02\/vitamina-b12-senales-de-alerta-para-hacerse-el-analisis-de-sangre\/","title":{"rendered":"Vitamina B12: se\u00f1ales de alerta para hacerse el an\u00e1lisis de sangre"},"content":{"rendered":"\n<p class=\"wp-block-paragraph\">La vitamina B12 tiene una caracter\u00edstica que la convierte en una deficiencia especialmente traicionera: el h\u00edgado puede almacenar reservas suficientes para entre dos y cinco a\u00f1os, lo que significa que la carencia se instala de forma lenta y progresiva durante meses o a\u00f1os antes de producir s\u00edntomas evidentes. Cuando esos s\u00edntomas aparecen, el d\u00e9ficit ya lleva tiempo causando da\u00f1o sobre el sistema nervioso y el sistema hematol\u00f3gico. Algunos de esos da\u00f1os, especialmente los neurol\u00f3gicos, pueden volverse irreversibles si el diagn\u00f3stico llega demasiado tarde. Reconocer las se\u00f1ales de alerta y saber cu\u00e1ndo hacer el an\u00e1lisis es lo que marca la diferencia entre una deficiencia corregida a tiempo y secuelas que no desaparecen con la suplementaci\u00f3n.<\/p>\n\n\n\n<h2 class=\"wp-block-heading\">Por qu\u00e9 la B12 es imprescindible y qu\u00e9 pasa cuando falta<\/h2>\n\n\n\n<p class=\"wp-block-paragraph\">La vitamina B12, tambi\u00e9n llamada cobalamina, es un micronutriente hidrossol\u00favel esencial para tres funciones fundamentales del organismo. Primero, participa en la s\u00edntesis de ADN, siendo cofactor indispensable para la replicaci\u00f3n celular correcta. Segundo, es esencial para la formaci\u00f3n de los gl\u00f3bulos rojos maduros: sin ella, los precursores eritroides no pueden dividirse correctamente y producen eritrocitos anormalmente grandes, poco funcionales y de vida corta, dando lugar a la anemia megalobl\u00e1stica. Tercero, y con las consecuencias m\u00e1s graves a largo plazo, es indispensable para la s\u00edntesis de la vaina de mielina, la capa protectora que recubre los axones de las neuronas y permite la conducci\u00f3n eficiente de los impulsos el\u00e9ctricos a lo largo del sistema nervioso.<\/p>\n\n\n\n<p class=\"wp-block-paragraph\">Cuando la B12 escasea, la mielina se deteriora de forma progresiva produciendo desmielinizaci\u00f3n de las fibras nerviosas perif\u00e9ricas y de las columnas posteriores y laterales de la m\u00e9dula espinal. Ese proceso, conocido como degeneraci\u00f3n combinada subaguda de la m\u00e9dula, puede progresar hasta producir da\u00f1os irreversibles si el diagn\u00f3stico no se establece a tiempo. Una revisi\u00f3n publicada en la revista <em>New England Journal of Medicine<\/em> en 2023 confirm\u00f3 que <a href=\"https:\/\/pubmed.ncbi.nlm.nih.gov\/36697207\/\" target=\"_blank\" rel=\"noopener\">la deficiencia de vitamina B12 con manifestaciones neurol\u00f3gicas establecidas produce recuperaci\u00f3n completa solo en el 50% a 60% de los casos cuando el tratamiento se inicia antes de los seis meses desde el inicio de los s\u00edntomas, mientras que el inicio posterior a ese per\u00edodo se asocia con secuelas neurol\u00f3gicas permanentes en una proporci\u00f3n significativa de pacientes<\/a>.<\/p>\n\n\n\n<figure class=\"wp-block-image size-large\"><img decoding=\"async\" width=\"1024\" height=\"572\" src=\"https:\/\/www.tuasaude.com\/es\/news\/wp-content\/uploads\/2026\/09\/Infographic_showing_vitamin_B12_\u2026_202609011521-1-1024x572.jpeg\" alt=\"Cuatro se\u00f1ales clave del d\u00e9ficit de B12: hormigueo, equilibrio, fatiga y memoria.\" class=\"wp-image-19773\" srcset=\"https:\/\/www.tuasaude.com\/es\/news\/wp-content\/uploads\/2026\/09\/Infographic_showing_vitamin_B12_\u2026_202609011521-1-1024x572.jpeg 1024w, https:\/\/www.tuasaude.com\/es\/news\/wp-content\/uploads\/2026\/09\/Infographic_showing_vitamin_B12_\u2026_202609011521-1-300x167.jpeg 300w, https:\/\/www.tuasaude.com\/es\/news\/wp-content\/uploads\/2026\/09\/Infographic_showing_vitamin_B12_\u2026_202609011521-1-768x429.jpeg 768w, https:\/\/www.tuasaude.com\/es\/news\/wp-content\/uploads\/2026\/09\/Infographic_showing_vitamin_B12_\u2026_202609011521-1-750x419.jpeg 750w, https:\/\/www.tuasaude.com\/es\/news\/wp-content\/uploads\/2026\/09\/Infographic_showing_vitamin_B12_\u2026_202609011521-1-1140x636.jpeg 1140w, https:\/\/www.tuasaude.com\/es\/news\/wp-content\/uploads\/2026\/09\/Infographic_showing_vitamin_B12_\u2026_202609011521-1.jpeg 1290w\" sizes=\"(max-width: 1024px) 100vw, 1024px\" \/><figcaption class=\"wp-element-caption\">Cuatro se\u00f1ales clave del d\u00e9ficit de B12: hormigueo, equilibrio, fatiga y memoria.<\/figcaption><\/figure>\n\n\n\n<h2 class=\"wp-block-heading\">Se\u00f1ales neurol\u00f3gicas y cognitivas que justifican hacer el an\u00e1lisis<\/h2>\n\n\n\n<p class=\"wp-block-paragraph\">Los s\u00edntomas neurol\u00f3gicos son frecuentemente los primeros en aparecer en la deficiencia de B12, incluso antes de que el hemograma muestre alteraciones. El sistema nervioso perif\u00e9rico es el m\u00e1s sensible a la desmielinizaci\u00f3n precoz, y sus se\u00f1ales de alarma son espec\u00edficas y reconocibles cuando se sabe qu\u00e9 buscar.<\/p>\n\n\n\n<ul class=\"wp-block-list\">\n<li><strong>Parestesias en manos y pies:<\/strong> el hormigueo, el adormecimiento, la sensaci\u00f3n de agujas o de corriente el\u00e9ctrica en los dedos de las manos o de los pies es el s\u00edntoma neurol\u00f3gico m\u00e1s frecuente y uno de los m\u00e1s precoces. Afecta de forma sim\u00e9trica a ambas extremidades y suele comenzar de forma distal, en los dedos, progresando hacia las zonas m\u00e1s proximales si la deficiencia no se corrige.<\/li>\n\n\n\n<li><strong>P\u00e9rdida de equilibrio e inestabilidad al caminar:<\/strong> la afectaci\u00f3n de las columnas posteriores de la m\u00e9dula espinal, que conducen informaci\u00f3n sobre la posici\u00f3n de los miembros, produce inestabilidad que empeora con los ojos cerrados o en la oscuridad. Las personas afectadas describen sensaci\u00f3n de caminar sobre algod\u00f3n o de no saber exactamente d\u00f3nde est\u00e1n poniendo los pies.<\/li>\n\n\n\n<li><strong>Deterioro cognitivo y niebla mental:<\/strong> los lapsus de memoria recurrentes, la dificultad de concentraci\u00f3n, la sensaci\u00f3n de lentitud mental y los problemas para encontrar palabras pueden ser manifestaciones de d\u00e9ficit de B12, especialmente en personas mayores donde frecuentemente se atribuyen de forma equivocada al envejecimiento normal.<\/li>\n\n\n\n<li><strong>Cambios de humor, irritabilidad y s\u00edntomas depresivos:<\/strong> la B12 es cofactor en la s\u00edntesis de neurotransmisores como la serotonina y la dopamina. Su deficiencia puede producir cambios del estado de \u00e1nimo, irritabilidad sin causa aparente y s\u00edntomas depresivos que no responden bien al tratamiento antidepresivo habitual hasta que la deficiencia se corrige.<\/li>\n<\/ul>\n\n\n\n<h2 class=\"wp-block-heading\">Se\u00f1ales hematol\u00f3gicas y sist\u00e9micas: cuando el cuerpo avisa de otra forma<\/h2>\n\n\n\n<p class=\"wp-block-paragraph\">Paralelamente a los s\u00edntomas neurol\u00f3gicos, o a veces de forma previa a ellos, la deficiencia de B12 produce manifestaciones hematol\u00f3gicas que se traducen en s\u00edntomas generales que muchas personas atribuyen al estr\u00e9s, al cansancio acumulado o al envejecimiento. Para entender mejor <a href=\"https:\/\/www.tuasaude.com\/es\/anemia\/\" target=\"_blank\" rel=\"noopener\">qu\u00e9 es la anemia, cu\u00e1les son sus tipos, c\u00f3mo se diferencia la anemia por d\u00e9ficit de B12 de la ferrop\u00e9nica y qu\u00e9 pruebas permite distinguirlas<\/a>, conviene revisar tambi\u00e9n por qu\u00e9 la macrocitosis en el hemograma es una se\u00f1al de alerta que siempre debe investigarse aunque no haya s\u00edntomas evidentes.<\/p>\n\n\n\n<ul class=\"wp-block-list\">\n<li><strong>Fatiga cr\u00f3nica y debilidad muscular:<\/strong> la anemia megalobl\u00e1stica reduce la capacidad de transporte de ox\u00edgeno de la sangre, produciendo cansancio que no mejora con el reposo, debilidad muscular y una sensaci\u00f3n general de agotamiento que puede ser muy limitante.<\/li>\n\n\n\n<li><strong>Palidez o tono ligeramente amarillento:<\/strong> la palidez de la piel y las mucosas refleja la anemia. El tono amarillento o subict\u00e9rico de la piel y la escler\u00f3tica se produce por la degradaci\u00f3n acelerada de los eritrocitos megalobl\u00e1sticos anormales que liberan bilirrubina.<\/li>\n\n\n\n<li><strong>Glositis de Hunter:<\/strong> la lengua lisa, enrojecida, dolorosa o con sensaci\u00f3n de ardor es una manifestaci\u00f3n espec\u00edfica del d\u00e9ficit de B12. La mucosa lingual pierde sus papilas produci\u00e9ndole un aspecto liso y brillante que puede acompa\u00f1arse de dolor al comer o hablar.<\/li>\n\n\n\n<li><strong>Disnea de esfuerzo y palpitaciones:<\/strong> el coraz\u00f3n compensa la anemia aumentando el gasto card\u00edaco, lo que puede producir palpitaciones, taquicardia y sensaci\u00f3n de falta de aire con esfuerzos que antes se toleraban sin dificultad.<\/li>\n<\/ul>\n\n\n\n<figure class=\"wp-block-image size-large\"><img decoding=\"async\" width=\"1024\" height=\"576\" src=\"https:\/\/www.tuasaude.com\/es\/news\/wp-content\/uploads\/2026\/09\/Woman_concerned_about_tingling_s\u2026_202609011521-1-1024x576.jpeg\" alt=\"Hormigueo y p\u00e9rdida de equilibrio pueden ser se\u00f1ales tempranas de d\u00e9ficit de vitamina B12.\" class=\"wp-image-19772\" srcset=\"https:\/\/www.tuasaude.com\/es\/news\/wp-content\/uploads\/2026\/09\/Woman_concerned_about_tingling_s\u2026_202609011521-1-1024x576.jpeg 1024w, https:\/\/www.tuasaude.com\/es\/news\/wp-content\/uploads\/2026\/09\/Woman_concerned_about_tingling_s\u2026_202609011521-1-300x169.jpeg 300w, https:\/\/www.tuasaude.com\/es\/news\/wp-content\/uploads\/2026\/09\/Woman_concerned_about_tingling_s\u2026_202609011521-1-768x432.jpeg 768w, https:\/\/www.tuasaude.com\/es\/news\/wp-content\/uploads\/2026\/09\/Woman_concerned_about_tingling_s\u2026_202609011521-1-750x422.jpeg 750w, https:\/\/www.tuasaude.com\/es\/news\/wp-content\/uploads\/2026\/09\/Woman_concerned_about_tingling_s\u2026_202609011521-1-1140x641.jpeg 1140w, https:\/\/www.tuasaude.com\/es\/news\/wp-content\/uploads\/2026\/09\/Woman_concerned_about_tingling_s\u2026_202609011521-1.jpeg 1280w\" sizes=\"(max-width: 1024px) 100vw, 1024px\" \/><figcaption class=\"wp-element-caption\">Hormigueo y p\u00e9rdida de equilibrio pueden ser se\u00f1ales tempranas de d\u00e9ficit de vitamina B12.<\/figcaption><\/figure>\n\n\n\n<h2 class=\"wp-block-heading\">Los grupos de riesgo que deben hacer el an\u00e1lisis de forma peri\u00f3dica<\/h2>\n\n\n\n<p class=\"wp-block-paragraph\">Hay perfiles de personas con mayor probabilidad de desarrollar d\u00e9ficit de B12 por diferentes razones, en quienes la monitorizaci\u00f3n peri\u00f3dica de los niveles est\u00e1 especialmente justificada aunque no tengan s\u00edntomas evidentes.<\/p>\n\n\n\n<ul class=\"wp-block-list\">\n<li><strong>Vegetarianos estrictos y veganos:<\/strong> la B12 se encuentra de forma natural exclusivamente en alimentos de origen animal. Una dieta vegana sin suplementaci\u00f3n adecuada es la causa m\u00e1s directa y previsible de d\u00e9ficit, y la suplementaci\u00f3n no es opcional en ese contexto sino imprescindible.<\/li>\n\n\n\n<li><strong>Personas mayores de 60 a 65 a\u00f1os:<\/strong> la gastritis atr\u00f3fica, muy frecuente con el envejecimiento, reduce la producci\u00f3n de \u00e1cido g\u00e1strico necesario para liberar la B12 de los alimentos, y reduce tambi\u00e9n la producci\u00f3n del factor intr\u00ednseco necesario para su absorci\u00f3n en el \u00edleon. La prevalencia de d\u00e9ficit de B12 en mayores de 65 a\u00f1os supera el 10% a 15% en los estudios poblacionales.<\/li>\n\n\n\n<li><strong>Personas sometidas a cirug\u00eda bari\u00e1trica o resecci\u00f3n intestinal:<\/strong> la eliminaci\u00f3n o el bypass del est\u00f3mago reduce dr\u00e1sticamente la producci\u00f3n del factor intr\u00ednseco. La resecci\u00f3n del \u00edleon terminal elimina la zona de absorci\u00f3n espec\u00edfica de la B12. Ambas situaciones requieren suplementaci\u00f3n de por vida y monitorizaci\u00f3n peri\u00f3dica.<\/li>\n\n\n\n<li><strong>Portadores de enfermedades gastrointestinales:<\/strong> la enfermedad de Crohn, la enfermedad cel\u00edaca no controlada y la gastritis autoinmune que destruye las c\u00e9lulas parietales productoras del factor intr\u00ednseco son causas establecidas de malabsorci\u00f3n de B12.<\/li>\n\n\n\n<li><strong>Usuarios cr\u00f3nicos de omeprazol, pantoprazol o metformina:<\/strong> los inhibidores de la bomba de protones reducen el \u00e1cido g\u00e1strico necesario para liberar la B12 de los alimentos. La metformina interfiere con la absorci\u00f3n de B12 en el \u00edleon mediante un mecanismo dependiente del calcio. El uso prolongado de ambos f\u00e1rmacos justifica la monitorizaci\u00f3n anual de los niveles.<\/li>\n<\/ul>\n\n\n\n<h2 class=\"wp-block-heading\">C\u00f3mo se hace el diagn\u00f3stico y qu\u00e9 pruebas complementarias son m\u00e1s precisas<\/h2>\n\n\n\n<p class=\"wp-block-paragraph\">El diagn\u00f3stico inicial se realiza mediante la dosificaci\u00f3n de vitamina B12 en sangre, que mide la concentraci\u00f3n s\u00e9rica de cobalamina total. Los valores generalmente se consideran deficientes por debajo de 200 pg\/mL, aunque algunos laboratorios utilizan umbrales ligeramente diferentes. El problema de esta prueba es que puede estar en el rango normal bajo, la llamada zona gris entre 200 y 300 pg\/mL, en personas que tienen una deficiencia funcional real a nivel celular porque la B12 circulante est\u00e1 unida a prote\u00ednas y no es biodisponible.<\/p>\n\n\n\n<p class=\"wp-block-paragraph\">En esos casos de valores lim\u00edtrofes o cuando existe alta sospecha cl\u00ednica con B12 aparentemente normal, el m\u00e9dico puede solicitar pruebas m\u00e1s sensibles. El \u00e1cido metilmal\u00f3nico y la homociste\u00edna son dos metabolitos que se acumulan en la sangre cuando la B12 disponible a nivel celular es insuficiente, aunque la cifra s\u00e9rica total de B12 parezca normal. Su elevaci\u00f3n confirma una deficiencia funcional real. El hemograma completo permite detectar la macrocitosis, el aumento del volumen corpuscular medio de los eritrocitos, y la presencia de neutr\u00f3filos hipersegmentados, que son se\u00f1ales hematol\u00f3gicas caracter\u00edsticas del d\u00e9ficit de B12 y de folato. <strong>El da\u00f1o neurol\u00f3gico por d\u00e9ficit de B12 puede progresar durante meses antes de que el hemograma muestre alteraciones<\/strong>, lo que hace que esperar a que aparezca la anemia para investigar la B12 sea un error cl\u00ednico frecuente que retrasa el diagn\u00f3stico en los casos de presentaci\u00f3n neurol\u00f3gica predominante.<\/p>\n\n\n\n<p class=\"wp-block-paragraph\"><em>Este art\u00edculo tiene una finalidad exclusivamente informativa y <strong>no sustituye la evaluaci\u00f3n m\u00e9dica<\/strong> profesional. Ante s\u00edntomas neurol\u00f3gicos como hormigueo, p\u00e9rdida de equilibrio o deterioro cognitivo, o ante fatiga persistente sin causa identificada, consulte con su m\u00e9dico para solicitar la anal\u00edtica adecuada y recibir orientaci\u00f3n personalizada sobre la necesidad de suplementaci\u00f3n.<\/em><\/p>\n","protected":false},"excerpt":{"rendered":"<p>La vitamina B12 tiene una caracter\u00edstica que la convierte en una deficiencia especialmente traicionera: el h\u00edgado puede almacenar reservas suficientes para entre dos y cinco a\u00f1os, lo que significa que la carencia se instala de forma lenta y progresiva durante meses o a\u00f1os antes de producir s\u00edntomas evidentes. Cuando esos s\u00edntomas aparecen, el d\u00e9ficit ya [&hellip;]<\/p>\n","protected":false},"author":19,"featured_media":19774,"comment_status":"open","ping_status":"open","sticky":false,"template":"","format":"standard","meta":{"jnews-multi-image_gallery":[],"jnews_single_post":{"format":"standard"},"jnews_primary_category":[],"jnews_social_meta":[],"jnews_override_counter":[],"footnotes":""},"categories":[8767],"tags":[9392,19872,20224,17280],"class_list":["post-19770","post","type-post","status-publish","format-standard","has-post-thumbnail","hentry","category-salud","tag-anemia","tag-deficit","tag-deficit-de-b12","tag-vitamina-b12"],"yoast_head":"<!-- This site is optimized with the Yoast SEO plugin v28.3 - https:\/\/yoast.com\/product\/yoast-seo-wordpress\/ -->\n<title>Vitamina B12: se\u00f1ales de alerta para hacerse el an\u00e1lisis de sangre - Tua Saude<\/title>\n<meta name=\"description\" content=\"El d\u00e9ficit de vitamina B12 puede causar hormigueo, fatiga y problemas de equilibrio. Estas se\u00f1ales pueden aparecer antes de la anemia.\" \/>\n<meta name=\"robots\" content=\"index, follow, max-snippet:-1, max-image-preview:large, max-video-preview:-1\" \/>\n<link rel=\"canonical\" href=\"https:\/\/www.tuasaude.com\/es\/news\/2026\/09\/02\/vitamina-b12-senales-de-alerta-para-hacerse-el-analisis-de-sangre\/\" \/>\n<meta property=\"og:locale\" content=\"es_ES\" \/>\n<meta property=\"og:type\" content=\"article\" \/>\n<meta property=\"og:title\" content=\"Vitamina B12: se\u00f1ales de alerta para hacerse el an\u00e1lisis de sangre - Tua Saude\" \/>\n<meta property=\"og:description\" content=\"El d\u00e9ficit de vitamina B12 puede causar hormigueo, fatiga y problemas de equilibrio. Estas se\u00f1ales pueden aparecer antes de la anemia.\" \/>\n<meta property=\"og:url\" content=\"https:\/\/www.tuasaude.com\/es\/news\/2026\/09\/02\/vitamina-b12-senales-de-alerta-para-hacerse-el-analisis-de-sangre\/\" \/>\n<meta property=\"og:site_name\" content=\"Tua Saude\" \/>\n<meta property=\"article:published_time\" content=\"2026-09-02T21:28:00+00:00\" \/>\n<meta property=\"og:image\" content=\"https:\/\/www.tuasaude.com\/es\/news\/wp-content\/uploads\/2026\/09\/Woman_taking_blood_test_202609011522-1.jpeg\" \/>\n\t<meta property=\"og:image:width\" content=\"1280\" \/>\n\t<meta property=\"og:image:height\" content=\"720\" \/>\n\t<meta property=\"og:image:type\" content=\"image\/jpeg\" \/>\n<meta name=\"author\" content=\"Andr\u00e9 Rangel\" \/>\n<meta name=\"twitter:card\" content=\"summary_large_image\" \/>\n<meta name=\"twitter:label1\" content=\"Escrito por\" \/>\n\t<meta name=\"twitter:data1\" content=\"Andr\u00e9 Rangel\" \/>\n\t<meta name=\"twitter:label2\" content=\"Tiempo de lectura\" \/>\n\t<meta name=\"twitter:data2\" content=\"8 minutos\" \/>\n<!-- \/ Yoast SEO plugin. -->","yoast_head_json":{"title":"Vitamina B12: se\u00f1ales de alerta para hacerse el an\u00e1lisis de sangre - Tua Saude","description":"El d\u00e9ficit de vitamina B12 puede causar hormigueo, fatiga y problemas de equilibrio. Estas se\u00f1ales pueden aparecer antes de la anemia.","robots":{"index":"index","follow":"follow","max-snippet":"max-snippet:-1","max-image-preview":"max-image-preview:large","max-video-preview":"max-video-preview:-1"},"canonical":"https:\/\/www.tuasaude.com\/es\/news\/2026\/09\/02\/vitamina-b12-senales-de-alerta-para-hacerse-el-analisis-de-sangre\/","og_locale":"es_ES","og_type":"article","og_title":"Vitamina B12: se\u00f1ales de alerta para hacerse el an\u00e1lisis de sangre - Tua Saude","og_description":"El d\u00e9ficit de vitamina B12 puede causar hormigueo, fatiga y problemas de equilibrio. Estas se\u00f1ales pueden aparecer antes de la anemia.","og_url":"https:\/\/www.tuasaude.com\/es\/news\/2026\/09\/02\/vitamina-b12-senales-de-alerta-para-hacerse-el-analisis-de-sangre\/","og_site_name":"Tua Saude","article_published_time":"2026-09-02T21:28:00+00:00","og_image":[{"width":1280,"height":720,"url":"https:\/\/www.tuasaude.com\/es\/news\/wp-content\/uploads\/2026\/09\/Woman_taking_blood_test_202609011522-1.jpeg","type":"image\/jpeg"}],"author":"Andr\u00e9 Rangel","twitter_card":"summary_large_image","twitter_misc":{"Escrito por":"Andr\u00e9 Rangel","Tiempo de lectura":"8 minutos"},"schema":{"@context":"https:\/\/schema.org","@graph":[{"@type":"Article","@id":"https:\/\/www.tuasaude.com\/es\/news\/2026\/09\/02\/vitamina-b12-senales-de-alerta-para-hacerse-el-analisis-de-sangre\/#article","isPartOf":{"@id":"https:\/\/www.tuasaude.com\/es\/news\/2026\/09\/02\/vitamina-b12-senales-de-alerta-para-hacerse-el-analisis-de-sangre\/"},"author":{"name":"Andr\u00e9 Rangel","@id":"https:\/\/www.tuasaude.com\/es\/news\/#\/schema\/person\/b36dc74813d3037e0147f4e1444b55b8"},"headline":"Vitamina B12: se\u00f1ales de alerta para hacerse el an\u00e1lisis de sangre","datePublished":"2026-09-02T21:28:00+00:00","mainEntityOfPage":{"@id":"https:\/\/www.tuasaude.com\/es\/news\/2026\/09\/02\/vitamina-b12-senales-de-alerta-para-hacerse-el-analisis-de-sangre\/"},"wordCount":1699,"commentCount":0,"image":{"@id":"https:\/\/www.tuasaude.com\/es\/news\/2026\/09\/02\/vitamina-b12-senales-de-alerta-para-hacerse-el-analisis-de-sangre\/#primaryimage"},"thumbnailUrl":"https:\/\/www.tuasaude.com\/es\/news\/wp-content\/uploads\/2026\/09\/Woman_taking_blood_test_202609011522-1.jpeg","keywords":["anemia","d\u00e9ficit","d\u00e9ficit de b12","vitamina B12"],"articleSection":["Salud"],"inLanguage":"es","potentialAction":[{"@type":"CommentAction","name":"Comment","target":["https:\/\/www.tuasaude.com\/es\/news\/2026\/09\/02\/vitamina-b12-senales-de-alerta-para-hacerse-el-analisis-de-sangre\/#respond"]}]},{"@type":"WebPage","@id":"https:\/\/www.tuasaude.com\/es\/news\/2026\/09\/02\/vitamina-b12-senales-de-alerta-para-hacerse-el-analisis-de-sangre\/","url":"https:\/\/www.tuasaude.com\/es\/news\/2026\/09\/02\/vitamina-b12-senales-de-alerta-para-hacerse-el-analisis-de-sangre\/","name":"Vitamina B12: se\u00f1ales de alerta para hacerse el an\u00e1lisis de sangre - Tua Saude","isPartOf":{"@id":"https:\/\/www.tuasaude.com\/es\/news\/#website"},"primaryImageOfPage":{"@id":"https:\/\/www.tuasaude.com\/es\/news\/2026\/09\/02\/vitamina-b12-senales-de-alerta-para-hacerse-el-analisis-de-sangre\/#primaryimage"},"image":{"@id":"https:\/\/www.tuasaude.com\/es\/news\/2026\/09\/02\/vitamina-b12-senales-de-alerta-para-hacerse-el-analisis-de-sangre\/#primaryimage"},"thumbnailUrl":"https:\/\/www.tuasaude.com\/es\/news\/wp-content\/uploads\/2026\/09\/Woman_taking_blood_test_202609011522-1.jpeg","datePublished":"2026-09-02T21:28:00+00:00","author":{"@id":"https:\/\/www.tuasaude.com\/es\/news\/#\/schema\/person\/b36dc74813d3037e0147f4e1444b55b8"},"description":"El d\u00e9ficit de vitamina B12 puede causar hormigueo, fatiga y problemas de equilibrio. Estas se\u00f1ales pueden aparecer antes de la anemia.","breadcrumb":{"@id":"https:\/\/www.tuasaude.com\/es\/news\/2026\/09\/02\/vitamina-b12-senales-de-alerta-para-hacerse-el-analisis-de-sangre\/#breadcrumb"},"inLanguage":"es","potentialAction":[{"@type":"ReadAction","target":["https:\/\/www.tuasaude.com\/es\/news\/2026\/09\/02\/vitamina-b12-senales-de-alerta-para-hacerse-el-analisis-de-sangre\/"]}]},{"@type":"ImageObject","inLanguage":"es","@id":"https:\/\/www.tuasaude.com\/es\/news\/2026\/09\/02\/vitamina-b12-senales-de-alerta-para-hacerse-el-analisis-de-sangre\/#primaryimage","url":"https:\/\/www.tuasaude.com\/es\/news\/wp-content\/uploads\/2026\/09\/Woman_taking_blood_test_202609011522-1.jpeg","contentUrl":"https:\/\/www.tuasaude.com\/es\/news\/wp-content\/uploads\/2026\/09\/Woman_taking_blood_test_202609011522-1.jpeg","width":1280,"height":720,"caption":"Hormigueo y p\u00e9rdida de equilibrio pueden ser se\u00f1ales tempranas de d\u00e9ficit de vitamina B12."},{"@type":"BreadcrumbList","@id":"https:\/\/www.tuasaude.com\/es\/news\/2026\/09\/02\/vitamina-b12-senales-de-alerta-para-hacerse-el-analisis-de-sangre\/#breadcrumb","itemListElement":[{"@type":"ListItem","position":1,"name":"Portada","item":"https:\/\/www.tuasaude.com\/es\/news\/"},{"@type":"ListItem","position":2,"name":"Vitamina B12: se\u00f1ales de alerta para hacerse el an\u00e1lisis de sangre"}]},{"@type":"WebSite","@id":"https:\/\/www.tuasaude.com\/es\/news\/#website","url":"https:\/\/www.tuasaude.com\/es\/news\/","name":"Tua Saude","description":"Tu sitio web de salud","potentialAction":[{"@type":"SearchAction","target":{"@type":"EntryPoint","urlTemplate":"https:\/\/www.tuasaude.com\/es\/news\/?s={search_term_string}"},"query-input":{"@type":"PropertyValueSpecification","valueRequired":true,"valueName":"search_term_string"}}],"inLanguage":"es"},{"@type":"Person","@id":"https:\/\/www.tuasaude.com\/es\/news\/#\/schema\/person\/b36dc74813d3037e0147f4e1444b55b8","name":"Andr\u00e9 Rangel","image":{"@type":"ImageObject","inLanguage":"es","@id":"https:\/\/secure.gravatar.com\/avatar\/7a184045e82ba75ece190694014530d029450f7d9f4ca42e2c3df1ae6caad6ab?s=96&d=mm&r=g","url":"https:\/\/secure.gravatar.com\/avatar\/7a184045e82ba75ece190694014530d029450f7d9f4ca42e2c3df1ae6caad6ab?s=96&d=mm&r=g","contentUrl":"https:\/\/secure.gravatar.com\/avatar\/7a184045e82ba75ece190694014530d029450f7d9f4ca42e2c3df1ae6caad6ab?s=96&d=mm&r=g","caption":"Andr\u00e9 Rangel"},"url":"https:\/\/www.tuasaude.com\/es\/news\/author\/andre-rangel\/"}]}},"_links":{"self":[{"href":"https:\/\/www.tuasaude.com\/es\/news\/wp-json\/wp\/v2\/posts\/19770","targetHints":{"allow":["GET"]}}],"collection":[{"href":"https:\/\/www.tuasaude.com\/es\/news\/wp-json\/wp\/v2\/posts"}],"about":[{"href":"https:\/\/www.tuasaude.com\/es\/news\/wp-json\/wp\/v2\/types\/post"}],"author":[{"embeddable":true,"href":"https:\/\/www.tuasaude.com\/es\/news\/wp-json\/wp\/v2\/users\/19"}],"replies":[{"embeddable":true,"href":"https:\/\/www.tuasaude.com\/es\/news\/wp-json\/wp\/v2\/comments?post=19770"}],"version-history":[{"count":1,"href":"https:\/\/www.tuasaude.com\/es\/news\/wp-json\/wp\/v2\/posts\/19770\/revisions"}],"predecessor-version":[{"id":19775,"href":"https:\/\/www.tuasaude.com\/es\/news\/wp-json\/wp\/v2\/posts\/19770\/revisions\/19775"}],"wp:featuredmedia":[{"embeddable":true,"href":"https:\/\/www.tuasaude.com\/es\/news\/wp-json\/wp\/v2\/media\/19774"}],"wp:attachment":[{"href":"https:\/\/www.tuasaude.com\/es\/news\/wp-json\/wp\/v2\/media?parent=19770"}],"wp:term":[{"taxonomy":"category","embeddable":true,"href":"https:\/\/www.tuasaude.com\/es\/news\/wp-json\/wp\/v2\/categories?post=19770"},{"taxonomy":"post_tag","embeddable":true,"href":"https:\/\/www.tuasaude.com\/es\/news\/wp-json\/wp\/v2\/tags?post=19770"}],"curies":[{"name":"wp","href":"https:\/\/api.w.org\/{rel}","templated":true}]}}