{"id":19744,"date":"2026-09-02T00:20:00","date_gmt":"2026-09-01T23:20:00","guid":{"rendered":"https:\/\/www.tuasaude.com\/es\/news\/?p=19744"},"modified":"2026-09-01T20:10:03","modified_gmt":"2026-09-01T19:10:03","slug":"la-fruta-con-mas-fibra-por-porcion-y-no-es-la-manzana","status":"publish","type":"post","link":"https:\/\/www.tuasaude.com\/es\/news\/2026\/09\/02\/la-fruta-con-mas-fibra-por-porcion-y-no-es-la-manzana\/","title":{"rendered":"La fruta con m\u00e1s fibra por porci\u00f3n y no es la manzana"},"content":{"rendered":"\n<!-- ===== TS-COMPONENTE-1-FRAMBUESA-RESUMEN-INICIO ===== -->\n<div id=\"ts-frambuesa-resumen-teaser\">\n  <style>\n    #ts-frambuesa-resumen-teaser * {\n      box-sizing: border-box;\n    }\n\n    #ts-frambuesa-resumen-teaser {\n      font-family: -apple-system, 'Segoe UI', Roboto, Arial, sans-serif;\n      background: #ffffff;\n      border: 1px solid #cce3ed;\n      border-radius: 14px;\n      padding: 22px;\n      max-width: 640px;\n      margin: 24px auto;\n      box-shadow: 0 2px 12px rgba(0,119,182,0.06);\n    }\n\n    #ts-frambuesa-resumen-teaser .ts-head {\n      display: flex;\n      align-items: center;\n      gap: 10px;\n      margin-bottom: 18px;\n    }\n\n    #ts-frambuesa-resumen-teaser .ts-badge {\n      display: inline-flex;\n      align-items: center;\n      background: #0077b6;\n      color: #ffffff;\n      font-size: 12.5px;\n      font-weight: 700;\n      letter-spacing: 0.04em;\n      text-transform: uppercase;\n      padding: 6px 12px;\n      border-radius: 999px;\n    }\n\n    #ts-frambuesa-resumen-teaser .ts-item {\n      display: flex;\n      align-items: flex-start;\n      gap: 12px;\n      background: #f0f7fb;\n      border-left: 4px solid #0077b6;\n      border-radius: 0 10px 10px 0;\n      padding: 12px 14px;\n      margin-bottom: 10px;\n    }\n\n    #ts-frambuesa-resumen-teaser .ts-item:last-child {\n      margin-bottom: 0;\n    }\n\n    #ts-frambuesa-resumen-teaser .ts-mark {\n      display: inline-flex;\n      align-items: center;\n      justify-content: center;\n      flex: 0 0 26px;\n      width: 26px;\n      height: 26px;\n      background: #0077b6;\n      color: #ffffff;\n      border-radius: 50%;\n      font-size: 15px;\n      line-height: 1;\n      font-weight: 900;\n      margin-top: 1px;\n    }\n\n    #ts-frambuesa-resumen-teaser .ts-item-text {\n      display: block;\n      min-width: 0;\n      color: #1d3557;\n      font-size: 15px;\n      line-height: 1.45;\n      font-weight: 500;\n      overflow-wrap: anywhere;\n    }\n\n    @media (max-width: 480px) {\n      #ts-frambuesa-resumen-teaser {\n        padding: 18px 16px;\n      }\n      #ts-frambuesa-resumen-teaser .ts-item {\n        gap: 10px;\n        padding: 11px 12px;\n      }\n      #ts-frambuesa-resumen-teaser .ts-mark {\n        flex-basis: 24px;\n        width: 24px;\n        height: 24px;\n        font-size: 14px;\n      }\n      #ts-frambuesa-resumen-teaser .ts-item-text {\n        font-size: 14.5px;\n      }\n    }\n  <\/style>\n\n  <div class=\"ts-head\">\n    <svg width=\"30\" height=\"30\" viewBox=\"0 0 30 30\" xmlns=\"http:\/\/www.w3.org\/2000\/svg\" aria-hidden=\"true\">\n      <circle cx=\"15\" cy=\"15\" r=\"14\" fill=\"#0077b6\"><\/circle>\n      <path d=\"M15 9v12M9 15h12\" stroke=\"#ffffff\" stroke-width=\"2.5\" stroke-linecap=\"round\"><\/path>\n    <\/svg>\n    <span class=\"ts-badge\">Resumen<\/span>\n  <\/div>\n\n  <div class=\"ts-item\">\n    <span class=\"ts-mark\" aria-hidden=\"true\">+<\/span>\n    <span class=\"ts-item-text\">La frambuesa aporta cerca de 8 gramos de fibra por taza, superando con holgura los 4 gramos de la manzana.<\/span>\n  <\/div>\n\n  <div class=\"ts-item\">\n    <span class=\"ts-mark\" aria-hidden=\"true\">+<\/span>\n    <span class=\"ts-item-text\">Los datos de la USDA confirman 6,5 g de fibra por cada 100 gramos, gracias en parte a sus diminutas semillas.<\/span>\n  <\/div>\n\n  <div class=\"ts-item\">\n    <span class=\"ts-mark\" aria-hidden=\"true\">+<\/span>\n    <span class=\"ts-item-text\">Otras aliadas destacadas por porci\u00f3n realista son la pera con c\u00e1scara, la ciruela pasa y el aguacate.<\/span>\n  <\/div>\n\n  <div class=\"ts-item\">\n    <span class=\"ts-mark\" aria-hidden=\"true\">+<\/span>\n    <span class=\"ts-item-text\">Un incremento gradual de fibra acompa\u00f1ado de agua evita molestias digestivas y optimiza el tr\u00e1nsito intestinal.<\/span>\n  <\/div>\n<\/div>\n<!-- ===== TS-COMPONENTE-1-FRAMBUESA-RESUMEN-FIM ===== -->\n\n\n\n<p class=\"wp-block-paragraph\">Cuando se habla de fibra, la manzana suele llevarse el cr\u00e9dito. Pero no es la que m\u00e1s aporta por porci\u00f3n. Hay una fruta peque\u00f1a y colorida que la supera con holgura, y el dato sorprende a mucha gente.<\/p>\n\n\n\n<h2 class=\"wp-block-heading\">\u00bfPor qu\u00e9 la manzana no gana esta carrera?<\/h2>\n\n\n<div class=\"wp-block-image\">\n<figure class=\"aligncenter size-large is-resized\"><img decoding=\"async\" width=\"1024\" height=\"573\" src=\"https:\/\/www.tuasaude.com\/es\/news\/wp-content\/uploads\/2026\/09\/magnific_section-1-title-la-fruta-_79ZSi3kJAL-1024x573.png\" alt=\"\" class=\"wp-image-19810\" style=\"aspect-ratio:1.7871557131169893;width:1170px;height:auto\" srcset=\"https:\/\/www.tuasaude.com\/es\/news\/wp-content\/uploads\/2026\/09\/magnific_section-1-title-la-fruta-_79ZSi3kJAL-1024x573.png 1024w, https:\/\/www.tuasaude.com\/es\/news\/wp-content\/uploads\/2026\/09\/magnific_section-1-title-la-fruta-_79ZSi3kJAL-300x168.png 300w, https:\/\/www.tuasaude.com\/es\/news\/wp-content\/uploads\/2026\/09\/magnific_section-1-title-la-fruta-_79ZSi3kJAL-767x429.png 767w, https:\/\/www.tuasaude.com\/es\/news\/wp-content\/uploads\/2026\/09\/magnific_section-1-title-la-fruta-_79ZSi3kJAL-750x419.png 750w, https:\/\/www.tuasaude.com\/es\/news\/wp-content\/uploads\/2026\/09\/magnific_section-1-title-la-fruta-_79ZSi3kJAL-1140x637.png 1140w, https:\/\/www.tuasaude.com\/es\/news\/wp-content\/uploads\/2026\/09\/magnific_section-1-title-la-fruta-_79ZSi3kJAL.png 1344w\" sizes=\"(max-width: 1024px) 100vw, 1024px\" \/><figcaption class=\"wp-element-caption\">Las frambuesas destacan por su alto contenido en fibra, especialmente cuando se consumen enteras y con sus peque\u00f1as semillas.<\/figcaption><\/figure>\n<\/div>\n\n\n<p class=\"wp-block-paragraph\">Una manzana mediana con c\u00e1scara ronda los&nbsp;<strong>4 gramos de fibra<\/strong>. Est\u00e1 bien, pero queda lejos de la verdadera campeona. La fruta con m\u00e1s fibra por porci\u00f3n es la&nbsp;<strong>frambuesa<\/strong>, que en una taza aporta cerca de 8 gramos, casi el doble que la manzana. Ese es el coraz\u00f3n de este texto: la frambuesa encabeza la lista de frutas comunes, y entender por qu\u00e9 ayuda a comer mejor cada d\u00eda. Vale aclarar que hablamos de&nbsp;<strong>fibra por porci\u00f3n<\/strong>&nbsp;realista, la que una persona come de una sentada, no por cada 100 gramos en abstracto.<\/p>\n\n\n\n<p class=\"wp-block-paragraph\">No, la manzana no es la reina de la fibra. Sigue siendo una fruta valiosa por su agua y sus antioxidantes, pero si buscas el mayor aporte de fibra por bocado, conviene mirar hacia las bayas. La fama de la manzana viene de un dicho popular, no de sus gramos de fibra, y ese detalle vale la pena aclararlo.<\/p>\n\n\n\n<h2 class=\"wp-block-heading\">\u00bfCu\u00e1nta fibra tiene realmente la frambuesa?<\/h2>\n\n\n\n<p class=\"wp-block-paragraph\">Las tablas de composici\u00f3n oficiales lo confirman. Seg\u00fan los datos de la base FoodData Central del Departamento de Agricultura de Estados Unidos (USDA), la frambuesa cruda contiene&nbsp;<a href=\"https:\/\/fdc.nal.usda.gov\/\" target=\"_blank\" rel=\"noopener\">alrededor de 6,5 gramos de fibra por cada 100 gramos<\/a>, lo que equivale a cerca de&nbsp;<strong>8 gramos en una taza<\/strong>. Esa cifra la coloca por encima de casi cualquier fruta de consumo habitual.<\/p>\n\n\n\n<p class=\"wp-block-paragraph\">Buena parte de esa fibra viene con las semillas diminutas que se sienten al morderla. Por eso conviene comerla entera y no colada en un jugo, donde se pierde justo lo que la hace especial. Fresca o congelada, la frambuesa mantiene casi toda su fibra, as\u00ed que fuera de temporada sigue siendo una gran opci\u00f3n.<\/p>\n\n\n\n<!-- ===== TS-COMPONENTE-2-FRAMBUESA-COMPARATIVA-INICIO ===== -->\n<div id=\"ts-frambuesa-comparativa-widget\">\n  <style>\n    #ts-frambuesa-comparativa-widget * {\n      box-sizing: border-box;\n    }\n\n    #ts-frambuesa-comparativa-widget {\n      font-family: -apple-system, 'Segoe UI', Roboto, Arial, sans-serif;\n      background: #ffffff;\n      border: 1px solid #cce3ed;\n      border-radius: 14px;\n      padding: 24px;\n      max-width: 640px;\n      margin: 32px auto;\n      box-shadow: 0 4px 16px rgba(0,119,182,0.06);\n    }\n\n    #ts-frambuesa-comparativa-widget .ts-widget-title {\n      font-size: 20px;\n      font-weight: 700;\n      color: #1d3557;\n      line-height: 1.3;\n      margin-bottom: 6px;\n    }\n\n    #ts-frambuesa-comparativa-widget .ts-widget-intro {\n      font-size: 15px;\n      color: #457b9d;\n      line-height: 1.5;\n      margin-bottom: 20px;\n    }\n\n    #ts-frambuesa-comparativa-widget .ts-grid {\n      display: grid;\n      grid-template-columns: repeat(2, 1fr);\n      gap: 12px;\n      margin-bottom: 20px;\n    }\n\n    #ts-frambuesa-comparativa-widget .ts-card {\n      background: #f7fafc;\n      border: 1px solid #d8e2ec;\n      border-radius: 10px;\n      padding: 16px;\n      transition: all 0.2s ease;\n    }\n\n    #ts-frambuesa-comparativa-widget .ts-card.ts-featured {\n      background: #f0f7fb;\n      border-color: #0077b6;\n      border-width: 2px;\n    }\n\n    #ts-frambuesa-comparativa-widget .ts-fruit-name {\n      font-size: 16px;\n      font-weight: 700;\n      color: #1d3557;\n      margin-bottom: 4px;\n    }\n\n    #ts-frambuesa-comparativa-widget .ts-fruit-fiber {\n      font-size: 22px;\n      font-weight: 800;\n      color: #0077b6;\n      margin-bottom: 6px;\n    }\n\n    #ts-frambuesa-comparativa-widget .ts-fruit-desc {\n      font-size: 13.5px;\n      color: #4a5568;\n      line-height: 1.4;\n    }\n\n    #ts-frambuesa-comparativa-widget .ts-widget-footer {\n      font-size: 13px;\n      color: #457b9d;\n      text-align: center;\n      border-top: 1px solid #cce3ed;\n      padding-top: 16px;\n    }\n\n    @media (max-width: 540px) {\n      #ts-frambuesa-comparativa-widget .ts-grid {\n        grid-template-columns: 1fr;\n      }\n      #ts-frambuesa-comparativa-widget {\n        padding: 20px 16px;\n      }\n    }\n  <\/style>\n\n  <div class=\"ts-widget-title\">Comparativa de fibra por porci\u00f3n habitual<\/div>\n  <div class=\"ts-widget-intro\">\n    <span style=\"display:block;\">Descubre cu\u00e1nta fibra aportan las frutas m\u00e1s populares frente a la campeona indiscutible:<\/span>\n  <\/div>\n\n  <div class=\"ts-grid\">\n    <div class=\"ts-card ts-featured\">\n      <div class=\"ts-fruit-name\">\ud83c\udf53 Frambuesa<\/div>\n      <div class=\"ts-fruit-fiber\">~8 g<\/div>\n      <div class=\"ts-fruit-desc\">Por 1 taza (aprox. 123 g). La reina absoluta por porci\u00f3n realista.<\/div>\n    <\/div>\n\n    <div class=\"ts-card\">\n      <div class=\"ts-fruit-name\">\ud83e\udd51 Aguacate<\/div>\n      <div class=\"ts-fruit-fiber\">~7 g<\/div>\n      <div class=\"ts-fruit-desc\">Por medio fruto. Excelente densidad de grasas saludables y fibra.<\/div>\n    <\/div>\n\n    <div class=\"ts-card\">\n      <div class=\"ts-fruit-name\">\ud83c\udf50 Pera<\/div>\n      <div class=\"ts-fruit-fiber\">~5 &#8211; 6 g<\/div>\n      <div class=\"ts-fruit-desc\">Por unidad mediana consumida entera con su c\u00e1scara.<\/div>\n    <\/div>\n\n    <div class=\"ts-card\">\n      <div class=\"ts-fruit-name\">\ud83c\udf4e Manzana<\/div>\n      <div class=\"ts-fruit-fiber\">~4 g<\/div>\n      <div class=\"ts-fruit-desc\">Por unidad mediana con c\u00e1scara. Qued\u00f3 relegada al segundo plano.<\/div>\n    <\/div>\n  <\/div>\n\n  <div class=\"ts-widget-footer\">\n    <span style=\"display:block;\">Valores de referencia basados en tablas de composici\u00f3n de alimentos de la USDA.<\/span>\n  <\/div>\n<\/div>\n<!-- ===== TS-COMPONENTE-2-FRAMBUESA-COMPARATIVA-FIM ===== -->\n\n\n\n<h2 class=\"wp-block-heading\">\u00bfQu\u00e9 otras frutas se le acercan?<\/h2>\n\n\n\n<p class=\"wp-block-paragraph\">La frambuesa no compite sola. La pera con c\u00e1scara aporta alrededor de 5 a 6 gramos por unidad, la ciruela pasa concentra mucha fibra en poco volumen y el aguacate suma cerca de 7 gramos por medio fruto. Todas son buenas aliadas del intestino y del coraz\u00f3n.<\/p>\n\n\n\n<p class=\"wp-block-paragraph\">Aun as\u00ed, por porci\u00f3n pr\u00e1ctica, la frambuesa se mantiene arriba. Combinar varias de estas frutas a lo largo del d\u00eda es la forma m\u00e1s simple de llegar a la meta sin esfuerzo ni cuentas complicadas. La c\u00e1scara suele guardar la mayor parte de la fibra, de modo que pelar la fruta reduce el aporte sin que lo notemos.<\/p>\n\n\n\n<h2 class=\"wp-block-heading\">\u00bfQu\u00e9 pasa en el cuerpo si comes m\u00e1s fibra?<\/h2>\n\n\n<div class=\"wp-block-image\">\n<figure class=\"aligncenter size-large is-resized\"><img decoding=\"async\" width=\"1024\" height=\"573\" src=\"https:\/\/www.tuasaude.com\/es\/news\/wp-content\/uploads\/2026\/09\/magnific_corpo-a-closeup-editorial_vQKtqFda47-1024x573.png\" alt=\"\" class=\"wp-image-19811\" style=\"aspect-ratio:1.7871557131169893;width:1170px;height:auto\" srcset=\"https:\/\/www.tuasaude.com\/es\/news\/wp-content\/uploads\/2026\/09\/magnific_corpo-a-closeup-editorial_vQKtqFda47-1024x573.png 1024w, https:\/\/www.tuasaude.com\/es\/news\/wp-content\/uploads\/2026\/09\/magnific_corpo-a-closeup-editorial_vQKtqFda47-300x168.png 300w, https:\/\/www.tuasaude.com\/es\/news\/wp-content\/uploads\/2026\/09\/magnific_corpo-a-closeup-editorial_vQKtqFda47-767x429.png 767w, https:\/\/www.tuasaude.com\/es\/news\/wp-content\/uploads\/2026\/09\/magnific_corpo-a-closeup-editorial_vQKtqFda47-750x419.png 750w, https:\/\/www.tuasaude.com\/es\/news\/wp-content\/uploads\/2026\/09\/magnific_corpo-a-closeup-editorial_vQKtqFda47-1140x637.png 1140w, https:\/\/www.tuasaude.com\/es\/news\/wp-content\/uploads\/2026\/09\/magnific_corpo-a-closeup-editorial_vQKtqFda47.png 1344w\" sizes=\"(max-width: 1024px) 100vw, 1024px\" \/><figcaption class=\"wp-element-caption\">A\u00f1adir frambuesas al yogur es una forma sencilla de aumentar la fibra de una comida y sumar fruta fresca a la alimentaci\u00f3n diaria.<\/figcaption><\/figure>\n<\/div>\n\n\n<p class=\"wp-block-paragraph\">Al subir la fibra, el tr\u00e1nsito intestinal se vuelve m\u00e1s regular y las evacuaciones m\u00e1s f\u00e1ciles. La&nbsp;<a href=\"https:\/\/www.tuasaude.com\/es\/fibra-soluble\/\" target=\"_blank\" rel=\"noopener\">fibra soluble<\/a>&nbsp;adem\u00e1s ayuda a controlar la glucosa despu\u00e9s de comer y contribuye a mantener el colesterol a raya. Tambi\u00e9n alimenta a las bacterias buenas del intestino, que cuidan la digesti\u00f3n y las defensas. Con el tiempo, una dieta rica en fibra se asocia a un mejor control del peso, porque sacia m\u00e1s y retrasa el hambre entre comidas.<\/p>\n\n\n\n<p class=\"wp-block-paragraph\">El cambio debe ser gradual. Pasar de golpe a mucha fibra sin tomar suficiente agua puede causar gases e hinchaz\u00f3n, un efecto molesto que se evita subiendo la cantidad poco a poco y bebiendo l\u00edquidos a lo largo del d\u00eda.<\/p>\n\n\n\n<h2 class=\"wp-block-heading\">\u00bfCu\u00e1nta fibra necesitas cada d\u00eda?<\/h2>\n\n\n\n<p class=\"wp-block-paragraph\">La recomendaci\u00f3n general ronda los&nbsp;<strong>25 a 30 gramos diarios<\/strong>, una cifra que la mayor\u00eda de las personas no alcanza. Una taza de frambuesas cubre casi un tercio de esa meta, y sumar verduras, legumbres y granos integrales completa el resto sin complicaciones.<\/p>\n\n\n\n<p class=\"wp-block-paragraph\">Repartir la fibra en varias comidas sienta mejor que concentrarla en una sola. As\u00ed el cuerpo la aprovecha con calma y el intestino no se resiente. Una fruta en el desayuno, legumbres en el almuerzo y verduras en la cena forman una base s\u00f3lida. No hace falta pesar cada alimento: basta con priorizar productos enteros y variados en cada plato del d\u00eda.<\/p>\n\n\n\n<h2 class=\"wp-block-heading\">\u00bfHace falta un suplemento de fibra?<\/h2>\n\n\n\n<p class=\"wp-block-paragraph\">Para la mayor\u00eda, no. Si comes frutas enteras, verduras y legumbres a diario, dif\u00edcilmente necesites un suplemento. Estos productos pueden ayudar a personas con indicaciones puntuales, pero no reemplazan lo que aporta la comida real, con sus vitaminas, minerales y antioxidantes.<\/p>\n\n\n\n<p class=\"wp-block-paragraph\">Si tienes estre\u00f1imiento persistente, dolor o cambios en el ritmo intestinal, conviene consultar antes de recurrir a suplementos por cuenta propia. La&nbsp;<a href=\"https:\/\/www.tuasaude.com\/es\/ciruela-pasa\/\" target=\"_blank\" rel=\"noopener\">ciruela pasa<\/a>&nbsp;y otras frutas suelen ser el primer paso natural y suave, m\u00e1s barato y con beneficios extra frente a un producto aislado.<\/p>\n\n\n\n<p class=\"wp-block-paragraph\"><strong>Esta informaci\u00f3n es orientativa<\/strong>&nbsp;y no sustituye la evaluaci\u00f3n de un profesional de la salud. Ante molestias digestivas que no mejoran, consulta con tu m\u00e9dico o nutricionista de confianza.<\/p>\n","protected":false},"excerpt":{"rendered":"<p>Resumen + La frambuesa aporta cerca de 8 gramos de fibra por taza, superando con holgura los 4 gramos de la manzana. + Los datos de la USDA confirman 6,5 g de fibra por cada 100 gramos, gracias en parte a sus diminutas semillas. + Otras aliadas destacadas por porci\u00f3n realista son la pera con [&hellip;]<\/p>\n","protected":false},"author":14,"featured_media":19812,"comment_status":"open","ping_status":"open","sticky":false,"template":"","format":"standard","meta":{"jnews-multi-image_gallery":[],"jnews_single_post":{"format":"standard"},"jnews_primary_category":[],"jnews_social_meta":[],"jnews_override_counter":[],"footnotes":""},"categories":[1],"tags":[20459,12508,20669,20668,20670,17628],"class_list":["post-19744","post","type-post","status-publish","format-standard","has-post-thumbnail","hentry","category-bienestar","tag-alimentacion-saludable-2","tag-fibra","tag-fibra-dietetica-2","tag-frambuesa","tag-fruta-con-mas-fibra","tag-salud-intestinal"],"yoast_head":"<!-- This site is optimized with the Yoast SEO plugin v28.3 - https:\/\/yoast.com\/product\/yoast-seo-wordpress\/ -->\n<title>La fruta con m\u00e1s fibra por porci\u00f3n y no es la manzana - Tua Saude<\/title>\n<meta name=\"description\" content=\"\u00bfCu\u00e1l es la fruta con m\u00e1s fibra por porci\u00f3n? No es la manzana: te contamos cu\u00e1l gana, cu\u00e1nta fibra aporta y qu\u00e9 pasa en el cuerpo si comes m\u00e1s fibra cada d\u00eda.\" \/>\n<meta name=\"robots\" content=\"index, follow, max-snippet:-1, max-image-preview:large, max-video-preview:-1\" \/>\n<link rel=\"canonical\" href=\"https:\/\/www.tuasaude.com\/es\/news\/2026\/09\/02\/la-fruta-con-mas-fibra-por-porcion-y-no-es-la-manzana\/\" \/>\n<meta property=\"og:locale\" content=\"es_ES\" \/>\n<meta property=\"og:type\" content=\"article\" \/>\n<meta property=\"og:title\" content=\"La fruta con m\u00e1s fibra por porci\u00f3n y no es la manzana - Tua Saude\" \/>\n<meta property=\"og:description\" content=\"\u00bfCu\u00e1l es la fruta con m\u00e1s fibra por porci\u00f3n? No es la manzana: te contamos cu\u00e1l gana, cu\u00e1nta fibra aporta y qu\u00e9 pasa en el cuerpo si comes m\u00e1s fibra cada d\u00eda.\" \/>\n<meta property=\"og:url\" content=\"https:\/\/www.tuasaude.com\/es\/news\/2026\/09\/02\/la-fruta-con-mas-fibra-por-porcion-y-no-es-la-manzana\/\" \/>\n<meta property=\"og:site_name\" content=\"Tua Saude\" \/>\n<meta property=\"article:published_time\" content=\"2026-09-01T23:20:00+00:00\" \/>\n<meta property=\"og:image\" content=\"https:\/\/www.tuasaude.com\/es\/news\/wp-content\/uploads\/2026\/09\/magnific_destacada-a-generous-cera_lJNjPwJgv9.png\" \/>\n\t<meta property=\"og:image:width\" content=\"1344\" \/>\n\t<meta property=\"og:image:height\" content=\"752\" \/>\n\t<meta property=\"og:image:type\" content=\"image\/png\" \/>\n<meta name=\"author\" content=\"Jo\u00e3o Victor\" \/>\n<meta name=\"twitter:card\" content=\"summary_large_image\" \/>\n<meta name=\"twitter:label1\" content=\"Escrito por\" \/>\n\t<meta name=\"twitter:data1\" content=\"Jo\u00e3o Victor\" \/>\n\t<meta name=\"twitter:label2\" content=\"Tiempo de lectura\" \/>\n\t<meta name=\"twitter:data2\" content=\"6 minutos\" \/>\n<!-- \/ Yoast SEO plugin. -->","yoast_head_json":{"title":"La fruta con m\u00e1s fibra por porci\u00f3n y no es la manzana - Tua Saude","description":"\u00bfCu\u00e1l es la fruta con m\u00e1s fibra por porci\u00f3n? No es la manzana: te contamos cu\u00e1l gana, cu\u00e1nta fibra aporta y qu\u00e9 pasa en el cuerpo si comes m\u00e1s fibra cada d\u00eda.","robots":{"index":"index","follow":"follow","max-snippet":"max-snippet:-1","max-image-preview":"max-image-preview:large","max-video-preview":"max-video-preview:-1"},"canonical":"https:\/\/www.tuasaude.com\/es\/news\/2026\/09\/02\/la-fruta-con-mas-fibra-por-porcion-y-no-es-la-manzana\/","og_locale":"es_ES","og_type":"article","og_title":"La fruta con m\u00e1s fibra por porci\u00f3n y no es la manzana - Tua Saude","og_description":"\u00bfCu\u00e1l es la fruta con m\u00e1s fibra por porci\u00f3n? No es la manzana: te contamos cu\u00e1l gana, cu\u00e1nta fibra aporta y qu\u00e9 pasa en el cuerpo si comes m\u00e1s fibra cada d\u00eda.","og_url":"https:\/\/www.tuasaude.com\/es\/news\/2026\/09\/02\/la-fruta-con-mas-fibra-por-porcion-y-no-es-la-manzana\/","og_site_name":"Tua Saude","article_published_time":"2026-09-01T23:20:00+00:00","og_image":[{"width":1344,"height":752,"url":"https:\/\/www.tuasaude.com\/es\/news\/wp-content\/uploads\/2026\/09\/magnific_destacada-a-generous-cera_lJNjPwJgv9.png","type":"image\/png"}],"author":"Jo\u00e3o Victor","twitter_card":"summary_large_image","twitter_misc":{"Escrito por":"Jo\u00e3o Victor","Tiempo de lectura":"6 minutos"},"schema":{"@context":"https:\/\/schema.org","@graph":[{"@type":"Article","@id":"https:\/\/www.tuasaude.com\/es\/news\/2026\/09\/02\/la-fruta-con-mas-fibra-por-porcion-y-no-es-la-manzana\/#article","isPartOf":{"@id":"https:\/\/www.tuasaude.com\/es\/news\/2026\/09\/02\/la-fruta-con-mas-fibra-por-porcion-y-no-es-la-manzana\/"},"author":{"name":"Jo\u00e3o Victor","@id":"https:\/\/www.tuasaude.com\/es\/news\/#\/schema\/person\/16a4d193b08b5d0f589edf44bf2a7fab"},"headline":"La fruta con m\u00e1s fibra por porci\u00f3n y no es la manzana","datePublished":"2026-09-01T23:20:00+00:00","mainEntityOfPage":{"@id":"https:\/\/www.tuasaude.com\/es\/news\/2026\/09\/02\/la-fruta-con-mas-fibra-por-porcion-y-no-es-la-manzana\/"},"wordCount":1057,"commentCount":0,"image":{"@id":"https:\/\/www.tuasaude.com\/es\/news\/2026\/09\/02\/la-fruta-con-mas-fibra-por-porcion-y-no-es-la-manzana\/#primaryimage"},"thumbnailUrl":"https:\/\/www.tuasaude.com\/es\/news\/wp-content\/uploads\/2026\/09\/magnific_destacada-a-generous-cera_lJNjPwJgv9.png","keywords":["alimentacion saludable","fibra","fibra dietetica","frambuesa","fruta con mas fibra","salud intestinal"],"articleSection":["Bienestar"],"inLanguage":"es","potentialAction":[{"@type":"CommentAction","name":"Comment","target":["https:\/\/www.tuasaude.com\/es\/news\/2026\/09\/02\/la-fruta-con-mas-fibra-por-porcion-y-no-es-la-manzana\/#respond"]}]},{"@type":"WebPage","@id":"https:\/\/www.tuasaude.com\/es\/news\/2026\/09\/02\/la-fruta-con-mas-fibra-por-porcion-y-no-es-la-manzana\/","url":"https:\/\/www.tuasaude.com\/es\/news\/2026\/09\/02\/la-fruta-con-mas-fibra-por-porcion-y-no-es-la-manzana\/","name":"La fruta con m\u00e1s fibra por porci\u00f3n y no es la manzana - Tua Saude","isPartOf":{"@id":"https:\/\/www.tuasaude.com\/es\/news\/#website"},"primaryImageOfPage":{"@id":"https:\/\/www.tuasaude.com\/es\/news\/2026\/09\/02\/la-fruta-con-mas-fibra-por-porcion-y-no-es-la-manzana\/#primaryimage"},"image":{"@id":"https:\/\/www.tuasaude.com\/es\/news\/2026\/09\/02\/la-fruta-con-mas-fibra-por-porcion-y-no-es-la-manzana\/#primaryimage"},"thumbnailUrl":"https:\/\/www.tuasaude.com\/es\/news\/wp-content\/uploads\/2026\/09\/magnific_destacada-a-generous-cera_lJNjPwJgv9.png","datePublished":"2026-09-01T23:20:00+00:00","author":{"@id":"https:\/\/www.tuasaude.com\/es\/news\/#\/schema\/person\/16a4d193b08b5d0f589edf44bf2a7fab"},"description":"\u00bfCu\u00e1l es la fruta con m\u00e1s fibra por porci\u00f3n? No es la manzana: te contamos cu\u00e1l gana, cu\u00e1nta fibra aporta y qu\u00e9 pasa en el cuerpo si comes m\u00e1s fibra cada d\u00eda.","breadcrumb":{"@id":"https:\/\/www.tuasaude.com\/es\/news\/2026\/09\/02\/la-fruta-con-mas-fibra-por-porcion-y-no-es-la-manzana\/#breadcrumb"},"inLanguage":"es","potentialAction":[{"@type":"ReadAction","target":["https:\/\/www.tuasaude.com\/es\/news\/2026\/09\/02\/la-fruta-con-mas-fibra-por-porcion-y-no-es-la-manzana\/"]}]},{"@type":"ImageObject","inLanguage":"es","@id":"https:\/\/www.tuasaude.com\/es\/news\/2026\/09\/02\/la-fruta-con-mas-fibra-por-porcion-y-no-es-la-manzana\/#primaryimage","url":"https:\/\/www.tuasaude.com\/es\/news\/wp-content\/uploads\/2026\/09\/magnific_destacada-a-generous-cera_lJNjPwJgv9.png","contentUrl":"https:\/\/www.tuasaude.com\/es\/news\/wp-content\/uploads\/2026\/09\/magnific_destacada-a-generous-cera_lJNjPwJgv9.png","width":1344,"height":752,"caption":"Las frambuesas destacan por su elevado aporte de fibra por porci\u00f3n frente a otras frutas de consumo habitual. Imagen generada por IA."},{"@type":"BreadcrumbList","@id":"https:\/\/www.tuasaude.com\/es\/news\/2026\/09\/02\/la-fruta-con-mas-fibra-por-porcion-y-no-es-la-manzana\/#breadcrumb","itemListElement":[{"@type":"ListItem","position":1,"name":"Portada","item":"https:\/\/www.tuasaude.com\/es\/news\/"},{"@type":"ListItem","position":2,"name":"La fruta con m\u00e1s fibra por porci\u00f3n y no es la manzana"}]},{"@type":"WebSite","@id":"https:\/\/www.tuasaude.com\/es\/news\/#website","url":"https:\/\/www.tuasaude.com\/es\/news\/","name":"Tua Saude","description":"Tu sitio web de salud","potentialAction":[{"@type":"SearchAction","target":{"@type":"EntryPoint","urlTemplate":"https:\/\/www.tuasaude.com\/es\/news\/?s={search_term_string}"},"query-input":{"@type":"PropertyValueSpecification","valueRequired":true,"valueName":"search_term_string"}}],"inLanguage":"es"},{"@type":"Person","@id":"https:\/\/www.tuasaude.com\/es\/news\/#\/schema\/person\/16a4d193b08b5d0f589edf44bf2a7fab","name":"Jo\u00e3o Victor","image":{"@type":"ImageObject","inLanguage":"es","@id":"https:\/\/secure.gravatar.com\/avatar\/bafb23913f410c1931def6caa7c109c29a2ae52e8b28ea5b93784ed42e035da9?s=96&d=mm&r=g","url":"https:\/\/secure.gravatar.com\/avatar\/bafb23913f410c1931def6caa7c109c29a2ae52e8b28ea5b93784ed42e035da9?s=96&d=mm&r=g","contentUrl":"https:\/\/secure.gravatar.com\/avatar\/bafb23913f410c1931def6caa7c109c29a2ae52e8b28ea5b93784ed42e035da9?s=96&d=mm&r=g","caption":"Jo\u00e3o Victor"},"url":"https:\/\/www.tuasaude.com\/es\/news\/author\/joaomyth\/"}]}},"_links":{"self":[{"href":"https:\/\/www.tuasaude.com\/es\/news\/wp-json\/wp\/v2\/posts\/19744","targetHints":{"allow":["GET"]}}],"collection":[{"href":"https:\/\/www.tuasaude.com\/es\/news\/wp-json\/wp\/v2\/posts"}],"about":[{"href":"https:\/\/www.tuasaude.com\/es\/news\/wp-json\/wp\/v2\/types\/post"}],"author":[{"embeddable":true,"href":"https:\/\/www.tuasaude.com\/es\/news\/wp-json\/wp\/v2\/users\/14"}],"replies":[{"embeddable":true,"href":"https:\/\/www.tuasaude.com\/es\/news\/wp-json\/wp\/v2\/comments?post=19744"}],"version-history":[{"count":1,"href":"https:\/\/www.tuasaude.com\/es\/news\/wp-json\/wp\/v2\/posts\/19744\/revisions"}],"predecessor-version":[{"id":19813,"href":"https:\/\/www.tuasaude.com\/es\/news\/wp-json\/wp\/v2\/posts\/19744\/revisions\/19813"}],"wp:featuredmedia":[{"embeddable":true,"href":"https:\/\/www.tuasaude.com\/es\/news\/wp-json\/wp\/v2\/media\/19812"}],"wp:attachment":[{"href":"https:\/\/www.tuasaude.com\/es\/news\/wp-json\/wp\/v2\/media?parent=19744"}],"wp:term":[{"taxonomy":"category","embeddable":true,"href":"https:\/\/www.tuasaude.com\/es\/news\/wp-json\/wp\/v2\/categories?post=19744"},{"taxonomy":"post_tag","embeddable":true,"href":"https:\/\/www.tuasaude.com\/es\/news\/wp-json\/wp\/v2\/tags?post=19744"}],"curies":[{"name":"wp","href":"https:\/\/api.w.org\/{rel}","templated":true}]}}