{"id":19653,"date":"2026-09-02T10:48:00","date_gmt":"2026-09-02T09:48:00","guid":{"rendered":"https:\/\/www.tuasaude.com\/es\/news\/?p=19653"},"modified":"2026-09-01T21:46:10","modified_gmt":"2026-09-01T20:46:10","slug":"bulto-en-el-cuello-que-puede-ser-cuando-preocuparse-y-que-pruebas-se-realizan","status":"publish","type":"post","link":"https:\/\/www.tuasaude.com\/es\/news\/2026\/09\/02\/bulto-en-el-cuello-que-puede-ser-cuando-preocuparse-y-que-pruebas-se-realizan\/","title":{"rendered":"Bulto en el cuello: qu\u00e9 puede ser, cu\u00e1ndo preocuparse y qu\u00e9 pruebas se realizan"},"content":{"rendered":"\n<p class=\"wp-block-paragraph\">Descubrir un bulto en el cuello genera una preocupaci\u00f3n casi inmediata. La mayor\u00eda de las personas lo detectan al mirarse al espejo, al afeitarse, al aplicarse una crema o de forma casual al tocarse la zona, y la primera reacci\u00f3n suele ser pensar en algo grave. Sin embargo, la realidad es que la mayor\u00eda de los bultos cervicales tienen un origen benigno y muchos desaparecen solos en pocos d\u00edas. El cuello contiene ganglios linf\u00e1ticos, m\u00fasculos, gl\u00e1ndulas salivares, la gl\u00e1ndula tiroides, vasos sangu\u00edneos y tejido graso, y cualquiera de esas estructuras puede dar lugar a una masa o inflamaci\u00f3n perceptible. Conocer las caracter\u00edsticas del bulto es el primer paso para interpretar lo que puede estar indicando.<\/p>\n\n\n\n<h2 class=\"wp-block-heading\">Las causas m\u00e1s frecuentes de un bulto en el cuello y c\u00f3mo reconocerlas<\/h2>\n\n\n\n<p class=\"wp-block-paragraph\">La causa m\u00e1s frecuente de bulto en el cuello, especialmente en ni\u00f1os y adultos j\u00f3venes, son los ganglios linf\u00e1ticos inflamados. Los ganglios linf\u00e1ticos forman parte del sistema inmunitario y act\u00faan como filtros frente a infecciones. Cuando existe un catarro, una faringitis, una infecci\u00f3n dental o incluso una peque\u00f1a herida en la cabeza o el cuello, los ganglios de la zona aumentan de tama\u00f1o como respuesta defensiva normal. Son redondeados o ligeramente ovalados, se pueden mover al tocarlos, pueden resultar dolorosos al presionar y suelen disminuir de tama\u00f1o en una a dos semanas cuando la infecci\u00f3n se resuelve. Cuando un ganglio permanece aumentado durante m\u00e1s de tres semanas o contin\u00faa creciendo, la evaluaci\u00f3n m\u00e9dica es necesaria.<\/p>\n\n\n\n<p class=\"wp-block-paragraph\">Los lipomas son tumores benignos formados por tejido graso, blandos, desplazables bajo la piel, de crecimiento muy lento y habitualmente indoloros. Los quistes seb\u00e1ceos o cong\u00e9nitos son igualmente benignos y pueden permanecer estables durante a\u00f1os o infectarse temporalmente produciendo dolor e inflamaci\u00f3n. La inflamaci\u00f3n de las gl\u00e1ndulas salivares, especialmente la par\u00f3tida y la submaxilar, puede producir bultos dolorosos en el \u00e1ngulo de la mand\u00edbula o debajo de ella, frecuentemente relacionados con infecciones o c\u00e1lculos en los conductos salivares. Una revisi\u00f3n publicada en la revista <em>Head and Neck<\/em> en 2023 confirm\u00f3 que <a href=\"https:\/\/pubmed.ncbi.nlm.nih.gov\/36856348\/\" target=\"_blank\" rel=\"noopener\">las adenopat\u00edas reactivas por infecci\u00f3n viral o bacteriana representan la causa m\u00e1s frecuente de masa cervical en adultos menores de 40 a\u00f1os, mientras que en adultos mayores de 40 a\u00f1os la proporci\u00f3n de causas malignas aumenta de forma significativa, lo que hace que la edad sea el factor cl\u00ednico m\u00e1s relevante para establecer la urgencia de la evaluaci\u00f3n<\/a>.<\/p>\n\n\n\n<figure class=\"wp-block-image size-large\"><img decoding=\"async\" width=\"1024\" height=\"576\" src=\"https:\/\/www.tuasaude.com\/es\/news\/wp-content\/uploads\/2026\/09\/Bulto_en_el_cuello_cuando_202609011027-1-1024x576.jpeg\" alt=\"Ganglios, tiroides y gl\u00e1ndulas salivares: claves para identificar el origen del bulto.\" class=\"wp-image-19656\" srcset=\"https:\/\/www.tuasaude.com\/es\/news\/wp-content\/uploads\/2026\/09\/Bulto_en_el_cuello_cuando_202609011027-1-1024x576.jpeg 1024w, https:\/\/www.tuasaude.com\/es\/news\/wp-content\/uploads\/2026\/09\/Bulto_en_el_cuello_cuando_202609011027-1-300x169.jpeg 300w, https:\/\/www.tuasaude.com\/es\/news\/wp-content\/uploads\/2026\/09\/Bulto_en_el_cuello_cuando_202609011027-1-768x432.jpeg 768w, https:\/\/www.tuasaude.com\/es\/news\/wp-content\/uploads\/2026\/09\/Bulto_en_el_cuello_cuando_202609011027-1-750x422.jpeg 750w, https:\/\/www.tuasaude.com\/es\/news\/wp-content\/uploads\/2026\/09\/Bulto_en_el_cuello_cuando_202609011027-1-1140x641.jpeg 1140w, https:\/\/www.tuasaude.com\/es\/news\/wp-content\/uploads\/2026\/09\/Bulto_en_el_cuello_cuando_202609011027-1.jpeg 1280w\" sizes=\"(max-width: 1024px) 100vw, 1024px\" \/><figcaption class=\"wp-element-caption\">Ganglios, tiroides y gl\u00e1ndulas salivares: claves para identificar el origen del bulto.<\/figcaption><\/figure>\n\n\n\n<h2 class=\"wp-block-heading\">N\u00f3dulos tiroideos y gl\u00e1ndulas salivares: cu\u00e1ndo el bulto viene de dentro<\/h2>\n\n\n\n<p class=\"wp-block-paragraph\">La gl\u00e1ndula tiroides se encuentra en la parte anterior del cuello, por debajo de la laringe, y puede aumentar de tama\u00f1o de forma difusa produciendo un bocio, o desarrollar n\u00f3dulos localizados. Un bulto en la zona central anterior del cuello que se mueve al tragar es caracter\u00edstico de origen tiroideo. Muchos n\u00f3dulos tiroideos son completamente benignos y no producen s\u00edntomas, aunque en ocasiones pueden asociarse a alteraciones hormonales como el hipertiroidismo, especialmente cuando el n\u00f3dulo es funcionante, o requerir un estudio espec\u00edfico para descartar malignidad. La ecograf\u00eda tiroidea y, en determinados casos, la punci\u00f3n aspirativa con aguja fina son las pruebas que orientan hacia el manejo correcto.<\/p>\n\n\n\n<p class=\"wp-block-paragraph\">Un bulto debajo de la mand\u00edbula es una de las consultas m\u00e1s frecuentes y puede corresponder a ganglios linf\u00e1ticos submaxilares inflamados, a las propias gl\u00e1ndulas salivares submaxilares o sublinguales, a quistes o a lipomas. Cuando aparece con dolor al tragar, fiebre o molestias dentales, es probable que est\u00e9 relacionado con una infecci\u00f3n de la cavidad oral o las am\u00edgdalas. La mucosa de la orofaringe drena en los ganglios submaxilares y cervicales superiores, y cualquier infecci\u00f3n de esa zona puede producir adenopat\u00edas palpables en esa localizaci\u00f3n. Para entender mejor <a href=\"https:\/\/www.tuasaude.com\/es\/ganglio-inflamado\/\" target=\"_blank\" rel=\"noopener\">qu\u00e9 son los ganglios linf\u00e1ticos, por qu\u00e9 se inflaman, cu\u00e1ndo es normal que est\u00e9n aumentados y cu\u00e1ndo requieren biopsia<\/a>, conviene revisar tambi\u00e9n las diferencias entre la linfadenopat\u00eda reactiva benigna y la linfadenopat\u00eda de causa tumoral en cuanto a caracter\u00edsticas cl\u00ednicas y manejo.<\/p>\n\n\n\n<h2 class=\"wp-block-heading\">Las se\u00f1ales de alarma que justifican evaluaci\u00f3n m\u00e9dica sin demora<\/h2>\n\n\n\n<p class=\"wp-block-paragraph\">No todos los bultos en el cuello requieren evaluaci\u00f3n m\u00e9dica urgente, pero hay caracter\u00edsticas espec\u00edficas que indican que el problema merece ser estudiado sin esperar a que desaparezca solo.<\/p>\n\n\n\n<ul class=\"wp-block-list\">\n<li><strong>Persistencia m\u00e1s de dos a tres semanas<\/strong> sin reducci\u00f3n de tama\u00f1o, especialmente cuando no hay ninguna infecci\u00f3n reciente que lo justifique.<\/li>\n\n\n\n<li><strong>Aumento r\u00e1pido de tama\u00f1o<\/strong> en d\u00edas o semanas, que puede indicar un proceso infeccioso activo o un crecimiento tumoral.<\/li>\n\n\n\n<li><strong>Consistencia dura y falta de movilidad<\/strong> al tocarlo: un bulto que no se desplaza al presionar y que tiene una consistencia p\u00e9trea o le\u00f1osa es sospechoso de malignidad hasta que se demuestre lo contrario.<\/li>\n\n\n\n<li><strong>Ausencia de dolor<\/strong> en un bulto que crece progresivamente: parad\u00f3jicamente, los ganglios reactivos por infecci\u00f3n suelen ser dolorosos, mientras que los ganglios afectados por linfoma o met\u00e1stasis tumorales frecuentemente son indoloros.<\/li>\n\n\n\n<li><strong>P\u00e9rdida de peso involuntaria, sudoraci\u00f3n nocturna o fiebre prolongada<\/strong> acompa\u00f1ando al bulto, que son los s\u00edntomas B del linfoma y que justifican evaluaci\u00f3n hematol\u00f3gica urgente.<\/li>\n\n\n\n<li><strong>Dificultad para tragar o para respirar<\/strong>, que indica que el bulto tiene un tama\u00f1o o una localizaci\u00f3n que compromete estructuras funcionales del cuello.<\/li>\n\n\n\n<li><strong>Ronquera persistente de m\u00e1s de tres semanas<\/strong>, que puede indicar afectaci\u00f3n del nervio recurrente lar\u00edngeo por una masa del cuello o del mediastino.<\/li>\n<\/ul>\n\n\n\n<figure class=\"wp-block-image size-large\"><img decoding=\"async\" width=\"1024\" height=\"576\" src=\"https:\/\/www.tuasaude.com\/es\/news\/wp-content\/uploads\/2026\/09\/Woman_touching_lump_on_neck_202609011025-1-1024x576.jpeg\" alt=\"Un bulto en el cuello puede ser benigno, pero su evoluci\u00f3n orienta la evaluaci\u00f3n.\" class=\"wp-image-19654\" srcset=\"https:\/\/www.tuasaude.com\/es\/news\/wp-content\/uploads\/2026\/09\/Woman_touching_lump_on_neck_202609011025-1-1024x576.jpeg 1024w, https:\/\/www.tuasaude.com\/es\/news\/wp-content\/uploads\/2026\/09\/Woman_touching_lump_on_neck_202609011025-1-300x169.jpeg 300w, https:\/\/www.tuasaude.com\/es\/news\/wp-content\/uploads\/2026\/09\/Woman_touching_lump_on_neck_202609011025-1-768x432.jpeg 768w, https:\/\/www.tuasaude.com\/es\/news\/wp-content\/uploads\/2026\/09\/Woman_touching_lump_on_neck_202609011025-1-750x422.jpeg 750w, https:\/\/www.tuasaude.com\/es\/news\/wp-content\/uploads\/2026\/09\/Woman_touching_lump_on_neck_202609011025-1-1140x641.jpeg 1140w, https:\/\/www.tuasaude.com\/es\/news\/wp-content\/uploads\/2026\/09\/Woman_touching_lump_on_neck_202609011025-1.jpeg 1280w\" sizes=\"(max-width: 1024px) 100vw, 1024px\" \/><figcaption class=\"wp-element-caption\">Un bulto en el cuello puede ser benigno, pero su evoluci\u00f3n orienta la evaluaci\u00f3n.<\/figcaption><\/figure>\n\n\n\n<h2 class=\"wp-block-heading\">Qu\u00e9 pruebas se realizan para identificar la causa del bulto<\/h2>\n\n\n\n<p class=\"wp-block-paragraph\">El m\u00e9dico de medicina general realiza la exploraci\u00f3n inicial y, en funci\u00f3n de las caracter\u00edsticas del bulto y los s\u00edntomas asociados, decide qu\u00e9 pruebas son necesarias y si derivar al especialista correspondiente. No todos los bultos requieren pruebas complementarias, pero cuando el m\u00e9dico necesita confirmar el diagn\u00f3stico tiene varias opciones disponibles.<\/p>\n\n\n\n<ul class=\"wp-block-list\">\n<li><strong>Ecograf\u00eda cervical:<\/strong> es la primera prueba de imagen en la mayor\u00eda de los casos. Permite diferenciar si la lesi\u00f3n corresponde a un ganglio linf\u00e1tico, un quiste, un lipoma o una alteraci\u00f3n de la gl\u00e1ndula tiroides, valorar su tama\u00f1o, su ecoestructura interna y su vascularizaci\u00f3n con doppler. Es r\u00e1pida, sin radiaci\u00f3n y accesible.<\/li>\n\n\n\n<li><strong>Anal\u00edtica de sangre:<\/strong> puede solicitarse cuando existe sospecha de infecci\u00f3n, proceso inflamatorio sist\u00e9mico, mononucleosis infecciosa o alteraciones tiroideas. Los marcadores inflamatorios, el hemograma y las hormonas tiroideas orientan el diagn\u00f3stico en esos contextos.<\/li>\n\n\n\n<li><strong>Punci\u00f3n aspirativa con aguja fina:<\/strong> permite obtener una muestra de c\u00e9lulas del bulto para su an\u00e1lisis citol\u00f3gico, lo que en muchos casos permite confirmar o descartar la malignidad sin necesidad de una biopsia quir\u00fargica. Es una t\u00e9cnica r\u00e1pida y m\u00ednimamente invasiva.<\/li>\n\n\n\n<li><strong>TAC o resonancia magn\u00e9tica:<\/strong> se reservan para situaciones en que es necesario estudiar con mayor detalle las estructuras profundas del cuello, planificar una intervenci\u00f3n quir\u00fargica o estadificar una enfermedad maligna ya confirmada.<\/li>\n<\/ul>\n\n\n\n<h2 class=\"wp-block-heading\">Cu\u00e1ndo derivar y qu\u00e9 especialista es el m\u00e1s adecuado seg\u00fan la causa<\/h2>\n\n\n\n<p class=\"wp-block-paragraph\">El especialista correcto depende de las caracter\u00edsticas del bulto y de los s\u00edntomas asociados. El otorrinolaring\u00f3logo es el especialista de referencia para los bultos cervicales de origen far\u00edngeo, lar\u00edngeo, glandular salival y los ganglios de causa no filiada que requieren estudio. El endocrin\u00f3logo trata los n\u00f3dulos tiroideos y el bocio. El cirujano general o el cirujano de cabeza y cuello interviene cuando el bulto requiere extirpaci\u00f3n. El hemat\u00f3logo es el especialista en linfomas y otras enfermedades del sistema linf\u00e1tico. El dermat\u00f3logo valora los bultos superficiales de origen cut\u00e1neo como los quistes epid\u00e9rmicos y los lipomas peque\u00f1os.<\/p>\n\n\n\n<p class=\"wp-block-paragraph\">La presencia de un bulto en el cuello no permite conocer su origen sin una evaluaci\u00f3n m\u00e9dica, y esperar a que desaparezca solo es razonable cuando tiene las caracter\u00edsticas benignas de un ganglio reactivo reciente y no hay ninguna se\u00f1al de alarma. En cualquier otro caso, especialmente cuando el bulto persiste m\u00e1s de tres semanas, no duele, crece o aparece en una persona mayor de 40 a\u00f1os sin infecci\u00f3n reciente que lo justifique, la evaluaci\u00f3n m\u00e9dica es el paso correcto. <strong>Un diagn\u00f3stico precoz<\/strong> es especialmente determinante en las causas malignas, donde el estadio en el momento del diagn\u00f3stico es el factor que m\u00e1s influye sobre el pron\u00f3stico y las opciones de tratamiento.<\/p>\n\n\n\n<p class=\"wp-block-paragraph\"><em>Este art\u00edculo tiene una finalidad exclusivamente informativa y <strong>no sustituye la evaluaci\u00f3n m\u00e9dica<\/strong> profesional. Ante un bulto en el cuello que persiste, crece o se acompa\u00f1a de cualquiera de las se\u00f1ales de alarma descritas, consulte con su m\u00e9dico sin demora para recibir la evaluaci\u00f3n diagn\u00f3stica adecuada.<\/em><\/p>\n","protected":false},"excerpt":{"rendered":"<p>Descubrir un bulto en el cuello genera una preocupaci\u00f3n casi inmediata. La mayor\u00eda de las personas lo detectan al mirarse al espejo, al afeitarse, al aplicarse una crema o de forma casual al tocarse la zona, y la primera reacci\u00f3n suele ser pensar en algo grave. Sin embargo, la realidad es que la mayor\u00eda de [&hellip;]<\/p>\n","protected":false},"author":19,"featured_media":19655,"comment_status":"open","ping_status":"open","sticky":false,"template":"","format":"standard","meta":{"jnews-multi-image_gallery":[],"jnews_single_post":{"format":"standard"},"jnews_primary_category":[],"jnews_social_meta":[],"jnews_override_counter":[],"footnotes":""},"categories":[8767],"tags":[20137,17467,20654,20655,17645],"class_list":["post-19653","post","type-post","status-publish","format-standard","has-post-thumbnail","hentry","category-salud","tag-bulto","tag-cuello","tag-ganglio","tag-quiste","tag-tiroides"],"yoast_head":"<!-- This site is optimized with the Yoast SEO plugin v28.3 - https:\/\/yoast.com\/product\/yoast-seo-wordpress\/ -->\n<title>Bulto en el cuello: qu\u00e9 puede ser, cu\u00e1ndo preocuparse y qu\u00e9 pruebas se realizan - Tua Saude<\/title>\n<meta name=\"description\" content=\"La mayor\u00eda de los bultos en el cuello son benignos, pero crecer o persistir puede ser una se\u00f1al de alerta que conviene no ignorar.\" \/>\n<meta name=\"robots\" content=\"index, follow, max-snippet:-1, max-image-preview:large, max-video-preview:-1\" \/>\n<link rel=\"canonical\" href=\"https:\/\/www.tuasaude.com\/es\/news\/2026\/09\/02\/bulto-en-el-cuello-que-puede-ser-cuando-preocuparse-y-que-pruebas-se-realizan\/\" \/>\n<meta property=\"og:locale\" content=\"es_ES\" \/>\n<meta property=\"og:type\" content=\"article\" \/>\n<meta property=\"og:title\" content=\"Bulto en el cuello: qu\u00e9 puede ser, cu\u00e1ndo preocuparse y qu\u00e9 pruebas se realizan - Tua Saude\" \/>\n<meta property=\"og:description\" content=\"La mayor\u00eda de los bultos en el cuello son benignos, pero crecer o persistir puede ser una se\u00f1al de alerta que conviene no ignorar.\" \/>\n<meta property=\"og:url\" content=\"https:\/\/www.tuasaude.com\/es\/news\/2026\/09\/02\/bulto-en-el-cuello-que-puede-ser-cuando-preocuparse-y-que-pruebas-se-realizan\/\" \/>\n<meta property=\"og:site_name\" content=\"Tua Saude\" \/>\n<meta property=\"article:published_time\" content=\"2026-09-02T09:48:00+00:00\" \/>\n<meta property=\"og:image\" content=\"https:\/\/www.tuasaude.com\/es\/news\/wp-content\/uploads\/2026\/09\/Person_with_neck_lump_illustration_202609011026-1.jpeg\" \/>\n\t<meta property=\"og:image:width\" content=\"1280\" \/>\n\t<meta property=\"og:image:height\" content=\"720\" \/>\n\t<meta property=\"og:image:type\" content=\"image\/jpeg\" \/>\n<meta name=\"author\" content=\"Andr\u00e9 Rangel\" \/>\n<meta name=\"twitter:card\" content=\"summary_large_image\" \/>\n<meta name=\"twitter:label1\" content=\"Escrito por\" \/>\n\t<meta name=\"twitter:data1\" content=\"Andr\u00e9 Rangel\" \/>\n\t<meta name=\"twitter:label2\" content=\"Tiempo de lectura\" \/>\n\t<meta name=\"twitter:data2\" content=\"7 minutos\" \/>\n<!-- \/ Yoast SEO plugin. -->","yoast_head_json":{"title":"Bulto en el cuello: qu\u00e9 puede ser, cu\u00e1ndo preocuparse y qu\u00e9 pruebas se realizan - Tua Saude","description":"La mayor\u00eda de los bultos en el cuello son benignos, pero crecer o persistir puede ser una se\u00f1al de alerta que conviene no ignorar.","robots":{"index":"index","follow":"follow","max-snippet":"max-snippet:-1","max-image-preview":"max-image-preview:large","max-video-preview":"max-video-preview:-1"},"canonical":"https:\/\/www.tuasaude.com\/es\/news\/2026\/09\/02\/bulto-en-el-cuello-que-puede-ser-cuando-preocuparse-y-que-pruebas-se-realizan\/","og_locale":"es_ES","og_type":"article","og_title":"Bulto en el cuello: qu\u00e9 puede ser, cu\u00e1ndo preocuparse y qu\u00e9 pruebas se realizan - Tua Saude","og_description":"La mayor\u00eda de los bultos en el cuello son benignos, pero crecer o persistir puede ser una se\u00f1al de alerta que conviene no ignorar.","og_url":"https:\/\/www.tuasaude.com\/es\/news\/2026\/09\/02\/bulto-en-el-cuello-que-puede-ser-cuando-preocuparse-y-que-pruebas-se-realizan\/","og_site_name":"Tua Saude","article_published_time":"2026-09-02T09:48:00+00:00","og_image":[{"width":1280,"height":720,"url":"https:\/\/www.tuasaude.com\/es\/news\/wp-content\/uploads\/2026\/09\/Person_with_neck_lump_illustration_202609011026-1.jpeg","type":"image\/jpeg"}],"author":"Andr\u00e9 Rangel","twitter_card":"summary_large_image","twitter_misc":{"Escrito por":"Andr\u00e9 Rangel","Tiempo de lectura":"7 minutos"},"schema":{"@context":"https:\/\/schema.org","@graph":[{"@type":"Article","@id":"https:\/\/www.tuasaude.com\/es\/news\/2026\/09\/02\/bulto-en-el-cuello-que-puede-ser-cuando-preocuparse-y-que-pruebas-se-realizan\/#article","isPartOf":{"@id":"https:\/\/www.tuasaude.com\/es\/news\/2026\/09\/02\/bulto-en-el-cuello-que-puede-ser-cuando-preocuparse-y-que-pruebas-se-realizan\/"},"author":{"name":"Andr\u00e9 Rangel","@id":"https:\/\/www.tuasaude.com\/es\/news\/#\/schema\/person\/b36dc74813d3037e0147f4e1444b55b8"},"headline":"Bulto en el cuello: qu\u00e9 puede ser, cu\u00e1ndo preocuparse y qu\u00e9 pruebas se realizan","datePublished":"2026-09-02T09:48:00+00:00","mainEntityOfPage":{"@id":"https:\/\/www.tuasaude.com\/es\/news\/2026\/09\/02\/bulto-en-el-cuello-que-puede-ser-cuando-preocuparse-y-que-pruebas-se-realizan\/"},"wordCount":1559,"commentCount":0,"image":{"@id":"https:\/\/www.tuasaude.com\/es\/news\/2026\/09\/02\/bulto-en-el-cuello-que-puede-ser-cuando-preocuparse-y-que-pruebas-se-realizan\/#primaryimage"},"thumbnailUrl":"https:\/\/www.tuasaude.com\/es\/news\/wp-content\/uploads\/2026\/09\/Person_with_neck_lump_illustration_202609011026-1.jpeg","keywords":["bulto","cuello","ganglio","quiste","tiroides"],"articleSection":["Salud"],"inLanguage":"es","potentialAction":[{"@type":"CommentAction","name":"Comment","target":["https:\/\/www.tuasaude.com\/es\/news\/2026\/09\/02\/bulto-en-el-cuello-que-puede-ser-cuando-preocuparse-y-que-pruebas-se-realizan\/#respond"]}]},{"@type":"WebPage","@id":"https:\/\/www.tuasaude.com\/es\/news\/2026\/09\/02\/bulto-en-el-cuello-que-puede-ser-cuando-preocuparse-y-que-pruebas-se-realizan\/","url":"https:\/\/www.tuasaude.com\/es\/news\/2026\/09\/02\/bulto-en-el-cuello-que-puede-ser-cuando-preocuparse-y-que-pruebas-se-realizan\/","name":"Bulto en el cuello: qu\u00e9 puede ser, cu\u00e1ndo preocuparse y qu\u00e9 pruebas se realizan - Tua Saude","isPartOf":{"@id":"https:\/\/www.tuasaude.com\/es\/news\/#website"},"primaryImageOfPage":{"@id":"https:\/\/www.tuasaude.com\/es\/news\/2026\/09\/02\/bulto-en-el-cuello-que-puede-ser-cuando-preocuparse-y-que-pruebas-se-realizan\/#primaryimage"},"image":{"@id":"https:\/\/www.tuasaude.com\/es\/news\/2026\/09\/02\/bulto-en-el-cuello-que-puede-ser-cuando-preocuparse-y-que-pruebas-se-realizan\/#primaryimage"},"thumbnailUrl":"https:\/\/www.tuasaude.com\/es\/news\/wp-content\/uploads\/2026\/09\/Person_with_neck_lump_illustration_202609011026-1.jpeg","datePublished":"2026-09-02T09:48:00+00:00","author":{"@id":"https:\/\/www.tuasaude.com\/es\/news\/#\/schema\/person\/b36dc74813d3037e0147f4e1444b55b8"},"description":"La mayor\u00eda de los bultos en el cuello son benignos, pero crecer o persistir puede ser una se\u00f1al de alerta que conviene no ignorar.","breadcrumb":{"@id":"https:\/\/www.tuasaude.com\/es\/news\/2026\/09\/02\/bulto-en-el-cuello-que-puede-ser-cuando-preocuparse-y-que-pruebas-se-realizan\/#breadcrumb"},"inLanguage":"es","potentialAction":[{"@type":"ReadAction","target":["https:\/\/www.tuasaude.com\/es\/news\/2026\/09\/02\/bulto-en-el-cuello-que-puede-ser-cuando-preocuparse-y-que-pruebas-se-realizan\/"]}]},{"@type":"ImageObject","inLanguage":"es","@id":"https:\/\/www.tuasaude.com\/es\/news\/2026\/09\/02\/bulto-en-el-cuello-que-puede-ser-cuando-preocuparse-y-que-pruebas-se-realizan\/#primaryimage","url":"https:\/\/www.tuasaude.com\/es\/news\/wp-content\/uploads\/2026\/09\/Person_with_neck_lump_illustration_202609011026-1.jpeg","contentUrl":"https:\/\/www.tuasaude.com\/es\/news\/wp-content\/uploads\/2026\/09\/Person_with_neck_lump_illustration_202609011026-1.jpeg","width":1280,"height":720,"caption":"Un bulto en el cuello puede ser benigno, pero su evoluci\u00f3n orienta la evaluaci\u00f3n."},{"@type":"BreadcrumbList","@id":"https:\/\/www.tuasaude.com\/es\/news\/2026\/09\/02\/bulto-en-el-cuello-que-puede-ser-cuando-preocuparse-y-que-pruebas-se-realizan\/#breadcrumb","itemListElement":[{"@type":"ListItem","position":1,"name":"Portada","item":"https:\/\/www.tuasaude.com\/es\/news\/"},{"@type":"ListItem","position":2,"name":"Bulto en el cuello: qu\u00e9 puede ser, cu\u00e1ndo preocuparse y qu\u00e9 pruebas se realizan"}]},{"@type":"WebSite","@id":"https:\/\/www.tuasaude.com\/es\/news\/#website","url":"https:\/\/www.tuasaude.com\/es\/news\/","name":"Tua Saude","description":"Tu sitio web de salud","potentialAction":[{"@type":"SearchAction","target":{"@type":"EntryPoint","urlTemplate":"https:\/\/www.tuasaude.com\/es\/news\/?s={search_term_string}"},"query-input":{"@type":"PropertyValueSpecification","valueRequired":true,"valueName":"search_term_string"}}],"inLanguage":"es"},{"@type":"Person","@id":"https:\/\/www.tuasaude.com\/es\/news\/#\/schema\/person\/b36dc74813d3037e0147f4e1444b55b8","name":"Andr\u00e9 Rangel","image":{"@type":"ImageObject","inLanguage":"es","@id":"https:\/\/secure.gravatar.com\/avatar\/7a184045e82ba75ece190694014530d029450f7d9f4ca42e2c3df1ae6caad6ab?s=96&d=mm&r=g","url":"https:\/\/secure.gravatar.com\/avatar\/7a184045e82ba75ece190694014530d029450f7d9f4ca42e2c3df1ae6caad6ab?s=96&d=mm&r=g","contentUrl":"https:\/\/secure.gravatar.com\/avatar\/7a184045e82ba75ece190694014530d029450f7d9f4ca42e2c3df1ae6caad6ab?s=96&d=mm&r=g","caption":"Andr\u00e9 Rangel"},"url":"https:\/\/www.tuasaude.com\/es\/news\/author\/andre-rangel\/"}]}},"_links":{"self":[{"href":"https:\/\/www.tuasaude.com\/es\/news\/wp-json\/wp\/v2\/posts\/19653","targetHints":{"allow":["GET"]}}],"collection":[{"href":"https:\/\/www.tuasaude.com\/es\/news\/wp-json\/wp\/v2\/posts"}],"about":[{"href":"https:\/\/www.tuasaude.com\/es\/news\/wp-json\/wp\/v2\/types\/post"}],"author":[{"embeddable":true,"href":"https:\/\/www.tuasaude.com\/es\/news\/wp-json\/wp\/v2\/users\/19"}],"replies":[{"embeddable":true,"href":"https:\/\/www.tuasaude.com\/es\/news\/wp-json\/wp\/v2\/comments?post=19653"}],"version-history":[{"count":1,"href":"https:\/\/www.tuasaude.com\/es\/news\/wp-json\/wp\/v2\/posts\/19653\/revisions"}],"predecessor-version":[{"id":19657,"href":"https:\/\/www.tuasaude.com\/es\/news\/wp-json\/wp\/v2\/posts\/19653\/revisions\/19657"}],"wp:featuredmedia":[{"embeddable":true,"href":"https:\/\/www.tuasaude.com\/es\/news\/wp-json\/wp\/v2\/media\/19655"}],"wp:attachment":[{"href":"https:\/\/www.tuasaude.com\/es\/news\/wp-json\/wp\/v2\/media?parent=19653"}],"wp:term":[{"taxonomy":"category","embeddable":true,"href":"https:\/\/www.tuasaude.com\/es\/news\/wp-json\/wp\/v2\/categories?post=19653"},{"taxonomy":"post_tag","embeddable":true,"href":"https:\/\/www.tuasaude.com\/es\/news\/wp-json\/wp\/v2\/tags?post=19653"}],"curies":[{"name":"wp","href":"https:\/\/api.w.org\/{rel}","templated":true}]}}