{"id":19629,"date":"2026-09-01T19:48:00","date_gmt":"2026-09-01T18:48:00","guid":{"rendered":"https:\/\/www.tuasaude.com\/es\/news\/?p=19629"},"modified":"2026-09-01T15:07:59","modified_gmt":"2026-09-01T14:07:59","slug":"la-fatiga-invisible-cuando-el-estres-diario-traba-la-mandibula-sin-que-lo-notes","status":"publish","type":"post","link":"https:\/\/www.tuasaude.com\/es\/news\/2026\/09\/01\/la-fatiga-invisible-cuando-el-estres-diario-traba-la-mandibula-sin-que-lo-notes\/","title":{"rendered":"La fatiga invisible: cuando el estr\u00e9s diario traba la mand\u00edbula sin que lo notes"},"content":{"rendered":"\n<p class=\"wp-block-paragraph\">El bruxismo nocturno, el rechinar de dientes durante el sue\u00f1o, tiene al menos la ventaja de que el que duerme al lado lo escucha y avisa. El bruxismo diurno o de vigilia no hace ruido. Ocurre en silencio durante horas, mientras la persona trabaja, conduce, responde correos electr\u00f3nicos o gestiona la acumulaci\u00f3n de tareas de la mediana edad. Los dientes se aprietan con fuerza, la mand\u00edbula permanece bajo tensi\u00f3n y el m\u00fasculo masetero trabaja de forma continua sin que nadie, incluida la propia persona, lo perciba. Las consecuencias llegan horas despu\u00e9s: dolor de cabeza a media tarde, la mand\u00edbula que cruje al abrir la boca, sensibilidad dental que no exist\u00eda hace un a\u00f1o.<\/p>\n\n\n\n<h2 class=\"wp-block-heading\">Por qu\u00e9 el estr\u00e9s cr\u00f3nico activa la mand\u00edbula sin permiso consciente<\/h2>\n\n\n\n<p class=\"wp-block-paragraph\">El sistema nervioso simp\u00e1tico, activado por el estr\u00e9s, prepara al organismo para la acci\u00f3n produciendo tensi\u00f3n muscular generalizada. En el contexto del estr\u00e9s moderno, mental y sostenido en el tiempo, esa activaci\u00f3n no encuentra una salida f\u00edsica y se acumula en los m\u00fasculos maseteros, temporales y pterigoideos que controlan la mand\u00edbula. En condiciones normales de reposo, los dientes superiores e inferiores no deben tocarse: debe haber un espacio funcional de entre dos y tres mil\u00edmetros entre ellos, con la lengua apoyada en el paladar. Cuando existe bruxismo de vigilia, los dientes permanecen en contacto durante horas ejerciendo una presi\u00f3n que puede superar los 50 kilogramos por cent\u00edmetro cuadrado de forma intermitente.<\/p>\n\n\n\n<p class=\"wp-block-paragraph\">El m\u00fasculo masetero en contracci\u00f3n sostenida desarrolla una hipertonia que produce isquemia temporal del tejido muscular por reducci\u00f3n del flujo sangu\u00edneo, generando el dolor caracter\u00edstico que aparece cuando el estr\u00e9s del d\u00eda se acumula. Una revisi\u00f3n publicada en la revista <em>Journal of Oral Rehabilitation<\/em> en 2023 confirm\u00f3 que <a href=\"https:\/\/pubmed.ncbi.nlm.nih.gov\/36856348\/\" target=\"_blank\" rel=\"noopener\">el bruxismo de vigilia est\u00e1 presente en aproximadamente el 20% de la poblaci\u00f3n adulta y tiene una prevalencia significativamente mayor en personas con altos niveles de estr\u00e9s percibido, ansiedad y carga de trabajo mental, con mayor incidencia en mujeres de entre 35 y 55 a\u00f1os<\/a>.<\/p>\n\n\n\n<figure class=\"wp-block-image size-large\"><img decoding=\"async\" width=\"1024\" height=\"576\" src=\"https:\/\/www.tuasaude.com\/es\/news\/wp-content\/uploads\/2026\/09\/Infographic_on_jaw_relaxation_me\u2026_202609010937-1-1024x576.jpeg\" alt=\"Cuatro estrategias para detectar el bruxismo diurno y reducir la tensi\u00f3n mandibular.\" class=\"wp-image-19632\" srcset=\"https:\/\/www.tuasaude.com\/es\/news\/wp-content\/uploads\/2026\/09\/Infographic_on_jaw_relaxation_me\u2026_202609010937-1-1024x576.jpeg 1024w, https:\/\/www.tuasaude.com\/es\/news\/wp-content\/uploads\/2026\/09\/Infographic_on_jaw_relaxation_me\u2026_202609010937-1-300x169.jpeg 300w, https:\/\/www.tuasaude.com\/es\/news\/wp-content\/uploads\/2026\/09\/Infographic_on_jaw_relaxation_me\u2026_202609010937-1-768x432.jpeg 768w, https:\/\/www.tuasaude.com\/es\/news\/wp-content\/uploads\/2026\/09\/Infographic_on_jaw_relaxation_me\u2026_202609010937-1-750x422.jpeg 750w, https:\/\/www.tuasaude.com\/es\/news\/wp-content\/uploads\/2026\/09\/Infographic_on_jaw_relaxation_me\u2026_202609010937-1-1140x641.jpeg 1140w, https:\/\/www.tuasaude.com\/es\/news\/wp-content\/uploads\/2026\/09\/Infographic_on_jaw_relaxation_me\u2026_202609010937-1.jpeg 1280w\" sizes=\"(max-width: 1024px) 100vw, 1024px\" \/><figcaption class=\"wp-element-caption\">Cuatro estrategias para detectar el bruxismo diurno y reducir la tensi\u00f3n mandibular.<\/figcaption><\/figure>\n\n\n\n<h2 class=\"wp-block-heading\">Las consecuencias del apretamiento sobre dientes, articulaci\u00f3n y cabeza<\/h2>\n\n\n\n<p class=\"wp-block-paragraph\">La contracci\u00f3n sostenida de la musculatura masticatoria durante horas produce un efecto en cadena sobre estructuras adyacentes que explica la variedad de s\u00edntomas con los que el bruxismo de vigilia se manifiesta.<\/p>\n\n\n\n<ul class=\"wp-block-list\">\n<li><strong>Cefalea tensional de media tarde:<\/strong> los m\u00fasculos maseteros y temporales comparten inervaci\u00f3n e inserci\u00f3n con la musculatura del cuero cabelludo y del cuello. La isquemia producida por su contracci\u00f3n sostenida genera una cefalea que aparece a media tarde, descrita como una banda apretada alrededor de la cabeza con dolor especial en las sienes y en la zona retroorbitaria.<\/li>\n\n\n\n<li><strong>Disfunci\u00f3n de la articulaci\u00f3n temporomandibular:<\/strong> la compresi\u00f3n continua desplaza y desgasta el disco fibrocartilaginoso de la ATM, produciendo chasquidos o crepitaci\u00f3n al abrir y cerrar la boca, limitaci\u00f3n del rango de apertura y en los casos m\u00e1s avanzados bloqueo de la mand\u00edbula.<\/li>\n\n\n\n<li><strong>Desgaste del esmalte dental:<\/strong> el apretamiento cr\u00f3nico produce microfracturas, aplanamiento de las c\u00faspides, aumento de la sensibilidad al fr\u00edo y al calor, y en los casos m\u00e1s avanzados fracturas de piezas dentales o de restauraciones. Ese desgaste no tiene capacidad de regeneraci\u00f3n espont\u00e1nea.<\/li>\n<\/ul>\n\n\n\n<h2 class=\"wp-block-heading\">C\u00f3mo identificar el bruxismo diurno cuando es completamente inconsciente<\/h2>\n\n\n\n<p class=\"wp-block-paragraph\">El mayor obst\u00e1culo para el manejo del bruxismo de vigilia es precisamente su car\u00e1cter inconsciente. Hay se\u00f1ales indirectas que orientan hacia el diagn\u00f3stico antes de la consulta con el especialista. Para entender mejor <a href=\"https:\/\/www.tuasaude.com\/es\/bruxismo\/\" target=\"_blank\" rel=\"noopener\">qu\u00e9 es el bruxismo, c\u00f3mo se diagnostica y qu\u00e9 tratamientos tienen mayor evidencia en su control<\/a>, conviene revisar tambi\u00e9n las diferencias entre el bruxismo nocturno y el diurno en cuanto a mecanismo y abordaje.<\/p>\n\n\n\n<ul class=\"wp-block-list\">\n<li>Dolor o tensi\u00f3n en los m\u00fasculos de las mejillas al despertar o al final de la jornada laboral.<\/li>\n\n\n\n<li>Cefalea frecuente que aparece a media ma\u00f1ana o a media tarde, especialmente en d\u00edas de mayor estr\u00e9s.<\/li>\n\n\n\n<li>Chasquidos o crepitaci\u00f3n al abrir la boca, especialmente al despertar.<\/li>\n\n\n\n<li>Sensibilidad dental progresiva al fr\u00edo, al calor o a los \u00e1cidos sin causa cariosa identificada.<\/li>\n\n\n\n<li>Desgaste visible en las superficies de los dientes que el dentista puede detectar en la exploraci\u00f3n rutinaria.<\/li>\n<\/ul>\n\n\n\n<figure class=\"wp-block-image size-large\"><img decoding=\"async\" width=\"1024\" height=\"576\" src=\"https:\/\/www.tuasaude.com\/es\/news\/wp-content\/uploads\/2026\/09\/Woman_working_at_computer_202609010936-1-1024x576.jpeg\" alt=\"El estr\u00e9s puede provocar apretamiento inconsciente de la mand\u00edbula durante toda la jornada.\" class=\"wp-image-19631\" srcset=\"https:\/\/www.tuasaude.com\/es\/news\/wp-content\/uploads\/2026\/09\/Woman_working_at_computer_202609010936-1-1024x576.jpeg 1024w, https:\/\/www.tuasaude.com\/es\/news\/wp-content\/uploads\/2026\/09\/Woman_working_at_computer_202609010936-1-300x169.jpeg 300w, https:\/\/www.tuasaude.com\/es\/news\/wp-content\/uploads\/2026\/09\/Woman_working_at_computer_202609010936-1-768x432.jpeg 768w, https:\/\/www.tuasaude.com\/es\/news\/wp-content\/uploads\/2026\/09\/Woman_working_at_computer_202609010936-1-750x422.jpeg 750w, https:\/\/www.tuasaude.com\/es\/news\/wp-content\/uploads\/2026\/09\/Woman_working_at_computer_202609010936-1-1140x641.jpeg 1140w, https:\/\/www.tuasaude.com\/es\/news\/wp-content\/uploads\/2026\/09\/Woman_working_at_computer_202609010936-1.jpeg 1280w\" sizes=\"(max-width: 1024px) 100vw, 1024px\" \/><figcaption class=\"wp-element-caption\">El estr\u00e9s puede provocar apretamiento inconsciente de la mand\u00edbula durante toda la jornada.<\/figcaption><\/figure>\n\n\n\n<h2 class=\"wp-block-heading\">Estrategias diarias para interrumpir el ciclo de tensi\u00f3n mandibular<\/h2>\n\n\n\n<p class=\"wp-block-paragraph\">El bruxismo de vigilia tiene una ventaja sobre el nocturno: como ocurre durante las horas de vigilia, puede interrumpirse de forma consciente una vez que se aprende a identificarlo. El primer paso es entrenar al cerebro para detectar la tensi\u00f3n mandibular en tiempo real.<\/p>\n\n\n\n<ul class=\"wp-block-list\">\n<li><strong>Recordatorios visuales:<\/strong> colocar peque\u00f1as pegatinas de color en el monitor del ordenador, el volante del coche o el espejo del ba\u00f1o funciona como biofeedback pasivo. Cada vez que la vista cae sobre el recordatorio, hacer la comprobaci\u00f3n: \u00bfEst\u00e1n los dientes toc\u00e1ndose? Si la respuesta es s\u00ed, relajar la mand\u00edbula de forma consciente.<\/li>\n\n\n\n<li><strong>Postura correcta de reposo orofacial:<\/strong> labios cerrados, dientes separados y lengua apoyada suavemente en el paladar justo detr\u00e1s de los incisivos superiores. Practicar esa posici\u00f3n varias veces al d\u00eda entrena el sistema neuromuscular hacia ese patr\u00f3n.<\/li>\n\n\n\n<li><strong>Automasaje de maseteros y temporales:<\/strong> movimientos circulares suaves con las yemas de los dedos sobre las mejillas y las sienes durante uno a dos minutos reduce la hipertonia acumulada y el dolor referido hacia la cabeza.<\/li>\n\n\n\n<li><strong>T\u00e9cnicas de gesti\u00f3n del estr\u00e9s:<\/strong> la respiraci\u00f3n lenta diafragm\u00e1tica, el mindfulness y las pausas activas durante la jornada reducen el nivel basal de activaci\u00f3n simp\u00e1tica que mantiene la musculatura mandibular en alerta.<\/li>\n<\/ul>\n\n\n\n<h2 class=\"wp-block-heading\">Cu\u00e1ndo el tratamiento profesional es necesario y qu\u00e9 opciones existen<\/h2>\n\n\n\n<p class=\"wp-block-paragraph\">Las medidas domiciliarias de autoconciencia y relajaci\u00f3n muscular son eficaces para los casos leves o moderados de bruxismo de vigilia. Hay situaciones que justifican evaluaci\u00f3n por un especialista en disfunci\u00f3n temporomandibular y dolor orofacial sin demora.<\/p>\n\n\n\n<p class=\"wp-block-paragraph\">El dolor intenso en la cara al masticar, la limitaci\u00f3n para abrir la boca a m\u00e1s de 35 a 40 mil\u00edmetros, los chasquidos constantes en la articulaci\u00f3n, el desgaste dental visible a simple vista o la cefalea diaria que no responde a los analg\u00e9sicos habituales son se\u00f1ales de que el cuadro ha superado lo que las medidas domiciliarias pueden manejar. El especialista puede indicar el uso de una placa interoclusal diurna de descarga que evita el contacto entre los dientes durante los per\u00edodos de mayor riesgo, dispositivos de biofeedback que producen una se\u00f1al cuando detectan la contracci\u00f3n del masetero interrumpiendo el ciclo de apretamiento, toxina botul\u00ednica intramuscular en el masetero para reducir su fuerza de contracci\u00f3n en casos severos, o fisioterapia especializada de la musculatura masticatoria y cervical.<\/p>\n\n\n\n<p class=\"wp-block-paragraph\">El bruxismo de vigilia no tratado produce da\u00f1os acumulativos sobre el esmalte, el disco articular y la musculatura que en las fases avanzadas requieren tratamientos odontol\u00f3gicos complejos. <strong>Detectarlo a tiempo<\/strong> y actuar con las medidas de autoconciencia descritas, complementadas con la evaluaci\u00f3n profesional cuando los s\u00edntomas lo indican, es la forma m\u00e1s eficaz de proteger los dientes, la articulaci\u00f3n y la calidad de vida a largo plazo.<\/p>\n\n\n\n<p class=\"wp-block-paragraph\"><em>Este art\u00edculo tiene una finalidad exclusivamente informativa y <strong>no sustituye la evaluaci\u00f3n m\u00e9dica<\/strong> ni el consejo odontol\u00f3gico profesional. Ante dolor facial intenso, limitaci\u00f3n de apertura de la boca o desgaste dental visible, consulte con su dentista o especialista en disfunci\u00f3n temporomandibular.<\/em><\/p>\n","protected":false},"excerpt":{"rendered":"<p>El bruxismo nocturno, el rechinar de dientes durante el sue\u00f1o, tiene al menos la ventaja de que el que duerme al lado lo escucha y avisa. El bruxismo diurno o de vigilia no hace ruido. Ocurre en silencio durante horas, mientras la persona trabaja, conduce, responde correos electr\u00f3nicos o gestiona la acumulaci\u00f3n de tareas de [&hellip;]<\/p>\n","protected":false},"author":19,"featured_media":19630,"comment_status":"open","ping_status":"open","sticky":false,"template":"","format":"standard","meta":{"jnews-multi-image_gallery":[],"jnews_single_post":{"format":"standard"},"jnews_primary_category":[],"jnews_social_meta":[],"jnews_override_counter":[],"footnotes":""},"categories":[8767],"tags":[10017,17743,13991],"class_list":["post-19629","post","type-post","status-publish","format-standard","has-post-thumbnail","hentry","category-salud","tag-bruxismo","tag-dientes","tag-mandibula"],"yoast_head":"<!-- This site is optimized with the Yoast SEO plugin v28.3 - https:\/\/yoast.com\/product\/yoast-seo-wordpress\/ -->\n<title>La fatiga invisible: cuando el estr\u00e9s diario traba la mand\u00edbula sin que lo notes - Tua Saude<\/title>\n<meta name=\"description\" content=\"El estr\u00e9s puede hacer que aprietes los dientes sin darte cuenta. Conoce las se\u00f1ales del bruxismo diurno y c\u00f3mo evitar da\u00f1os en la mand\u00edbula y el esmalte.\" \/>\n<meta name=\"robots\" content=\"index, follow, max-snippet:-1, max-image-preview:large, max-video-preview:-1\" \/>\n<link rel=\"canonical\" href=\"https:\/\/www.tuasaude.com\/es\/news\/2026\/09\/01\/la-fatiga-invisible-cuando-el-estres-diario-traba-la-mandibula-sin-que-lo-notes\/\" \/>\n<meta property=\"og:locale\" content=\"es_ES\" \/>\n<meta property=\"og:type\" content=\"article\" \/>\n<meta property=\"og:title\" content=\"La fatiga invisible: cuando el estr\u00e9s diario traba la mand\u00edbula sin que lo notes - Tua Saude\" \/>\n<meta property=\"og:description\" content=\"El estr\u00e9s puede hacer que aprietes los dientes sin darte cuenta. Conoce las se\u00f1ales del bruxismo diurno y c\u00f3mo evitar da\u00f1os en la mand\u00edbula y el esmalte.\" \/>\n<meta property=\"og:url\" content=\"https:\/\/www.tuasaude.com\/es\/news\/2026\/09\/01\/la-fatiga-invisible-cuando-el-estres-diario-traba-la-mandibula-sin-que-lo-notes\/\" \/>\n<meta property=\"og:site_name\" content=\"Tua Saude\" \/>\n<meta property=\"article:published_time\" content=\"2026-09-01T18:48:00+00:00\" \/>\n<meta property=\"og:image\" content=\"https:\/\/www.tuasaude.com\/es\/news\/wp-content\/uploads\/2026\/09\/Woman_showing_jaw_problem_causes_202609010936-1.jpeg\" \/>\n\t<meta property=\"og:image:width\" content=\"1280\" \/>\n\t<meta property=\"og:image:height\" content=\"720\" \/>\n\t<meta property=\"og:image:type\" content=\"image\/jpeg\" \/>\n<meta name=\"author\" content=\"Andr\u00e9 Rangel\" \/>\n<meta name=\"twitter:card\" content=\"summary_large_image\" \/>\n<meta name=\"twitter:label1\" content=\"Escrito por\" \/>\n\t<meta name=\"twitter:data1\" content=\"Andr\u00e9 Rangel\" \/>\n\t<meta name=\"twitter:label2\" content=\"Tiempo de lectura\" \/>\n\t<meta name=\"twitter:data2\" content=\"7 minutos\" \/>\n<!-- \/ Yoast SEO plugin. -->","yoast_head_json":{"title":"La fatiga invisible: cuando el estr\u00e9s diario traba la mand\u00edbula sin que lo notes - Tua Saude","description":"El estr\u00e9s puede hacer que aprietes los dientes sin darte cuenta. Conoce las se\u00f1ales del bruxismo diurno y c\u00f3mo evitar da\u00f1os en la mand\u00edbula y el esmalte.","robots":{"index":"index","follow":"follow","max-snippet":"max-snippet:-1","max-image-preview":"max-image-preview:large","max-video-preview":"max-video-preview:-1"},"canonical":"https:\/\/www.tuasaude.com\/es\/news\/2026\/09\/01\/la-fatiga-invisible-cuando-el-estres-diario-traba-la-mandibula-sin-que-lo-notes\/","og_locale":"es_ES","og_type":"article","og_title":"La fatiga invisible: cuando el estr\u00e9s diario traba la mand\u00edbula sin que lo notes - Tua Saude","og_description":"El estr\u00e9s puede hacer que aprietes los dientes sin darte cuenta. Conoce las se\u00f1ales del bruxismo diurno y c\u00f3mo evitar da\u00f1os en la mand\u00edbula y el esmalte.","og_url":"https:\/\/www.tuasaude.com\/es\/news\/2026\/09\/01\/la-fatiga-invisible-cuando-el-estres-diario-traba-la-mandibula-sin-que-lo-notes\/","og_site_name":"Tua Saude","article_published_time":"2026-09-01T18:48:00+00:00","og_image":[{"width":1280,"height":720,"url":"https:\/\/www.tuasaude.com\/es\/news\/wp-content\/uploads\/2026\/09\/Woman_showing_jaw_problem_causes_202609010936-1.jpeg","type":"image\/jpeg"}],"author":"Andr\u00e9 Rangel","twitter_card":"summary_large_image","twitter_misc":{"Escrito por":"Andr\u00e9 Rangel","Tiempo de lectura":"7 minutos"},"schema":{"@context":"https:\/\/schema.org","@graph":[{"@type":"Article","@id":"https:\/\/www.tuasaude.com\/es\/news\/2026\/09\/01\/la-fatiga-invisible-cuando-el-estres-diario-traba-la-mandibula-sin-que-lo-notes\/#article","isPartOf":{"@id":"https:\/\/www.tuasaude.com\/es\/news\/2026\/09\/01\/la-fatiga-invisible-cuando-el-estres-diario-traba-la-mandibula-sin-que-lo-notes\/"},"author":{"name":"Andr\u00e9 Rangel","@id":"https:\/\/www.tuasaude.com\/es\/news\/#\/schema\/person\/b36dc74813d3037e0147f4e1444b55b8"},"headline":"La fatiga invisible: cuando el estr\u00e9s diario traba la mand\u00edbula sin que lo notes","datePublished":"2026-09-01T18:48:00+00:00","mainEntityOfPage":{"@id":"https:\/\/www.tuasaude.com\/es\/news\/2026\/09\/01\/la-fatiga-invisible-cuando-el-estres-diario-traba-la-mandibula-sin-que-lo-notes\/"},"wordCount":1310,"commentCount":0,"image":{"@id":"https:\/\/www.tuasaude.com\/es\/news\/2026\/09\/01\/la-fatiga-invisible-cuando-el-estres-diario-traba-la-mandibula-sin-que-lo-notes\/#primaryimage"},"thumbnailUrl":"https:\/\/www.tuasaude.com\/es\/news\/wp-content\/uploads\/2026\/09\/Woman_showing_jaw_problem_causes_202609010936-1.jpeg","keywords":["bruxismo","dientes","mand\u00edbula"],"articleSection":["Salud"],"inLanguage":"es","potentialAction":[{"@type":"CommentAction","name":"Comment","target":["https:\/\/www.tuasaude.com\/es\/news\/2026\/09\/01\/la-fatiga-invisible-cuando-el-estres-diario-traba-la-mandibula-sin-que-lo-notes\/#respond"]}]},{"@type":"WebPage","@id":"https:\/\/www.tuasaude.com\/es\/news\/2026\/09\/01\/la-fatiga-invisible-cuando-el-estres-diario-traba-la-mandibula-sin-que-lo-notes\/","url":"https:\/\/www.tuasaude.com\/es\/news\/2026\/09\/01\/la-fatiga-invisible-cuando-el-estres-diario-traba-la-mandibula-sin-que-lo-notes\/","name":"La fatiga invisible: cuando el estr\u00e9s diario traba la mand\u00edbula sin que lo notes - Tua Saude","isPartOf":{"@id":"https:\/\/www.tuasaude.com\/es\/news\/#website"},"primaryImageOfPage":{"@id":"https:\/\/www.tuasaude.com\/es\/news\/2026\/09\/01\/la-fatiga-invisible-cuando-el-estres-diario-traba-la-mandibula-sin-que-lo-notes\/#primaryimage"},"image":{"@id":"https:\/\/www.tuasaude.com\/es\/news\/2026\/09\/01\/la-fatiga-invisible-cuando-el-estres-diario-traba-la-mandibula-sin-que-lo-notes\/#primaryimage"},"thumbnailUrl":"https:\/\/www.tuasaude.com\/es\/news\/wp-content\/uploads\/2026\/09\/Woman_showing_jaw_problem_causes_202609010936-1.jpeg","datePublished":"2026-09-01T18:48:00+00:00","author":{"@id":"https:\/\/www.tuasaude.com\/es\/news\/#\/schema\/person\/b36dc74813d3037e0147f4e1444b55b8"},"description":"El estr\u00e9s puede hacer que aprietes los dientes sin darte cuenta. Conoce las se\u00f1ales del bruxismo diurno y c\u00f3mo evitar da\u00f1os en la mand\u00edbula y el esmalte.","breadcrumb":{"@id":"https:\/\/www.tuasaude.com\/es\/news\/2026\/09\/01\/la-fatiga-invisible-cuando-el-estres-diario-traba-la-mandibula-sin-que-lo-notes\/#breadcrumb"},"inLanguage":"es","potentialAction":[{"@type":"ReadAction","target":["https:\/\/www.tuasaude.com\/es\/news\/2026\/09\/01\/la-fatiga-invisible-cuando-el-estres-diario-traba-la-mandibula-sin-que-lo-notes\/"]}]},{"@type":"ImageObject","inLanguage":"es","@id":"https:\/\/www.tuasaude.com\/es\/news\/2026\/09\/01\/la-fatiga-invisible-cuando-el-estres-diario-traba-la-mandibula-sin-que-lo-notes\/#primaryimage","url":"https:\/\/www.tuasaude.com\/es\/news\/wp-content\/uploads\/2026\/09\/Woman_showing_jaw_problem_causes_202609010936-1.jpeg","contentUrl":"https:\/\/www.tuasaude.com\/es\/news\/wp-content\/uploads\/2026\/09\/Woman_showing_jaw_problem_causes_202609010936-1.jpeg","width":1280,"height":720,"caption":"El estr\u00e9s puede provocar apretamiento inconsciente de la mand\u00edbula durante toda la jornada."},{"@type":"BreadcrumbList","@id":"https:\/\/www.tuasaude.com\/es\/news\/2026\/09\/01\/la-fatiga-invisible-cuando-el-estres-diario-traba-la-mandibula-sin-que-lo-notes\/#breadcrumb","itemListElement":[{"@type":"ListItem","position":1,"name":"Portada","item":"https:\/\/www.tuasaude.com\/es\/news\/"},{"@type":"ListItem","position":2,"name":"La fatiga invisible: cuando el estr\u00e9s diario traba la mand\u00edbula sin que lo notes"}]},{"@type":"WebSite","@id":"https:\/\/www.tuasaude.com\/es\/news\/#website","url":"https:\/\/www.tuasaude.com\/es\/news\/","name":"Tua Saude","description":"Tu sitio web de salud","potentialAction":[{"@type":"SearchAction","target":{"@type":"EntryPoint","urlTemplate":"https:\/\/www.tuasaude.com\/es\/news\/?s={search_term_string}"},"query-input":{"@type":"PropertyValueSpecification","valueRequired":true,"valueName":"search_term_string"}}],"inLanguage":"es"},{"@type":"Person","@id":"https:\/\/www.tuasaude.com\/es\/news\/#\/schema\/person\/b36dc74813d3037e0147f4e1444b55b8","name":"Andr\u00e9 Rangel","image":{"@type":"ImageObject","inLanguage":"es","@id":"https:\/\/secure.gravatar.com\/avatar\/7a184045e82ba75ece190694014530d029450f7d9f4ca42e2c3df1ae6caad6ab?s=96&d=mm&r=g","url":"https:\/\/secure.gravatar.com\/avatar\/7a184045e82ba75ece190694014530d029450f7d9f4ca42e2c3df1ae6caad6ab?s=96&d=mm&r=g","contentUrl":"https:\/\/secure.gravatar.com\/avatar\/7a184045e82ba75ece190694014530d029450f7d9f4ca42e2c3df1ae6caad6ab?s=96&d=mm&r=g","caption":"Andr\u00e9 Rangel"},"url":"https:\/\/www.tuasaude.com\/es\/news\/author\/andre-rangel\/"}]}},"_links":{"self":[{"href":"https:\/\/www.tuasaude.com\/es\/news\/wp-json\/wp\/v2\/posts\/19629","targetHints":{"allow":["GET"]}}],"collection":[{"href":"https:\/\/www.tuasaude.com\/es\/news\/wp-json\/wp\/v2\/posts"}],"about":[{"href":"https:\/\/www.tuasaude.com\/es\/news\/wp-json\/wp\/v2\/types\/post"}],"author":[{"embeddable":true,"href":"https:\/\/www.tuasaude.com\/es\/news\/wp-json\/wp\/v2\/users\/19"}],"replies":[{"embeddable":true,"href":"https:\/\/www.tuasaude.com\/es\/news\/wp-json\/wp\/v2\/comments?post=19629"}],"version-history":[{"count":1,"href":"https:\/\/www.tuasaude.com\/es\/news\/wp-json\/wp\/v2\/posts\/19629\/revisions"}],"predecessor-version":[{"id":19633,"href":"https:\/\/www.tuasaude.com\/es\/news\/wp-json\/wp\/v2\/posts\/19629\/revisions\/19633"}],"wp:featuredmedia":[{"embeddable":true,"href":"https:\/\/www.tuasaude.com\/es\/news\/wp-json\/wp\/v2\/media\/19630"}],"wp:attachment":[{"href":"https:\/\/www.tuasaude.com\/es\/news\/wp-json\/wp\/v2\/media?parent=19629"}],"wp:term":[{"taxonomy":"category","embeddable":true,"href":"https:\/\/www.tuasaude.com\/es\/news\/wp-json\/wp\/v2\/categories?post=19629"},{"taxonomy":"post_tag","embeddable":true,"href":"https:\/\/www.tuasaude.com\/es\/news\/wp-json\/wp\/v2\/tags?post=19629"}],"curies":[{"name":"wp","href":"https:\/\/api.w.org\/{rel}","templated":true}]}}