{"id":19600,"date":"2026-09-01T13:15:00","date_gmt":"2026-09-01T12:15:00","guid":{"rendered":"https:\/\/www.tuasaude.com\/es\/news\/?p=19600"},"modified":"2026-09-01T09:06:25","modified_gmt":"2026-09-01T08:06:25","slug":"cuanto-tarda-en-notarse-la-fuerza-cuando-se-empieza-a-entrenar-despues-de-los-60-la-linea-de-tiempo-real-del-musculo","status":"publish","type":"post","link":"https:\/\/www.tuasaude.com\/es\/news\/2026\/09\/01\/cuanto-tarda-en-notarse-la-fuerza-cuando-se-empieza-a-entrenar-despues-de-los-60-la-linea-de-tiempo-real-del-musculo\/","title":{"rendered":"Cu\u00e1nto tarda en notarse la fuerza cuando se empieza a entrenar despu\u00e9s de los 60: la l\u00ednea de tiempo real del m\u00fasculo"},"content":{"rendered":"\n<!-- ===== TS-COMPONENTE-1-TIEMPO-FUERZA-RESUMEN-INICIO ===== -->\n<div id=\"ts-tiempo-fuerza-resumen-teaser\">\n  <style>\n    #ts-tiempo-fuerza-resumen-teaser * {\n      box-sizing: border-box;\n    }\n\n    #ts-tiempo-fuerza-resumen-teaser {\n      font-family: -apple-system, 'Segoe UI', Roboto, Arial, sans-serif;\n      background: #ffffff;\n      border: 1px solid #e3edf3;\n      border-radius: 14px;\n      padding: 22px;\n      max-width: 640px;\n      margin: 24px auto;\n      box-shadow: 0 2px 14px rgba(26,58,74,0.07);\n    }\n\n    #ts-tiempo-fuerza-resumen-teaser .ts-head {\n      display: flex;\n      align-items: center;\n      gap: 10px;\n      margin-bottom: 18px;\n    }\n\n    #ts-tiempo-fuerza-resumen-teaser .ts-badge {\n      display: inline-flex;\n      align-items: center;\n      background: #1c86c4;\n      color: #ffffff;\n      font-size: 12.5px;\n      font-weight: 700;\n      letter-spacing: 0.04em;\n      text-transform: uppercase;\n      padding: 6px 12px;\n      border-radius: 999px;\n    }\n\n    #ts-tiempo-fuerza-resumen-teaser .ts-item {\n      display: flex;\n      align-items: flex-start;\n      gap: 12px;\n      min-width: 0;\n      background: #f5f9fc;\n      border-left: 4px solid #1a3a4a;\n      border-radius: 0 10px 10px 0;\n      padding: 12px 14px;\n      margin-bottom: 10px;\n    }\n\n    #ts-tiempo-fuerza-resumen-teaser .ts-item:last-child {\n      margin-bottom: 0;\n    }\n\n    #ts-tiempo-fuerza-resumen-teaser .ts-mark {\n      display: inline-flex;\n      align-items: center;\n      justify-content: center;\n      flex: 0 0 26px;\n      width: 26px;\n      height: 26px;\n      background: #1c86c4;\n      color: #ffffff;\n      border-radius: 50%;\n      font-size: 13px;\n      line-height: 1;\n      font-weight: 800;\n      margin-top: 1px;\n    }\n\n    #ts-tiempo-fuerza-resumen-teaser .ts-item-text {\n      display: block;\n      min-width: 0;\n      color: #1a3a4a;\n      font-size: 15px;\n      line-height: 1.45;\n      font-weight: 500;\n      overflow-wrap: anywhere;\n    }\n\n    @media (max-width: 480px) {\n      #ts-tiempo-fuerza-resumen-teaser {\n        padding: 18px 16px;\n      }\n\n      #ts-tiempo-fuerza-resumen-teaser .ts-item {\n        gap: 10px;\n        padding: 11px 12px;\n      }\n\n      #ts-tiempo-fuerza-resumen-teaser .ts-mark {\n        flex-basis: 24px;\n        width: 24px;\n        height: 24px;\n        font-size: 12.5px;\n      }\n\n      #ts-tiempo-fuerza-resumen-teaser .ts-item-text {\n        font-size: 14.5px;\n      }\n    }\n  <\/style>\n\n  <div class=\"ts-head\">\n    <svg width=\"30\" height=\"30\" viewBox=\"0 0 30 30\" xmlns=\"http:\/\/www.w3.org\/2000\/svg\" aria-hidden=\"true\">\n      <circle cx=\"15\" cy=\"15\" r=\"14\" fill=\"#1c86c4\"\/>\n      <rect x=\"12.5\" y=\"6\" width=\"5\" height=\"18\" rx=\"1.5\" fill=\"#ffffff\"\/>\n      <rect x=\"6\" y=\"12.5\" width=\"18\" height=\"5\" rx=\"1.5\" fill=\"#ffffff\"\/>\n    <\/svg>\n    <span class=\"ts-badge\">Resumen<\/span>\n  <\/div>\n\n  <div class=\"ts-item\">\n    <span class=\"ts-mark\" aria-hidden=\"true\">1<\/span>\n    <span class=\"ts-item-text\">La fuerza mejora mucho antes de que el m\u00fasculo crezca en tama\u00f1o, gracias a que el cerebro aprende a usar mejor las fibras musculares.<\/span>\n  <\/div>\n\n  <div class=\"ts-item\">\n    <span class=\"ts-mark\" aria-hidden=\"true\">2<\/span>\n    <span class=\"ts-item-text\">Durante las primeras 3 semanas, el sistema nervioso coordina el esfuerzo y notar\u00e1s que levantas peso con m\u00e1s facilidad.<\/span>\n  <\/div>\n\n  <div class=\"ts-item\">\n    <span class=\"ts-mark\" aria-hidden=\"true\">3<\/span>\n    <span class=\"ts-item-text\">El crecimiento real del m\u00fasculo (hipertrofia) comienza reci\u00e9n a partir de la semana 6 a 8 de entrenamiento constante.<\/span>\n  <\/div>\n\n  <div class=\"ts-item\">\n    <span class=\"ts-mark\" aria-hidden=\"true\">4<\/span>\n    <span class=\"ts-item-text\">Para no abandonar al principio, mide tu progreso anotando el peso que levantas, no mir\u00e1ndote al espejo.<\/span>\n  <\/div>\n<\/div>\n<!-- ===== TS-COMPONENTE-1-TIEMPO-FUERZA-RESUMEN-FIM ===== -->\n\n\n\n<p class=\"wp-block-paragraph\">Empezar a levantar peso a los 60 o m\u00e1s viene con una pregunta impaciente: cu\u00e1ndo se van a ver los resultados. La buena noticia es que las primeras se\u00f1ales aparecen antes de lo que la mayor\u00eda cree, aunque el espejo tarde en mostrarlas. El cuerpo mejora por etapas, y conocerlas ayuda a no rendirse en el momento equivocado. Saber qu\u00e9 ocurre en cada tramo cambia por completo la forma de medir el propio avance.<\/p>\n\n\n\n<h2 class=\"wp-block-heading\">\u00bfPor qu\u00e9 la fuerza mejora antes de que el m\u00fasculo cambie de tama\u00f1o?<\/h2>\n\n\n<div class=\"wp-block-image\">\n<figure class=\"aligncenter size-large is-resized\"><img decoding=\"async\" width=\"1024\" height=\"573\" src=\"https:\/\/www.tuasaude.com\/es\/news\/wp-content\/uploads\/2026\/09\/magnific_section-1-title-fuerza-de_aFkWF5TfSh-1024x573.png\" alt=\"\" class=\"wp-image-19611\" style=\"aspect-ratio:1.7871557131169893;width:1170px;height:auto\" srcset=\"https:\/\/www.tuasaude.com\/es\/news\/wp-content\/uploads\/2026\/09\/magnific_section-1-title-fuerza-de_aFkWF5TfSh-1024x573.png 1024w, https:\/\/www.tuasaude.com\/es\/news\/wp-content\/uploads\/2026\/09\/magnific_section-1-title-fuerza-de_aFkWF5TfSh-300x168.png 300w, https:\/\/www.tuasaude.com\/es\/news\/wp-content\/uploads\/2026\/09\/magnific_section-1-title-fuerza-de_aFkWF5TfSh-767x429.png 767w, https:\/\/www.tuasaude.com\/es\/news\/wp-content\/uploads\/2026\/09\/magnific_section-1-title-fuerza-de_aFkWF5TfSh-750x419.png 750w, https:\/\/www.tuasaude.com\/es\/news\/wp-content\/uploads\/2026\/09\/magnific_section-1-title-fuerza-de_aFkWF5TfSh-1140x637.png 1140w, https:\/\/www.tuasaude.com\/es\/news\/wp-content\/uploads\/2026\/09\/magnific_section-1-title-fuerza-de_aFkWF5TfSh.png 1344w\" sizes=\"(max-width: 1024px) 100vw, 1024px\" \/><figcaption class=\"wp-element-caption\">El entrenamiento de fuerza despu\u00e9s de los 60 puede mejorar primero la coordinaci\u00f3n y el control muscular, mientras que el aumento de masa muscular suele aparecer con m\u00e1s semanas de constancia.<\/figcaption><\/figure>\n<\/div>\n\n\n<p class=\"wp-block-paragraph\">Cuando alguien nota que carga las bolsas con menos esfuerzo tras dos semanas de rutina, no est\u00e1 imaginando nada. La fuerza puede subir mucho antes de que el m\u00fasculo se agrande, porque lo primero que cambia no es el tama\u00f1o sino la manera en que el sistema nervioso maneja las fibras que ya existen.<\/p>\n\n\n\n<p class=\"wp-block-paragraph\">Ese detalle es la clave de todo el proceso. El cerebro y los nervios aprenden a activar m\u00e1s fibras y a coordinarlas mejor, y esa mejora temprana es la que sostiene la motivaci\u00f3n en las semanas en que el espejo todav\u00eda no dice nada.<\/p>\n\n\n\n<h2 class=\"wp-block-heading\">Qu\u00e9 observaron dos fisi\u00f3logos al medir fuerza y m\u00fasculo por separado<\/h2>\n\n\n\n<p class=\"wp-block-paragraph\">La idea tiene respaldo antiguo y s\u00f3lido. Dos fisi\u00f3logos, Moritani y deVries, siguieron durante ocho semanas a personas que entrenaban y separaron cu\u00e1nto de su avance ven\u00eda del sistema nervioso y cu\u00e1nto del crecimiento del m\u00fasculo. Su trabajo se public\u00f3 en&nbsp;<em>American Journal of Physical Medicine<\/em>&nbsp;en 1979 y sigue siendo una referencia.<\/p>\n\n\n\n<p class=\"wp-block-paragraph\">Encontraron que, al comienzo, la mayor parte de la ganancia de fuerza ven\u00eda de&nbsp;<a href=\"https:\/\/pubmed.ncbi.nlm.nih.gov\/453338\/\" target=\"_blank\" rel=\"noopener\">factores del sistema nervioso<\/a>, y que el m\u00fasculo reci\u00e9n empezaba a aportar lo suyo despu\u00e9s de las primeras semanas. Con el tiempo, el crecimiento del tejido pasaba a mandar. Esa secuencia se repite a cualquier edad, tambi\u00e9n pasados los 60.<\/p>\n\n\n\n<h2 class=\"wp-block-heading\">Las primeras tres semanas cuando el cerebro toma el mando<\/h2>\n\n\n<div class=\"wp-block-image\">\n<figure class=\"aligncenter size-large is-resized\"><img decoding=\"async\" width=\"1024\" height=\"573\" src=\"https:\/\/www.tuasaude.com\/es\/news\/wp-content\/uploads\/2026\/09\/magnific_corpo-a-simplified-anatom_bxSdrbb5Y2-1024x573.png\" alt=\"Cena com cardo-mariano e alimentos de rotina saud\u00e1vel associados ao cuidado com o f\u00edgado\" class=\"wp-image-19612\" style=\"aspect-ratio:1.7871557131169893;width:1170px;height:auto\" srcset=\"https:\/\/www.tuasaude.com\/es\/news\/wp-content\/uploads\/2026\/09\/magnific_corpo-a-simplified-anatom_bxSdrbb5Y2-1024x573.png 1024w, https:\/\/www.tuasaude.com\/es\/news\/wp-content\/uploads\/2026\/09\/magnific_corpo-a-simplified-anatom_bxSdrbb5Y2-300x168.png 300w, https:\/\/www.tuasaude.com\/es\/news\/wp-content\/uploads\/2026\/09\/magnific_corpo-a-simplified-anatom_bxSdrbb5Y2-767x429.png 767w, https:\/\/www.tuasaude.com\/es\/news\/wp-content\/uploads\/2026\/09\/magnific_corpo-a-simplified-anatom_bxSdrbb5Y2-750x419.png 750w, https:\/\/www.tuasaude.com\/es\/news\/wp-content\/uploads\/2026\/09\/magnific_corpo-a-simplified-anatom_bxSdrbb5Y2-1140x637.png 1140w, https:\/\/www.tuasaude.com\/es\/news\/wp-content\/uploads\/2026\/09\/magnific_corpo-a-simplified-anatom_bxSdrbb5Y2.png 1344w\" sizes=\"(max-width: 1024px) 100vw, 1024px\" \/><figcaption class=\"wp-element-caption\">El m\u00fasculo responde al entrenamiento mediante adaptaciones de las fibras y del sistema nervioso, un proceso que ayuda a recuperar fuerza y funci\u00f3n con la pr\u00e1ctica regular.<\/figcaption><\/figure>\n<\/div>\n\n\n<p class=\"wp-block-paragraph\">En ese arranque, el m\u00fasculo casi no cambia de volumen, pero rinde m\u00e1s. El sistema nervioso recluta&nbsp;<strong>m\u00e1s fibras<\/strong>&nbsp;en cada intento, mejora la sincron\u00eda entre ellas y afina los gestos del ejercicio. Es como pasar de tocar una melod\u00eda con dos dedos a usar la mano entera. Ese aprendizaje ocurre en silencio, sin dolor ni cansancio extra, y explica buena parte del salto inicial.<\/p>\n\n\n\n<p class=\"wp-block-paragraph\">Por eso, entre la segunda y la tercera semana, muchas personas levantan m\u00e1s peso o hacen m\u00e1s repeticiones sin verse distintas. Ese progreso es&nbsp;<strong>fuerza real<\/strong>, no un efecto pasajero, y conviene registrarlo en un cuaderno para tener pruebas cuando la cabeza empiece a dudar.<\/p>\n\n\n\n<h2 class=\"wp-block-heading\">Cu\u00e1ndo empieza de verdad a crecer el m\u00fasculo<\/h2>\n\n\n\n<p class=\"wp-block-paragraph\">El m\u00fasculo nuevo llega despu\u00e9s, con su propio calendario. A partir de&nbsp;<strong>la sexta u octava semana<\/strong>, si el est\u00edmulo y la prote\u00edna acompa\u00f1an, las fibras empiezan a engrosar y el crecimiento del tejido se vuelve el protagonista del avance.<\/p>\n\n\n\n<p class=\"wp-block-paragraph\">Alrededor de la semana doce suelen notarse cambios visibles y, sobre todo, funcionales: subir escaleras con menos fatiga, levantarse de la silla sin usar las manos, cargar las compras sin pensarlo. Comer suficiente prote\u00edna ayuda a que ese trabajo cuaje, y&nbsp;<a href=\"https:\/\/www.tuasaude.com\/es\/alimentos-para-ganar-masa-muscular\/\" target=\"_blank\" rel=\"noopener\">los alimentos que aportan masa muscular<\/a>&nbsp;se vuelven un aliado concreto. Cada persona avanza a su ritmo, y el descanso, la alimentaci\u00f3n y la regularidad del est\u00edmulo mueven esas fechas hacia adelante o hacia atr\u00e1s.<\/p>\n\n\n\n<!-- ===== TS-COMPONENTE-2-LINEA-TIEMPO-INICIO ===== -->\n<div id=\"ts-linea-tiempo-widget\">\n  <style>\n    #ts-linea-tiempo-widget * {\n      box-sizing: border-box;\n    }\n\n    #ts-linea-tiempo-widget {\n      font-family: -apple-system, 'Segoe UI', Roboto, Arial, sans-serif;\n      background: #ffffff;\n      border: 1px solid #dce9f1;\n      border-radius: 16px;\n      padding: 24px;\n      max-width: 640px;\n      margin: 28px auto;\n      box-shadow: 0 4px 16px rgba(26,58,74,0.06);\n    }\n\n    #ts-linea-tiempo-widget .ts-widget-head {\n      margin-bottom: 24px;\n      text-align: center;\n    }\n\n    #ts-linea-tiempo-widget .ts-widget-title {\n      color: #1a3a4a;\n      font-size: 20px;\n      font-weight: 700;\n      line-height: 1.3;\n      margin-bottom: 6px;\n    }\n\n    #ts-linea-tiempo-widget .ts-widget-subtitle {\n      color: #55707e;\n      font-size: 15px;\n      line-height: 1.4;\n    }\n\n    #ts-linea-tiempo-widget .ts-timeline {\n      position: relative;\n      padding-left: 28px;\n    }\n\n    \/* Linha vertical central *\/\n    #ts-linea-tiempo-widget .ts-timeline::before {\n      content: '';\n      position: absolute;\n      top: 0;\n      bottom: 0;\n      left: 9px;\n      width: 4px;\n      background: #e3edf3;\n      border-radius: 2px;\n    }\n\n    #ts-linea-tiempo-widget .ts-phase {\n      position: relative;\n      margin-bottom: 28px;\n    }\n\n    #ts-linea-tiempo-widget .ts-phase:last-child {\n      margin-bottom: 0;\n    }\n\n    \/* Pontos da linha do tempo *\/\n    #ts-linea-tiempo-widget .ts-dot {\n      position: absolute;\n      left: -28px;\n      top: 4px;\n      width: 22px;\n      height: 22px;\n      border-radius: 50%;\n      background: #1c86c4;\n      border: 4px solid #ffffff;\n      box-shadow: 0 0 0 1px #1c86c4;\n      z-index: 2;\n    }\n\n    #ts-linea-tiempo-widget .ts-phase-card {\n      background: #f5f9fc;\n      border: 1px solid #e3edf3;\n      border-radius: 12px;\n      padding: 16px;\n      position: relative;\n    }\n\n    #ts-linea-tiempo-widget .ts-phase-time {\n      display: inline-block;\n      background: #1a3a4a;\n      color: #ffffff;\n      font-size: 12px;\n      font-weight: 700;\n      text-transform: uppercase;\n      letter-spacing: 0.05em;\n      padding: 4px 10px;\n      border-radius: 6px;\n      margin-bottom: 8px;\n    }\n\n    #ts-linea-tiempo-widget .ts-phase-title {\n      color: #1c86c4;\n      font-size: 17px;\n      font-weight: 700;\n      margin-bottom: 6px;\n      line-height: 1.2;\n    }\n\n    #ts-linea-tiempo-widget .ts-phase-desc {\n      color: #1a3a4a;\n      font-size: 14.5px;\n      line-height: 1.5;\n    }\n\n    \/* Cores progressivas para mostrar avan\u00e7o *\/\n    #ts-linea-tiempo-widget .ts-phase:nth-child(2) .ts-dot {\n      background: #156a9e;\n      box-shadow: 0 0 0 1px #156a9e;\n    }\n    #ts-linea-tiempo-widget .ts-phase:nth-child(2) .ts-phase-title {\n      color: #156a9e;\n    }\n\n    #ts-linea-tiempo-widget .ts-phase:nth-child(3) .ts-dot {\n      background: #0f4d75;\n      box-shadow: 0 0 0 1px #0f4d75;\n    }\n    #ts-linea-tiempo-widget .ts-phase:nth-child(3) .ts-phase-title {\n      color: #0f4d75;\n    }\n\n    @media (max-width: 480px) {\n      #ts-linea-tiempo-widget {\n        padding: 20px 16px;\n      }\n      #ts-linea-tiempo-widget .ts-phase-card {\n        padding: 14px;\n      }\n      #ts-linea-tiempo-widget .ts-phase-title {\n        font-size: 16px;\n      }\n    }\n  <\/style>\n\n  <div class=\"ts-widget-head\">\n    <div class=\"ts-widget-title\">La l\u00ednea de tiempo del m\u00fasculo<\/div>\n    <div class=\"ts-widget-subtitle\">Qu\u00e9 esperar al empezar a entrenar despu\u00e9s de los 60<\/div>\n  <\/div>\n\n  <div class=\"ts-timeline\">\n    \n    <!-- Fase 1 -->\n    <div class=\"ts-phase\">\n      <div class=\"ts-dot\" aria-hidden=\"true\"><\/div>\n      <div class=\"ts-phase-card\">\n        <span class=\"ts-phase-time\">Semanas 1 a 3<\/span>\n        <div class=\"ts-phase-title\">El Despertar Neurol\u00f3gico<\/div>\n        <div class=\"ts-phase-desc\">\n          El espejo no muestra cambios, pero tu sistema nervioso aprende a coordinar las fibras musculares. Sentir\u00e1s que levantar el mismo peso cuesta mucho menos esfuerzo.\n        <\/div>\n      <\/div>\n    <\/div>\n\n    <!-- Fase 2 -->\n    <div class=\"ts-phase\">\n      <div class=\"ts-dot\" aria-hidden=\"true\"><\/div>\n      <div class=\"ts-phase-card\">\n        <span class=\"ts-phase-time\">Semanas 6 a 8<\/span>\n        <div class=\"ts-phase-title\">El Inicio de la Hipertrofia<\/div>\n        <div class=\"ts-phase-desc\">\n          Las fibras musculares empiezan a engrosarse f\u00edsicamente si el est\u00edmulo y el consumo de prote\u00edna son adecuados. El tejido nuevo toma el protagonismo del avance.\n        <\/div>\n      <\/div>\n    <\/div>\n\n    <!-- Fase 3 -->\n    <div class=\"ts-phase\">\n      <div class=\"ts-dot\" aria-hidden=\"true\"><\/div>\n      <div class=\"ts-phase-card\">\n        <span class=\"ts-phase-time\">Semana 12 en adelante<\/span>\n        <div class=\"ts-phase-title\">Cambios Visibles y Funcionales<\/div>\n        <div class=\"ts-phase-desc\">\n          Aparecen los cambios est\u00e9ticos, pero sobre todo, notar\u00e1s una clara mejora funcional en tu autonom\u00eda: subir escaleras y levantarte de la silla ser\u00e1 mucho m\u00e1s f\u00e1cil.\n        <\/div>\n      <\/div>\n    <\/div>\n\n  <\/div>\n<\/div>\n<!-- ===== TS-COMPONENTE-2-LINEA-TIEMPO-FIM ===== -->\n\n\n\n<h2 class=\"wp-block-heading\">Por qu\u00e9 la mejora temprana no es un espejismo<\/h2>\n\n\n\n<p class=\"wp-block-paragraph\">Despu\u00e9s de los 60 hay una raz\u00f3n extra para valorar esas ganancias tempranas. Con la edad se pierde m\u00fasculo de forma silenciosa, un proceso que recorta la autonom\u00eda, y el entrenamiento de fuerza es de las pocas herramientas que lo frenan y hasta lo revierten en parte.<\/p>\n\n\n\n<p class=\"wp-block-paragraph\">La fuerza que aparece en las primeras semanas ya mejora el equilibrio y ayuda a&nbsp;<strong>prevenir ca\u00eddas<\/strong>, aunque el m\u00fasculo todav\u00eda no haya crecido. Por eso la constancia rinde desde el primer mes, y&nbsp;<a href=\"https:\/\/www.tuasaude.com\/es\/ejercicios-para-piernas\/\" target=\"_blank\" rel=\"noopener\">trabajar las piernas<\/a>&nbsp;con ejercicios simples entrega beneficios que se sienten en la vida diaria.<\/p>\n\n\n\n<h2 class=\"wp-block-heading\">C\u00f3mo sostener la constancia en las semanas sin espejo<\/h2>\n\n\n\n<p class=\"wp-block-paragraph\">El mejor ant\u00eddoto contra el abandono es cambiar de term\u00f3metro. En lugar de mirarse, conviene anotar cu\u00e1nto peso se mueve y cu\u00e1ntas repeticiones se logran, porque esos n\u00fameros suben mucho antes que la imagen. Ver la planilla crecer semana a semana sostiene las ganas cuando falta motivaci\u00f3n.<\/p>\n\n\n\n<p class=\"wp-block-paragraph\">Un plan realista incluye&nbsp;<strong>al menos dos sesiones por semana<\/strong>, cargas que cuesten en las \u00faltimas repeticiones y descanso entre est\u00edmulos, tal como&nbsp;<a href=\"https:\/\/www.tuasaude.com\/es\/news\/2026\/08\/21\/cuanto-ejercicio-de-fuerza-a-la-semana-recomiendan-despues-de-los-60-segun-la-oms\/\" target=\"_blank\" rel=\"noopener\">recomiendan las gu\u00edas de actividad f\u00edsica despu\u00e9s de los 60<\/a>. Si hay dolor que no cede o alguna condici\u00f3n de base, vale la pena ajustar la rutina con un profesional antes de seguir.<\/p>\n\n\n\n<p class=\"wp-block-paragraph\">Este contenido es informativo y&nbsp;<strong>no sustituye la evaluaci\u00f3n<\/strong>&nbsp;de un profesional de la salud. Antes de comenzar un plan de fuerza despu\u00e9s de los 60, y sobre todo si existen problemas del coraz\u00f3n o de las articulaciones, converse con su m\u00e9dico.<\/p>\n","protected":false},"excerpt":{"rendered":"<p>Resumen 1 La fuerza mejora mucho antes de que el m\u00fasculo crezca en tama\u00f1o, gracias a que el cerebro aprende a usar mejor las fibras musculares. 2 Durante las primeras 3 semanas, el sistema nervioso coordina el esfuerzo y notar\u00e1s que levantas peso con m\u00e1s facilidad. 3 El crecimiento real del m\u00fasculo (hipertrofia) comienza reci\u00e9n [&hellip;]<\/p>\n","protected":false},"author":14,"featured_media":19613,"comment_status":"open","ping_status":"open","sticky":false,"template":"","format":"standard","meta":{"jnews-multi-image_gallery":[],"jnews_single_post":{"format":"standard"},"jnews_primary_category":[],"jnews_social_meta":[],"jnews_override_counter":[],"footnotes":""},"categories":[1],"tags":[20645,20646,17995,20644,17921,16010],"class_list":["post-19600","post","type-post","status-publish","format-standard","has-post-thumbnail","hentry","category-bienestar","tag-adaptacion-neural","tag-ejercicio-en-adultos-mayores","tag-entrenamiento-de-fuerza","tag-fuerza-despues-de-los-60","tag-masa-muscular","tag-sarcopenia"],"yoast_head":"<!-- This site is optimized with the Yoast SEO plugin v28.3 - https:\/\/yoast.com\/product\/yoast-seo-wordpress\/ -->\n<title>Cu\u00e1nto tarda en notarse la fuerza cuando se empieza a entrenar despu\u00e9s de los 60: la l\u00ednea de tiempo real del m\u00fasculo - Tua Saude<\/title>\n<meta name=\"description\" content=\"\u00bfCu\u00e1nto tarda en notarse la fuerza al entrenar despu\u00e9s de los 60? La l\u00ednea de tiempo real del m\u00fasculo, semana a semana, y por qu\u00e9 la constancia rinde pronto.\" \/>\n<meta name=\"robots\" content=\"index, follow, max-snippet:-1, max-image-preview:large, max-video-preview:-1\" \/>\n<link rel=\"canonical\" href=\"https:\/\/www.tuasaude.com\/es\/news\/2026\/09\/01\/cuanto-tarda-en-notarse-la-fuerza-cuando-se-empieza-a-entrenar-despues-de-los-60-la-linea-de-tiempo-real-del-musculo\/\" \/>\n<meta property=\"og:locale\" content=\"es_ES\" \/>\n<meta property=\"og:type\" content=\"article\" \/>\n<meta property=\"og:title\" content=\"Cu\u00e1nto tarda en notarse la fuerza cuando se empieza a entrenar despu\u00e9s de los 60: la l\u00ednea de tiempo real del m\u00fasculo - Tua Saude\" \/>\n<meta property=\"og:description\" content=\"\u00bfCu\u00e1nto tarda en notarse la fuerza al entrenar despu\u00e9s de los 60? La l\u00ednea de tiempo real del m\u00fasculo, semana a semana, y por qu\u00e9 la constancia rinde pronto.\" \/>\n<meta property=\"og:url\" content=\"https:\/\/www.tuasaude.com\/es\/news\/2026\/09\/01\/cuanto-tarda-en-notarse-la-fuerza-cuando-se-empieza-a-entrenar-despues-de-los-60-la-linea-de-tiempo-real-del-musculo\/\" \/>\n<meta property=\"og:site_name\" content=\"Tua Saude\" \/>\n<meta property=\"article:published_time\" content=\"2026-09-01T12:15:00+00:00\" \/>\n<meta property=\"og:image\" content=\"https:\/\/www.tuasaude.com\/es\/news\/wp-content\/uploads\/2026\/09\/magnific_destacada-a-hispanic-man-_P3zbGzB42C.jpg\" \/>\n\t<meta property=\"og:image:width\" content=\"1280\" \/>\n\t<meta property=\"og:image:height\" content=\"720\" \/>\n\t<meta property=\"og:image:type\" content=\"image\/jpeg\" \/>\n<meta name=\"author\" content=\"Jo\u00e3o Victor\" \/>\n<meta name=\"twitter:card\" content=\"summary_large_image\" \/>\n<meta name=\"twitter:label1\" content=\"Escrito por\" \/>\n\t<meta name=\"twitter:data1\" content=\"Jo\u00e3o Victor\" \/>\n\t<meta name=\"twitter:label2\" content=\"Tiempo de lectura\" \/>\n\t<meta name=\"twitter:data2\" content=\"6 minutos\" \/>\n<!-- \/ Yoast SEO plugin. -->","yoast_head_json":{"title":"Cu\u00e1nto tarda en notarse la fuerza cuando se empieza a entrenar despu\u00e9s de los 60: la l\u00ednea de tiempo real del m\u00fasculo - Tua Saude","description":"\u00bfCu\u00e1nto tarda en notarse la fuerza al entrenar despu\u00e9s de los 60? La l\u00ednea de tiempo real del m\u00fasculo, semana a semana, y por qu\u00e9 la constancia rinde pronto.","robots":{"index":"index","follow":"follow","max-snippet":"max-snippet:-1","max-image-preview":"max-image-preview:large","max-video-preview":"max-video-preview:-1"},"canonical":"https:\/\/www.tuasaude.com\/es\/news\/2026\/09\/01\/cuanto-tarda-en-notarse-la-fuerza-cuando-se-empieza-a-entrenar-despues-de-los-60-la-linea-de-tiempo-real-del-musculo\/","og_locale":"es_ES","og_type":"article","og_title":"Cu\u00e1nto tarda en notarse la fuerza cuando se empieza a entrenar despu\u00e9s de los 60: la l\u00ednea de tiempo real del m\u00fasculo - Tua Saude","og_description":"\u00bfCu\u00e1nto tarda en notarse la fuerza al entrenar despu\u00e9s de los 60? La l\u00ednea de tiempo real del m\u00fasculo, semana a semana, y por qu\u00e9 la constancia rinde pronto.","og_url":"https:\/\/www.tuasaude.com\/es\/news\/2026\/09\/01\/cuanto-tarda-en-notarse-la-fuerza-cuando-se-empieza-a-entrenar-despues-de-los-60-la-linea-de-tiempo-real-del-musculo\/","og_site_name":"Tua Saude","article_published_time":"2026-09-01T12:15:00+00:00","og_image":[{"width":1280,"height":720,"url":"https:\/\/www.tuasaude.com\/es\/news\/wp-content\/uploads\/2026\/09\/magnific_destacada-a-hispanic-man-_P3zbGzB42C.jpg","type":"image\/jpeg"}],"author":"Jo\u00e3o Victor","twitter_card":"summary_large_image","twitter_misc":{"Escrito por":"Jo\u00e3o Victor","Tiempo de lectura":"6 minutos"},"schema":{"@context":"https:\/\/schema.org","@graph":[{"@type":"Article","@id":"https:\/\/www.tuasaude.com\/es\/news\/2026\/09\/01\/cuanto-tarda-en-notarse-la-fuerza-cuando-se-empieza-a-entrenar-despues-de-los-60-la-linea-de-tiempo-real-del-musculo\/#article","isPartOf":{"@id":"https:\/\/www.tuasaude.com\/es\/news\/2026\/09\/01\/cuanto-tarda-en-notarse-la-fuerza-cuando-se-empieza-a-entrenar-despues-de-los-60-la-linea-de-tiempo-real-del-musculo\/"},"author":{"name":"Jo\u00e3o Victor","@id":"https:\/\/www.tuasaude.com\/es\/news\/#\/schema\/person\/16a4d193b08b5d0f589edf44bf2a7fab"},"headline":"Cu\u00e1nto tarda en notarse la fuerza cuando se empieza a entrenar despu\u00e9s de los 60: la l\u00ednea de tiempo real del m\u00fasculo","datePublished":"2026-09-01T12:15:00+00:00","mainEntityOfPage":{"@id":"https:\/\/www.tuasaude.com\/es\/news\/2026\/09\/01\/cuanto-tarda-en-notarse-la-fuerza-cuando-se-empieza-a-entrenar-despues-de-los-60-la-linea-de-tiempo-real-del-musculo\/"},"wordCount":1176,"commentCount":0,"image":{"@id":"https:\/\/www.tuasaude.com\/es\/news\/2026\/09\/01\/cuanto-tarda-en-notarse-la-fuerza-cuando-se-empieza-a-entrenar-despues-de-los-60-la-linea-de-tiempo-real-del-musculo\/#primaryimage"},"thumbnailUrl":"https:\/\/www.tuasaude.com\/es\/news\/wp-content\/uploads\/2026\/09\/magnific_destacada-a-hispanic-man-_P3zbGzB42C.jpg","keywords":["adaptaci\u00f3n neural","ejercicio en adultos mayores","entrenamiento de fuerza","fuerza despu\u00e9s de los 60","masa muscular","sarcopenia"],"articleSection":["Bienestar"],"inLanguage":"es","potentialAction":[{"@type":"CommentAction","name":"Comment","target":["https:\/\/www.tuasaude.com\/es\/news\/2026\/09\/01\/cuanto-tarda-en-notarse-la-fuerza-cuando-se-empieza-a-entrenar-despues-de-los-60-la-linea-de-tiempo-real-del-musculo\/#respond"]}]},{"@type":"WebPage","@id":"https:\/\/www.tuasaude.com\/es\/news\/2026\/09\/01\/cuanto-tarda-en-notarse-la-fuerza-cuando-se-empieza-a-entrenar-despues-de-los-60-la-linea-de-tiempo-real-del-musculo\/","url":"https:\/\/www.tuasaude.com\/es\/news\/2026\/09\/01\/cuanto-tarda-en-notarse-la-fuerza-cuando-se-empieza-a-entrenar-despues-de-los-60-la-linea-de-tiempo-real-del-musculo\/","name":"Cu\u00e1nto tarda en notarse la fuerza cuando se empieza a entrenar despu\u00e9s de los 60: la l\u00ednea de tiempo real del m\u00fasculo - Tua Saude","isPartOf":{"@id":"https:\/\/www.tuasaude.com\/es\/news\/#website"},"primaryImageOfPage":{"@id":"https:\/\/www.tuasaude.com\/es\/news\/2026\/09\/01\/cuanto-tarda-en-notarse-la-fuerza-cuando-se-empieza-a-entrenar-despues-de-los-60-la-linea-de-tiempo-real-del-musculo\/#primaryimage"},"image":{"@id":"https:\/\/www.tuasaude.com\/es\/news\/2026\/09\/01\/cuanto-tarda-en-notarse-la-fuerza-cuando-se-empieza-a-entrenar-despues-de-los-60-la-linea-de-tiempo-real-del-musculo\/#primaryimage"},"thumbnailUrl":"https:\/\/www.tuasaude.com\/es\/news\/wp-content\/uploads\/2026\/09\/magnific_destacada-a-hispanic-man-_P3zbGzB42C.jpg","datePublished":"2026-09-01T12:15:00+00:00","author":{"@id":"https:\/\/www.tuasaude.com\/es\/news\/#\/schema\/person\/16a4d193b08b5d0f589edf44bf2a7fab"},"description":"\u00bfCu\u00e1nto tarda en notarse la fuerza al entrenar despu\u00e9s de los 60? La l\u00ednea de tiempo real del m\u00fasculo, semana a semana, y por qu\u00e9 la constancia rinde pronto.","breadcrumb":{"@id":"https:\/\/www.tuasaude.com\/es\/news\/2026\/09\/01\/cuanto-tarda-en-notarse-la-fuerza-cuando-se-empieza-a-entrenar-despues-de-los-60-la-linea-de-tiempo-real-del-musculo\/#breadcrumb"},"inLanguage":"es","potentialAction":[{"@type":"ReadAction","target":["https:\/\/www.tuasaude.com\/es\/news\/2026\/09\/01\/cuanto-tarda-en-notarse-la-fuerza-cuando-se-empieza-a-entrenar-despues-de-los-60-la-linea-de-tiempo-real-del-musculo\/"]}]},{"@type":"ImageObject","inLanguage":"es","@id":"https:\/\/www.tuasaude.com\/es\/news\/2026\/09\/01\/cuanto-tarda-en-notarse-la-fuerza-cuando-se-empieza-a-entrenar-despues-de-los-60-la-linea-de-tiempo-real-del-musculo\/#primaryimage","url":"https:\/\/www.tuasaude.com\/es\/news\/wp-content\/uploads\/2026\/09\/magnific_destacada-a-hispanic-man-_P3zbGzB42C.jpg","contentUrl":"https:\/\/www.tuasaude.com\/es\/news\/wp-content\/uploads\/2026\/09\/magnific_destacada-a-hispanic-man-_P3zbGzB42C.jpg","width":1280,"height":720,"caption":"Un hombre mayor entrena la fuerza en casa con mancuernas y una silla, una escena vinculada al desarrollo muscular despu\u00e9s de los 60. Imagen generada por IA."},{"@type":"BreadcrumbList","@id":"https:\/\/www.tuasaude.com\/es\/news\/2026\/09\/01\/cuanto-tarda-en-notarse-la-fuerza-cuando-se-empieza-a-entrenar-despues-de-los-60-la-linea-de-tiempo-real-del-musculo\/#breadcrumb","itemListElement":[{"@type":"ListItem","position":1,"name":"Portada","item":"https:\/\/www.tuasaude.com\/es\/news\/"},{"@type":"ListItem","position":2,"name":"Cu\u00e1nto tarda en notarse la fuerza cuando se empieza a entrenar despu\u00e9s de los 60: la l\u00ednea de tiempo real del m\u00fasculo"}]},{"@type":"WebSite","@id":"https:\/\/www.tuasaude.com\/es\/news\/#website","url":"https:\/\/www.tuasaude.com\/es\/news\/","name":"Tua Saude","description":"Tu sitio web de salud","potentialAction":[{"@type":"SearchAction","target":{"@type":"EntryPoint","urlTemplate":"https:\/\/www.tuasaude.com\/es\/news\/?s={search_term_string}"},"query-input":{"@type":"PropertyValueSpecification","valueRequired":true,"valueName":"search_term_string"}}],"inLanguage":"es"},{"@type":"Person","@id":"https:\/\/www.tuasaude.com\/es\/news\/#\/schema\/person\/16a4d193b08b5d0f589edf44bf2a7fab","name":"Jo\u00e3o Victor","image":{"@type":"ImageObject","inLanguage":"es","@id":"https:\/\/secure.gravatar.com\/avatar\/bafb23913f410c1931def6caa7c109c29a2ae52e8b28ea5b93784ed42e035da9?s=96&d=mm&r=g","url":"https:\/\/secure.gravatar.com\/avatar\/bafb23913f410c1931def6caa7c109c29a2ae52e8b28ea5b93784ed42e035da9?s=96&d=mm&r=g","contentUrl":"https:\/\/secure.gravatar.com\/avatar\/bafb23913f410c1931def6caa7c109c29a2ae52e8b28ea5b93784ed42e035da9?s=96&d=mm&r=g","caption":"Jo\u00e3o Victor"},"url":"https:\/\/www.tuasaude.com\/es\/news\/author\/joaomyth\/"}]}},"_links":{"self":[{"href":"https:\/\/www.tuasaude.com\/es\/news\/wp-json\/wp\/v2\/posts\/19600","targetHints":{"allow":["GET"]}}],"collection":[{"href":"https:\/\/www.tuasaude.com\/es\/news\/wp-json\/wp\/v2\/posts"}],"about":[{"href":"https:\/\/www.tuasaude.com\/es\/news\/wp-json\/wp\/v2\/types\/post"}],"author":[{"embeddable":true,"href":"https:\/\/www.tuasaude.com\/es\/news\/wp-json\/wp\/v2\/users\/14"}],"replies":[{"embeddable":true,"href":"https:\/\/www.tuasaude.com\/es\/news\/wp-json\/wp\/v2\/comments?post=19600"}],"version-history":[{"count":1,"href":"https:\/\/www.tuasaude.com\/es\/news\/wp-json\/wp\/v2\/posts\/19600\/revisions"}],"predecessor-version":[{"id":19614,"href":"https:\/\/www.tuasaude.com\/es\/news\/wp-json\/wp\/v2\/posts\/19600\/revisions\/19614"}],"wp:featuredmedia":[{"embeddable":true,"href":"https:\/\/www.tuasaude.com\/es\/news\/wp-json\/wp\/v2\/media\/19613"}],"wp:attachment":[{"href":"https:\/\/www.tuasaude.com\/es\/news\/wp-json\/wp\/v2\/media?parent=19600"}],"wp:term":[{"taxonomy":"category","embeddable":true,"href":"https:\/\/www.tuasaude.com\/es\/news\/wp-json\/wp\/v2\/categories?post=19600"},{"taxonomy":"post_tag","embeddable":true,"href":"https:\/\/www.tuasaude.com\/es\/news\/wp-json\/wp\/v2\/tags?post=19600"}],"curies":[{"name":"wp","href":"https:\/\/api.w.org\/{rel}","templated":true}]}}