{"id":19597,"date":"2026-09-01T16:30:00","date_gmt":"2026-09-01T15:30:00","guid":{"rendered":"https:\/\/www.tuasaude.com\/es\/news\/?p=19597"},"modified":"2026-09-01T15:13:05","modified_gmt":"2026-09-01T14:13:05","slug":"que-comer-para-el-pelo-que-se-afina-despues-de-la-menopausia-los-nutrientes-que-sostienen-la-nueva-etapa","status":"publish","type":"post","link":"https:\/\/www.tuasaude.com\/es\/news\/2026\/09\/01\/que-comer-para-el-pelo-que-se-afina-despues-de-la-menopausia-los-nutrientes-que-sostienen-la-nueva-etapa\/","title":{"rendered":"Qu\u00e9 comer para el pelo que se afina despu\u00e9s de la menopausia: los nutrientes que sostienen la nueva etapa"},"content":{"rendered":"\n<!-- ===== TS-COMPONENTE-1-CABELLO-MENOPAUSIA-RESUMEN-INICIO ===== -->\n<div id=\"ts-cabello-menopausia-resumen-teaser\">\n  <style>\n    #ts-cabello-menopausia-resumen-teaser * {\n      box-sizing: border-box;\n    }\n\n    #ts-cabello-menopausia-resumen-teaser {\n      font-family: -apple-system, 'Segoe UI', Roboto, Arial, sans-serif;\n      background: #ffffff;\n      border: 1px solid #e3edf3;\n      border-radius: 14px;\n      padding: 22px;\n      max-width: 640px;\n      margin: 24px auto;\n      box-shadow: 0 2px 14px rgba(26,58,74,0.07);\n    }\n\n    #ts-cabello-menopausia-resumen-teaser .ts-head {\n      display: flex;\n      align-items: center;\n      gap: 10px;\n      margin-bottom: 18px;\n    }\n\n    #ts-cabello-menopausia-resumen-teaser .ts-badge {\n      display: inline-flex;\n      align-items: center;\n      background: #1c86c4;\n      color: #ffffff;\n      font-size: 12.5px;\n      font-weight: 700;\n      letter-spacing: 0.04em;\n      text-transform: uppercase;\n      padding: 6px 12px;\n      border-radius: 999px;\n    }\n\n    #ts-cabello-menopausia-resumen-teaser .ts-item {\n      display: flex;\n      align-items: flex-start;\n      gap: 12px;\n      min-width: 0;\n      background: #f5f9fc;\n      border-left: 4px solid #1a3a4a;\n      border-radius: 0 10px 10px 0;\n      padding: 12px 14px;\n      margin-bottom: 10px;\n    }\n\n    #ts-cabello-menopausia-resumen-teaser .ts-item:last-child {\n      margin-bottom: 0;\n    }\n\n    #ts-cabello-menopausia-resumen-teaser .ts-mark {\n      display: inline-flex;\n      align-items: center;\n      justify-content: center;\n      flex: 0 0 26px;\n      width: 26px;\n      height: 26px;\n      background: #1c86c4;\n      color: #ffffff;\n      border-radius: 50%;\n      font-size: 13px;\n      line-height: 1;\n      font-weight: 800;\n      margin-top: 1px;\n    }\n\n    #ts-cabello-menopausia-resumen-teaser .ts-item-text {\n      display: block;\n      min-width: 0;\n      color: #1a3a4a;\n      font-size: 15px;\n      line-height: 1.45;\n      font-weight: 500;\n      overflow-wrap: anywhere;\n    }\n\n    @media (max-width: 480px) {\n      #ts-cabello-menopausia-resumen-teaser {\n        padding: 18px 16px;\n      }\n\n      #ts-cabello-menopausia-resumen-teaser .ts-item {\n        gap: 10px;\n        padding: 11px 12px;\n      }\n\n      #ts-cabello-menopausia-resumen-teaser .ts-mark {\n        flex-basis: 24px;\n        width: 24px;\n        height: 24px;\n        font-size: 12.5px;\n      }\n\n      #ts-cabello-menopausia-resumen-teaser .ts-item-text {\n        font-size: 14.5px;\n      }\n    }\n  <\/style>\n\n  <div class=\"ts-head\">\n    <svg width=\"30\" height=\"30\" viewBox=\"0 0 30 30\" xmlns=\"http:\/\/www.w3.org\/2000\/svg\" aria-hidden=\"true\">\n      <circle cx=\"15\" cy=\"15\" r=\"14\" fill=\"#1c86c4\"\/>\n      <rect x=\"12.5\" y=\"6\" width=\"5\" height=\"18\" rx=\"1.5\" fill=\"#ffffff\"\/>\n      <rect x=\"6\" y=\"12.5\" width=\"18\" height=\"5\" rx=\"1.5\" fill=\"#ffffff\"\/>\n    <\/svg>\n    <span class=\"ts-badge\">Resumen<\/span>\n  <\/div>\n\n  <div class=\"ts-item\">\n    <span class=\"ts-mark\" aria-hidden=\"true\">1<\/span>\n    <span class=\"ts-item-text\">La ca\u00edda de estr\u00f3genos en la menopausia acorta la fase de crecimiento del pelo, reduciendo su grosor y densidad general.<\/span>\n  <\/div>\n\n  <div class=\"ts-item\">\n    <span class=\"ts-mark\" aria-hidden=\"true\">2<\/span>\n    <span class=\"ts-item-text\">Una ferritina baja (reservas de hierro) es una causa frecuente de cabello fino, y muchas veces se busca un valor superior al m\u00ednimo del laboratorio.<\/span>\n  <\/div>\n\n  <div class=\"ts-item\">\n    <span class=\"ts-mark\" aria-hidden=\"true\">3<\/span>\n    <span class=\"ts-item-text\">Asegurar suficiente prote\u00edna diaria es clave, ya que el cabello est\u00e1 formado principalmente por queratina.<\/span>\n  <\/div>\n\n  <div class=\"ts-item\">\n    <span class=\"ts-mark\" aria-hidden=\"true\">4<\/span>\n    <span class=\"ts-item-text\">Nutrientes como el zinc y el omega-3 apoyan la reparaci\u00f3n celular de los fol\u00edculos y la salud del cuero cabelludo.<\/span>\n  <\/div>\n<\/div>\n<!-- ===== TS-COMPONENTE-1-CABELLO-MENOPAUSIA-RESUMEN-FIM ===== -->\n\n\n\n<p class=\"wp-block-paragraph\">Con la menopausia, muchas mujeres notan que la melena pierde cuerpo, que la cola de caballo qued\u00f3 m\u00e1s delgada y que el cuero cabelludo se transparenta un poco m\u00e1s al peinarse. La comida no obra milagros, pero s\u00ed sostiene el terreno donde el pelo crece. Y hay un an\u00e1lisis de sangre, la ferritina, que suele pasar inadvertido y que habla de la densidad capilar m\u00e1s de lo que casi nadie imagina.<\/p>\n\n\n\n<!-- ===== TS-COMPONENTE-2-NUTRIENTES-CABELLO-INICIO ===== -->\n<div id=\"ts-nutrientes-cabello-widget\">\n  <style>\n    #ts-nutrientes-cabello-widget * {\n      box-sizing: border-box;\n    }\n\n    #ts-nutrientes-cabello-widget {\n      font-family: -apple-system, 'Segoe UI', Roboto, Arial, sans-serif;\n      background: #ffffff;\n      border: 1px solid #dce9f1;\n      border-radius: 16px;\n      padding: 24px;\n      max-width: 640px;\n      margin: 28px auto;\n      box-shadow: 0 4px 16px rgba(26,58,74,0.06);\n    }\n\n    #ts-nutrientes-cabello-widget .ts-widget-head {\n      margin-bottom: 20px;\n      text-align: center;\n    }\n\n    #ts-nutrientes-cabello-widget .ts-widget-title {\n      color: #1a3a4a;\n      font-size: 20px;\n      font-weight: 700;\n      line-height: 1.3;\n      margin-bottom: 6px;\n    }\n\n    #ts-nutrientes-cabello-widget .ts-widget-subtitle {\n      color: #55707e;\n      font-size: 15px;\n      line-height: 1.4;\n    }\n\n    #ts-nutrientes-cabello-widget .ts-grid {\n      display: grid;\n      grid-template-columns: 1fr 1fr;\n      gap: 14px;\n    }\n\n    #ts-nutrientes-cabello-widget .ts-card {\n      background: #f5f9fc;\n      border: 1px solid #e3edf3;\n      border-radius: 12px;\n      padding: 16px;\n      display: flex;\n      flex-direction: column;\n      gap: 6px;\n    }\n\n    #ts-nutrientes-cabello-widget .ts-card-title {\n      color: #1c86c4;\n      font-size: 15px;\n      font-weight: 700;\n      line-height: 1.3;\n    }\n\n    #ts-nutrientes-cabello-widget .ts-card-desc {\n      color: #1a3a4a;\n      font-size: 13.5px;\n      line-height: 1.45;\n    }\n\n    @media (max-width: 480px) {\n      #ts-nutrientes-cabello-widget {\n        padding: 20px 16px;\n      }\n      #ts-nutrientes-cabello-widget .ts-grid {\n        grid-template-columns: 1fr;\n        gap: 10px;\n      }\n      #ts-nutrientes-cabello-widget .ts-card {\n        padding: 14px;\n      }\n    }\n  <\/style>\n\n  <div class=\"ts-widget-head\">\n    <div class=\"ts-widget-title\">Nutrientes esenciales para el cabello<\/div>\n    <div class=\"ts-widget-subtitle\">Pilares alimentarios para sostener la densidad capilar en la menopausia<\/div>\n  <\/div>\n\n  <div class=\"ts-grid\">\n    <div class=\"ts-card\">\n      <div class=\"ts-card-title\">Hierro y Ferritina<\/div>\n      <div class=\"ts-card-desc\">Garantiza el transporte adecuado de ox\u00edgeno a los fol\u00edculos. Las reservas \u00f3ptimas evitan la ca\u00edda difusa.<\/div>\n    <\/div>\n    \n    <div class=\"ts-card\">\n      <div class=\"ts-card-title\">Prote\u00ednas de Calidad<\/div>\n      <div class=\"ts-card-desc\">Huevos, carnes magras, pescados y legumbres aportan la materia prima indispensable para la s\u00edntesis de queratina.<\/div>\n    <\/div>\n\n    <div class=\"ts-card\">\n      <div class=\"ts-card-title\">Zinc<\/div>\n      <div class=\"ts-card-desc\">Presente en semillas y mariscos, participa activamente en la reparaci\u00f3n y el mantenimiento celular del fol\u00edculo.<\/div>\n    <\/div>\n\n    <div class=\"ts-card\">\n      <div class=\"ts-card-title\">Omega-3<\/div>\n      <div class=\"ts-card-desc\">Aportado por pescados azules y frutos secos, cuida la salud y la hidrataci\u00f3n del cuero cabelludo.<\/div>\n    <\/div>\n  <\/div>\n<\/div>\n<!-- ===== TS-COMPONENTE-2-NUTRIENTES-CABELLO-FIM ===== -->\n\n\n\n<h2 class=\"wp-block-heading\">Por qu\u00e9 el pelo se afina cuando bajan los estr\u00f3genos<\/h2>\n\n\n<div class=\"wp-block-image\">\n<figure class=\"aligncenter size-large is-resized\"><img decoding=\"async\" width=\"1024\" height=\"573\" src=\"https:\/\/www.tuasaude.com\/es\/news\/wp-content\/uploads\/2026\/09\/magnific_section-1-title-pelo-fino_fH1Xm1UCDY-1024x573.png\" alt=\"De acordo com especialistas, o que dificulta o controle da glicemia em pessoas com pr\u00e9-diabetes?\" class=\"wp-image-19677\" style=\"aspect-ratio:1.7871557131169893;width:1170px;height:auto\" srcset=\"https:\/\/www.tuasaude.com\/es\/news\/wp-content\/uploads\/2026\/09\/magnific_section-1-title-pelo-fino_fH1Xm1UCDY-1024x573.png 1024w, https:\/\/www.tuasaude.com\/es\/news\/wp-content\/uploads\/2026\/09\/magnific_section-1-title-pelo-fino_fH1Xm1UCDY-300x168.png 300w, https:\/\/www.tuasaude.com\/es\/news\/wp-content\/uploads\/2026\/09\/magnific_section-1-title-pelo-fino_fH1Xm1UCDY-767x429.png 767w, https:\/\/www.tuasaude.com\/es\/news\/wp-content\/uploads\/2026\/09\/magnific_section-1-title-pelo-fino_fH1Xm1UCDY-750x419.png 750w, https:\/\/www.tuasaude.com\/es\/news\/wp-content\/uploads\/2026\/09\/magnific_section-1-title-pelo-fino_fH1Xm1UCDY-1140x637.png 1140w, https:\/\/www.tuasaude.com\/es\/news\/wp-content\/uploads\/2026\/09\/magnific_section-1-title-pelo-fino_fH1Xm1UCDY.png 1344w\" sizes=\"(max-width: 1024px) 100vw, 1024px\" \/><figcaption class=\"wp-element-caption\">Despu\u00e9s de la menopausia, una alimentaci\u00f3n con suficiente prote\u00edna, hierro, zinc y omega-3 puede contribuir a mantener la salud del cabello.<\/figcaption><\/figure>\n<\/div>\n\n\n<p class=\"wp-block-paragraph\">Los estr\u00f3genos alargan la fase en la que cada hebra crece. Cuando estas hormonas caen en la menopausia, esa fase se acorta, m\u00e1s fol\u00edculos entran en reposo al mismo tiempo y el di\u00e1metro de cada cabello disminuye. El resultado no suele ser una calvicie marcada, sino un pelo m\u00e1s ralo y una raya central que se ve m\u00e1s ancha frente al espejo.<\/p>\n\n\n\n<p class=\"wp-block-paragraph\">A ese giro hormonal se suman factores que s\u00ed dependen del plato. Una dieta con poca prote\u00edna, o con las reservas de hierro en el piso, deja al fol\u00edculo sin materia prima justo cuando m\u00e1s lo necesita. Por eso la alimentaci\u00f3n no cambia la gen\u00e9tica, pero marca la diferencia entre un pelo sostenido y uno que se rinde antes de tiempo.<\/p>\n\n\n\n<h2 class=\"wp-block-heading\">Lo que una revisi\u00f3n dermatol\u00f3gica hall\u00f3 sobre la comida y la ca\u00edda<\/h2>\n\n\n\n<p class=\"wp-block-paragraph\">Una revisi\u00f3n publicada en la revista&nbsp;<em>Dermatology Practical &amp; Conceptual<\/em>&nbsp;en 2017 reuni\u00f3 lo que se sabe sobre nutrici\u00f3n y p\u00e9rdida de cabello. Sus autores se\u00f1alaron que&nbsp;<a href=\"https:\/\/pmc.ncbi.nlm.nih.gov\/articles\/PMC5315033\/\" target=\"_blank\" rel=\"noopener\">las carencias de hierro y de otros nutrientes pueden contribuir a la ca\u00edda<\/a>, y que conviene descartarlas antes de gastar en productos costosos.<\/p>\n\n\n\n<p class=\"wp-block-paragraph\">El mensaje pr\u00e1ctico es tranquilizador. Ante un pelo que se afina sin una causa evidente, revisar la dieta y pedir algunos an\u00e1lisis es un paso barato y con respaldo. No devuelve la melena de los treinta a\u00f1os, pero ayuda a que el fol\u00edculo trabaje con todo a favor en lugar de en contra.<\/p>\n\n\n\n<h2 class=\"wp-block-heading\">La ferritina y por qu\u00e9 su valor \u00f3ptimo no es el m\u00ednimo del laboratorio<\/h2>\n\n\n\n<p class=\"wp-block-paragraph\">La ferritina mide el hierro que el cuerpo tiene guardado en reserva, y no es lo mismo que el hierro de un hemograma com\u00fan. Una mujer puede no figurar como an\u00e9mica y, aun as\u00ed, llegar a la menopausia con&nbsp;<strong>las reservas vac\u00edas<\/strong>&nbsp;tras a\u00f1os de menstruaciones abundantes. Ese hueco silencioso es uno de los motivos m\u00e1s frecuentes y m\u00e1s corregibles del pelo fino.<\/p>\n\n\n\n<p class=\"wp-block-paragraph\">Aqu\u00ed aparece el detalle que cambia la lectura del an\u00e1lisis. El laboratorio marca como normal una ferritina que apenas supera el piso de la tabla, pero cuando el objetivo es el cabello muchos especialistas buscan un nivel&nbsp;<strong>m\u00e1s alto que ese m\u00ednimo<\/strong>, en cifras que suelen rondar los 30 a 40 o algo m\u00e1s. Por eso vale mirar el n\u00famero exacto y no solo si cay\u00f3 dentro del rango impreso.<\/p>\n\n\n\n<h2 class=\"wp-block-heading\">La prote\u00edna suficiente y el hierro que de verdad se absorbe<\/h2>\n\n\n<div class=\"wp-block-image\">\n<figure class=\"aligncenter size-large is-resized\"><img decoding=\"async\" width=\"1024\" height=\"573\" src=\"https:\/\/www.tuasaude.com\/es\/news\/wp-content\/uploads\/2026\/09\/magnific_corpo-a-close-editorial-m_s79q1jnl8e-1024x573.png\" alt=\"Doen\u00e7as nos rins evoluem sem dor intensa e come\u00e7am com sinais leves que muita gente ignora\" class=\"wp-image-19679\" style=\"aspect-ratio:1.7871557131169893;width:1170px;height:auto\" srcset=\"https:\/\/www.tuasaude.com\/es\/news\/wp-content\/uploads\/2026\/09\/magnific_corpo-a-close-editorial-m_s79q1jnl8e-1024x573.png 1024w, https:\/\/www.tuasaude.com\/es\/news\/wp-content\/uploads\/2026\/09\/magnific_corpo-a-close-editorial-m_s79q1jnl8e-300x168.png 300w, https:\/\/www.tuasaude.com\/es\/news\/wp-content\/uploads\/2026\/09\/magnific_corpo-a-close-editorial-m_s79q1jnl8e-767x429.png 767w, https:\/\/www.tuasaude.com\/es\/news\/wp-content\/uploads\/2026\/09\/magnific_corpo-a-close-editorial-m_s79q1jnl8e-750x419.png 750w, https:\/\/www.tuasaude.com\/es\/news\/wp-content\/uploads\/2026\/09\/magnific_corpo-a-close-editorial-m_s79q1jnl8e-1140x637.png 1140w, https:\/\/www.tuasaude.com\/es\/news\/wp-content\/uploads\/2026\/09\/magnific_corpo-a-close-editorial-m_s79q1jnl8e.png 1344w\" sizes=\"(max-width: 1024px) 100vw, 1024px\" \/><figcaption class=\"wp-element-caption\">Combinar alimentos ricos en hierro, como carne y legumbres, con verduras y semillas ayuda a cubrir nutrientes importantes para el crecimiento y la fortaleza del cabello.<\/figcaption><\/figure>\n<\/div>\n\n\n<p class=\"wp-block-paragraph\">El cabello es, en esencia,&nbsp;<strong>prote\u00edna<\/strong>. Sin una cuota diaria suficiente y repartida entre las comidas, el cuerpo atiende primero a los \u00f3rganos vitales y deja al fol\u00edculo al final de la fila. Huevos, pescado, l\u00e1cteos, legumbres, man\u00ed y carnes magras cubren esa base sin grandes complicaciones ni recetas raras.<\/p>\n\n\n\n<p class=\"wp-block-paragraph\">Con el hierro importa la forma en que llega. El de origen animal se aprovecha mejor que el de las plantas, y sumar una fuente de vitamina C en la misma comida mejora la absorci\u00f3n del hierro vegetal. Cuando las reservas est\u00e1n muy bajas, el m\u00e9dico puede indicar un&nbsp;<a href=\"https:\/\/www.tuasaude.com\/es\/sulfato-ferroso\/\" target=\"_blank\" rel=\"noopener\">suplemento de hierro<\/a>&nbsp;por un per\u00edodo, siempre con control y sin improvisar dosis.<\/p>\n\n\n\n<h2 class=\"wp-block-heading\">El zinc y el omega-3 en el plato de la nueva etapa<\/h2>\n\n\n\n<p class=\"wp-block-paragraph\">El&nbsp;<strong>zinc<\/strong>&nbsp;participa en la reparaci\u00f3n del fol\u00edculo y est\u00e1 en semillas de calabaza, man\u00ed, mariscos y legumbres. No se trata de perseguir dosis altas, que hasta pueden ser contraproducentes, sino de incluirlo de forma habitual a lo largo de la semana.<\/p>\n\n\n\n<p class=\"wp-block-paragraph\">El&nbsp;<a href=\"https:\/\/www.tuasaude.com\/es\/omega-3\/\" target=\"_blank\" rel=\"noopener\">omega-3<\/a>&nbsp;del pescado azul cuida el ambiente donde el pelo crece y acompa\u00f1a la salud del cuero cabelludo. Pescado dos veces por semana, un pu\u00f1ado de frutos secos y algunas semillas arman un plato que sostiene la&nbsp;<strong>densidad capilar<\/strong>&nbsp;de esta etapa.<\/p>\n\n\n\n<h2 class=\"wp-block-heading\">Qu\u00e9 puede la comida y qu\u00e9 se conversa con el dermat\u00f3logo<\/h2>\n\n\n\n<p class=\"wp-block-paragraph\">Conviene ser honesta con lo que se puede esperar. La comida sostiene el terreno y corrige carencias, pero&nbsp;<strong>no revierte la gen\u00e9tica<\/strong>&nbsp;del afinamiento cuando el patr\u00f3n viene de familia. En esos casos existen opciones m\u00e9dicas que se conversan y se deciden con el dermat\u00f3logo, seg\u00fan el tipo de ca\u00edda y la edad.<\/p>\n\n\n\n<p class=\"wp-block-paragraph\">Cuidar la alimentaci\u00f3n en esta etapa forma parte de una mirada m\u00e1s amplia, la misma que lleva a&nbsp;<a href=\"https:\/\/www.tuasaude.com\/es\/news\/2026\/08\/16\/como-proteger-la-memoria-despues-de-los-60-7-habitos-diarios-que-recomiendan-los-especialistas-para-cuidar-el-cerebro\/\" target=\"_blank\" rel=\"noopener\">cuidar otros aspectos de la salud despu\u00e9s de los 60<\/a>. Si la ca\u00edda es r\u00e1pida, deja zonas despobladas o se acompa\u00f1a de picaz\u00f3n, la consulta temprana orienta y descarta causas tratables.<\/p>\n\n\n\n<p class=\"wp-block-paragraph\">Esta informaci\u00f3n tiene fines educativos y&nbsp;<strong>no reemplaza la evaluaci\u00f3n m\u00e9dica<\/strong>. Ante una ca\u00edda importante del cabello o dudas con los resultados de laboratorio, consulte con un profesional de la salud.<\/p>\n","protected":false},"excerpt":{"rendered":"<p>Resumen 1 La ca\u00edda de estr\u00f3genos en la menopausia acorta la fase de crecimiento del pelo, reduciendo su grosor y densidad general. 2 Una ferritina baja (reservas de hierro) es una causa frecuente de cabello fino, y muchas veces se busca un valor superior al m\u00ednimo del laboratorio. 3 Asegurar suficiente prote\u00edna diaria es clave, [&hellip;]<\/p>\n","protected":false},"author":14,"featured_media":19680,"comment_status":"open","ping_status":"open","sticky":false,"template":"","format":"standard","meta":{"jnews-multi-image_gallery":[],"jnews_single_post":{"format":"standard"},"jnews_primary_category":[],"jnews_social_meta":[],"jnews_override_counter":[],"footnotes":""},"categories":[1],"tags":[17669,20653,12483,17549,17485,15328,18118],"class_list":["post-19597","post","type-post","status-publish","format-standard","has-post-thumbnail","hentry","category-bienestar","tag-caida-del-cabello","tag-densidad-capilar","tag-ferritina","tag-hierro","tag-menopausia","tag-proteina","tag-salud-femenina"],"yoast_head":"<!-- This site is optimized with the Yoast SEO plugin v28.3 - https:\/\/yoast.com\/product\/yoast-seo-wordpress\/ -->\n<title>Qu\u00e9 comer para el pelo que se afina despu\u00e9s de la menopausia: los nutrientes que sostienen la nueva etapa - Tua Saude<\/title>\n<meta name=\"description\" content=\"El pelo se afina tras la menopausia por el cambio hormonal. Descubre qu\u00e9 comer, por qu\u00e9 revisar la ferritina y qu\u00e9 nutrientes sostienen la densidad capilar.\" \/>\n<meta name=\"robots\" content=\"index, follow, max-snippet:-1, max-image-preview:large, max-video-preview:-1\" \/>\n<link rel=\"canonical\" href=\"https:\/\/www.tuasaude.com\/es\/news\/2026\/09\/01\/que-comer-para-el-pelo-que-se-afina-despues-de-la-menopausia-los-nutrientes-que-sostienen-la-nueva-etapa\/\" \/>\n<meta property=\"og:locale\" content=\"es_ES\" \/>\n<meta property=\"og:type\" content=\"article\" \/>\n<meta property=\"og:title\" content=\"Qu\u00e9 comer para el pelo que se afina despu\u00e9s de la menopausia: los nutrientes que sostienen la nueva etapa - Tua Saude\" \/>\n<meta property=\"og:description\" content=\"El pelo se afina tras la menopausia por el cambio hormonal. Descubre qu\u00e9 comer, por qu\u00e9 revisar la ferritina y qu\u00e9 nutrientes sostienen la densidad capilar.\" \/>\n<meta property=\"og:url\" content=\"https:\/\/www.tuasaude.com\/es\/news\/2026\/09\/01\/que-comer-para-el-pelo-que-se-afina-despues-de-la-menopausia-los-nutrientes-que-sostienen-la-nueva-etapa\/\" \/>\n<meta property=\"og:site_name\" content=\"Tua Saude\" \/>\n<meta property=\"article:published_time\" content=\"2026-09-01T15:30:00+00:00\" \/>\n<meta property=\"og:image\" content=\"https:\/\/www.tuasaude.com\/es\/news\/wp-content\/uploads\/2026\/09\/magnific_destacada-a-hispanic-woma_vQKe8eYa47-1.png\" \/>\n\t<meta property=\"og:image:width\" content=\"1344\" \/>\n\t<meta property=\"og:image:height\" content=\"752\" \/>\n\t<meta property=\"og:image:type\" content=\"image\/png\" \/>\n<meta name=\"author\" content=\"Jo\u00e3o Victor\" \/>\n<meta name=\"twitter:card\" content=\"summary_large_image\" \/>\n<meta name=\"twitter:label1\" content=\"Escrito por\" \/>\n\t<meta name=\"twitter:data1\" content=\"Jo\u00e3o Victor\" \/>\n\t<meta name=\"twitter:label2\" content=\"Tiempo de lectura\" \/>\n\t<meta name=\"twitter:data2\" content=\"6 minutos\" \/>\n<!-- \/ Yoast SEO plugin. -->","yoast_head_json":{"title":"Qu\u00e9 comer para el pelo que se afina despu\u00e9s de la menopausia: los nutrientes que sostienen la nueva etapa - Tua Saude","description":"El pelo se afina tras la menopausia por el cambio hormonal. Descubre qu\u00e9 comer, por qu\u00e9 revisar la ferritina y qu\u00e9 nutrientes sostienen la densidad capilar.","robots":{"index":"index","follow":"follow","max-snippet":"max-snippet:-1","max-image-preview":"max-image-preview:large","max-video-preview":"max-video-preview:-1"},"canonical":"https:\/\/www.tuasaude.com\/es\/news\/2026\/09\/01\/que-comer-para-el-pelo-que-se-afina-despues-de-la-menopausia-los-nutrientes-que-sostienen-la-nueva-etapa\/","og_locale":"es_ES","og_type":"article","og_title":"Qu\u00e9 comer para el pelo que se afina despu\u00e9s de la menopausia: los nutrientes que sostienen la nueva etapa - Tua Saude","og_description":"El pelo se afina tras la menopausia por el cambio hormonal. Descubre qu\u00e9 comer, por qu\u00e9 revisar la ferritina y qu\u00e9 nutrientes sostienen la densidad capilar.","og_url":"https:\/\/www.tuasaude.com\/es\/news\/2026\/09\/01\/que-comer-para-el-pelo-que-se-afina-despues-de-la-menopausia-los-nutrientes-que-sostienen-la-nueva-etapa\/","og_site_name":"Tua Saude","article_published_time":"2026-09-01T15:30:00+00:00","og_image":[{"width":1344,"height":752,"url":"https:\/\/www.tuasaude.com\/es\/news\/wp-content\/uploads\/2026\/09\/magnific_destacada-a-hispanic-woma_vQKe8eYa47-1.png","type":"image\/png"}],"author":"Jo\u00e3o Victor","twitter_card":"summary_large_image","twitter_misc":{"Escrito por":"Jo\u00e3o Victor","Tiempo de lectura":"6 minutos"},"schema":{"@context":"https:\/\/schema.org","@graph":[{"@type":"Article","@id":"https:\/\/www.tuasaude.com\/es\/news\/2026\/09\/01\/que-comer-para-el-pelo-que-se-afina-despues-de-la-menopausia-los-nutrientes-que-sostienen-la-nueva-etapa\/#article","isPartOf":{"@id":"https:\/\/www.tuasaude.com\/es\/news\/2026\/09\/01\/que-comer-para-el-pelo-que-se-afina-despues-de-la-menopausia-los-nutrientes-que-sostienen-la-nueva-etapa\/"},"author":{"name":"Jo\u00e3o Victor","@id":"https:\/\/www.tuasaude.com\/es\/news\/#\/schema\/person\/16a4d193b08b5d0f589edf44bf2a7fab"},"headline":"Qu\u00e9 comer para el pelo que se afina despu\u00e9s de la menopausia: los nutrientes que sostienen la nueva etapa","datePublished":"2026-09-01T15:30:00+00:00","mainEntityOfPage":{"@id":"https:\/\/www.tuasaude.com\/es\/news\/2026\/09\/01\/que-comer-para-el-pelo-que-se-afina-despues-de-la-menopausia-los-nutrientes-que-sostienen-la-nueva-etapa\/"},"wordCount":1167,"commentCount":0,"image":{"@id":"https:\/\/www.tuasaude.com\/es\/news\/2026\/09\/01\/que-comer-para-el-pelo-que-se-afina-despues-de-la-menopausia-los-nutrientes-que-sostienen-la-nueva-etapa\/#primaryimage"},"thumbnailUrl":"https:\/\/www.tuasaude.com\/es\/news\/wp-content\/uploads\/2026\/09\/magnific_destacada-a-hispanic-woma_vQKe8eYa47-1.png","keywords":["ca\u00edda del cabello","densidad capilar","ferritina","hierro","menopausia","prote\u00edna","salud femenina"],"articleSection":["Bienestar"],"inLanguage":"es","potentialAction":[{"@type":"CommentAction","name":"Comment","target":["https:\/\/www.tuasaude.com\/es\/news\/2026\/09\/01\/que-comer-para-el-pelo-que-se-afina-despues-de-la-menopausia-los-nutrientes-que-sostienen-la-nueva-etapa\/#respond"]}]},{"@type":"WebPage","@id":"https:\/\/www.tuasaude.com\/es\/news\/2026\/09\/01\/que-comer-para-el-pelo-que-se-afina-despues-de-la-menopausia-los-nutrientes-que-sostienen-la-nueva-etapa\/","url":"https:\/\/www.tuasaude.com\/es\/news\/2026\/09\/01\/que-comer-para-el-pelo-que-se-afina-despues-de-la-menopausia-los-nutrientes-que-sostienen-la-nueva-etapa\/","name":"Qu\u00e9 comer para el pelo que se afina despu\u00e9s de la menopausia: los nutrientes que sostienen la nueva etapa - Tua Saude","isPartOf":{"@id":"https:\/\/www.tuasaude.com\/es\/news\/#website"},"primaryImageOfPage":{"@id":"https:\/\/www.tuasaude.com\/es\/news\/2026\/09\/01\/que-comer-para-el-pelo-que-se-afina-despues-de-la-menopausia-los-nutrientes-que-sostienen-la-nueva-etapa\/#primaryimage"},"image":{"@id":"https:\/\/www.tuasaude.com\/es\/news\/2026\/09\/01\/que-comer-para-el-pelo-que-se-afina-despues-de-la-menopausia-los-nutrientes-que-sostienen-la-nueva-etapa\/#primaryimage"},"thumbnailUrl":"https:\/\/www.tuasaude.com\/es\/news\/wp-content\/uploads\/2026\/09\/magnific_destacada-a-hispanic-woma_vQKe8eYa47-1.png","datePublished":"2026-09-01T15:30:00+00:00","author":{"@id":"https:\/\/www.tuasaude.com\/es\/news\/#\/schema\/person\/16a4d193b08b5d0f589edf44bf2a7fab"},"description":"El pelo se afina tras la menopausia por el cambio hormonal. Descubre qu\u00e9 comer, por qu\u00e9 revisar la ferritina y qu\u00e9 nutrientes sostienen la densidad capilar.","breadcrumb":{"@id":"https:\/\/www.tuasaude.com\/es\/news\/2026\/09\/01\/que-comer-para-el-pelo-que-se-afina-despues-de-la-menopausia-los-nutrientes-que-sostienen-la-nueva-etapa\/#breadcrumb"},"inLanguage":"es","potentialAction":[{"@type":"ReadAction","target":["https:\/\/www.tuasaude.com\/es\/news\/2026\/09\/01\/que-comer-para-el-pelo-que-se-afina-despues-de-la-menopausia-los-nutrientes-que-sostienen-la-nueva-etapa\/"]}]},{"@type":"ImageObject","inLanguage":"es","@id":"https:\/\/www.tuasaude.com\/es\/news\/2026\/09\/01\/que-comer-para-el-pelo-que-se-afina-despues-de-la-menopausia-los-nutrientes-que-sostienen-la-nueva-etapa\/#primaryimage","url":"https:\/\/www.tuasaude.com\/es\/news\/wp-content\/uploads\/2026\/09\/magnific_destacada-a-hispanic-woma_vQKe8eYa47-1.png","contentUrl":"https:\/\/www.tuasaude.com\/es\/news\/wp-content\/uploads\/2026\/09\/magnific_destacada-a-hispanic-woma_vQKe8eYa47-1.png","width":1344,"height":752,"caption":"Una mujer revisa su cabello frente al espejo, una escena vinculada al afinamiento del pelo que puede aparecer despu\u00e9s de la menopausia y a los cuidados que ayudan a sostenerlo. Imagen generada por IA."},{"@type":"BreadcrumbList","@id":"https:\/\/www.tuasaude.com\/es\/news\/2026\/09\/01\/que-comer-para-el-pelo-que-se-afina-despues-de-la-menopausia-los-nutrientes-que-sostienen-la-nueva-etapa\/#breadcrumb","itemListElement":[{"@type":"ListItem","position":1,"name":"Portada","item":"https:\/\/www.tuasaude.com\/es\/news\/"},{"@type":"ListItem","position":2,"name":"Qu\u00e9 comer para el pelo que se afina despu\u00e9s de la menopausia: los nutrientes que sostienen la nueva etapa"}]},{"@type":"WebSite","@id":"https:\/\/www.tuasaude.com\/es\/news\/#website","url":"https:\/\/www.tuasaude.com\/es\/news\/","name":"Tua Saude","description":"Tu sitio web de salud","potentialAction":[{"@type":"SearchAction","target":{"@type":"EntryPoint","urlTemplate":"https:\/\/www.tuasaude.com\/es\/news\/?s={search_term_string}"},"query-input":{"@type":"PropertyValueSpecification","valueRequired":true,"valueName":"search_term_string"}}],"inLanguage":"es"},{"@type":"Person","@id":"https:\/\/www.tuasaude.com\/es\/news\/#\/schema\/person\/16a4d193b08b5d0f589edf44bf2a7fab","name":"Jo\u00e3o Victor","image":{"@type":"ImageObject","inLanguage":"es","@id":"https:\/\/secure.gravatar.com\/avatar\/bafb23913f410c1931def6caa7c109c29a2ae52e8b28ea5b93784ed42e035da9?s=96&d=mm&r=g","url":"https:\/\/secure.gravatar.com\/avatar\/bafb23913f410c1931def6caa7c109c29a2ae52e8b28ea5b93784ed42e035da9?s=96&d=mm&r=g","contentUrl":"https:\/\/secure.gravatar.com\/avatar\/bafb23913f410c1931def6caa7c109c29a2ae52e8b28ea5b93784ed42e035da9?s=96&d=mm&r=g","caption":"Jo\u00e3o Victor"},"url":"https:\/\/www.tuasaude.com\/es\/news\/author\/joaomyth\/"}]}},"_links":{"self":[{"href":"https:\/\/www.tuasaude.com\/es\/news\/wp-json\/wp\/v2\/posts\/19597","targetHints":{"allow":["GET"]}}],"collection":[{"href":"https:\/\/www.tuasaude.com\/es\/news\/wp-json\/wp\/v2\/posts"}],"about":[{"href":"https:\/\/www.tuasaude.com\/es\/news\/wp-json\/wp\/v2\/types\/post"}],"author":[{"embeddable":true,"href":"https:\/\/www.tuasaude.com\/es\/news\/wp-json\/wp\/v2\/users\/14"}],"replies":[{"embeddable":true,"href":"https:\/\/www.tuasaude.com\/es\/news\/wp-json\/wp\/v2\/comments?post=19597"}],"version-history":[{"count":2,"href":"https:\/\/www.tuasaude.com\/es\/news\/wp-json\/wp\/v2\/posts\/19597\/revisions"}],"predecessor-version":[{"id":19681,"href":"https:\/\/www.tuasaude.com\/es\/news\/wp-json\/wp\/v2\/posts\/19597\/revisions\/19681"}],"wp:featuredmedia":[{"embeddable":true,"href":"https:\/\/www.tuasaude.com\/es\/news\/wp-json\/wp\/v2\/media\/19680"}],"wp:attachment":[{"href":"https:\/\/www.tuasaude.com\/es\/news\/wp-json\/wp\/v2\/media?parent=19597"}],"wp:term":[{"taxonomy":"category","embeddable":true,"href":"https:\/\/www.tuasaude.com\/es\/news\/wp-json\/wp\/v2\/categories?post=19597"},{"taxonomy":"post_tag","embeddable":true,"href":"https:\/\/www.tuasaude.com\/es\/news\/wp-json\/wp\/v2\/tags?post=19597"}],"curies":[{"name":"wp","href":"https:\/\/api.w.org\/{rel}","templated":true}]}}