{"id":19571,"date":"2026-09-03T15:55:00","date_gmt":"2026-09-03T14:55:00","guid":{"rendered":"https:\/\/www.tuasaude.com\/es\/news\/?p=19571"},"modified":"2026-09-03T13:46:25","modified_gmt":"2026-09-03T12:46:25","slug":"las-manchas-oscuras-en-las-manos-y-en-la-cara-no-se-deben-solo-al-sol-sino-tambien-al-paso-del-tiempo-y-a-los-cambios-hormonales","status":"publish","type":"post","link":"https:\/\/www.tuasaude.com\/es\/news\/2026\/09\/03\/las-manchas-oscuras-en-las-manos-y-en-la-cara-no-se-deben-solo-al-sol-sino-tambien-al-paso-del-tiempo-y-a-los-cambios-hormonales\/","title":{"rendered":"Las manchas oscuras en las manos y en la cara no se deben solo al sol, sino tambi\u00e9n al paso del tiempo y a los cambios hormonales"},"content":{"rendered":"<p><strong>Las manchas en la piel<\/strong> de la cara y de las manos suelen relacionarse con el <strong>sol<\/strong>, pero no siempre aparecen solo por la radiaci\u00f3n ultravioleta. Tambi\u00e9n influyen los <strong>cambios hormonales<\/strong>, el <strong>envejecimiento<\/strong>, la inflamaci\u00f3n previa y la capacidad de la piel para producir melanina de forma desigual. Por eso, dos personas con h\u00e1bitos parecidos pueden desarrollar marcas muy distintas.<\/p>\n<h2>\u00bfPor qu\u00e9 aparecen manchas oscuras en la cara y en las manos?<\/h2>\n<p>Las manchas en la piel se forman cuando los melanocitos producen m\u00e1s pigmento del necesario o lo distribuyen de manera irregular. En la cara esto puede verse como melasma o zonas de hiperpigmentaci\u00f3n difusa. En las manos son frecuentes las lesiones asociadas al fotoenvejecimiento, porque reciben radiaci\u00f3n solar durante a\u00f1os al conducir, caminar o realizar actividades al aire libre.<\/p>\n<p>El sol sigue siendo un factor central, pero no act\u00faa solo. Los cambios hormonales, como los del embarazo, el uso de anticonceptivos o algunas alteraciones endocrinas, pueden estimular la pigmentaci\u00f3n. El envejecimiento tambi\u00e9n cambia la renovaci\u00f3n cut\u00e1nea, reduce la reparaci\u00f3n del tejido y favorece la aparici\u00f3n de lentigos y tono irregular.<\/p>\n<h2>\u00bfQu\u00e9 dice la investigaci\u00f3n sobre la hiperpigmentaci\u00f3n?<\/h2>\n<p>Una investigaci\u00f3n publicada en <strong>2025<\/strong> reuni\u00f3 ensayos cl\u00ednicos sobre melasma y pigmentaci\u00f3n ligada al fotoenvejecimiento. El an\u00e1lisis mostr\u00f3 que distintas formulaciones tuvieron mejores resultados que placebo para mejorar la hiperpigmentaci\u00f3n, lo que apoya el uso de tratamientos dirigidos cuando la evaluaci\u00f3n m\u00e9dica confirma la causa de las manchas.<\/p>\n<p>En ese contexto, se observaron <a href=\"https:\/\/pubmed.ncbi.nlm.nih.gov\/39921709\/\" target=\"_blank\" rel=\"noopener noreferrer\">mejoras de la hiperpigmentaci\u00f3n frente a placebo<\/a> con varias formulaciones. Esto no significa que cualquier crema sirva para todas las personas. La respuesta depende de la profundidad del pigmento, del fototipo, de la constancia con la fotoprotecci\u00f3n y de si hay factores hormonales o inflamatorios detr\u00e1s.<\/p>\n<figure class=\"wp-block-image aligncenter size-large\"><img decoding=\"async\" width=\"1279\" height=\"720\" src=\"https:\/\/www.tuasaude.com\/es\/news\/wp-content\/uploads\/2026\/09\/las-manchas-oscuras-en-las-manos-y-en-la-cara-no-se-deb-corpo.jpg\" alt=\"Sol, hormonas, envejecimiento y cuidados clave influyen en la hiperpigmentaci\u00f3n.\" class=\"wp-image-19570\" srcset=\"https:\/\/www.tuasaude.com\/es\/news\/wp-content\/uploads\/2026\/09\/las-manchas-oscuras-en-las-manos-y-en-la-cara-no-se-deb-corpo.jpg 1279w, https:\/\/www.tuasaude.com\/es\/news\/wp-content\/uploads\/2026\/09\/las-manchas-oscuras-en-las-manos-y-en-la-cara-no-se-deb-corpo-300x169.jpg 300w, https:\/\/www.tuasaude.com\/es\/news\/wp-content\/uploads\/2026\/09\/las-manchas-oscuras-en-las-manos-y-en-la-cara-no-se-deb-corpo-1024x576.jpg 1024w, https:\/\/www.tuasaude.com\/es\/news\/wp-content\/uploads\/2026\/09\/las-manchas-oscuras-en-las-manos-y-en-la-cara-no-se-deb-corpo-768x432.jpg 768w, https:\/\/www.tuasaude.com\/es\/news\/wp-content\/uploads\/2026\/09\/las-manchas-oscuras-en-las-manos-y-en-la-cara-no-se-deb-corpo-750x422.jpg 750w, https:\/\/www.tuasaude.com\/es\/news\/wp-content\/uploads\/2026\/09\/las-manchas-oscuras-en-las-manos-y-en-la-cara-no-se-deb-corpo-1140x642.jpg 1140w\" sizes=\"(max-width: 1279px) 100vw, 1279px\" \/><figcaption class=\"wp-element-caption\">Sol, hormonas, envejecimiento y cuidados clave influyen en la hiperpigmentaci\u00f3n.<\/figcaption><\/figure>\n<h2>\u00bfC\u00f3mo influyen los cambios hormonales en estas marcas?<\/h2>\n<p><strong>Los cambios hormonales<\/strong> pueden activar la producci\u00f3n de melanina incluso con exposiciones solares cortas. Esto se ve con frecuencia en el melasma, que suele afectar p\u00f3mulos, frente, labio superior y, a veces, mand\u00edbula. La combinaci\u00f3n entre estr\u00f3genos, radiaci\u00f3n ultravioleta y calor puede hacer que las manchas se mantengan durante meses.<\/p>\n<p>Si adem\u00e1s quieres revisar <a href=\"https:\/\/www.tuasaude.com\/es\/manchas-oscuras-en-la-piel\/\" target=\"_blank\" rel=\"noopener noreferrer\">las causas de manchas oscuras<\/a>, conviene fijarse en el patr\u00f3n de aparici\u00f3n, el momento vital y los desencadenantes. No es igual una pigmentaci\u00f3n tras el embarazo que una mancha nueva tras un brote de acn\u00e9, una irritaci\u00f3n o una exposici\u00f3n acumulada al sol.<\/p>\n<h2>\u00bfEl envejecimiento cambia el tipo de manchas?<\/h2>\n<p><strong>El envejecimiento<\/strong> modifica la textura, la elasticidad y la renovaci\u00f3n de la epidermis. Con el paso de los a\u00f1os aparecen con m\u00e1s frecuencia lentigos solares, tono apagado y \u00e1reas m\u00e1s oscuras en dorso de manos, mejillas y sienes. Estas lesiones no siempre indican enfermedad, pero s\u00ed reflejan da\u00f1o acumulado por radiaci\u00f3n y cambios biol\u00f3gicos propios de la edad.<\/p>\n<p>Hay se\u00f1ales que ayudan a distinguir mejor el origen de la pigmentaci\u00f3n:<\/p>\n<ul>\n<li>Melasma, m\u00e1s difuso y sim\u00e9trico en la cara.<\/li>\n<li>L\u00e9ntigos, m\u00e1s delimitados y comunes en manos y p\u00f3mulos.<\/li>\n<li>Hiperpigmentaci\u00f3n posinflamatoria tras acn\u00e9, dermatitis o rozaduras.<\/li>\n<li>Oscurecimiento que empeora en verano o con calor intenso.<\/li>\n<\/ul>\n<p>Cuando el color, el borde o el tama\u00f1o cambian con rapidez, la revisi\u00f3n dermatol\u00f3gica no debe posponerse.<\/p>\n<h2>\u00bfQu\u00e9 ayuda de verdad a prevenir y tratar las manchas?<\/h2>\n<p>El <strong>sol<\/strong> es el factor que m\u00e1s suele empeorar cualquier plan de tratamiento. Sin fotoprotector de amplio espectro, reaplicaci\u00f3n y medidas f\u00edsicas como gorra o sombra, la piel vuelve a estimular la melanina. En manos y cara esto es especialmente importante porque son zonas expuestas casi todo el a\u00f1o.<\/p>\n<p>Las medidas con mejor base pr\u00e1ctica suelen incluir:<\/p>\n<ul>\n<li><strong>Protector solar<\/strong> diario, tambi\u00e9n en d\u00edas nublados.<\/li>\n<li>Evitar manipular granos, costras o irritaciones.<\/li>\n<li>Usar despigmentantes solo con indicaci\u00f3n profesional.<\/li>\n<li>Revisar hormonas, f\u00e1rmacos o antecedentes si el patr\u00f3n lo sugiere.<\/li>\n<li>Consultar si la lesi\u00f3n pica, sangra o cambia de forma.<\/li>\n<\/ul>\n<\/h2>\n<h2>\u00bfCu\u00e1ndo conviene pedir valoraci\u00f3n m\u00e9dica?<\/h2>\n<p>Las manchas en la piel merecen una valoraci\u00f3n profesional cuando aparecen de forma repentina, tienen bordes irregulares, varios colores o se acompa\u00f1an de picor, sangrado o descamaci\u00f3n persistente. Tambi\u00e9n conviene consultar si no mejoran pese a una buena fotoprotecci\u00f3n o si coinciden con embarazo, tratamientos hormonales o antecedentes de melasma.<\/p>\n<p>Entender el papel del sol, de los cambios hormonales y del envejecimiento ayuda a elegir mejor los cuidados, a evitar irritaciones in\u00fatiles y a tratar la hiperpigmentaci\u00f3n con un enfoque m\u00e1s preciso para la melanina, la barrera cut\u00e1nea y el fotoenvejecimiento.<\/p>\n<p>Este contenido tiene car\u00e1cter exclusivamente informativo y <strong>no sustituye la evaluaci\u00f3n<\/strong>, el diagn\u00f3stico ni el seguimiento de un profesional sanitario. Si notas cambios en la piel o tienes dudas sobre tu estado de salud, busca atenci\u00f3n m\u00e9dica.<\/p>\n","protected":false},"excerpt":{"rendered":"<p>Las manchas en la piel de la cara y de las manos suelen relacionarse con el sol, pero no siempre aparecen solo por la radiaci\u00f3n ultravioleta. Tambi\u00e9n influyen los cambios hormonales, el envejecimiento, la inflamaci\u00f3n previa y la capacidad de la piel para producir melanina de forma desigual. Por eso, dos personas con h\u00e1bitos parecidos [&hellip;]<\/p>\n","protected":false},"author":15,"featured_media":19569,"comment_status":"open","ping_status":"open","sticky":false,"template":"","format":"standard","meta":{"jnews-multi-image_gallery":[],"jnews_single_post":{"format":"standard"},"jnews_primary_category":[],"jnews_social_meta":[],"jnews_override_counter":[],"footnotes":""},"categories":[8767],"tags":[17494,17541,19487,17396,16567],"class_list":["post-19571","post","type-post","status-publish","format-standard","has-post-thumbnail","hentry","category-salud","tag-cambios-hormonales","tag-envejecimiento","tag-manchas-en-la-piel","tag-salud","tag-sol"],"yoast_head":"<!-- This site is optimized with the Yoast SEO plugin v28.3 - https:\/\/yoast.com\/product\/yoast-seo-wordpress\/ -->\n<title>Las manchas oscuras en las manos y en la cara no se deben solo al sol, sino tambi\u00e9n al paso del tiempo y a los cambios hormonales - Tua Saude<\/title>\n<meta name=\"description\" content=\"Las manchas en la piel no dependen solo del sol. La edad y los cambios hormonales alteran la melanina y cambian c\u00f3mo aparecen en cara y manos.\" \/>\n<meta name=\"robots\" content=\"index, follow, max-snippet:-1, max-image-preview:large, max-video-preview:-1\" \/>\n<link rel=\"canonical\" href=\"https:\/\/www.tuasaude.com\/es\/news\/2026\/09\/03\/las-manchas-oscuras-en-las-manos-y-en-la-cara-no-se-deben-solo-al-sol-sino-tambien-al-paso-del-tiempo-y-a-los-cambios-hormonales\/\" \/>\n<meta property=\"og:locale\" content=\"es_ES\" \/>\n<meta property=\"og:type\" content=\"article\" \/>\n<meta property=\"og:title\" content=\"Las manchas oscuras en las manos y en la cara no se deben solo al sol, sino tambi\u00e9n al paso del tiempo y a los cambios hormonales - Tua Saude\" \/>\n<meta property=\"og:description\" content=\"Las manchas en la piel no dependen solo del sol. La edad y los cambios hormonales alteran la melanina y cambian c\u00f3mo aparecen en cara y manos.\" \/>\n<meta property=\"og:url\" content=\"https:\/\/www.tuasaude.com\/es\/news\/2026\/09\/03\/las-manchas-oscuras-en-las-manos-y-en-la-cara-no-se-deben-solo-al-sol-sino-tambien-al-paso-del-tiempo-y-a-los-cambios-hormonales\/\" \/>\n<meta property=\"og:site_name\" content=\"Tua Saude\" \/>\n<meta property=\"article:published_time\" content=\"2026-09-03T14:55:00+00:00\" \/>\n<meta property=\"og:image\" content=\"https:\/\/www.tuasaude.com\/es\/news\/wp-content\/uploads\/2026\/09\/las-manchas-oscuras-en-las-manos-y-en-la-cara-no-se-deb.jpg\" \/>\n\t<meta property=\"og:image:width\" content=\"1279\" \/>\n\t<meta property=\"og:image:height\" content=\"720\" \/>\n\t<meta property=\"og:image:type\" content=\"image\/jpeg\" \/>\n<meta name=\"author\" content=\"Gabriel Leme\" \/>\n<meta name=\"twitter:card\" content=\"summary_large_image\" \/>\n<meta name=\"twitter:label1\" content=\"Escrito por\" \/>\n\t<meta name=\"twitter:data1\" content=\"Gabriel Leme\" \/>\n\t<meta name=\"twitter:label2\" content=\"Tiempo de lectura\" \/>\n\t<meta name=\"twitter:data2\" content=\"4 minutos\" \/>\n<!-- \/ Yoast SEO plugin. -->","yoast_head_json":{"title":"Las manchas oscuras en las manos y en la cara no se deben solo al sol, sino tambi\u00e9n al paso del tiempo y a los cambios hormonales - Tua Saude","description":"Las manchas en la piel no dependen solo del sol. La edad y los cambios hormonales alteran la melanina y cambian c\u00f3mo aparecen en cara y manos.","robots":{"index":"index","follow":"follow","max-snippet":"max-snippet:-1","max-image-preview":"max-image-preview:large","max-video-preview":"max-video-preview:-1"},"canonical":"https:\/\/www.tuasaude.com\/es\/news\/2026\/09\/03\/las-manchas-oscuras-en-las-manos-y-en-la-cara-no-se-deben-solo-al-sol-sino-tambien-al-paso-del-tiempo-y-a-los-cambios-hormonales\/","og_locale":"es_ES","og_type":"article","og_title":"Las manchas oscuras en las manos y en la cara no se deben solo al sol, sino tambi\u00e9n al paso del tiempo y a los cambios hormonales - Tua Saude","og_description":"Las manchas en la piel no dependen solo del sol. La edad y los cambios hormonales alteran la melanina y cambian c\u00f3mo aparecen en cara y manos.","og_url":"https:\/\/www.tuasaude.com\/es\/news\/2026\/09\/03\/las-manchas-oscuras-en-las-manos-y-en-la-cara-no-se-deben-solo-al-sol-sino-tambien-al-paso-del-tiempo-y-a-los-cambios-hormonales\/","og_site_name":"Tua Saude","article_published_time":"2026-09-03T14:55:00+00:00","og_image":[{"width":1279,"height":720,"url":"https:\/\/www.tuasaude.com\/es\/news\/wp-content\/uploads\/2026\/09\/las-manchas-oscuras-en-las-manos-y-en-la-cara-no-se-deb.jpg","type":"image\/jpeg"}],"author":"Gabriel Leme","twitter_card":"summary_large_image","twitter_misc":{"Escrito por":"Gabriel Leme","Tiempo de lectura":"4 minutos"},"schema":{"@context":"https:\/\/schema.org","@graph":[{"@type":"Article","@id":"https:\/\/www.tuasaude.com\/es\/news\/2026\/09\/03\/las-manchas-oscuras-en-las-manos-y-en-la-cara-no-se-deben-solo-al-sol-sino-tambien-al-paso-del-tiempo-y-a-los-cambios-hormonales\/#article","isPartOf":{"@id":"https:\/\/www.tuasaude.com\/es\/news\/2026\/09\/03\/las-manchas-oscuras-en-las-manos-y-en-la-cara-no-se-deben-solo-al-sol-sino-tambien-al-paso-del-tiempo-y-a-los-cambios-hormonales\/"},"author":{"name":"Gabriel Leme","@id":"https:\/\/www.tuasaude.com\/es\/news\/#\/schema\/person\/d330332b43c07afaeaafcb8f33614666"},"headline":"Las manchas oscuras en las manos y en la cara no se deben solo al sol, sino tambi\u00e9n al paso del tiempo y a los cambios hormonales","datePublished":"2026-09-03T14:55:00+00:00","mainEntityOfPage":{"@id":"https:\/\/www.tuasaude.com\/es\/news\/2026\/09\/03\/las-manchas-oscuras-en-las-manos-y-en-la-cara-no-se-deben-solo-al-sol-sino-tambien-al-paso-del-tiempo-y-a-los-cambios-hormonales\/"},"wordCount":883,"commentCount":0,"image":{"@id":"https:\/\/www.tuasaude.com\/es\/news\/2026\/09\/03\/las-manchas-oscuras-en-las-manos-y-en-la-cara-no-se-deben-solo-al-sol-sino-tambien-al-paso-del-tiempo-y-a-los-cambios-hormonales\/#primaryimage"},"thumbnailUrl":"https:\/\/www.tuasaude.com\/es\/news\/wp-content\/uploads\/2026\/09\/las-manchas-oscuras-en-las-manos-y-en-la-cara-no-se-deb.jpg","keywords":["cambios hormonales","envejecimiento","manchas en la piel","salud","sol"],"articleSection":["Salud"],"inLanguage":"es","potentialAction":[{"@type":"CommentAction","name":"Comment","target":["https:\/\/www.tuasaude.com\/es\/news\/2026\/09\/03\/las-manchas-oscuras-en-las-manos-y-en-la-cara-no-se-deben-solo-al-sol-sino-tambien-al-paso-del-tiempo-y-a-los-cambios-hormonales\/#respond"]}]},{"@type":"WebPage","@id":"https:\/\/www.tuasaude.com\/es\/news\/2026\/09\/03\/las-manchas-oscuras-en-las-manos-y-en-la-cara-no-se-deben-solo-al-sol-sino-tambien-al-paso-del-tiempo-y-a-los-cambios-hormonales\/","url":"https:\/\/www.tuasaude.com\/es\/news\/2026\/09\/03\/las-manchas-oscuras-en-las-manos-y-en-la-cara-no-se-deben-solo-al-sol-sino-tambien-al-paso-del-tiempo-y-a-los-cambios-hormonales\/","name":"Las manchas oscuras en las manos y en la cara no se deben solo al sol, sino tambi\u00e9n al paso del tiempo y a los cambios hormonales - Tua Saude","isPartOf":{"@id":"https:\/\/www.tuasaude.com\/es\/news\/#website"},"primaryImageOfPage":{"@id":"https:\/\/www.tuasaude.com\/es\/news\/2026\/09\/03\/las-manchas-oscuras-en-las-manos-y-en-la-cara-no-se-deben-solo-al-sol-sino-tambien-al-paso-del-tiempo-y-a-los-cambios-hormonales\/#primaryimage"},"image":{"@id":"https:\/\/www.tuasaude.com\/es\/news\/2026\/09\/03\/las-manchas-oscuras-en-las-manos-y-en-la-cara-no-se-deben-solo-al-sol-sino-tambien-al-paso-del-tiempo-y-a-los-cambios-hormonales\/#primaryimage"},"thumbnailUrl":"https:\/\/www.tuasaude.com\/es\/news\/wp-content\/uploads\/2026\/09\/las-manchas-oscuras-en-las-manos-y-en-la-cara-no-se-deb.jpg","datePublished":"2026-09-03T14:55:00+00:00","author":{"@id":"https:\/\/www.tuasaude.com\/es\/news\/#\/schema\/person\/d330332b43c07afaeaafcb8f33614666"},"description":"Las manchas en la piel no dependen solo del sol. La edad y los cambios hormonales alteran la melanina y cambian c\u00f3mo aparecen en cara y manos.","breadcrumb":{"@id":"https:\/\/www.tuasaude.com\/es\/news\/2026\/09\/03\/las-manchas-oscuras-en-las-manos-y-en-la-cara-no-se-deben-solo-al-sol-sino-tambien-al-paso-del-tiempo-y-a-los-cambios-hormonales\/#breadcrumb"},"inLanguage":"es","potentialAction":[{"@type":"ReadAction","target":["https:\/\/www.tuasaude.com\/es\/news\/2026\/09\/03\/las-manchas-oscuras-en-las-manos-y-en-la-cara-no-se-deben-solo-al-sol-sino-tambien-al-paso-del-tiempo-y-a-los-cambios-hormonales\/"]}]},{"@type":"ImageObject","inLanguage":"es","@id":"https:\/\/www.tuasaude.com\/es\/news\/2026\/09\/03\/las-manchas-oscuras-en-las-manos-y-en-la-cara-no-se-deben-solo-al-sol-sino-tambien-al-paso-del-tiempo-y-a-los-cambios-hormonales\/#primaryimage","url":"https:\/\/www.tuasaude.com\/es\/news\/wp-content\/uploads\/2026\/09\/las-manchas-oscuras-en-las-manos-y-en-la-cara-no-se-deb.jpg","contentUrl":"https:\/\/www.tuasaude.com\/es\/news\/wp-content\/uploads\/2026\/09\/las-manchas-oscuras-en-las-manos-y-en-la-cara-no-se-deb.jpg","width":1279,"height":720,"caption":"Las manchas oscuras pueden relacionarse con sol, edad y cambios hormonales."},{"@type":"BreadcrumbList","@id":"https:\/\/www.tuasaude.com\/es\/news\/2026\/09\/03\/las-manchas-oscuras-en-las-manos-y-en-la-cara-no-se-deben-solo-al-sol-sino-tambien-al-paso-del-tiempo-y-a-los-cambios-hormonales\/#breadcrumb","itemListElement":[{"@type":"ListItem","position":1,"name":"Portada","item":"https:\/\/www.tuasaude.com\/es\/news\/"},{"@type":"ListItem","position":2,"name":"Las manchas oscuras en las manos y en la cara no se deben solo al sol, sino tambi\u00e9n al paso del tiempo y a los cambios hormonales"}]},{"@type":"WebSite","@id":"https:\/\/www.tuasaude.com\/es\/news\/#website","url":"https:\/\/www.tuasaude.com\/es\/news\/","name":"Tua Saude","description":"Tu sitio web de salud","potentialAction":[{"@type":"SearchAction","target":{"@type":"EntryPoint","urlTemplate":"https:\/\/www.tuasaude.com\/es\/news\/?s={search_term_string}"},"query-input":{"@type":"PropertyValueSpecification","valueRequired":true,"valueName":"search_term_string"}}],"inLanguage":"es"},{"@type":"Person","@id":"https:\/\/www.tuasaude.com\/es\/news\/#\/schema\/person\/d330332b43c07afaeaafcb8f33614666","name":"Gabriel Leme","image":{"@type":"ImageObject","inLanguage":"es","@id":"https:\/\/secure.gravatar.com\/avatar\/a12badc2d08e73d59b38f178ebe822eca26c0445823b05fefedea89fb346439c?s=96&d=mm&r=g","url":"https:\/\/secure.gravatar.com\/avatar\/a12badc2d08e73d59b38f178ebe822eca26c0445823b05fefedea89fb346439c?s=96&d=mm&r=g","contentUrl":"https:\/\/secure.gravatar.com\/avatar\/a12badc2d08e73d59b38f178ebe822eca26c0445823b05fefedea89fb346439c?s=96&d=mm&r=g","caption":"Gabriel Leme"},"sameAs":["https:\/\/www.tuasaude.com\/es\/news"],"url":"https:\/\/www.tuasaude.com\/es\/news\/author\/gabrielleme\/"}]}},"_links":{"self":[{"href":"https:\/\/www.tuasaude.com\/es\/news\/wp-json\/wp\/v2\/posts\/19571","targetHints":{"allow":["GET"]}}],"collection":[{"href":"https:\/\/www.tuasaude.com\/es\/news\/wp-json\/wp\/v2\/posts"}],"about":[{"href":"https:\/\/www.tuasaude.com\/es\/news\/wp-json\/wp\/v2\/types\/post"}],"author":[{"embeddable":true,"href":"https:\/\/www.tuasaude.com\/es\/news\/wp-json\/wp\/v2\/users\/15"}],"replies":[{"embeddable":true,"href":"https:\/\/www.tuasaude.com\/es\/news\/wp-json\/wp\/v2\/comments?post=19571"}],"version-history":[{"count":1,"href":"https:\/\/www.tuasaude.com\/es\/news\/wp-json\/wp\/v2\/posts\/19571\/revisions"}],"predecessor-version":[{"id":20116,"href":"https:\/\/www.tuasaude.com\/es\/news\/wp-json\/wp\/v2\/posts\/19571\/revisions\/20116"}],"wp:featuredmedia":[{"embeddable":true,"href":"https:\/\/www.tuasaude.com\/es\/news\/wp-json\/wp\/v2\/media\/19569"}],"wp:attachment":[{"href":"https:\/\/www.tuasaude.com\/es\/news\/wp-json\/wp\/v2\/media?parent=19571"}],"wp:term":[{"taxonomy":"category","embeddable":true,"href":"https:\/\/www.tuasaude.com\/es\/news\/wp-json\/wp\/v2\/categories?post=19571"},{"taxonomy":"post_tag","embeddable":true,"href":"https:\/\/www.tuasaude.com\/es\/news\/wp-json\/wp\/v2\/tags?post=19571"}],"curies":[{"name":"wp","href":"https:\/\/api.w.org\/{rel}","templated":true}]}}