{"id":19557,"date":"2026-09-01T16:15:00","date_gmt":"2026-09-01T15:15:00","guid":{"rendered":"https:\/\/www.tuasaude.com\/es\/news\/?p=19557"},"modified":"2026-09-01T00:33:21","modified_gmt":"2026-08-31T23:33:21","slug":"el-vertigo-al-girar-la-cabeza-en-la-cama-que-significa-y-por-que-aparece-con-mas-frecuencia-a-partir-de-los-60-anos","status":"publish","type":"post","link":"https:\/\/www.tuasaude.com\/es\/news\/2026\/09\/01\/el-vertigo-al-girar-la-cabeza-en-la-cama-que-significa-y-por-que-aparece-con-mas-frecuencia-a-partir-de-los-60-anos\/","title":{"rendered":"El v\u00e9rtigo al girar la cabeza en la cama: qu\u00e9 significa y por qu\u00e9 aparece con m\u00e1s frecuencia a partir de los 60 a\u00f1os"},"content":{"rendered":"\n<p class=\"wp-block-paragraph\"><strong>El v\u00e9rtigo<\/strong> al girar la cabeza en la cama suele describirse como una sensaci\u00f3n brusca de que todo da vueltas durante segundos. Este s\u00edntoma suele relacionarse con el <strong>o\u00eddo interno<\/strong>, el equilibrio y la orientaci\u00f3n espacial. A partir de los <strong>60 a\u00f1os<\/strong>, estos episodios y otros <strong>mareos<\/strong> se vuelven m\u00e1s frecuentes por cambios en las estructuras que controlan la posici\u00f3n y el movimiento.<\/p>\n\n\n\n<h2 class=\"wp-block-heading\">\u00bfQu\u00e9 significa notar que todo gira al cambiar de postura?<\/h2>\n\n\n\n<p class=\"wp-block-paragraph\">V\u00e9rtigo no es lo mismo que inestabilidad, aturdimiento o sensaci\u00f3n de desmayo. Cuando aparece al acostarse, al incorporarse o al girarse en la cama, una causa habitual es el v\u00e9rtigo posicional parox\u00edstico benigno. En este cuadro, peque\u00f1os cristales llamados otoconios se desplazan dentro del <strong>o\u00eddo interno<\/strong> y env\u00edan se\u00f1ales err\u00f3neas al cerebro.<\/p>\n\n\n\n<p class=\"wp-block-paragraph\">Mareos de este tipo suelen durar menos de un minuto, pero pueden repetirse varias veces al d\u00eda. El patr\u00f3n es bastante t\u00edpico, aparece con movimientos concretos de la cabeza, puede acompa\u00f1arse de n\u00e1useas y a veces deja una sensaci\u00f3n residual de inseguridad al caminar.<\/p>\n\n\n\n<h2 class=\"wp-block-heading\">\u00bfQu\u00e9 se sabe sobre su frecuencia despu\u00e9s de los 60 a\u00f1os?<\/h2>\n\n\n\n<p class=\"wp-block-paragraph\">Los <strong>60 a\u00f1os<\/strong> marcan una etapa en la que el v\u00e9rtigo y los mareos pasan a ser m\u00e1s comunes por varias razones, como cambios degenerativos en el sistema vestibular, menor agudeza visual, p\u00e9rdida de fuerza muscular y mayor uso de f\u00e1rmacos. Una investigaci\u00f3n publicada en 2023 revis\u00f3 las causas de v\u00e9rtigo en personas mayores y destac\u00f3 <a href=\"https:\/\/pubmed.ncbi.nlm.nih.gov\/36983184\/\" target=\"_blank\" rel=\"noopener noreferrer\">la alta frecuencia del v\u00e9rtigo y su relaci\u00f3n con m\u00e1s ca\u00eddas y peor calidad de vida<\/a> en esta franja de edad.<\/p>\n\n\n\n<p class=\"wp-block-paragraph\">V\u00e9rtigo en personas mayores no debe verse como una molestia menor. En esta etapa, unos segundos de giro al levantarse de la cama pueden aumentar el riesgo de tropezones, miedo a moverse y restricci\u00f3n de actividades cotidianas, sobre todo si los episodios se repiten durante semanas.<\/p>\n\n\n<div class=\"wp-block-image wp-block-image aligncenter size-large\">\n<figure ><img decoding=\"async\" width=\"1279\" height=\"720\" src=\"https:\/\/www.tuasaude.com\/es\/news\/wp-content\/uploads\/2026\/09\/el-vertigo-al-girar-la-cabeza-en-la-cama-que-significa-corpo.jpg\" alt=\"Otoconios, envejecimiento, s\u00edntomas y prevenci\u00f3n resumen el v\u00e9rtigo posicional en mayores.\" class=\"wp-image-19552\" srcset=\"https:\/\/www.tuasaude.com\/es\/news\/wp-content\/uploads\/2026\/09\/el-vertigo-al-girar-la-cabeza-en-la-cama-que-significa-corpo.jpg 1279w, https:\/\/www.tuasaude.com\/es\/news\/wp-content\/uploads\/2026\/09\/el-vertigo-al-girar-la-cabeza-en-la-cama-que-significa-corpo-300x169.jpg 300w, https:\/\/www.tuasaude.com\/es\/news\/wp-content\/uploads\/2026\/09\/el-vertigo-al-girar-la-cabeza-en-la-cama-que-significa-corpo-1024x576.jpg 1024w, https:\/\/www.tuasaude.com\/es\/news\/wp-content\/uploads\/2026\/09\/el-vertigo-al-girar-la-cabeza-en-la-cama-que-significa-corpo-768x432.jpg 768w, https:\/\/www.tuasaude.com\/es\/news\/wp-content\/uploads\/2026\/09\/el-vertigo-al-girar-la-cabeza-en-la-cama-que-significa-corpo-750x422.jpg 750w, https:\/\/www.tuasaude.com\/es\/news\/wp-content\/uploads\/2026\/09\/el-vertigo-al-girar-la-cabeza-en-la-cama-que-significa-corpo-1140x642.jpg 1140w\" sizes=\"(max-width: 1279px) 100vw, 1279px\" \/><figcaption class=\"wp-element-caption\">Otoconios, envejecimiento, s\u00edntomas y prevenci\u00f3n resumen el v\u00e9rtigo posicional en mayores.<\/figcaption><\/figure>\n<\/div>\n\n\n<h2 class=\"wp-block-heading\">\u00bfPor qu\u00e9 el o\u00eddo interno se vuelve m\u00e1s vulnerable con la edad?<\/h2>\n\n\n\n<p class=\"wp-block-paragraph\">O\u00eddo interno y equilibrio est\u00e1n conectados por un sistema muy fino de canales y receptores. Con el paso del tiempo, los otoconios pueden desprenderse con m\u00e1s facilidad, lo que favorece episodios posicionales. Tambi\u00e9n influyen la disminuci\u00f3n de la funci\u00f3n vestibular, problemas cervicales y enfermedades frecuentes en edades avanzadas.<\/p>\n\n\n\n<p class=\"wp-block-paragraph\">Si quieres entender mejor <a href=\"https:\/\/www.tuasaude.com\/es\/vertigo-postural\/\" target=\"_blank\" rel=\"noopener noreferrer\">c\u00f3mo se produce el v\u00e9rtigo posicional<\/a>, conviene revisar la explicaci\u00f3n de sus s\u00edntomas y tratamiento. Ese contexto ayuda a diferenciar un episodio breve al girarse en la cama de otras causas de mareos que requieren otra valoraci\u00f3n.<\/p>\n\n\n\n<h2 class=\"wp-block-heading\">\u00bfQu\u00e9 s\u00edntomas acompa\u00f1an al v\u00e9rtigo y cu\u00e1ndo conviene pedir ayuda?<\/h2>\n\n\n\n<p class=\"wp-block-paragraph\">Mareos asociados al cambio de posici\u00f3n suelen presentarse de forma muy concreta. Aun as\u00ed, hay signos que orientan sobre la necesidad de valoraci\u00f3n m\u00e9dica, sobre todo si el cuadro no encaja con un episodio posicional simple.<\/p>\n\n\n\n<ul class=\"wp-block-list\">\n<li>Sensaci\u00f3n de giro intenso al mover la cabeza<\/li>\n\n\n\n<li>N\u00e1useas o v\u00f3mitos durante el episodio<\/li>\n\n\n\n<li>Inseguridad al caminar despu\u00e9s del giro<\/li>\n\n\n\n<li>Repetici\u00f3n de los s\u00edntomas durante varios d\u00edas<\/li>\n\n\n\n<li>Miedo a levantarse o a darse la vuelta en la cama<\/li>\n<\/ul>\n\n\n\n<p class=\"wp-block-paragraph\">V\u00e9rtigo con p\u00e9rdida de audici\u00f3n, dolor de cabeza nuevo, visi\u00f3n doble, dificultad para hablar, debilidad en un brazo o desmayo exige atenci\u00f3n r\u00e1pida. En esos casos, el origen puede no estar solo en el <strong>o\u00eddo interno<\/strong> y es importante descartar otras causas neurol\u00f3gicas o cardiovasculares.<\/p>\n\n\n\n<h2 class=\"wp-block-heading\">\u00bfSe puede tratar y reducir el riesgo de nuevas crisis?<\/h2>\n\n\n\n<p class=\"wp-block-paragraph\">V\u00e9rtigo posicional suele responder bien a maniobras de reposicionamiento hechas por profesionales entrenados. Un ensayo cl\u00ednico publicado en 2022 compar\u00f3 varias t\u00e9cnicas y observ\u00f3 <a href=\"https:\/\/pubmed.ncbi.nlm.nih.gov\/36213465\/\" target=\"_blank\" rel=\"noopener noreferrer\">que las maniobras de reposicionamiento ayudan a resolver los episodios al recolocar los otoconios<\/a> dentro del sistema vestibular.<\/p>\n\n\n\n<p class=\"wp-block-paragraph\">Para reducir nuevas crisis y sus consecuencias, suele recomendarse:<\/p>\n\n\n\n<ul class=\"wp-block-list\">\n<li>Levantarse de la cama de forma gradual<\/li>\n\n\n\n<li>Evitar giros bruscos de cabeza al despertar<\/li>\n\n\n\n<li>Mantener buena iluminaci\u00f3n nocturna<\/li>\n\n\n\n<li>Usar apoyo si hay inestabilidad al caminar<\/li>\n\n\n\n<li>Revisar la medicaci\u00f3n si los mareos son frecuentes<\/li>\n<\/ul>\n\n\n\n<p class=\"wp-block-paragraph\">En personas de <strong>60 a\u00f1os<\/strong> o m\u00e1s, identificar si se trata de un problema posicional, vestibular o circulatorio cambia por completo el enfoque. El patr\u00f3n de aparici\u00f3n, la duraci\u00f3n y los s\u00edntomas asociados orientan el diagn\u00f3stico y ayudan a prevenir ca\u00eddas, p\u00e9rdida de autonom\u00eda y nuevas consultas de urgencia.<\/p>\n\n\n\n<p class=\"wp-block-paragraph\">Este contenido tiene car\u00e1cter exclusivamente informativo y <strong>no sustituye la evaluaci\u00f3n<\/strong>, el diagn\u00f3stico ni el seguimiento de un profesional sanitario. Si presentas s\u00edntomas o tienes dudas sobre tu estado de salud, busca atenci\u00f3n m\u00e9dica.<\/p>\n","protected":false},"excerpt":{"rendered":"<p>El v\u00e9rtigo al girar la cabeza en la cama suele describirse como una sensaci\u00f3n brusca de que todo da vueltas durante segundos. Este s\u00edntoma suele relacionarse con el o\u00eddo interno, el equilibrio y la orientaci\u00f3n espacial. A partir de los 60 a\u00f1os, estos episodios y otros mareos se vuelven m\u00e1s frecuentes por cambios en las [&hellip;]<\/p>\n","protected":false},"author":15,"featured_media":19551,"comment_status":"open","ping_status":"open","sticky":false,"template":"","format":"standard","meta":{"jnews-multi-image_gallery":[],"jnews_single_post":{"format":"standard"},"jnews_primary_category":[],"jnews_social_meta":[],"jnews_override_counter":[],"footnotes":""},"categories":[8767],"tags":[20636,17604,18395,17396,17657],"class_list":["post-19557","post","type-post","status-publish","format-standard","has-post-thumbnail","hentry","category-salud","tag-adulto-mayor","tag-mareos","tag-oido-interno","tag-salud","tag-vertigo"],"yoast_head":"<!-- This site is optimized with the Yoast SEO plugin v28.3 - https:\/\/yoast.com\/product\/yoast-seo-wordpress\/ -->\n<title>El v\u00e9rtigo al girar la cabeza en la cama: qu\u00e9 significa y por qu\u00e9 aparece con m\u00e1s frecuencia a partir de los 60 a\u00f1os - Tua Saude<\/title>\n<meta name=\"description\" content=\"El v\u00e9rtigo al girar la cabeza en la cama puede ocultar un cambio t\u00edpico del o\u00eddo interno, y despu\u00e9s de los 60 a\u00f1os el riesgo de ca\u00eddas aumenta.\" \/>\n<meta name=\"robots\" content=\"index, follow, max-snippet:-1, max-image-preview:large, max-video-preview:-1\" \/>\n<link rel=\"canonical\" href=\"https:\/\/www.tuasaude.com\/es\/news\/2026\/09\/01\/el-vertigo-al-girar-la-cabeza-en-la-cama-que-significa-y-por-que-aparece-con-mas-frecuencia-a-partir-de-los-60-anos\/\" \/>\n<meta property=\"og:locale\" content=\"es_ES\" \/>\n<meta property=\"og:type\" content=\"article\" \/>\n<meta property=\"og:title\" content=\"El v\u00e9rtigo al girar la cabeza en la cama: qu\u00e9 significa y por qu\u00e9 aparece con m\u00e1s frecuencia a partir de los 60 a\u00f1os - Tua Saude\" \/>\n<meta property=\"og:description\" content=\"El v\u00e9rtigo al girar la cabeza en la cama puede ocultar un cambio t\u00edpico del o\u00eddo interno, y despu\u00e9s de los 60 a\u00f1os el riesgo de ca\u00eddas aumenta.\" \/>\n<meta property=\"og:url\" content=\"https:\/\/www.tuasaude.com\/es\/news\/2026\/09\/01\/el-vertigo-al-girar-la-cabeza-en-la-cama-que-significa-y-por-que-aparece-con-mas-frecuencia-a-partir-de-los-60-anos\/\" \/>\n<meta property=\"og:site_name\" content=\"Tua Saude\" \/>\n<meta property=\"article:published_time\" content=\"2026-09-01T15:15:00+00:00\" \/>\n<meta property=\"og:image\" content=\"https:\/\/www.tuasaude.com\/es\/news\/wp-content\/uploads\/2026\/09\/el-vertigo-al-girar-la-cabeza-en-la-cama-que-significa-.jpg\" \/>\n\t<meta property=\"og:image:width\" content=\"1279\" \/>\n\t<meta property=\"og:image:height\" content=\"720\" \/>\n\t<meta property=\"og:image:type\" content=\"image\/jpeg\" \/>\n<meta name=\"author\" content=\"Gabriel Leme\" \/>\n<meta name=\"twitter:card\" content=\"summary_large_image\" \/>\n<meta name=\"twitter:label1\" content=\"Escrito por\" \/>\n\t<meta name=\"twitter:data1\" content=\"Gabriel Leme\" \/>\n\t<meta name=\"twitter:label2\" content=\"Tiempo de lectura\" \/>\n\t<meta name=\"twitter:data2\" content=\"4 minutos\" \/>\n<!-- \/ Yoast SEO plugin. -->","yoast_head_json":{"title":"El v\u00e9rtigo al girar la cabeza en la cama: qu\u00e9 significa y por qu\u00e9 aparece con m\u00e1s frecuencia a partir de los 60 a\u00f1os - Tua Saude","description":"El v\u00e9rtigo al girar la cabeza en la cama puede ocultar un cambio t\u00edpico del o\u00eddo interno, y despu\u00e9s de los 60 a\u00f1os el riesgo de ca\u00eddas aumenta.","robots":{"index":"index","follow":"follow","max-snippet":"max-snippet:-1","max-image-preview":"max-image-preview:large","max-video-preview":"max-video-preview:-1"},"canonical":"https:\/\/www.tuasaude.com\/es\/news\/2026\/09\/01\/el-vertigo-al-girar-la-cabeza-en-la-cama-que-significa-y-por-que-aparece-con-mas-frecuencia-a-partir-de-los-60-anos\/","og_locale":"es_ES","og_type":"article","og_title":"El v\u00e9rtigo al girar la cabeza en la cama: qu\u00e9 significa y por qu\u00e9 aparece con m\u00e1s frecuencia a partir de los 60 a\u00f1os - Tua Saude","og_description":"El v\u00e9rtigo al girar la cabeza en la cama puede ocultar un cambio t\u00edpico del o\u00eddo interno, y despu\u00e9s de los 60 a\u00f1os el riesgo de ca\u00eddas aumenta.","og_url":"https:\/\/www.tuasaude.com\/es\/news\/2026\/09\/01\/el-vertigo-al-girar-la-cabeza-en-la-cama-que-significa-y-por-que-aparece-con-mas-frecuencia-a-partir-de-los-60-anos\/","og_site_name":"Tua Saude","article_published_time":"2026-09-01T15:15:00+00:00","og_image":[{"width":1279,"height":720,"url":"https:\/\/www.tuasaude.com\/es\/news\/wp-content\/uploads\/2026\/09\/el-vertigo-al-girar-la-cabeza-en-la-cama-que-significa-.jpg","type":"image\/jpeg"}],"author":"Gabriel Leme","twitter_card":"summary_large_image","twitter_misc":{"Escrito por":"Gabriel Leme","Tiempo de lectura":"4 minutos"},"schema":{"@context":"https:\/\/schema.org","@graph":[{"@type":"Article","@id":"https:\/\/www.tuasaude.com\/es\/news\/2026\/09\/01\/el-vertigo-al-girar-la-cabeza-en-la-cama-que-significa-y-por-que-aparece-con-mas-frecuencia-a-partir-de-los-60-anos\/#article","isPartOf":{"@id":"https:\/\/www.tuasaude.com\/es\/news\/2026\/09\/01\/el-vertigo-al-girar-la-cabeza-en-la-cama-que-significa-y-por-que-aparece-con-mas-frecuencia-a-partir-de-los-60-anos\/"},"author":{"name":"Gabriel Leme","@id":"https:\/\/www.tuasaude.com\/es\/news\/#\/schema\/person\/d330332b43c07afaeaafcb8f33614666"},"headline":"El v\u00e9rtigo al girar la cabeza en la cama: qu\u00e9 significa y por qu\u00e9 aparece con m\u00e1s frecuencia a partir de los 60 a\u00f1os","datePublished":"2026-09-01T15:15:00+00:00","mainEntityOfPage":{"@id":"https:\/\/www.tuasaude.com\/es\/news\/2026\/09\/01\/el-vertigo-al-girar-la-cabeza-en-la-cama-que-significa-y-por-que-aparece-con-mas-frecuencia-a-partir-de-los-60-anos\/"},"wordCount":838,"commentCount":0,"image":{"@id":"https:\/\/www.tuasaude.com\/es\/news\/2026\/09\/01\/el-vertigo-al-girar-la-cabeza-en-la-cama-que-significa-y-por-que-aparece-con-mas-frecuencia-a-partir-de-los-60-anos\/#primaryimage"},"thumbnailUrl":"https:\/\/www.tuasaude.com\/es\/news\/wp-content\/uploads\/2026\/09\/el-vertigo-al-girar-la-cabeza-en-la-cama-que-significa-.jpg","keywords":["adulto mayor","mareos","o\u00eddo interno","salud","v\u00e9rtigo"],"articleSection":["Salud"],"inLanguage":"es","potentialAction":[{"@type":"CommentAction","name":"Comment","target":["https:\/\/www.tuasaude.com\/es\/news\/2026\/09\/01\/el-vertigo-al-girar-la-cabeza-en-la-cama-que-significa-y-por-que-aparece-con-mas-frecuencia-a-partir-de-los-60-anos\/#respond"]}]},{"@type":"WebPage","@id":"https:\/\/www.tuasaude.com\/es\/news\/2026\/09\/01\/el-vertigo-al-girar-la-cabeza-en-la-cama-que-significa-y-por-que-aparece-con-mas-frecuencia-a-partir-de-los-60-anos\/","url":"https:\/\/www.tuasaude.com\/es\/news\/2026\/09\/01\/el-vertigo-al-girar-la-cabeza-en-la-cama-que-significa-y-por-que-aparece-con-mas-frecuencia-a-partir-de-los-60-anos\/","name":"El v\u00e9rtigo al girar la cabeza en la cama: qu\u00e9 significa y por qu\u00e9 aparece con m\u00e1s frecuencia a partir de los 60 a\u00f1os - Tua Saude","isPartOf":{"@id":"https:\/\/www.tuasaude.com\/es\/news\/#website"},"primaryImageOfPage":{"@id":"https:\/\/www.tuasaude.com\/es\/news\/2026\/09\/01\/el-vertigo-al-girar-la-cabeza-en-la-cama-que-significa-y-por-que-aparece-con-mas-frecuencia-a-partir-de-los-60-anos\/#primaryimage"},"image":{"@id":"https:\/\/www.tuasaude.com\/es\/news\/2026\/09\/01\/el-vertigo-al-girar-la-cabeza-en-la-cama-que-significa-y-por-que-aparece-con-mas-frecuencia-a-partir-de-los-60-anos\/#primaryimage"},"thumbnailUrl":"https:\/\/www.tuasaude.com\/es\/news\/wp-content\/uploads\/2026\/09\/el-vertigo-al-girar-la-cabeza-en-la-cama-que-significa-.jpg","datePublished":"2026-09-01T15:15:00+00:00","author":{"@id":"https:\/\/www.tuasaude.com\/es\/news\/#\/schema\/person\/d330332b43c07afaeaafcb8f33614666"},"description":"El v\u00e9rtigo al girar la cabeza en la cama puede ocultar un cambio t\u00edpico del o\u00eddo interno, y despu\u00e9s de los 60 a\u00f1os el riesgo de ca\u00eddas aumenta.","breadcrumb":{"@id":"https:\/\/www.tuasaude.com\/es\/news\/2026\/09\/01\/el-vertigo-al-girar-la-cabeza-en-la-cama-que-significa-y-por-que-aparece-con-mas-frecuencia-a-partir-de-los-60-anos\/#breadcrumb"},"inLanguage":"es","potentialAction":[{"@type":"ReadAction","target":["https:\/\/www.tuasaude.com\/es\/news\/2026\/09\/01\/el-vertigo-al-girar-la-cabeza-en-la-cama-que-significa-y-por-que-aparece-con-mas-frecuencia-a-partir-de-los-60-anos\/"]}]},{"@type":"ImageObject","inLanguage":"es","@id":"https:\/\/www.tuasaude.com\/es\/news\/2026\/09\/01\/el-vertigo-al-girar-la-cabeza-en-la-cama-que-significa-y-por-que-aparece-con-mas-frecuencia-a-partir-de-los-60-anos\/#primaryimage","url":"https:\/\/www.tuasaude.com\/es\/news\/wp-content\/uploads\/2026\/09\/el-vertigo-al-girar-la-cabeza-en-la-cama-que-significa-.jpg","contentUrl":"https:\/\/www.tuasaude.com\/es\/news\/wp-content\/uploads\/2026\/09\/el-vertigo-al-girar-la-cabeza-en-la-cama-que-significa-.jpg","width":1279,"height":720,"caption":"El v\u00e9rtigo posicional puede aparecer al girarse en la cama despu\u00e9s de los 60."},{"@type":"BreadcrumbList","@id":"https:\/\/www.tuasaude.com\/es\/news\/2026\/09\/01\/el-vertigo-al-girar-la-cabeza-en-la-cama-que-significa-y-por-que-aparece-con-mas-frecuencia-a-partir-de-los-60-anos\/#breadcrumb","itemListElement":[{"@type":"ListItem","position":1,"name":"Portada","item":"https:\/\/www.tuasaude.com\/es\/news\/"},{"@type":"ListItem","position":2,"name":"El v\u00e9rtigo al girar la cabeza en la cama: qu\u00e9 significa y por qu\u00e9 aparece con m\u00e1s frecuencia a partir de los 60 a\u00f1os"}]},{"@type":"WebSite","@id":"https:\/\/www.tuasaude.com\/es\/news\/#website","url":"https:\/\/www.tuasaude.com\/es\/news\/","name":"Tua Saude","description":"Tu sitio web de salud","potentialAction":[{"@type":"SearchAction","target":{"@type":"EntryPoint","urlTemplate":"https:\/\/www.tuasaude.com\/es\/news\/?s={search_term_string}"},"query-input":{"@type":"PropertyValueSpecification","valueRequired":true,"valueName":"search_term_string"}}],"inLanguage":"es"},{"@type":"Person","@id":"https:\/\/www.tuasaude.com\/es\/news\/#\/schema\/person\/d330332b43c07afaeaafcb8f33614666","name":"Gabriel Leme","image":{"@type":"ImageObject","inLanguage":"es","@id":"https:\/\/secure.gravatar.com\/avatar\/a12badc2d08e73d59b38f178ebe822eca26c0445823b05fefedea89fb346439c?s=96&d=mm&r=g","url":"https:\/\/secure.gravatar.com\/avatar\/a12badc2d08e73d59b38f178ebe822eca26c0445823b05fefedea89fb346439c?s=96&d=mm&r=g","contentUrl":"https:\/\/secure.gravatar.com\/avatar\/a12badc2d08e73d59b38f178ebe822eca26c0445823b05fefedea89fb346439c?s=96&d=mm&r=g","caption":"Gabriel Leme"},"sameAs":["https:\/\/www.tuasaude.com\/es\/news"],"url":"https:\/\/www.tuasaude.com\/es\/news\/author\/gabrielleme\/"}]}},"_links":{"self":[{"href":"https:\/\/www.tuasaude.com\/es\/news\/wp-json\/wp\/v2\/posts\/19557","targetHints":{"allow":["GET"]}}],"collection":[{"href":"https:\/\/www.tuasaude.com\/es\/news\/wp-json\/wp\/v2\/posts"}],"about":[{"href":"https:\/\/www.tuasaude.com\/es\/news\/wp-json\/wp\/v2\/types\/post"}],"author":[{"embeddable":true,"href":"https:\/\/www.tuasaude.com\/es\/news\/wp-json\/wp\/v2\/users\/15"}],"replies":[{"embeddable":true,"href":"https:\/\/www.tuasaude.com\/es\/news\/wp-json\/wp\/v2\/comments?post=19557"}],"version-history":[{"count":1,"href":"https:\/\/www.tuasaude.com\/es\/news\/wp-json\/wp\/v2\/posts\/19557\/revisions"}],"predecessor-version":[{"id":19589,"href":"https:\/\/www.tuasaude.com\/es\/news\/wp-json\/wp\/v2\/posts\/19557\/revisions\/19589"}],"wp:featuredmedia":[{"embeddable":true,"href":"https:\/\/www.tuasaude.com\/es\/news\/wp-json\/wp\/v2\/media\/19551"}],"wp:attachment":[{"href":"https:\/\/www.tuasaude.com\/es\/news\/wp-json\/wp\/v2\/media?parent=19557"}],"wp:term":[{"taxonomy":"category","embeddable":true,"href":"https:\/\/www.tuasaude.com\/es\/news\/wp-json\/wp\/v2\/categories?post=19557"},{"taxonomy":"post_tag","embeddable":true,"href":"https:\/\/www.tuasaude.com\/es\/news\/wp-json\/wp\/v2\/tags?post=19557"}],"curies":[{"name":"wp","href":"https:\/\/api.w.org\/{rel}","templated":true}]}}