{"id":19434,"date":"2026-09-01T10:15:00","date_gmt":"2026-09-01T09:15:00","guid":{"rendered":"https:\/\/www.tuasaude.com\/es\/news\/?p=19434"},"modified":"2026-09-01T01:49:43","modified_gmt":"2026-09-01T00:49:43","slug":"al-final-debemos-o-no-comer-la-cascara-de-la-manzana","status":"publish","type":"post","link":"https:\/\/www.tuasaude.com\/es\/news\/2026\/09\/01\/al-final-debemos-o-no-comer-la-cascara-de-la-manzana\/","title":{"rendered":"\u00bfAl final, debemos o no comer la c\u00e1scara de la manzana?"},"content":{"rendered":"\n<p class=\"wp-block-paragraph\">La <strong>c\u00e1scara de la manzana<\/strong> genera dudas en muchas cocinas. Algunas personas la pelan por costumbre, por miedo a los pesticidas o por preferencia de textura. La respuesta corta es clara. S\u00ed, se puede y suele ser lo m\u00e1s recomendable. En la piel se concentra buena parte de la fibra, los antioxidantes y los polifenoles de la fruta, as\u00ed que retirarla implica dejar fuera nutrientes valiosos.<\/p>\n\n\n\n<h2 class=\"wp-block-heading\">\u00bfQu\u00e9 dice la ciencia sobre la piel de la manzana?<\/h2>\n\n\n\n<p class=\"wp-block-paragraph\">La composici\u00f3n nutricional de la piel se ha analizado en numerosos trabajos con enfoques distintos, desde la industria alimentaria hasta la prevenci\u00f3n de enfermedades metab\u00f3licas. Seg\u00fan una revisi\u00f3n publicada en <em>Nutrients<\/em> en 2023, la piel de la manzana concentra una parte importante de sus <a href=\"https:\/\/pubmed.ncbi.nlm.nih.gov\/36983908\/\" target=\"_blank\" rel=\"noopener\">antocianinas, flavonoles y fibra diet\u00e9tica<\/a>, con potencial para acompa\u00f1ar la prevenci\u00f3n del s\u00edndrome metab\u00f3lico dentro de una alimentaci\u00f3n equilibrada.<\/p>\n\n\n\n<p class=\"wp-block-paragraph\">La misma revisi\u00f3n recuerda que estos compuestos son m\u00e1s abundantes en la piel que en la pulpa. Cuanto m\u00e1s intenso el color de la variedad, mayor suele ser el contenido de <strong>antioxidantes<\/strong>, sobre todo en las manzanas de tonos rojos o rosados.<\/p>\n\n\n\n<h2 class=\"wp-block-heading\">\u00bfPor qu\u00e9 la c\u00e1scara es la parte m\u00e1s interesante desde el punto de vista nutricional?<\/h2>\n\n\n\n<p class=\"wp-block-paragraph\">La piel es la barrera protectora de la fruta. Ah\u00ed se acumulan compuestos que la propia planta produce para defenderse del sol, los insectos y los hongos. Esos compuestos, entre ellos la <strong>quercetina<\/strong>, la catequina y la procianidina, act\u00faan como antioxidantes tambi\u00e9n dentro del organismo humano.<\/p>\n\n\n\n<p class=\"wp-block-paragraph\">Adem\u00e1s, la piel aporta fibra insoluble, un tipo de fibra que suma volumen a las heces y ayuda a regular el tr\u00e1nsito intestinal. Retirarla reduce ese aporte casi a la mitad en algunas variedades.<\/p>\n\n\n\n<h2 class=\"wp-block-heading\">\u00bfQu\u00e9 beneficios se pierden al pelar la manzana?<\/h2>\n\n\n\n<p class=\"wp-block-paragraph\">Cuando se retira la c\u00e1scara, se dejan fuera nutrientes que no aparecen en la misma cantidad en la pulpa. Estas son algunas p\u00e9rdidas concretas al pelar la fruta:<\/p>\n\n\n\n<ul class=\"wp-block-list\">\n<li>Buena parte de la fibra total, sobre todo la insoluble.<\/li>\n\n\n\n<li>Antocianinas y flavonoides con acci\u00f3n antioxidante.<\/li>\n\n\n\n<li>Vitamina C, especialmente en la zona m\u00e1s cercana a la piel.<\/li>\n\n\n\n<li>Compuestos como la quercetina, asociados a efectos antiinflamatorios.<\/li>\n\n\n\n<li>Cantidades menores de potasio y otros minerales.<\/li>\n<\/ul>\n\n\n\n<p class=\"wp-block-paragraph\">Ninguno de esos elementos se concentra en un solo alimento, pero sumados marcan una diferencia clara dentro de una <strong>dieta variada<\/strong> rica en frutas y verduras.<\/p>\n\n\n<div class=\"wp-block-image\">\n<figure class=\"aligncenter size-large\"><img decoding=\"async\" width=\"1024\" height=\"571\" src=\"https:\/\/www.tuasaude.com\/es\/news\/wp-content\/uploads\/2026\/08\/Maos_lavando_maca_vermelha_202608311125-1024x571.jpeg\" alt=\"\u00bfAl final, debemos o no comer la c\u00e1scara de la manzana?\" class=\"wp-image-19440\" srcset=\"https:\/\/www.tuasaude.com\/es\/news\/wp-content\/uploads\/2026\/08\/Maos_lavando_maca_vermelha_202608311125-1024x571.jpeg 1024w, https:\/\/www.tuasaude.com\/es\/news\/wp-content\/uploads\/2026\/08\/Maos_lavando_maca_vermelha_202608311125-300x167.jpeg 300w, https:\/\/www.tuasaude.com\/es\/news\/wp-content\/uploads\/2026\/08\/Maos_lavando_maca_vermelha_202608311125-768x428.jpeg 768w, https:\/\/www.tuasaude.com\/es\/news\/wp-content\/uploads\/2026\/08\/Maos_lavando_maca_vermelha_202608311125-750x418.jpeg 750w, https:\/\/www.tuasaude.com\/es\/news\/wp-content\/uploads\/2026\/08\/Maos_lavando_maca_vermelha_202608311125-1140x636.jpeg 1140w, https:\/\/www.tuasaude.com\/es\/news\/wp-content\/uploads\/2026\/08\/Maos_lavando_maca_vermelha_202608311125.jpeg 1280w\" sizes=\"(max-width: 1024px) 100vw, 1024px\" \/><figcaption class=\"wp-element-caption\">Comerla con piel permite aprovechar mejor sus nutrientes.<\/figcaption><\/figure>\n<\/div>\n\n\n<h2 class=\"wp-block-heading\">\u00bfC\u00f3mo lavar bien la manzana antes de comerla con piel?<\/h2>\n\n\n\n<p class=\"wp-block-paragraph\">La duda m\u00e1s frecuente es qu\u00e9 hacer con los posibles restos de pesticidas o cera. Una manzana bien lavada en casa es segura y perfectamente apta para comer con c\u00e1scara. Estos pasos ayudan a limpiarla mejor:<\/p>\n\n\n\n<ol class=\"wp-block-list\">\n<li>Enjuaga la fruta bajo el chorro de agua fr\u00eda durante unos segundos.<\/li>\n\n\n\n<li>Frota la piel con las manos o con un cepillo suave para alimentos.<\/li>\n\n\n\n<li>Si lo prefieres, sum\u00e9rgela unos minutos en agua con una cucharada de bicarbonato y aclara despu\u00e9s con abundante agua.<\/li>\n\n\n\n<li>S\u00e9cala con un pa\u00f1o limpio antes de morderla o cortarla.<\/li>\n<\/ol>\n\n\n\n<p class=\"wp-block-paragraph\">Si buscas m\u00e1s tranquilidad, elegir manzanas de <strong>producci\u00f3n ecol\u00f3gica<\/strong> reduce la carga de residuos qu\u00edmicos, aunque el lavado casero ya elimina buena parte de ellos. Puedes ampliar la informaci\u00f3n sobre los distintos <a href=\"https:\/\/www.tuasaude.com\/es\/frutas\/\" target=\"_blank\" rel=\"noopener\">tipos de frutas y sus beneficios<\/a> y c\u00f3mo integrarlas mejor en el d\u00eda a d\u00eda.<\/p>\n\n\n\n<h2 class=\"wp-block-heading\">\u00bfHay alg\u00fan caso en el que sea mejor pelarla?<\/h2>\n\n\n\n<p class=\"wp-block-paragraph\">Comer la manzana con piel es la opci\u00f3n m\u00e1s equilibrada para la mayor\u00eda de personas sanas. Existen situaciones puntuales en las que puede tener sentido pelarla, siempre valor\u00e1ndolo con un profesional sanitario.<\/p>\n\n\n\n<p class=\"wp-block-paragraph\">Casos en los que conviene un poco m\u00e1s de cautela:<\/p>\n\n\n\n<ul class=\"wp-block-list\">\n<li>Durante brotes de enfermedad inflamatoria intestinal, cuando se recomienda reducir la fibra insoluble.<\/li>\n\n\n\n<li>En dietas astringentes por diarrea aguda, donde la manzana sin piel y rallada es m\u00e1s suave.<\/li>\n\n\n\n<li>En personas con dificultades de masticaci\u00f3n o degluci\u00f3n.<\/li>\n\n\n\n<li>En beb\u00e9s que empiezan con la alimentaci\u00f3n complementaria, hasta que toleren bien texturas fibrosas.<\/li>\n<\/ul>\n\n\n\n<h2 class=\"wp-block-heading\">\u00bfC\u00f3mo aprovechar la manzana entera en el d\u00eda a d\u00eda?<\/h2>\n\n\n\n<p class=\"wp-block-paragraph\">La forma m\u00e1s sencilla es comerla como fruta de mano, entera y bien lavada. Tambi\u00e9n encaja en muchas otras preparaciones sin perder sus beneficios. Con piel, se puede cortar en gajos y acompa\u00f1ar con un poco de <strong>crema de cacahuete o yogur natural<\/strong>, rallar sobre la avena del desayuno, a\u00f1adir a ensaladas con hojas verdes y nueces o hornearla con canela como postre casero.<\/p>\n\n\n\n<p class=\"wp-block-paragraph\">En el caso de zumos exprimidos, gran parte de la fibra queda en el residuo, por lo que la fruta entera sigue siendo la mejor opci\u00f3n cuando el objetivo es aprovechar todos los nutrientes. Una o dos piezas al d\u00eda encajan bien en la mayor\u00eda de dietas, salvo indicaci\u00f3n m\u00e9dica distinta.<\/p>\n\n\n\n<h2 class=\"wp-block-heading\">Lo importante para llevarte a casa<\/h2>\n\n\n\n<p class=\"wp-block-paragraph\">La c\u00e1scara de la manzana es comestible, segura y nutritivamente valiosa. Concentra fibra, polifenoles y antioxidantes que la pulpa por s\u00ed sola no ofrece en la misma medida. Lavarla bien y comerla con piel es, en la mayor\u00eda de los casos, la opci\u00f3n m\u00e1s equilibrada. Nada milagroso, pero s\u00ed una decisi\u00f3n sencilla que suma dentro de una <strong>alimentaci\u00f3n variada<\/strong> basada en fruta fresca, verduras, legumbres, cereales integrales y buenas fuentes de prote\u00edna.<\/p>\n\n\n\n<p class=\"wp-block-paragraph\">Este contenido tiene car\u00e1cter meramente informativo y <strong>no sustituye la valoraci\u00f3n m\u00e9dica<\/strong> ni la orientaci\u00f3n de un profesional de nutrici\u00f3n. Ante enfermedades intestinales, alergias o dudas concretas sobre tu alimentaci\u00f3n, consulta siempre con un especialista de confianza.<\/p>\n","protected":false},"excerpt":{"rendered":"<p>La c\u00e1scara de la manzana genera dudas en muchas cocinas. Algunas personas la pelan por costumbre, por miedo a los pesticidas o por preferencia de textura. La respuesta corta es clara. S\u00ed, se puede y suele ser lo m\u00e1s recomendable. En la piel se concentra buena parte de la fibra, los antioxidantes y los polifenoles [&hellip;]<\/p>\n","protected":false},"author":17,"featured_media":19439,"comment_status":"open","ping_status":"open","sticky":false,"template":"","format":"standard","meta":{"jnews-multi-image_gallery":[],"jnews_single_post":{"format":"standard"},"jnews_primary_category":[],"jnews_social_meta":[],"jnews_override_counter":[],"footnotes":""},"categories":[8767],"tags":[9116,18977,17396],"class_list":["post-19434","post","type-post","status-publish","format-standard","has-post-thumbnail","hentry","category-salud","tag-alimento","tag-manzana","tag-salud"],"yoast_head":"<!-- This site is optimized with the Yoast SEO plugin v28.3 - https:\/\/yoast.com\/product\/yoast-seo-wordpress\/ -->\n<title>\u00bfAl final, debemos o no comer la c\u00e1scara de la manzana? - Tua Saude<\/title>\n<meta name=\"description\" content=\"La piel de la manzana concentra nutrientes que aparecen en menor cantidad en la pulpa. Un lavado adecuado permite consumirla entera en la mayor\u00eda de casos.\" \/>\n<meta name=\"robots\" content=\"index, follow, max-snippet:-1, max-image-preview:large, max-video-preview:-1\" \/>\n<link rel=\"canonical\" href=\"https:\/\/www.tuasaude.com\/es\/news\/2026\/09\/01\/al-final-debemos-o-no-comer-la-cascara-de-la-manzana\/\" \/>\n<meta property=\"og:locale\" content=\"es_ES\" \/>\n<meta property=\"og:type\" content=\"article\" \/>\n<meta property=\"og:title\" content=\"\u00bfAl final, debemos o no comer la c\u00e1scara de la manzana? - Tua Saude\" \/>\n<meta property=\"og:description\" content=\"La piel de la manzana concentra nutrientes que aparecen en menor cantidad en la pulpa. Un lavado adecuado permite consumirla entera en la mayor\u00eda de casos.\" \/>\n<meta property=\"og:url\" content=\"https:\/\/www.tuasaude.com\/es\/news\/2026\/09\/01\/al-final-debemos-o-no-comer-la-cascara-de-la-manzana\/\" \/>\n<meta property=\"og:site_name\" content=\"Tua Saude\" \/>\n<meta property=\"article:published_time\" content=\"2026-09-01T09:15:00+00:00\" \/>\n<meta property=\"og:image\" content=\"https:\/\/www.tuasaude.com\/es\/news\/wp-content\/uploads\/2026\/08\/Maca_vermelha_cortada_e_descascador_202608311125.jpeg\" \/>\n\t<meta property=\"og:image:width\" content=\"1280\" \/>\n\t<meta property=\"og:image:height\" content=\"714\" \/>\n\t<meta property=\"og:image:type\" content=\"image\/jpeg\" \/>\n<meta name=\"author\" content=\"Carlos Emanoel\" \/>\n<meta name=\"twitter:card\" content=\"summary_large_image\" \/>\n<meta name=\"twitter:label1\" content=\"Escrito por\" \/>\n\t<meta name=\"twitter:data1\" content=\"Carlos Emanoel\" \/>\n\t<meta name=\"twitter:label2\" content=\"Tiempo de lectura\" \/>\n\t<meta name=\"twitter:data2\" content=\"5 minutos\" \/>\n<!-- \/ Yoast SEO plugin. -->","yoast_head_json":{"title":"\u00bfAl final, debemos o no comer la c\u00e1scara de la manzana? - Tua Saude","description":"La piel de la manzana concentra nutrientes que aparecen en menor cantidad en la pulpa. Un lavado adecuado permite consumirla entera en la mayor\u00eda de casos.","robots":{"index":"index","follow":"follow","max-snippet":"max-snippet:-1","max-image-preview":"max-image-preview:large","max-video-preview":"max-video-preview:-1"},"canonical":"https:\/\/www.tuasaude.com\/es\/news\/2026\/09\/01\/al-final-debemos-o-no-comer-la-cascara-de-la-manzana\/","og_locale":"es_ES","og_type":"article","og_title":"\u00bfAl final, debemos o no comer la c\u00e1scara de la manzana? - Tua Saude","og_description":"La piel de la manzana concentra nutrientes que aparecen en menor cantidad en la pulpa. Un lavado adecuado permite consumirla entera en la mayor\u00eda de casos.","og_url":"https:\/\/www.tuasaude.com\/es\/news\/2026\/09\/01\/al-final-debemos-o-no-comer-la-cascara-de-la-manzana\/","og_site_name":"Tua Saude","article_published_time":"2026-09-01T09:15:00+00:00","og_image":[{"width":1280,"height":714,"url":"https:\/\/www.tuasaude.com\/es\/news\/wp-content\/uploads\/2026\/08\/Maca_vermelha_cortada_e_descascador_202608311125.jpeg","type":"image\/jpeg"}],"author":"Carlos Emanoel","twitter_card":"summary_large_image","twitter_misc":{"Escrito por":"Carlos Emanoel","Tiempo de lectura":"5 minutos"},"schema":{"@context":"https:\/\/schema.org","@graph":[{"@type":"Article","@id":"https:\/\/www.tuasaude.com\/es\/news\/2026\/09\/01\/al-final-debemos-o-no-comer-la-cascara-de-la-manzana\/#article","isPartOf":{"@id":"https:\/\/www.tuasaude.com\/es\/news\/2026\/09\/01\/al-final-debemos-o-no-comer-la-cascara-de-la-manzana\/"},"author":{"name":"Carlos Emanoel","@id":"https:\/\/www.tuasaude.com\/es\/news\/#\/schema\/person\/c281563de1b7ca9a69bbbf367dde4c16"},"headline":"\u00bfAl final, debemos o no comer la c\u00e1scara de la manzana?","datePublished":"2026-09-01T09:15:00+00:00","mainEntityOfPage":{"@id":"https:\/\/www.tuasaude.com\/es\/news\/2026\/09\/01\/al-final-debemos-o-no-comer-la-cascara-de-la-manzana\/"},"wordCount":966,"commentCount":0,"image":{"@id":"https:\/\/www.tuasaude.com\/es\/news\/2026\/09\/01\/al-final-debemos-o-no-comer-la-cascara-de-la-manzana\/#primaryimage"},"thumbnailUrl":"https:\/\/www.tuasaude.com\/es\/news\/wp-content\/uploads\/2026\/08\/Maca_vermelha_cortada_e_descascador_202608311125.jpeg","keywords":["alimento","manzana","salud"],"articleSection":["Salud"],"inLanguage":"es","potentialAction":[{"@type":"CommentAction","name":"Comment","target":["https:\/\/www.tuasaude.com\/es\/news\/2026\/09\/01\/al-final-debemos-o-no-comer-la-cascara-de-la-manzana\/#respond"]}]},{"@type":"WebPage","@id":"https:\/\/www.tuasaude.com\/es\/news\/2026\/09\/01\/al-final-debemos-o-no-comer-la-cascara-de-la-manzana\/","url":"https:\/\/www.tuasaude.com\/es\/news\/2026\/09\/01\/al-final-debemos-o-no-comer-la-cascara-de-la-manzana\/","name":"\u00bfAl final, debemos o no comer la c\u00e1scara de la manzana? - Tua Saude","isPartOf":{"@id":"https:\/\/www.tuasaude.com\/es\/news\/#website"},"primaryImageOfPage":{"@id":"https:\/\/www.tuasaude.com\/es\/news\/2026\/09\/01\/al-final-debemos-o-no-comer-la-cascara-de-la-manzana\/#primaryimage"},"image":{"@id":"https:\/\/www.tuasaude.com\/es\/news\/2026\/09\/01\/al-final-debemos-o-no-comer-la-cascara-de-la-manzana\/#primaryimage"},"thumbnailUrl":"https:\/\/www.tuasaude.com\/es\/news\/wp-content\/uploads\/2026\/08\/Maca_vermelha_cortada_e_descascador_202608311125.jpeg","datePublished":"2026-09-01T09:15:00+00:00","author":{"@id":"https:\/\/www.tuasaude.com\/es\/news\/#\/schema\/person\/c281563de1b7ca9a69bbbf367dde4c16"},"description":"La piel de la manzana concentra nutrientes que aparecen en menor cantidad en la pulpa. Un lavado adecuado permite consumirla entera en la mayor\u00eda de casos.","breadcrumb":{"@id":"https:\/\/www.tuasaude.com\/es\/news\/2026\/09\/01\/al-final-debemos-o-no-comer-la-cascara-de-la-manzana\/#breadcrumb"},"inLanguage":"es","potentialAction":[{"@type":"ReadAction","target":["https:\/\/www.tuasaude.com\/es\/news\/2026\/09\/01\/al-final-debemos-o-no-comer-la-cascara-de-la-manzana\/"]}]},{"@type":"ImageObject","inLanguage":"es","@id":"https:\/\/www.tuasaude.com\/es\/news\/2026\/09\/01\/al-final-debemos-o-no-comer-la-cascara-de-la-manzana\/#primaryimage","url":"https:\/\/www.tuasaude.com\/es\/news\/wp-content\/uploads\/2026\/08\/Maca_vermelha_cortada_e_descascador_202608311125.jpeg","contentUrl":"https:\/\/www.tuasaude.com\/es\/news\/wp-content\/uploads\/2026\/08\/Maca_vermelha_cortada_e_descascador_202608311125.jpeg","width":1280,"height":714,"caption":"Lavar bien la fruta suele ser suficiente antes de consumirla."},{"@type":"BreadcrumbList","@id":"https:\/\/www.tuasaude.com\/es\/news\/2026\/09\/01\/al-final-debemos-o-no-comer-la-cascara-de-la-manzana\/#breadcrumb","itemListElement":[{"@type":"ListItem","position":1,"name":"Portada","item":"https:\/\/www.tuasaude.com\/es\/news\/"},{"@type":"ListItem","position":2,"name":"\u00bfAl final, debemos o no comer la c\u00e1scara de la manzana?"}]},{"@type":"WebSite","@id":"https:\/\/www.tuasaude.com\/es\/news\/#website","url":"https:\/\/www.tuasaude.com\/es\/news\/","name":"Tua Saude","description":"Tu sitio web de salud","potentialAction":[{"@type":"SearchAction","target":{"@type":"EntryPoint","urlTemplate":"https:\/\/www.tuasaude.com\/es\/news\/?s={search_term_string}"},"query-input":{"@type":"PropertyValueSpecification","valueRequired":true,"valueName":"search_term_string"}}],"inLanguage":"es"},{"@type":"Person","@id":"https:\/\/www.tuasaude.com\/es\/news\/#\/schema\/person\/c281563de1b7ca9a69bbbf367dde4c16","name":"Carlos Emanoel","image":{"@type":"ImageObject","inLanguage":"es","@id":"https:\/\/secure.gravatar.com\/avatar\/30e1f067eeac67dde63039d7e35ed50e59f4d189925ea75d1bc1690d1a9fe491?s=96&d=mm&r=g","url":"https:\/\/secure.gravatar.com\/avatar\/30e1f067eeac67dde63039d7e35ed50e59f4d189925ea75d1bc1690d1a9fe491?s=96&d=mm&r=g","contentUrl":"https:\/\/secure.gravatar.com\/avatar\/30e1f067eeac67dde63039d7e35ed50e59f4d189925ea75d1bc1690d1a9fe491?s=96&d=mm&r=g","caption":"Carlos Emanoel"},"sameAs":["https:\/\/www.tuasaude.com\/es\/news\/"],"url":"https:\/\/www.tuasaude.com\/es\/news\/author\/carlos-emanoel\/"}]}},"_links":{"self":[{"href":"https:\/\/www.tuasaude.com\/es\/news\/wp-json\/wp\/v2\/posts\/19434","targetHints":{"allow":["GET"]}}],"collection":[{"href":"https:\/\/www.tuasaude.com\/es\/news\/wp-json\/wp\/v2\/posts"}],"about":[{"href":"https:\/\/www.tuasaude.com\/es\/news\/wp-json\/wp\/v2\/types\/post"}],"author":[{"embeddable":true,"href":"https:\/\/www.tuasaude.com\/es\/news\/wp-json\/wp\/v2\/users\/17"}],"replies":[{"embeddable":true,"href":"https:\/\/www.tuasaude.com\/es\/news\/wp-json\/wp\/v2\/comments?post=19434"}],"version-history":[{"count":1,"href":"https:\/\/www.tuasaude.com\/es\/news\/wp-json\/wp\/v2\/posts\/19434\/revisions"}],"predecessor-version":[{"id":19449,"href":"https:\/\/www.tuasaude.com\/es\/news\/wp-json\/wp\/v2\/posts\/19434\/revisions\/19449"}],"wp:featuredmedia":[{"embeddable":true,"href":"https:\/\/www.tuasaude.com\/es\/news\/wp-json\/wp\/v2\/media\/19439"}],"wp:attachment":[{"href":"https:\/\/www.tuasaude.com\/es\/news\/wp-json\/wp\/v2\/media?parent=19434"}],"wp:term":[{"taxonomy":"category","embeddable":true,"href":"https:\/\/www.tuasaude.com\/es\/news\/wp-json\/wp\/v2\/categories?post=19434"},{"taxonomy":"post_tag","embeddable":true,"href":"https:\/\/www.tuasaude.com\/es\/news\/wp-json\/wp\/v2\/tags?post=19434"}],"curies":[{"name":"wp","href":"https:\/\/api.w.org\/{rel}","templated":true}]}}