{"id":18528,"date":"2026-08-31T14:45:00","date_gmt":"2026-08-31T13:45:00","guid":{"rendered":"https:\/\/www.tuasaude.com\/es\/news\/?p=18528"},"modified":"2026-08-31T09:38:11","modified_gmt":"2026-08-31T08:38:11","slug":"que-es-la-apnea-del-sueno-causas-sintomas-y-por-que-termina-afectando-al-corazon","status":"publish","type":"post","link":"https:\/\/www.tuasaude.com\/es\/news\/2026\/08\/31\/que-es-la-apnea-del-sueno-causas-sintomas-y-por-que-termina-afectando-al-corazon\/","title":{"rendered":"Qu\u00e9 es la apnea del sue\u00f1o: causas, s\u00edntomas y por qu\u00e9 termina afectando al coraz\u00f3n"},"content":{"rendered":"<p>La <strong>apnea del sue\u00f1o<\/strong> es un trastorno respiratorio en el que la v\u00eda a\u00e9rea se bloquea de forma parcial o completa durante la noche. Esa interrupci\u00f3n altera el ox\u00edgeno, fragmenta el descanso y favorece <strong>ronquidos<\/strong>, pausas al respirar y somnolencia al d\u00eda siguiente. Cuando se mantiene en el tiempo, tambi\u00e9n puede a\u00f1adir carga al <strong>coraz\u00f3n<\/strong> y a la presi\u00f3n arterial.<\/p>\n<h2>\u00bfQu\u00e9 pasa exactamente durante una pausa respiratoria nocturna?<\/h2>\n<p>La apnea del sue\u00f1o aparece cuando los tejidos de la garganta colapsan mientras la persona duerme y el aire deja de pasar con normalidad. El cerebro detecta la falta de ox\u00edgeno y provoca microdespertares para reabrir la v\u00eda a\u00e9rea. Muchas veces la persona no lo recuerda, pero el sue\u00f1o pierde calidad y deja de ser reparador.<\/p>\n<p>Los <strong>s\u00edntomas<\/strong> m\u00e1s t\u00edpicos incluyen ronquidos intensos, silencios breves al respirar, sensaci\u00f3n de ahogo, boca seca al despertar, dolor de cabeza matutino, cansancio y dificultad para concentrarse. En algunos casos tambi\u00e9n hay irritabilidad, bajo rendimiento y necesidad de dormir siestas con frecuencia.<\/p>\n<h2>\u00bfQu\u00e9 dice la evidencia sobre la relaci\u00f3n con el coraz\u00f3n?<\/h2>\n<p>El v\u00ednculo no se explica solo por dormir mal. Cada episodio de obstrucci\u00f3n reduce el ox\u00edgeno, aumenta el esfuerzo para respirar y activa respuestas de estr\u00e9s en el organismo. Esa combinaci\u00f3n favorece inflamaci\u00f3n, cambios en la frecuencia cardiaca y subidas repetidas de la tensi\u00f3n arterial durante la noche.<\/p>\n<p>Una investigaci\u00f3n publicada en <strong>2021<\/strong> reuni\u00f3 los datos disponibles y observ\u00f3 <a href=\"https:\/\/pubmed.ncbi.nlm.nih.gov\/34797460\/\" target=\"_blank\" rel=\"noopener noreferrer\">una asociaci\u00f3n entre la apnea obstructiva y un mayor riesgo cardiovascular<\/a>. El hallazgo respalda la idea de que la hipoxia repetida y los despertares nocturnos pueden da\u00f1ar los vasos sangu\u00edneos y sobrecargar el coraz\u00f3n con el paso del tiempo.<\/p>\n<figure class=\"wp-block-image aligncenter size-large\"><img decoding=\"async\" width=\"1279\" height=\"720\" src=\"https:\/\/www.tuasaude.com\/es\/news\/wp-content\/uploads\/2026\/08\/que-es-la-apnea-del-sueno-causas-sintomas-y-por-que-ter-corpo.jpg\" alt=\"Causas, s\u00edntomas, impacto cardiovascular y tratamiento de la apnea del sue\u00f1o.\" class=\"wp-image-18526\" srcset=\"https:\/\/www.tuasaude.com\/es\/news\/wp-content\/uploads\/2026\/08\/que-es-la-apnea-del-sueno-causas-sintomas-y-por-que-ter-corpo.jpg 1279w, https:\/\/www.tuasaude.com\/es\/news\/wp-content\/uploads\/2026\/08\/que-es-la-apnea-del-sueno-causas-sintomas-y-por-que-ter-corpo-300x169.jpg 300w, https:\/\/www.tuasaude.com\/es\/news\/wp-content\/uploads\/2026\/08\/que-es-la-apnea-del-sueno-causas-sintomas-y-por-que-ter-corpo-1024x576.jpg 1024w, https:\/\/www.tuasaude.com\/es\/news\/wp-content\/uploads\/2026\/08\/que-es-la-apnea-del-sueno-causas-sintomas-y-por-que-ter-corpo-768x432.jpg 768w, https:\/\/www.tuasaude.com\/es\/news\/wp-content\/uploads\/2026\/08\/que-es-la-apnea-del-sueno-causas-sintomas-y-por-que-ter-corpo-750x422.jpg 750w, https:\/\/www.tuasaude.com\/es\/news\/wp-content\/uploads\/2026\/08\/que-es-la-apnea-del-sueno-causas-sintomas-y-por-que-ter-corpo-1140x642.jpg 1140w\" sizes=\"(max-width: 1279px) 100vw, 1279px\" \/><figcaption class=\"wp-element-caption\">Causas, s\u00edntomas, impacto cardiovascular y tratamiento de la apnea del sue\u00f1o.<\/figcaption><\/figure>\n<h2>\u00bfCu\u00e1les son las causas y qui\u00e9n tiene m\u00e1s riesgo?<\/h2>\n<p>La apnea del sue\u00f1o suele relacionarse con varios factores anat\u00f3micos y metab\u00f3licos. No siempre hay una \u00fanica causa, y por eso conviene valorar el conjunto de se\u00f1ales y antecedentes.<\/p>\n<ul>\n<li><strong>Sobrepeso u obesidad<\/strong>, sobre todo si aumenta el per\u00edmetro del cuello.<\/li>\n<li>Am\u00edgdalas grandes, mand\u00edbula peque\u00f1a o alteraciones de la v\u00eda a\u00e9rea superior.<\/li>\n<li>Consumo de alcohol por la noche o uso de sedantes.<\/li>\n<li>Congesti\u00f3n nasal persistente.<\/li>\n<li>Edad avanzada, menopausia y antecedentes familiares.<\/li>\n<\/ul>\n<p>Los <strong>ronquidos<\/strong> no siempre significan apnea, pero cuando se acompa\u00f1an de pausas respiratorias, despertares bruscos o somnolencia diurna merecen evaluaci\u00f3n. Si quieres revisar de forma m\u00e1s amplia <a href=\"https:\/\/www.tuasaude.com\/es\/apnea-del-sueno\/\" target=\"_blank\" rel=\"noopener noreferrer\">las causas y s\u00edntomas habituales<\/a>, esa gu\u00eda resume el diagn\u00f3stico y las opciones de tratamiento m\u00e1s usadas.<\/p>\n<h2>\u00bfQu\u00e9 se\u00f1ales indican que puede estar afectando al sistema cardiovascular?<\/h2>\n<p>El <strong>coraz\u00f3n<\/strong> puede resentirse cuando las bajadas de ox\u00edgeno se repiten noche tras noche. La apnea del sue\u00f1o se asocia con hipertensi\u00f3n, arritmias, peor control de enfermedades previas y mayor carga sobre el m\u00fasculo cardiaco, especialmente si el trastorno no se detecta.<\/p>\n<ul>\n<li>Presi\u00f3n arterial dif\u00edcil de controlar.<\/li>\n<li>Palpitaciones nocturnas o al despertar.<\/li>\n<li>Fatiga sin causa clara pese a dormir muchas horas.<\/li>\n<li>Sue\u00f1o no reparador junto con ahogo nocturno.<\/li>\n<li>Empeoramiento de insuficiencia cardiaca o antecedentes coronarios.<\/li>\n<\/ul>\n<p>Otra investigaci\u00f3n en la misma l\u00ednea se\u00f1al\u00f3 <a href=\"https:\/\/pubmed.ncbi.nlm.nih.gov\/37612051\/\" target=\"_blank\" rel=\"noopener noreferrer\">m\u00e1s eventos cardiovasculares en pacientes coronarios con apnea obstructiva<\/a>, lo que refuerza su importancia cl\u00ednica en personas con riesgo alto.<\/p>\n<h2>\u00bfC\u00f3mo se diagnostica y qu\u00e9 opciones ayudan de verdad?<\/h2>\n<p>El diagn\u00f3stico suele hacerse con una valoraci\u00f3n cl\u00ednica y un estudio del sue\u00f1o, en casa o en una unidad especializada. Ese registro permite medir cu\u00e1ntas pausas respiratorias aparecen, cu\u00e1nto baja el ox\u00edgeno y c\u00f3mo repercuten en la calidad del descanso.<\/p>\n<p>El tratamiento depende de la gravedad y de la causa. Puede incluir p\u00e9rdida de peso, evitar alcohol antes de dormir, dormir de lado, dispositivos de avance mandibular y <strong>CPAP<\/strong>, que mantiene abierta la v\u00eda a\u00e9rea con presi\u00f3n positiva. Cuando los <strong>s\u00edntomas<\/strong> se reducen y mejora la oxigenaci\u00f3n, tambi\u00e9n suelen disminuir los despertares, la somnolencia y la sobrecarga fisiol\u00f3gica nocturna.<\/p>\n<h2>\u00bfPor qu\u00e9 conviene actuar pronto?<\/h2>\n<p>La apnea del sue\u00f1o no se limita a los ronquidos ni a una mala noche puntual. Cuando se repite, altera la respiraci\u00f3n, baja el ox\u00edgeno, sube la tensi\u00f3n arterial y mantiene al organismo en un estado de activaci\u00f3n que termina pasando factura al coraz\u00f3n, al metabolismo y a la concentraci\u00f3n diaria. Identificar los s\u00edntomas y tratar la causa cambia el pron\u00f3stico con datos medibles, como menos despertares, mejor descanso y mejor control cardiovascular.<\/p>\n<p>Este contenido es exclusivamente informativo y <strong>no sustituye la evaluaci\u00f3n<\/strong>, el diagn\u00f3stico ni el seguimiento de un profesional sanitario. Si presentas s\u00edntomas o dudas sobre tu estado de salud, busca atenci\u00f3n m\u00e9dica.<\/p>\n","protected":false},"excerpt":{"rendered":"<p>La apnea del sue\u00f1o es un trastorno respiratorio en el que la v\u00eda a\u00e9rea se bloquea de forma parcial o completa durante la noche. Esa interrupci\u00f3n altera el ox\u00edgeno, fragmenta el descanso y favorece ronquidos, pausas al respirar y somnolencia al d\u00eda siguiente. Cuando se mantiene en el tiempo, tambi\u00e9n puede a\u00f1adir carga al coraz\u00f3n [&hellip;]<\/p>\n","protected":false},"author":15,"featured_media":18525,"comment_status":"open","ping_status":"open","sticky":false,"template":"","format":"standard","meta":{"jnews-multi-image_gallery":[],"jnews_single_post":{"format":"standard"},"jnews_primary_category":[],"jnews_social_meta":[],"jnews_override_counter":[],"footnotes":""},"categories":[8767],"tags":[17477,17399,17452,17396,18154],"class_list":["post-18528","post","type-post","status-publish","format-standard","has-post-thumbnail","hentry","category-salud","tag-apnea-del-sueno","tag-corazon","tag-ronquidos","tag-salud","tag-sintomas-2"],"yoast_head":"<!-- This site is optimized with the Yoast SEO plugin v28.3 - https:\/\/yoast.com\/product\/yoast-seo-wordpress\/ -->\n<title>Qu\u00e9 es la apnea del sue\u00f1o: causas, s\u00edntomas y por qu\u00e9 termina afectando al coraz\u00f3n - Tua Saude<\/title>\n<meta name=\"description\" content=\"La apnea del sue\u00f1o no solo provoca ronquidos. Un detalle nocturno cambia su impacto y ayuda a entender por qu\u00e9 tambi\u00e9n puede da\u00f1ar al coraz\u00f3n.\" \/>\n<meta name=\"robots\" content=\"index, follow, max-snippet:-1, max-image-preview:large, max-video-preview:-1\" \/>\n<link rel=\"canonical\" href=\"https:\/\/www.tuasaude.com\/es\/news\/2026\/08\/31\/que-es-la-apnea-del-sueno-causas-sintomas-y-por-que-termina-afectando-al-corazon\/\" \/>\n<meta property=\"og:locale\" content=\"es_ES\" \/>\n<meta property=\"og:type\" content=\"article\" \/>\n<meta property=\"og:title\" content=\"Qu\u00e9 es la apnea del sue\u00f1o: causas, s\u00edntomas y por qu\u00e9 termina afectando al coraz\u00f3n - Tua Saude\" \/>\n<meta property=\"og:description\" content=\"La apnea del sue\u00f1o no solo provoca ronquidos. Un detalle nocturno cambia su impacto y ayuda a entender por qu\u00e9 tambi\u00e9n puede da\u00f1ar al coraz\u00f3n.\" \/>\n<meta property=\"og:url\" content=\"https:\/\/www.tuasaude.com\/es\/news\/2026\/08\/31\/que-es-la-apnea-del-sueno-causas-sintomas-y-por-que-termina-afectando-al-corazon\/\" \/>\n<meta property=\"og:site_name\" content=\"Tua Saude\" \/>\n<meta property=\"article:published_time\" content=\"2026-08-31T13:45:00+00:00\" \/>\n<meta property=\"og:image\" content=\"https:\/\/www.tuasaude.com\/es\/news\/wp-content\/uploads\/2026\/08\/que-es-la-apnea-del-sueno-causas-sintomas-y-por-que-ter.jpg\" \/>\n\t<meta property=\"og:image:width\" content=\"1279\" \/>\n\t<meta property=\"og:image:height\" content=\"720\" \/>\n\t<meta property=\"og:image:type\" content=\"image\/jpeg\" \/>\n<meta name=\"author\" content=\"Gabriel Leme\" \/>\n<meta name=\"twitter:card\" content=\"summary_large_image\" \/>\n<meta name=\"twitter:label1\" content=\"Escrito por\" \/>\n\t<meta name=\"twitter:data1\" content=\"Gabriel Leme\" \/>\n\t<meta name=\"twitter:label2\" content=\"Tiempo de lectura\" \/>\n\t<meta name=\"twitter:data2\" content=\"4 minutos\" \/>\n<!-- \/ Yoast SEO plugin. -->","yoast_head_json":{"title":"Qu\u00e9 es la apnea del sue\u00f1o: causas, s\u00edntomas y por qu\u00e9 termina afectando al coraz\u00f3n - Tua Saude","description":"La apnea del sue\u00f1o no solo provoca ronquidos. Un detalle nocturno cambia su impacto y ayuda a entender por qu\u00e9 tambi\u00e9n puede da\u00f1ar al coraz\u00f3n.","robots":{"index":"index","follow":"follow","max-snippet":"max-snippet:-1","max-image-preview":"max-image-preview:large","max-video-preview":"max-video-preview:-1"},"canonical":"https:\/\/www.tuasaude.com\/es\/news\/2026\/08\/31\/que-es-la-apnea-del-sueno-causas-sintomas-y-por-que-termina-afectando-al-corazon\/","og_locale":"es_ES","og_type":"article","og_title":"Qu\u00e9 es la apnea del sue\u00f1o: causas, s\u00edntomas y por qu\u00e9 termina afectando al coraz\u00f3n - Tua Saude","og_description":"La apnea del sue\u00f1o no solo provoca ronquidos. Un detalle nocturno cambia su impacto y ayuda a entender por qu\u00e9 tambi\u00e9n puede da\u00f1ar al coraz\u00f3n.","og_url":"https:\/\/www.tuasaude.com\/es\/news\/2026\/08\/31\/que-es-la-apnea-del-sueno-causas-sintomas-y-por-que-termina-afectando-al-corazon\/","og_site_name":"Tua Saude","article_published_time":"2026-08-31T13:45:00+00:00","og_image":[{"width":1279,"height":720,"url":"https:\/\/www.tuasaude.com\/es\/news\/wp-content\/uploads\/2026\/08\/que-es-la-apnea-del-sueno-causas-sintomas-y-por-que-ter.jpg","type":"image\/jpeg"}],"author":"Gabriel Leme","twitter_card":"summary_large_image","twitter_misc":{"Escrito por":"Gabriel Leme","Tiempo de lectura":"4 minutos"},"schema":{"@context":"https:\/\/schema.org","@graph":[{"@type":"Article","@id":"https:\/\/www.tuasaude.com\/es\/news\/2026\/08\/31\/que-es-la-apnea-del-sueno-causas-sintomas-y-por-que-termina-afectando-al-corazon\/#article","isPartOf":{"@id":"https:\/\/www.tuasaude.com\/es\/news\/2026\/08\/31\/que-es-la-apnea-del-sueno-causas-sintomas-y-por-que-termina-afectando-al-corazon\/"},"author":{"name":"Gabriel Leme","@id":"https:\/\/www.tuasaude.com\/es\/news\/#\/schema\/person\/d330332b43c07afaeaafcb8f33614666"},"headline":"Qu\u00e9 es la apnea del sue\u00f1o: causas, s\u00edntomas y por qu\u00e9 termina afectando al coraz\u00f3n","datePublished":"2026-08-31T13:45:00+00:00","mainEntityOfPage":{"@id":"https:\/\/www.tuasaude.com\/es\/news\/2026\/08\/31\/que-es-la-apnea-del-sueno-causas-sintomas-y-por-que-termina-afectando-al-corazon\/"},"wordCount":857,"commentCount":0,"image":{"@id":"https:\/\/www.tuasaude.com\/es\/news\/2026\/08\/31\/que-es-la-apnea-del-sueno-causas-sintomas-y-por-que-termina-afectando-al-corazon\/#primaryimage"},"thumbnailUrl":"https:\/\/www.tuasaude.com\/es\/news\/wp-content\/uploads\/2026\/08\/que-es-la-apnea-del-sueno-causas-sintomas-y-por-que-ter.jpg","keywords":["apnea del sue\u00f1o","coraz\u00f3n","ronquidos","salud","s\u00edntomas"],"articleSection":["Salud"],"inLanguage":"es","potentialAction":[{"@type":"CommentAction","name":"Comment","target":["https:\/\/www.tuasaude.com\/es\/news\/2026\/08\/31\/que-es-la-apnea-del-sueno-causas-sintomas-y-por-que-termina-afectando-al-corazon\/#respond"]}]},{"@type":"WebPage","@id":"https:\/\/www.tuasaude.com\/es\/news\/2026\/08\/31\/que-es-la-apnea-del-sueno-causas-sintomas-y-por-que-termina-afectando-al-corazon\/","url":"https:\/\/www.tuasaude.com\/es\/news\/2026\/08\/31\/que-es-la-apnea-del-sueno-causas-sintomas-y-por-que-termina-afectando-al-corazon\/","name":"Qu\u00e9 es la apnea del sue\u00f1o: causas, s\u00edntomas y por qu\u00e9 termina afectando al coraz\u00f3n - Tua Saude","isPartOf":{"@id":"https:\/\/www.tuasaude.com\/es\/news\/#website"},"primaryImageOfPage":{"@id":"https:\/\/www.tuasaude.com\/es\/news\/2026\/08\/31\/que-es-la-apnea-del-sueno-causas-sintomas-y-por-que-termina-afectando-al-corazon\/#primaryimage"},"image":{"@id":"https:\/\/www.tuasaude.com\/es\/news\/2026\/08\/31\/que-es-la-apnea-del-sueno-causas-sintomas-y-por-que-termina-afectando-al-corazon\/#primaryimage"},"thumbnailUrl":"https:\/\/www.tuasaude.com\/es\/news\/wp-content\/uploads\/2026\/08\/que-es-la-apnea-del-sueno-causas-sintomas-y-por-que-ter.jpg","datePublished":"2026-08-31T13:45:00+00:00","author":{"@id":"https:\/\/www.tuasaude.com\/es\/news\/#\/schema\/person\/d330332b43c07afaeaafcb8f33614666"},"description":"La apnea del sue\u00f1o no solo provoca ronquidos. Un detalle nocturno cambia su impacto y ayuda a entender por qu\u00e9 tambi\u00e9n puede da\u00f1ar al coraz\u00f3n.","breadcrumb":{"@id":"https:\/\/www.tuasaude.com\/es\/news\/2026\/08\/31\/que-es-la-apnea-del-sueno-causas-sintomas-y-por-que-termina-afectando-al-corazon\/#breadcrumb"},"inLanguage":"es","potentialAction":[{"@type":"ReadAction","target":["https:\/\/www.tuasaude.com\/es\/news\/2026\/08\/31\/que-es-la-apnea-del-sueno-causas-sintomas-y-por-que-termina-afectando-al-corazon\/"]}]},{"@type":"ImageObject","inLanguage":"es","@id":"https:\/\/www.tuasaude.com\/es\/news\/2026\/08\/31\/que-es-la-apnea-del-sueno-causas-sintomas-y-por-que-termina-afectando-al-corazon\/#primaryimage","url":"https:\/\/www.tuasaude.com\/es\/news\/wp-content\/uploads\/2026\/08\/que-es-la-apnea-del-sueno-causas-sintomas-y-por-que-ter.jpg","contentUrl":"https:\/\/www.tuasaude.com\/es\/news\/wp-content\/uploads\/2026\/08\/que-es-la-apnea-del-sueno-causas-sintomas-y-por-que-ter.jpg","width":1279,"height":720,"caption":"La apnea del sue\u00f1o interrumpe la respiraci\u00f3n nocturna y sobrecarga el coraz\u00f3n."},{"@type":"BreadcrumbList","@id":"https:\/\/www.tuasaude.com\/es\/news\/2026\/08\/31\/que-es-la-apnea-del-sueno-causas-sintomas-y-por-que-termina-afectando-al-corazon\/#breadcrumb","itemListElement":[{"@type":"ListItem","position":1,"name":"Portada","item":"https:\/\/www.tuasaude.com\/es\/news\/"},{"@type":"ListItem","position":2,"name":"Qu\u00e9 es la apnea del sue\u00f1o: causas, s\u00edntomas y por qu\u00e9 termina afectando al coraz\u00f3n"}]},{"@type":"WebSite","@id":"https:\/\/www.tuasaude.com\/es\/news\/#website","url":"https:\/\/www.tuasaude.com\/es\/news\/","name":"Tua Saude","description":"Tu sitio web de salud","potentialAction":[{"@type":"SearchAction","target":{"@type":"EntryPoint","urlTemplate":"https:\/\/www.tuasaude.com\/es\/news\/?s={search_term_string}"},"query-input":{"@type":"PropertyValueSpecification","valueRequired":true,"valueName":"search_term_string"}}],"inLanguage":"es"},{"@type":"Person","@id":"https:\/\/www.tuasaude.com\/es\/news\/#\/schema\/person\/d330332b43c07afaeaafcb8f33614666","name":"Gabriel Leme","image":{"@type":"ImageObject","inLanguage":"es","@id":"https:\/\/secure.gravatar.com\/avatar\/a12badc2d08e73d59b38f178ebe822eca26c0445823b05fefedea89fb346439c?s=96&d=mm&r=g","url":"https:\/\/secure.gravatar.com\/avatar\/a12badc2d08e73d59b38f178ebe822eca26c0445823b05fefedea89fb346439c?s=96&d=mm&r=g","contentUrl":"https:\/\/secure.gravatar.com\/avatar\/a12badc2d08e73d59b38f178ebe822eca26c0445823b05fefedea89fb346439c?s=96&d=mm&r=g","caption":"Gabriel Leme"},"sameAs":["https:\/\/www.tuasaude.com\/es\/news"],"url":"https:\/\/www.tuasaude.com\/es\/news\/author\/gabrielleme\/"}]}},"_links":{"self":[{"href":"https:\/\/www.tuasaude.com\/es\/news\/wp-json\/wp\/v2\/posts\/18528","targetHints":{"allow":["GET"]}}],"collection":[{"href":"https:\/\/www.tuasaude.com\/es\/news\/wp-json\/wp\/v2\/posts"}],"about":[{"href":"https:\/\/www.tuasaude.com\/es\/news\/wp-json\/wp\/v2\/types\/post"}],"author":[{"embeddable":true,"href":"https:\/\/www.tuasaude.com\/es\/news\/wp-json\/wp\/v2\/users\/15"}],"replies":[{"embeddable":true,"href":"https:\/\/www.tuasaude.com\/es\/news\/wp-json\/wp\/v2\/comments?post=18528"}],"version-history":[{"count":1,"href":"https:\/\/www.tuasaude.com\/es\/news\/wp-json\/wp\/v2\/posts\/18528\/revisions"}],"predecessor-version":[{"id":19419,"href":"https:\/\/www.tuasaude.com\/es\/news\/wp-json\/wp\/v2\/posts\/18528\/revisions\/19419"}],"wp:featuredmedia":[{"embeddable":true,"href":"https:\/\/www.tuasaude.com\/es\/news\/wp-json\/wp\/v2\/media\/18525"}],"wp:attachment":[{"href":"https:\/\/www.tuasaude.com\/es\/news\/wp-json\/wp\/v2\/media?parent=18528"}],"wp:term":[{"taxonomy":"category","embeddable":true,"href":"https:\/\/www.tuasaude.com\/es\/news\/wp-json\/wp\/v2\/categories?post=18528"},{"taxonomy":"post_tag","embeddable":true,"href":"https:\/\/www.tuasaude.com\/es\/news\/wp-json\/wp\/v2\/tags?post=18528"}],"curies":[{"name":"wp","href":"https:\/\/api.w.org\/{rel}","templated":true}]}}